{"id":1078,"date":"2017-04-07T11:34:05","date_gmt":"2017-04-07T10:34:05","guid":{"rendered":"http:\/\/ferne-welten.com\/?p=1078"},"modified":"2017-04-19T15:11:27","modified_gmt":"2017-04-19T14:11:27","slug":"ansichten-eines-referenten","status":"publish","type":"post","link":"https:\/\/ferne-welten.com\/?p=1078","title":{"rendered":"Ansichten eines Referenten"},"content":{"rendered":"<p style=\"text-align: justify;\">Am 07. April referiert der Kommunikationswissenschaftler Kerem Schamberger auf Einladung des <em>&#8222;Oldenburger Friedensb\u00fcndnis&#8220;<\/em> zur Situation in der T\u00fcrkei. Die Geschehnisse der vergangenen Monate seien ein\u00a0<em>&#8222;Putsch im Putsch&#8220;,<\/em>\u00a0hei\u00dft es in der Einladung<em>.<\/em> Andere Inhalte des Referenten finden leider keine Erw\u00e4hnung. Dabei bezieht Schamberger Positionen, die er <em>&#8222;ganz explizit&#8220;<\/em> offenbart. Der Referent beurteilt Messermorde, denen seit 2015 mehr als 30 Israelis zum Opfer fielen. Statt Empathie zu entfalten, tritt Schamberger in die Fu\u00dfstapfen deutscher Poeten: W\u00e4hrend er Auschwitz zur israelischen Waffe macht, bezieht sich der Referent auf Personen, die die <em>&#8222;nationale Einheit&#8220;<\/em>\u00a0und den <em>&#8222;bewaffneten Widerstand&#8220;\u00a0<\/em>reaktion\u00e4rer Organisationen begr\u00fc\u00dfen.<\/p>\n<p style=\"text-align: justify;\"><!--more--><\/p>\n<p style=\"text-align: justify;\">Kerem Schamberger ordnet Opfer und T\u00e4ter_innen ein. Er findet emphatische Worte f\u00fcr M\u00f6rder_innen, die j\u00fcdische Menschen mit Messern attackierten. Der Referent legitimiert Attacken auf <em>&#8222;BesatzungssiedlerInnen&#8220;<\/em>, w\u00e4hrend er die antisemitische Motivation der T\u00e4ter_innen <a href=\"http:\/\/www.kerem-schamberger.de\/2016\/08\/01\/willkommen-im-land-der-mauern\/\" target=\"_blank\">verschweigt<\/a>: <em>&#8222;In ihrer Verzweiflung griffen pal\u00e4stinensische Jugendliche in den letzten Monaten zu Messern und Pistolen und versuchten Besatzungssoldaten und teilweise einfache Menschen anzugreifen.&#8220;<\/em> Schamberger\u00a0begeistert sich derweil f\u00fcr eine pal\u00e4stinensische Gruppierung, die Friedensverhandlungen mit Israel vehement bek\u00e4mpft. W\u00e4hrend sich dieser Akteur f\u00fcr die\u00a0<em>&#8222;Palestinian People&#8217;s Party&#8220;<\/em> (PPP) einsetzt, verwandelt\u00a0der Apologet den Gaza-Streifen in das <em>&#8222;weltweit gr\u00f6\u00dfte Freiluftgef\u00e4ngnis&#8220;<\/em>.<\/p>\n<p style=\"text-align: justify;\">In seinen blumigen Texten bezieht sich der reisende Blogger, der am Institut f\u00fcr Kommunikationswissenschaft an der LMU M\u00fcnchen t\u00e4tig ist, gerne auf Weggef\u00e4hrten, die den geeinten bewaffneten Kampf anti-israelischer Banden preisen. <em>&#8222;Im Sinne der nationalen Einheit w\u00fcrden&#8220;<\/em> seine Begleiter<em> &#8222;jeden unterst\u00fctzen, der Widerstand leistet&#8220;,<\/em> <a href=\"http:\/\/www.kerem-schamberger.de\/2016\/08\/01\/willkommen-im-land-der-mauern\/\" target=\"_blank\">schreibt<\/a>\u00a0der Apologet.\u00a0Solch ein Vorgehen scheint dem Referenten zu gefallen, der in den vergangenen Jahren regelm\u00e4\u00dfiger an den Zusammenk\u00fcnften der Partei teilnahm, bei denen\u00a0<em>&#8222;Alkohol und andere Drogen (&#8230;) streng verboten&#8220;<\/em> sind. Schamberger, der seine T\u00e4tigkeit <em>&#8222;politische Berichterstattung&#8220;<\/em> nennt, besuchte mehrfach die Farkha-Jugendfestivals im Westjordanland, an denen sich Anti-Imperialist_innen aus Europa beteiligen.<\/p>\n<p style=\"text-align: justify;\">Begegnungen mit Freunden, die israelische Soldaten ermorden wollten, sorgten bei Schamberger\u00a0f\u00fcr Freude: <em>&#8222;Besonders freue ich mich einen jungen Genossen zu sehen, der die letzten beiden Jahre in israelischen Gef\u00e4ngnissen verbracht hat, da er auf einer Demonstration Soldaten mit Molotow-Cocktails beworfen haben soll.&#8220;<\/em> Mit den patriarchalen Organisationsformen, die auf dem Festival gelebt werden, fand sich der Referent anscheinend ab. So <a href=\"http:\/\/www.kommunisten.de\/index.php?option=com_content&amp;view=article&amp;id=4469:farkha-festival-2013-der-1-tag&amp;catid=111:farkha-festival&amp;Itemid=276\" target=\"_blank\">seien<\/a> Frauen zu <em>&#8222;gro\u00dfen Teil auf die K\u00fcche und das Kochen beschr\u00e4nkt&#8220;<\/em>, erkannte Schamberger. Kein Grund f\u00fcr <a href=\"http:\/\/www.tw24.net\/?p=12874\" target=\"_blank\">deutsche Delegierte<\/a>, zu denen der Apologet geh\u00f6rte, die sofortige Abreise anzustreben. Seine Delegation <a href=\"http:\/\/www.kommunisten.de\/attachments\/4493_Rede_Abschluss_Farkha_Festival.pdf\" target=\"_blank\">dankte<\/a> stattdessen f\u00fcr Speisen, die<em>\u00a0&#8222;die Frauen gekocht&#8220;<\/em> h\u00e4tten.<\/p>\n<p style=\"text-align: justify;\">Das DKP-Mitglied, das sich f\u00fcr <em>&#8222;Pal\u00e4stina&#8220;<\/em> begeistert, sprach 2014 auf einer <em>&#8222;Friedensdemonstration&#8220;<\/em>. Schamberger begab sich damals auf die Spuren Martin Walsers, der eine\u00a0<em>&#8222;Auschwitz-Keule&#8220;<\/em>\u00a0<a href=\"http:\/\/www.hagalil.com\/antisemitismus\/deutschland\/walser-1.htm\" target=\"_blank\">erfand<\/a>. Dem Staat der Shoah-\u00dcberlebenden <a href=\"http:\/\/kommunisten.eu\/attachments\/5103_08_Rede_DKP_180714_muenchen.pdf\" target=\"_blank\">warf<\/a> der Referent\u00a0vor, den industriellen Massenmord zu instrumentalisieren. Dabei deutete Schamberger das deutsche Verbrechen, das er auf den Kapitalismus zur\u00fcckf\u00fchrte. W\u00e4hrend er vom Nationalsozialismus schwieg, konstruierte der Redner eine erstaunliche Traditionslinie: <em>&#8222;Auschwitz war die Ausgeburt eines menschenverachtenden kapitalistischen Systems und wir werden nicht zulassen, dass die heutigen Vertreter des gleichen kapitalistischen Systems, egal ob in den USA, der EU oder Israel es als Waffe benutzen um heutige Verbrechen zu rechtfertigen.&#8220;<\/em><\/p>\n<div id=\"attachment_1123\" style=\"width: 2530px\" class=\"wp-caption aligncenter\"><a href=\"http:\/\/ferne-welten.com\/wp-content\/uploads\/2017\/04\/PFL-Mahnmal.jpg\"><img loading=\"lazy\" decoding=\"async\" aria-describedby=\"caption-attachment-1123\" class=\"size-full wp-image-1123\" src=\"http:\/\/ferne-welten.com\/wp-content\/uploads\/2017\/04\/PFL-Mahnmal.jpg\" alt=\"\" width=\"2520\" height=\"1221\" srcset=\"https:\/\/ferne-welten.com\/wp-content\/uploads\/2017\/04\/PFL-Mahnmal.jpg 2520w, https:\/\/ferne-welten.com\/wp-content\/uploads\/2017\/04\/PFL-Mahnmal-300x145.jpg 300w, https:\/\/ferne-welten.com\/wp-content\/uploads\/2017\/04\/PFL-Mahnmal-768x372.jpg 768w, https:\/\/ferne-welten.com\/wp-content\/uploads\/2017\/04\/PFL-Mahnmal-1024x496.jpg 1024w, https:\/\/ferne-welten.com\/wp-content\/uploads\/2017\/04\/PFL-Mahnmal-940x455.jpg 940w, https:\/\/ferne-welten.com\/wp-content\/uploads\/2017\/04\/PFL-Mahnmal-826x400.jpg 826w\" sizes=\"auto, (max-width: 2520px) 100vw, 2520px\" \/><\/a><p id=\"caption-attachment-1123\" class=\"wp-caption-text\">Erinnerungswand f\u00fcr j\u00fcdische Opfer des Nationalsozialismus. Im Hintergrund: Das Kulturzentrum PFL<\/p><\/div>\n<p style=\"text-align: justify;\">Wer Thesen des Apologeten lauschen m\u00f6chte, kann das hiesige Kulturzentrum besuchen. Am 07. April referiert Schamberger im st\u00e4dtischen <a href=\"http:\/\/www.oldenburg.de\/de\/startseite\/kultur\/service\/veranstaltungszentren\/pfl.html\" target=\"_blank\">PFL<\/a>, um die Situation in der T\u00fcrkei zu beleuchten.\u00a0Dem <em>&#8222;Friedensb\u00fcndnis&#8220;<\/em>, <a href=\"http:\/\/ferne-welten.com\/?p=995\" target=\"_blank\">das Israel jedes Recht auf Au\u00dfenpolitik abspricht<\/a>, d\u00fcrften auch andere Thesen des Referenten gefallen. Derzeit wird die Veranstaltung durch weitere Organisationen unterst\u00fctzt. Laut <a href=\"https:\/\/www.oldenburger-rundschau.de\/2017\/04\/02\/putsch-im-putsch-aktuelle-situation-in-der-tuerkei-und-nordkurdistan\/\" target=\"_blank\">Werbung<\/a> in der <em>&#8222;Oldenburger Rundschau&#8220;<\/em>, die <a href=\"https:\/\/jungle.world\/artikel\/2017\/13\/vernunft-wegstampfen\" target=\"_blank\">aufgrund ihrer reaktion\u00e4ren Inhalte erst k\u00fcrzlich in der Jungle World erw\u00e4hnt<\/a> wurde,\u00a0kooperiert das B\u00fcndnis mit dem <a href=\"http:\/\/ferne-welten.com\/?p=716\" target=\"_blank\">Kreisverband der GEW<\/a>. Unterst\u00fctzer sind zudem die <em>&#8222;Regionalgruppe des Demokratischen Gesellschaftszentrums der KurdInnen in Deutschland&#8220;<\/em> (NAV-DEM), die\u00a0Attac-Regionalgruppe Oldenburg sowie der F\u00f6rderverein internationales Fluchtmuseum.<\/p>\n<a class=\"synved-social-button synved-social-button-share synved-social-size-32 synved-social-resolution-single synved-social-provider-facebook nolightbox\" data-provider=\"facebook\" target=\"_blank\" rel=\"nofollow\" title=\"Auf Facebook teilen\" href=\"https:\/\/www.facebook.com\/sharer.php?u=https%3A%2F%2Fferne-welten.com%2Findex.php%3Frest_route%3D%252Fwp%252Fv2%252Fposts%252F1078&#038;t=Ansichten%20eines%20Referenten&#038;s=100&#038;p&#091;url&#093;=https%3A%2F%2Fferne-welten.com%2Findex.php%3Frest_route%3D%252Fwp%252Fv2%252Fposts%252F1078&#038;p&#091;images&#093;&#091;0&#093;=http%3A%2F%2Fferne-welten.com%2Fwp-content%2Fuploads%2F2017%2F04%2FPFL-Mahnmal.jpg&#038;p&#091;title&#093;=Ansichten%20eines%20Referenten\" style=\"font-size: 0px;width:32px;height:32px;margin:0;margin-bottom:5px;margin-right:5px\"><img loading=\"lazy\" decoding=\"async\" alt=\"Facebook\" title=\"Auf Facebook teilen\" class=\"synved-share-image synved-social-image synved-social-image-share\" width=\"32\" height=\"32\" style=\"display: inline;width:32px;height:32px;margin: 0;padding: 0;border: none;box-shadow: none\" src=\"https:\/\/ferne-welten.com\/wp-content\/plugins\/social-media-feather\/synved-social\/addons\/extra-icons\/image\/social\/circle\/64x64\/facebook.png\" \/><\/a><a class=\"synved-social-button synved-social-button-share synved-social-size-32 synved-social-resolution-single synved-social-provider-twitter nolightbox\" data-provider=\"twitter\" target=\"_blank\" rel=\"nofollow\" title=\"Auf Twitter teilen\" href=\"https:\/\/twitter.com\/intent\/tweet?url=https%3A%2F%2Fferne-welten.com%2Findex.php%3Frest_route%3D%252Fwp%252Fv2%252Fposts%252F1078&#038;text=Hey%20check%20this%20out\" style=\"font-size: 0px;width:32px;height:32px;margin:0;margin-bottom:5px;margin-right:5px\"><img loading=\"lazy\" decoding=\"async\" alt=\"twitter\" title=\"Auf Twitter teilen\" class=\"synved-share-image synved-social-image synved-social-image-share\" width=\"32\" height=\"32\" style=\"display: inline;width:32px;height:32px;margin: 0;padding: 0;border: none;box-shadow: none\" src=\"https:\/\/ferne-welten.com\/wp-content\/plugins\/social-media-feather\/synved-social\/addons\/extra-icons\/image\/social\/circle\/64x64\/twitter.png\" \/><\/a><a class=\"synved-social-button synved-social-button-share synved-social-size-32 synved-social-resolution-single synved-social-provider-reddit nolightbox\" data-provider=\"reddit\" target=\"_blank\" rel=\"nofollow\" title=\"Auf Reddit teilen\" href=\"https:\/\/www.reddit.com\/submit?url=https%3A%2F%2Fferne-welten.com%2Findex.php%3Frest_route%3D%252Fwp%252Fv2%252Fposts%252F1078&#038;title=Ansichten%20eines%20Referenten\" style=\"font-size: 0px;width:32px;height:32px;margin:0;margin-bottom:5px;margin-right:5px\"><img loading=\"lazy\" decoding=\"async\" alt=\"reddit\" title=\"Auf Reddit teilen\" class=\"synved-share-image synved-social-image synved-social-image-share\" width=\"32\" height=\"32\" style=\"display: inline;width:32px;height:32px;margin: 0;padding: 0;border: none;box-shadow: none\" src=\"https:\/\/ferne-welten.com\/wp-content\/plugins\/social-media-feather\/synved-social\/addons\/extra-icons\/image\/social\/circle\/64x64\/reddit.png\" \/><\/a><a class=\"synved-social-button synved-social-button-share synved-social-size-32 synved-social-resolution-single synved-social-provider-pinterest nolightbox\" data-provider=\"pinterest\" target=\"_blank\" rel=\"nofollow\" title=\"Auf Pinterest pinnen\" href=\"https:\/\/pinterest.com\/pin\/create\/button\/?url=https%3A%2F%2Fferne-welten.com%2Findex.php%3Frest_route%3D%252Fwp%252Fv2%252Fposts%252F1078&#038;media=http%3A%2F%2Fferne-welten.com%2Fwp-content%2Fuploads%2F2017%2F04%2FPFL-Mahnmal.jpg&#038;description=Ansichten%20eines%20Referenten\" style=\"font-size: 0px;width:32px;height:32px;margin:0;margin-bottom:5px;margin-right:5px\"><img loading=\"lazy\" decoding=\"async\" alt=\"pinterest\" title=\"Auf Pinterest pinnen\" class=\"synved-share-image synved-social-image synved-social-image-share\" width=\"32\" height=\"32\" style=\"display: inline;width:32px;height:32px;margin: 0;padding: 0;border: none;box-shadow: none\" src=\"https:\/\/ferne-welten.com\/wp-content\/plugins\/social-media-feather\/synved-social\/addons\/extra-icons\/image\/social\/circle\/64x64\/pinterest.png\" \/><\/a><a class=\"synved-social-button synved-social-button-share synved-social-size-32 synved-social-resolution-single synved-social-provider-linkedin nolightbox\" data-provider=\"linkedin\" target=\"_blank\" rel=\"nofollow\" title=\"Auf Linkedin teilen\" href=\"https:\/\/www.linkedin.com\/shareArticle?mini=true&#038;url=https%3A%2F%2Fferne-welten.com%2Findex.php%3Frest_route%3D%252Fwp%252Fv2%252Fposts%252F1078&#038;title=Ansichten%20eines%20Referenten\" style=\"font-size: 0px;width:32px;height:32px;margin:0;margin-bottom:5px;margin-right:5px\"><img loading=\"lazy\" decoding=\"async\" alt=\"linkedin\" title=\"Auf Linkedin teilen\" class=\"synved-share-image synved-social-image synved-social-image-share\" width=\"32\" height=\"32\" style=\"display: inline;width:32px;height:32px;margin: 0;padding: 0;border: none;box-shadow: none\" src=\"https:\/\/ferne-welten.com\/wp-content\/plugins\/social-media-feather\/synved-social\/addons\/extra-icons\/image\/social\/circle\/64x64\/linkedin.png\" \/><\/a><a class=\"synved-social-button synved-social-button-share synved-social-size-32 synved-social-resolution-single synved-social-provider-tumblr nolightbox\" data-provider=\"tumblr\" target=\"_blank\" rel=\"nofollow\" title=\"\u00dcber Tumblr teilen\" href=\"https:\/\/tumblr.com\/share?s=&#038;v=3&#038;t=Ansichten%20eines%20Referenten&#038;u=https%3A%2F%2Fferne-welten.com%2Findex.php%3Frest_route%3D%252Fwp%252Fv2%252Fposts%252F1078\" style=\"font-size: 0px;width:32px;height:32px;margin:0;margin-bottom:5px;margin-right:5px\"><img loading=\"lazy\" decoding=\"async\" alt=\"tumblr\" title=\"\u00dcber Tumblr teilen\" class=\"synved-share-image synved-social-image synved-social-image-share\" width=\"32\" height=\"32\" style=\"display: inline;width:32px;height:32px;margin: 0;padding: 0;border: none;box-shadow: none\" src=\"https:\/\/ferne-welten.com\/wp-content\/plugins\/social-media-feather\/synved-social\/addons\/extra-icons\/image\/social\/circle\/64x64\/tumblr.png\" \/><\/a><a class=\"synved-social-button synved-social-button-share synved-social-size-32 synved-social-resolution-single synved-social-provider-mail nolightbox\" data-provider=\"mail\" rel=\"nofollow\" title=\"Link per Mail weiterleiten\" href=\"mailto:?subject=Ansichten%20eines%20Referenten&#038;body=Hey%20check%20this%20out:%20https%3A%2F%2Fferne-welten.com%2Findex.php%3Frest_route%3D%252Fwp%252Fv2%252Fposts%252F1078\" style=\"font-size: 0px;width:32px;height:32px;margin:0;margin-bottom:5px\"><img loading=\"lazy\" decoding=\"async\" alt=\"mail\" title=\"Link per Mail weiterleiten\" class=\"synved-share-image synved-social-image synved-social-image-share\" width=\"32\" height=\"32\" style=\"display: inline;width:32px;height:32px;margin: 0;padding: 0;border: none;box-shadow: none\" src=\"https:\/\/ferne-welten.com\/wp-content\/plugins\/social-media-feather\/synved-social\/addons\/extra-icons\/image\/social\/circle\/64x64\/mail.png\" \/><\/a>","protected":false},"excerpt":{"rendered":"<p>Am 07. April referiert der Kommunikationswissenschaftler Kerem Schamberger auf Einladung des &#8222;Oldenburger Friedensb\u00fcndnis&#8220; zur Situation in der T\u00fcrkei. Die Geschehnisse der vergangenen Monate seien ein\u00a0&#8222;Putsch im Putsch&#8220;,\u00a0hei\u00dft es in der Einladung. Andere Inhalte des Referenten finden leider keine Erw\u00e4hnung. Dabei&#8230;<br \/><a class=\"read-more-button\" href=\"https:\/\/ferne-welten.com\/?p=1078\">Read more<\/a><\/p>\n","protected":false},"author":1,"featured_media":0,"comment_status":"open","ping_status":"open","sticky":false,"template":"","format":"standard","meta":{"footnotes":""},"categories":[88,359,79],"tags":[246,330,292,318,333,327,331,84,93,328,329,332],"class_list":["post-1078","post","type-post","status-publish","format-standard","hentry","category-dorfkritik","category-eiskaltland","category-mythen","tag-attac","tag-auschwitz","tag-dkp","tag-friedensbuendnis","tag-gew-oldenburg","tag-kerem-schamberger","tag-messsermorde","tag-muenchen","tag-oldenburg","tag-oldenburger-rundschau","tag-pfl","tag-ppp"],"_links":{"self":[{"href":"https:\/\/ferne-welten.com\/index.php?rest_route=\/wp\/v2\/posts\/1078","targetHints":{"allow":["GET"]}}],"collection":[{"href":"https:\/\/ferne-welten.com\/index.php?rest_route=\/wp\/v2\/posts"}],"about":[{"href":"https:\/\/ferne-welten.com\/index.php?rest_route=\/wp\/v2\/types\/post"}],"author":[{"embeddable":true,"href":"https:\/\/ferne-welten.com\/index.php?rest_route=\/wp\/v2\/users\/1"}],"replies":[{"embeddable":true,"href":"https:\/\/ferne-welten.com\/index.php?rest_route=%2Fwp%2Fv2%2Fcomments&post=1078"}],"version-history":[{"count":32,"href":"https:\/\/ferne-welten.com\/index.php?rest_route=\/wp\/v2\/posts\/1078\/revisions"}],"predecessor-version":[{"id":1127,"href":"https:\/\/ferne-welten.com\/index.php?rest_route=\/wp\/v2\/posts\/1078\/revisions\/1127"}],"wp:attachment":[{"href":"https:\/\/ferne-welten.com\/index.php?rest_route=%2Fwp%2Fv2%2Fmedia&parent=1078"}],"wp:term":[{"taxonomy":"category","embeddable":true,"href":"https:\/\/ferne-welten.com\/index.php?rest_route=%2Fwp%2Fv2%2Fcategories&post=1078"},{"taxonomy":"post_tag","embeddable":true,"href":"https:\/\/ferne-welten.com\/index.php?rest_route=%2Fwp%2Fv2%2Ftags&post=1078"}],"curies":[{"name":"wp","href":"https:\/\/api.w.org\/{rel}","templated":true}]}}