{"id":1085,"date":"2017-04-05T14:01:04","date_gmt":"2017-04-05T13:01:04","guid":{"rendered":"http:\/\/ferne-welten.com\/?p=1085"},"modified":"2017-04-06T21:55:32","modified_gmt":"2017-04-06T20:55:32","slug":"kader-auf-dem-wehrmachtsfriedhof","status":"publish","type":"post","link":"https:\/\/ferne-welten.com\/?p=1085","title":{"rendered":"Kader auf dem Wehrmachtsfriedhof"},"content":{"rendered":"<p style=\"text-align: justify;\">Andreas Maurer, Abgeordneter der sogenannten Linkspartei im nieders\u00e4chsischen Quakenbr\u00fcck, legte k\u00fcrzlich mit seiner Begleitung Kr\u00e4nze und Blumen nieder. Er befand sich an einem ungew\u00f6hnlichen Ort. Der Kader, der sich als<em> &#8222;Volksdiplomat&#8220;<\/em> inszeniert, begab sich auf einem Friedhof von Wehrmachts-M\u00f6rdern. Er wolle den Landsern<em> \u201edie Verehrung (\u2026) erweisen&#8220;<\/em>, hei\u00dft es in einem Werbefilm, den der YouTube-Kanal <em>\u201eZar Romanov\u201c (!)<\/em> verbreitet.<\/p>\n<p style=\"text-align: justify;\"><!--more--><\/p>\n<div id=\"attachment_1086\" style=\"width: 1195px\" class=\"wp-caption aligncenter\"><img loading=\"lazy\" decoding=\"async\" aria-describedby=\"caption-attachment-1086\" class=\"wp-image-1086 size-full\" src=\"http:\/\/ferne-welten.com\/wp-content\/uploads\/2017\/04\/Maurer-aufm-deutschen-Friedhof.jpg\" alt=\"\" width=\"1185\" height=\"763\" srcset=\"https:\/\/ferne-welten.com\/wp-content\/uploads\/2017\/04\/Maurer-aufm-deutschen-Friedhof.jpg 1185w, https:\/\/ferne-welten.com\/wp-content\/uploads\/2017\/04\/Maurer-aufm-deutschen-Friedhof-300x193.jpg 300w, https:\/\/ferne-welten.com\/wp-content\/uploads\/2017\/04\/Maurer-aufm-deutschen-Friedhof-768x495.jpg 768w, https:\/\/ferne-welten.com\/wp-content\/uploads\/2017\/04\/Maurer-aufm-deutschen-Friedhof-1024x659.jpg 1024w, https:\/\/ferne-welten.com\/wp-content\/uploads\/2017\/04\/Maurer-aufm-deutschen-Friedhof-940x605.jpg 940w, https:\/\/ferne-welten.com\/wp-content\/uploads\/2017\/04\/Maurer-aufm-deutschen-Friedhof-621x400.jpg 621w\" sizes=\"auto, (max-width: 1185px) 100vw, 1185px\" \/><p id=\"caption-attachment-1086\" class=\"wp-caption-text\">Andreas Maurer (Linkspartei) gedenkt Wehrmachts-M\u00f6rdern<\/p><\/div>\n<p style=\"text-align: justify;\">In der <a href=\"https:\/\/www.youtube.com\/watch?v=wgAOCeqnmSI&amp;feature=youtu.be&amp;t=20m13s\" target=\"_blank\">Ansprache<\/a> f\u00fcr die deutschen Massenm\u00f6rder spricht der <a href=\"http:\/\/ferne-welten.com\/?p=388\" target=\"_blank\">Deputierte<\/a> der Linkspartei: <em>\u201eMenschen haben ihr Leben gelassen, weil die P<span class=\"text_exposed_show\">olitiker falsche Politik machen. Und das ist leider Gottes \u00fcberall in der Welt so. Und es ist wichtig und richtig, dass wir heute auch hierherkommen. Auch hier liegen junge Soldaten: S\u00f6hne, die von ihren Frauen, Eltern und Kindern weggerissen sind.\u201c\u00a0<\/span><\/em>Im Anschluss besuchte Maurer, der k\u00fcrzlich in meiner Provinzh\u00f6lle referierte, eine Dorfdisco.<\/p>\n<p style=\"text-align: justify;\">In der Kaschemme tanzte Maurer unter anderem mit seinen Reisebegleiter_innen. Unter den T\u00e4nzern befand sich Wjatscheslaw Seewald, der ein antisemitisches Internetportal betreibt. Diesem T\u00e4nzer gab Maurer ein ausf\u00fchrliches <a href=\"http:\/\/ferne-welten.com\/?p=388\" target=\"_blank\">Interview<\/a>. Dessen <a href=\"http:\/\/ferne-welten.com\/?p=635\" target=\"_blank\">Internetseite<\/a> besteht aus Runen\u00e4sthetik und Rassenlehre. Dort schreibt die Reise-Begleitung im St\u00fcrmer-Stil gegen J\u00fcdinnen und Juden. Seewald spricht von\u00a0<em>\u201eParasiten\u201d<\/em>\u00a0&#8211; und tr\u00e4umt von einem B\u00fcndnis aus\u00a0<em>\u201eAriern\u201d<\/em>\u00a0und\u00a0<em>\u201eSlawen\u201d.<\/em><\/p>\n<div id=\"attachment_1087\" style=\"width: 1192px\" class=\"wp-caption aligncenter\"><img loading=\"lazy\" decoding=\"async\" aria-describedby=\"caption-attachment-1087\" class=\"wp-image-1087 size-full\" src=\"http:\/\/ferne-welten.com\/wp-content\/uploads\/2017\/04\/Maurer-inner-Disco.jpg\" alt=\"\" width=\"1182\" height=\"783\" srcset=\"https:\/\/ferne-welten.com\/wp-content\/uploads\/2017\/04\/Maurer-inner-Disco.jpg 1182w, https:\/\/ferne-welten.com\/wp-content\/uploads\/2017\/04\/Maurer-inner-Disco-300x199.jpg 300w, https:\/\/ferne-welten.com\/wp-content\/uploads\/2017\/04\/Maurer-inner-Disco-768x509.jpg 768w, https:\/\/ferne-welten.com\/wp-content\/uploads\/2017\/04\/Maurer-inner-Disco-1024x678.jpg 1024w, https:\/\/ferne-welten.com\/wp-content\/uploads\/2017\/04\/Maurer-inner-Disco-940x623.jpg 940w, https:\/\/ferne-welten.com\/wp-content\/uploads\/2017\/04\/Maurer-inner-Disco-604x400.jpg 604w\" sizes=\"auto, (max-width: 1182px) 100vw, 1182px\" \/><p id=\"caption-attachment-1087\" class=\"wp-caption-text\">Vom Wehrmachts-Friedhof in die Dorfdisco<\/p><\/div>\n<p style=\"text-align: justify;\">Das Interview\u00a0und die <a href=\"https:\/\/www.youtube.com\/watch?v=wgAOCeqnmSI&amp;feature=youtu.be&amp;t=20m13s\" target=\"_blank\">Ansprache f\u00fcr Wehrmachts-Soldaten<\/a> ist Teil einer <a href=\"http:\/\/ferne-welten.com\/?p=388\" target=\"_blank\">Praxis<\/a>, die der Linkspartei-Kader entfaltet. Dass diese T\u00e4tigkeit zu praktischen Konsequenzen f\u00fchrt, ist nicht zu erwarten. Die <a href=\"http:\/\/ferne-welten.com\/?p=418\" target=\"_blank\">hiesige Linkspartei<\/a>\u00a0distanzierte sich nicht von ihrem Referenten, der zuvor mit dem verschw\u00f6rungsideologischen Vordenker Ken Jebsen sprach. Die Gliederung aus dem benachbarten Quakenbr\u00fcck \u00e4u\u00dferte sich ebenfalls nicht zu den Vorf\u00e4llen.<\/p>\n<p style=\"text-align: justify;\"><a href=\"http:\/\/ferne-welten.com\/wp-content\/uploads\/2017\/04\/Maurer-aufm-deutschen-Friedhof.jpg\"><br \/>\n<\/a><\/p>\n<a class=\"synved-social-button synved-social-button-share synved-social-size-32 synved-social-resolution-single synved-social-provider-facebook nolightbox\" data-provider=\"facebook\" target=\"_blank\" rel=\"nofollow\" title=\"Auf Facebook teilen\" href=\"https:\/\/www.facebook.com\/sharer.php?u=https%3A%2F%2Fferne-welten.com%2Findex.php%3Frest_route%3D%252Fwp%252Fv2%252Fposts%252F1085&#038;t=Kader%20auf%20dem%20Wehrmachtsfriedhof&#038;s=100&#038;p&#091;url&#093;=https%3A%2F%2Fferne-welten.com%2Findex.php%3Frest_route%3D%252Fwp%252Fv2%252Fposts%252F1085&#038;p&#091;images&#093;&#091;0&#093;=http%3A%2F%2Fferne-welten.com%2Fwp-content%2Fuploads%2F2017%2F04%2FMaurer-aufm-deutschen-Friedhof.jpg&#038;p&#091;title&#093;=Kader%20auf%20dem%20Wehrmachtsfriedhof\" style=\"font-size: 0px;width:32px;height:32px;margin:0;margin-bottom:5px;margin-right:5px\"><img loading=\"lazy\" decoding=\"async\" alt=\"Facebook\" title=\"Auf Facebook teilen\" class=\"synved-share-image synved-social-image synved-social-image-share\" width=\"32\" height=\"32\" style=\"display: inline;width:32px;height:32px;margin: 0;padding: 0;border: none;box-shadow: none\" src=\"https:\/\/ferne-welten.com\/wp-content\/plugins\/social-media-feather\/synved-social\/addons\/extra-icons\/image\/social\/circle\/64x64\/facebook.png\" \/><\/a><a class=\"synved-social-button synved-social-button-share synved-social-size-32 synved-social-resolution-single synved-social-provider-twitter nolightbox\" data-provider=\"twitter\" target=\"_blank\" rel=\"nofollow\" title=\"Auf Twitter teilen\" href=\"https:\/\/twitter.com\/intent\/tweet?url=https%3A%2F%2Fferne-welten.com%2Findex.php%3Frest_route%3D%252Fwp%252Fv2%252Fposts%252F1085&#038;text=Hey%20check%20this%20out\" style=\"font-size: 0px;width:32px;height:32px;margin:0;margin-bottom:5px;margin-right:5px\"><img loading=\"lazy\" decoding=\"async\" alt=\"twitter\" title=\"Auf Twitter teilen\" class=\"synved-share-image synved-social-image synved-social-image-share\" width=\"32\" height=\"32\" style=\"display: inline;width:32px;height:32px;margin: 0;padding: 0;border: none;box-shadow: none\" src=\"https:\/\/ferne-welten.com\/wp-content\/plugins\/social-media-feather\/synved-social\/addons\/extra-icons\/image\/social\/circle\/64x64\/twitter.png\" \/><\/a><a class=\"synved-social-button synved-social-button-share synved-social-size-32 synved-social-resolution-single synved-social-provider-reddit nolightbox\" data-provider=\"reddit\" target=\"_blank\" rel=\"nofollow\" title=\"Auf Reddit teilen\" href=\"https:\/\/www.reddit.com\/submit?url=https%3A%2F%2Fferne-welten.com%2Findex.php%3Frest_route%3D%252Fwp%252Fv2%252Fposts%252F1085&#038;title=Kader%20auf%20dem%20Wehrmachtsfriedhof\" style=\"font-size: 0px;width:32px;height:32px;margin:0;margin-bottom:5px;margin-right:5px\"><img loading=\"lazy\" decoding=\"async\" alt=\"reddit\" title=\"Auf Reddit teilen\" class=\"synved-share-image synved-social-image synved-social-image-share\" width=\"32\" height=\"32\" style=\"display: inline;width:32px;height:32px;margin: 0;padding: 0;border: none;box-shadow: none\" src=\"https:\/\/ferne-welten.com\/wp-content\/plugins\/social-media-feather\/synved-social\/addons\/extra-icons\/image\/social\/circle\/64x64\/reddit.png\" \/><\/a><a class=\"synved-social-button synved-social-button-share synved-social-size-32 synved-social-resolution-single synved-social-provider-pinterest nolightbox\" data-provider=\"pinterest\" target=\"_blank\" rel=\"nofollow\" title=\"Auf Pinterest pinnen\" href=\"https:\/\/pinterest.com\/pin\/create\/button\/?url=https%3A%2F%2Fferne-welten.com%2Findex.php%3Frest_route%3D%252Fwp%252Fv2%252Fposts%252F1085&#038;media=http%3A%2F%2Fferne-welten.com%2Fwp-content%2Fuploads%2F2017%2F04%2FMaurer-aufm-deutschen-Friedhof.jpg&#038;description=Kader%20auf%20dem%20Wehrmachtsfriedhof\" style=\"font-size: 0px;width:32px;height:32px;margin:0;margin-bottom:5px;margin-right:5px\"><img loading=\"lazy\" decoding=\"async\" alt=\"pinterest\" title=\"Auf Pinterest pinnen\" class=\"synved-share-image synved-social-image synved-social-image-share\" width=\"32\" height=\"32\" style=\"display: inline;width:32px;height:32px;margin: 0;padding: 0;border: none;box-shadow: none\" src=\"https:\/\/ferne-welten.com\/wp-content\/plugins\/social-media-feather\/synved-social\/addons\/extra-icons\/image\/social\/circle\/64x64\/pinterest.png\" \/><\/a><a class=\"synved-social-button synved-social-button-share synved-social-size-32 synved-social-resolution-single synved-social-provider-linkedin nolightbox\" data-provider=\"linkedin\" target=\"_blank\" rel=\"nofollow\" title=\"Auf Linkedin teilen\" href=\"https:\/\/www.linkedin.com\/shareArticle?mini=true&#038;url=https%3A%2F%2Fferne-welten.com%2Findex.php%3Frest_route%3D%252Fwp%252Fv2%252Fposts%252F1085&#038;title=Kader%20auf%20dem%20Wehrmachtsfriedhof\" style=\"font-size: 0px;width:32px;height:32px;margin:0;margin-bottom:5px;margin-right:5px\"><img loading=\"lazy\" decoding=\"async\" alt=\"linkedin\" title=\"Auf Linkedin teilen\" class=\"synved-share-image synved-social-image synved-social-image-share\" width=\"32\" height=\"32\" style=\"display: inline;width:32px;height:32px;margin: 0;padding: 0;border: none;box-shadow: none\" src=\"https:\/\/ferne-welten.com\/wp-content\/plugins\/social-media-feather\/synved-social\/addons\/extra-icons\/image\/social\/circle\/64x64\/linkedin.png\" \/><\/a><a class=\"synved-social-button synved-social-button-share synved-social-size-32 synved-social-resolution-single synved-social-provider-tumblr nolightbox\" data-provider=\"tumblr\" target=\"_blank\" rel=\"nofollow\" title=\"\u00dcber Tumblr teilen\" href=\"https:\/\/tumblr.com\/share?s=&#038;v=3&#038;t=Kader%20auf%20dem%20Wehrmachtsfriedhof&#038;u=https%3A%2F%2Fferne-welten.com%2Findex.php%3Frest_route%3D%252Fwp%252Fv2%252Fposts%252F1085\" style=\"font-size: 0px;width:32px;height:32px;margin:0;margin-bottom:5px;margin-right:5px\"><img loading=\"lazy\" decoding=\"async\" alt=\"tumblr\" title=\"\u00dcber Tumblr teilen\" class=\"synved-share-image synved-social-image synved-social-image-share\" width=\"32\" height=\"32\" style=\"display: inline;width:32px;height:32px;margin: 0;padding: 0;border: none;box-shadow: none\" src=\"https:\/\/ferne-welten.com\/wp-content\/plugins\/social-media-feather\/synved-social\/addons\/extra-icons\/image\/social\/circle\/64x64\/tumblr.png\" \/><\/a><a class=\"synved-social-button synved-social-button-share synved-social-size-32 synved-social-resolution-single synved-social-provider-mail nolightbox\" data-provider=\"mail\" rel=\"nofollow\" title=\"Link per Mail weiterleiten\" href=\"mailto:?subject=Kader%20auf%20dem%20Wehrmachtsfriedhof&#038;body=Hey%20check%20this%20out:%20https%3A%2F%2Fferne-welten.com%2Findex.php%3Frest_route%3D%252Fwp%252Fv2%252Fposts%252F1085\" style=\"font-size: 0px;width:32px;height:32px;margin:0;margin-bottom:5px\"><img loading=\"lazy\" decoding=\"async\" alt=\"mail\" title=\"Link per Mail weiterleiten\" class=\"synved-share-image synved-social-image synved-social-image-share\" width=\"32\" height=\"32\" style=\"display: inline;width:32px;height:32px;margin: 0;padding: 0;border: none;box-shadow: none\" src=\"https:\/\/ferne-welten.com\/wp-content\/plugins\/social-media-feather\/synved-social\/addons\/extra-icons\/image\/social\/circle\/64x64\/mail.png\" \/><\/a>","protected":false},"excerpt":{"rendered":"<p>Andreas Maurer, Abgeordneter der sogenannten Linkspartei im nieders\u00e4chsischen Quakenbr\u00fcck, legte k\u00fcrzlich mit seiner Begleitung Kr\u00e4nze und Blumen nieder. Er befand sich an einem ungew\u00f6hnlichen Ort. Der Kader, der sich als &#8222;Volksdiplomat&#8220; inszeniert, begab sich auf einem Friedhof von Wehrmachts-M\u00f6rdern. Er&#8230;<br \/><a class=\"read-more-button\" href=\"https:\/\/ferne-welten.com\/?p=1085\">Read more<\/a><\/p>\n","protected":false},"author":1,"featured_media":0,"comment_status":"open","ping_status":"open","sticky":false,"template":"","format":"standard","meta":{"footnotes":""},"categories":[88,79],"tags":[94,335,89,334,336,98],"class_list":["post-1085","post","type-post","status-publish","format-standard","hentry","category-dorfkritik","category-mythen","tag-andreas-maurer","tag-geschichtsrevisionismus","tag-linkspartei","tag-quakenbrueck","tag-wehrmacht","tag-wjatscheslaw-seewald"],"_links":{"self":[{"href":"https:\/\/ferne-welten.com\/index.php?rest_route=\/wp\/v2\/posts\/1085","targetHints":{"allow":["GET"]}}],"collection":[{"href":"https:\/\/ferne-welten.com\/index.php?rest_route=\/wp\/v2\/posts"}],"about":[{"href":"https:\/\/ferne-welten.com\/index.php?rest_route=\/wp\/v2\/types\/post"}],"author":[{"embeddable":true,"href":"https:\/\/ferne-welten.com\/index.php?rest_route=\/wp\/v2\/users\/1"}],"replies":[{"embeddable":true,"href":"https:\/\/ferne-welten.com\/index.php?rest_route=%2Fwp%2Fv2%2Fcomments&post=1085"}],"version-history":[{"count":2,"href":"https:\/\/ferne-welten.com\/index.php?rest_route=\/wp\/v2\/posts\/1085\/revisions"}],"predecessor-version":[{"id":1089,"href":"https:\/\/ferne-welten.com\/index.php?rest_route=\/wp\/v2\/posts\/1085\/revisions\/1089"}],"wp:attachment":[{"href":"https:\/\/ferne-welten.com\/index.php?rest_route=%2Fwp%2Fv2%2Fmedia&parent=1085"}],"wp:term":[{"taxonomy":"category","embeddable":true,"href":"https:\/\/ferne-welten.com\/index.php?rest_route=%2Fwp%2Fv2%2Fcategories&post=1085"},{"taxonomy":"post_tag","embeddable":true,"href":"https:\/\/ferne-welten.com\/index.php?rest_route=%2Fwp%2Fv2%2Ftags&post=1085"}],"curies":[{"name":"wp","href":"https:\/\/api.w.org\/{rel}","templated":true}]}}