{"id":1155,"date":"2017-06-27T13:46:58","date_gmt":"2017-06-27T12:46:58","guid":{"rendered":"http:\/\/ferne-welten.com\/?p=1155"},"modified":"2017-06-27T16:43:58","modified_gmt":"2017-06-27T15:43:58","slug":"alternative-fuer-muerbe-mehrheiten","status":"publish","type":"post","link":"https:\/\/ferne-welten.com\/?p=1155","title":{"rendered":"Alternative f\u00fcr m\u00fcrbe Mehrheiten"},"content":{"rendered":"<p style=\"text-align: justify;\"><span style=\"font-weight: 400;\"><em>&#8222;Besser als ein Rock-Konzert\u201d<\/em>, behauptet die Partei im Nachhinein. \u00a0Beifall brandet auf, als der 1956 geborene Parteif\u00fchrer Christoph R. H\u00f6rstel zum Abschluss des zweiten Bundesparteitags der Deutschen Mitte (DM) an sein Mikrofon tritt. Frenetischer Jubel im Saal, nachdem der Vorsitzende seine Ausf\u00fchrungen beendet. Rund 200 Parteimitglieder zelebrieren durch <em>\u201ctosenden Beifall\u201d<\/em> die Verbundenheit mit ihrem Vordenker, der sich als Gr\u00fcnder und Vision\u00e4r inszeniert. Der Verschw\u00f6rungsideologe offenbart in einem Bio-Hotel in Berlin-K\u00f6penick seine Vorstellungen. Zun\u00e4chst habe H\u00f6rstel eine <em>\u201cBewegung\u201d<\/em> geschaffen, die <em>\u201cdie 3.000er Marke \u00fcberschreitet\u201d<\/em>. Parteimitglieder sollen nun die erschreckenden Pl\u00e4ne realisieren, die die rigide F\u00fchrung konzipiert. \u00a0<\/span><\/p>\n<p><!--more--><\/p>\n<p style=\"text-align: justify;\"><b>Massenabschiebung als Kernforderung: Traum einer Kleinpartei<\/b><\/p>\n<p style=\"text-align: justify;\"><span style=\"font-weight: 400;\">Ihre Ziele definiert die Deutsche Mitte in einer Satzung, zu der sich die Mitglieder bekennen m\u00fcssen. F\u00fcr den Parteivorsitzenden die Lehre aus dem Scheitern seines vorherigen Formierungsversuches, den <a href=\"https:\/\/www.psiram.com\/de\/index.php\/Christoph_H%C3%B6rstel\" target=\"_blank\" rel=\"noopener\">H\u00f6rstel<\/a> 2009 als Neue Mitte ins Leben rief. Schon damals organisierte der ehemalige Fernsehredakteur und Politikberater die Anh\u00e4nger der sogenannten <em>\u201cWahrheitsbewegung\u201d<\/em>, um gegen <em>\u201cKriege und Bankster-Herrschaft\u201d<\/em> <a href=\"https:\/\/www.psiram.com\/de\/index.php\/Christoph_H%C3%B6rstel\" target=\"_blank\" rel=\"noopener\">vorzugehen<\/a>. Geschichte ist ihm bis heute Verschw\u00f6rungsmystik. Indem H\u00f6rstel historische Ereignisse\u00a0<a href=\"http:\/\/ferne-welten.com\/?p=1309\" target=\"_blank\" rel=\"noopener\">umdeutet und aneinanderreiht<\/a>, kreiert er ein Jahrhundert der Weltverschw\u00f6rung, das durch Krisen und Kriege gekennzeichnet ist. Der Verschw\u00f6rungsideologe ist <a href=\"http:\/\/ferne-welten.com\/?p=1359\" target=\"_blank\" rel=\"noopener\">sicher<\/a>, dass <em>\u201cseit 1898 (&#8230;) gelogen\u201d<\/em> <a href=\"http:\/\/ferne-welten.com\/?p=1309\" target=\"_blank\" rel=\"noopener\">wird<\/a>. Es folgten <em>\u201chundert (\u2026) Jahre l\u00fcgen\u201d<\/em>, die der Vorsitzende aus Potsdam endlich beenden will.<\/span><\/p>\n<div id=\"attachment_1631\" style=\"width: 2754px\" class=\"wp-caption alignnone\"><a href=\"http:\/\/ferne-welten.com\/wp-content\/uploads\/2017\/06\/Deutsche-Mitte-Flyer-Front.jpg\"><img loading=\"lazy\" decoding=\"async\" aria-describedby=\"caption-attachment-1631\" class=\"wp-image-1631 size-full\" src=\"http:\/\/ferne-welten.com\/wp-content\/uploads\/2017\/06\/Deutsche-Mitte-Flyer-Front.jpg\" alt=\"\" width=\"2744\" height=\"1547\" srcset=\"https:\/\/ferne-welten.com\/wp-content\/uploads\/2017\/06\/Deutsche-Mitte-Flyer-Front.jpg 2744w, https:\/\/ferne-welten.com\/wp-content\/uploads\/2017\/06\/Deutsche-Mitte-Flyer-Front-300x169.jpg 300w, https:\/\/ferne-welten.com\/wp-content\/uploads\/2017\/06\/Deutsche-Mitte-Flyer-Front-768x433.jpg 768w, https:\/\/ferne-welten.com\/wp-content\/uploads\/2017\/06\/Deutsche-Mitte-Flyer-Front-1024x577.jpg 1024w, https:\/\/ferne-welten.com\/wp-content\/uploads\/2017\/06\/Deutsche-Mitte-Flyer-Front-940x530.jpg 940w, https:\/\/ferne-welten.com\/wp-content\/uploads\/2017\/06\/Deutsche-Mitte-Flyer-Front-680x383.jpg 680w, https:\/\/ferne-welten.com\/wp-content\/uploads\/2017\/06\/Deutsche-Mitte-Flyer-Front-710x400.jpg 710w\" sizes=\"auto, (max-width: 2744px) 100vw, 2744px\" \/><\/a><p id=\"caption-attachment-1631\" class=\"wp-caption-text\">&#8222;Politik geht anders&#8220;: Wahlwerbung einer deutschen Kleinpartei<\/p><\/div>\n<p style=\"text-align: justify;\"><span style=\"font-weight: 400;\">Im Jahr 2013 <a href=\"https:\/\/anonym.to\/?http:\/\/recentr.com\/2013\/08\/27\/bundesvorsitzender-christoph-horstel-der-partei-neue-mitte-geht-grundet-die-deutsche-mitte\/\" target=\"_blank\" rel=\"noopener\">verlie\u00df<\/a> H\u00f6rstel, der in einem fr\u00fcheren Leben f\u00fcr die ARD t\u00e4tig war, fluchtartig seine erste Partei, weil er Verstrickungen zu <em>\u201cReichsb\u00fcrgern\u201d<\/em> um den ehemaligen NPD-Kader <a href=\"https:\/\/wiki.sonnenstaatland.com\/wiki\/R%C3%BCdiger_Hoffmann\" target=\"_blank\" rel=\"noopener\">R\u00fcdiger Hoffmann<\/a> f\u00fcrchtete. Wenig sp\u00e4ter gr\u00fcndete der Parteivorsitzende, dem auf Facebook derzeit rund 90.000 Profile <a href=\"https:\/\/www.facebook.com\/Infoseite.zu.Christoph.Hoerstel\/\" target=\"_blank\" rel=\"noopener\">folgen<\/a>, eine Nachfolgetruppe, die er Deutsche Mitte nannte. Verschw\u00f6rungsgl\u00e4ubige begeistern sich heute f\u00fcr die Gruppierung, die bei den kommenden Bundestagswahlen einen \u00fcberw\u00e4ltigenden Wahlsieg anstrebt. <em>\u201cIm Augenblick (&#8230;) ist die Deutsche Mitte (&#8230;) die einzige Partei, die f\u00fcr mich w\u00e4hlbar ist\u201d<\/em>, <a href=\"https:\/\/www.facebook.com\/diebandbreite\/videos\/10155086221688162\/\" target=\"_blank\" rel=\"noopener\">urteilt<\/a> Marcel Wojnarowicz, der als S\u00e4nger der <a href=\"https:\/\/www.psiram.com\/de\/index.php\/Die_Bandbreite\" target=\"_blank\" rel=\"noopener\">Band<\/a> <em>\u201cDie Bandbreite\u201d<\/em> reaktion\u00e4re Montagsmahnwachen und <a href=\"http:\/\/ferne-welten.com\/?p=1193\" target=\"_blank\" rel=\"noopener\">Aufm\u00e4rsche der Occupy-Bewegung <\/a>beschallte. Den K\u00fcnstler \u00fcberzeugte das Parteiprogramm: <em>\u201cDa ist im Prinzip wirklich alles drin, was jemals in der \u2018Wahrheitsbewegung\u2019 (&#8230;) gefordert worden ist\u201d<\/em>, <a href=\"https:\/\/www.facebook.com\/diebandbreite\/videos\/10155086221688162\/\" target=\"_blank\" rel=\"noopener\">schw\u00e4rmt<\/a> der Musikant.<\/span><\/p>\n<p style=\"text-align: justify;\"><span style=\"font-weight: 400;\">Der zweite Bundesparteitag im Bio-Hotel diente der Konsolidierung der Kleinpartei. Beim Treffen <a href=\"https:\/\/anonym.to\/?https:\/\/deutsche-mitte.de\/agenda-des-2-bundesparteitag-der-deutschen-mitte-in-berlin-koepenick\/\" target=\"_blank\" rel=\"noopener\">sprachen<\/a> Mitglieder auch \u00fcber die angestrebte <em>\u201cR\u00fcckf\u00fchrung von 2 Millionen Migranten\u201d<\/em>, die die Partei ihrer deutschen Zielgruppe verspricht. Verschw\u00f6rungsideologische Motive dienen der Einordnung einer angeblichen <em>\u201cFl\u00fcchtlingskrise\u201d<\/em>, die Teil der perfiden <a href=\"https:\/\/anonym.to\/?https:\/\/christoph-h\u00f6rstel.de\/die-saat-der-kartelle-geht-auf-hass-und-unwissen-bluehen-in-deutschland-csu-dabei-dm-nicht\/\" target=\"_blank\" rel=\"noopener\">Pl\u00e4ne<\/a> <em>\u201cglobaler Eliten\u201d<\/em> sei. Die<em> \u201cMigrationswaffe\u201d<\/em>, die die Partei wie andere rechtspopulistische Strukturen <a href=\"https:\/\/anonym.to\/?https:\/\/deutsche-mitte.de\/kampfansage-fuer-das-gute-miteinander-von-menschen-und-religionen\/\" target=\"_blank\" rel=\"noopener\">verwendet<\/a>, diene der <em>\u201cSpaltung der Gesellschaft\u201d<\/em>. Baldiger <em>\u201cB\u00fcrgerkrieg\u201d<\/em> sei <a href=\"http:\/\/www.inforiot.de\/rechtsoffenes-querfront-festival-pax-terra-musica-findet-statt\/\" target=\"_blank\" rel=\"noopener\">die Folge<\/a>, warnt die <em>\u201cBewegung\u201d<\/em>, die als <em>\u201cR\u00fcckf\u00fchrung\u201d<\/em> bezeichnete Massendeportationen zur L\u00f6sung macht. Den <em>\u201cgro\u00dfen Wanderungsbewegungen\u201d<\/em> <a href=\"https:\/\/xn--christoph-hrstel-wwb.de\/die-saat-der-kartelle-geht-auf-hass-und-unwissen-bluehen-in-deutschland-csu-dabei-dm-nicht\/\" target=\"_blank\" rel=\"noopener\">von<\/a> <em>\u201cSchachfiguren\u201d<\/em>, so die verschw\u00f6rungsideologische Chiffre f\u00fcr Menschen aus Kriegsgebieten, m\u00f6chte die Gruppierung mit Massenabschiebungen und Grenzschlie\u00dfungen begegnen. <\/span><\/p>\n<p style=\"text-align: justify;\"><span style=\"font-weight: 400;\"><em>\u201cWir werden (&#8230;) die Zuwanderung auf Null stoppen, mindestens 1,5 Millionen (&#8230;) zur\u00fcckbringen, stattdessen unsere Familien (&#8230;) unterst\u00fctzen und die Geburtenrate wieder deutlich heben\u201d<\/em>, <a href=\"https:\/\/anonym.to\/?https:\/\/deutsche-mitte.de\/zehn-interessante-fragen-an-die-deutsche-mitte\/\" target=\"_blank\" rel=\"noopener\">tr\u00e4umt<\/a> die kleine Partei, deren Vorsitzender eine Kooperation mit Strukturen wie PEGIDA <a href=\"https:\/\/anonym.to\/?https:\/\/www.youtube.com\/watch?v=h0cz9QYs-iM\" target=\"_blank\" rel=\"noopener\">bef\u00fcrwortete<\/a>. Bereits 2012 <a href=\"http:\/\/ferne-welten.com\/?p=654\" target=\"_blank\" rel=\"noopener\">erfand er<\/a> <em>\u201czwei Beamte\u201d<\/em> in M\u00fcnchen, <em>\u201cdie nichts anderes tun, als kriminellen Ausl\u00e4ndern mit besonderer Schnelligkeit deutsche P\u00e4sse zu beschaffen\u201d<\/em>. Heute verbreitet seine Gruppierung <a href=\"https:\/\/www.youtube.com\/watch?v=1sJFPJ_quIo\" target=\"_blank\" rel=\"noopener\">\u00e4hnliche<\/a><em> \u201cTatsachen, die von keiner anderen Partei in Deutschland vertreten und durchgek\u00e4mpft werden\u201d<\/em>. Dabei reproduziert H\u00f6rstel mit seinem Anhang allerlei Verschw\u00f6rungsmystik, die in \u00e4hnlicher Form auch durch ideologische Konkurrenten wie J\u00fcrgen Els\u00e4sser oder Lutz Bachmann vertreten wird.<\/span><\/p>\n<div id=\"attachment_1630\" style=\"width: 2014px\" class=\"wp-caption alignnone\"><a href=\"http:\/\/ferne-welten.com\/wp-content\/uploads\/2017\/06\/Deutsche-Mitte-Flyer-Forderungen.jpg\"><img loading=\"lazy\" decoding=\"async\" aria-describedby=\"caption-attachment-1630\" class=\"wp-image-1630 size-full\" src=\"http:\/\/ferne-welten.com\/wp-content\/uploads\/2017\/06\/Deutsche-Mitte-Flyer-Forderungen.jpg\" alt=\"\" width=\"2004\" height=\"1130\" srcset=\"https:\/\/ferne-welten.com\/wp-content\/uploads\/2017\/06\/Deutsche-Mitte-Flyer-Forderungen.jpg 2004w, https:\/\/ferne-welten.com\/wp-content\/uploads\/2017\/06\/Deutsche-Mitte-Flyer-Forderungen-300x169.jpg 300w, https:\/\/ferne-welten.com\/wp-content\/uploads\/2017\/06\/Deutsche-Mitte-Flyer-Forderungen-768x433.jpg 768w, https:\/\/ferne-welten.com\/wp-content\/uploads\/2017\/06\/Deutsche-Mitte-Flyer-Forderungen-1024x577.jpg 1024w, https:\/\/ferne-welten.com\/wp-content\/uploads\/2017\/06\/Deutsche-Mitte-Flyer-Forderungen-940x530.jpg 940w, https:\/\/ferne-welten.com\/wp-content\/uploads\/2017\/06\/Deutsche-Mitte-Flyer-Forderungen-680x383.jpg 680w, https:\/\/ferne-welten.com\/wp-content\/uploads\/2017\/06\/Deutsche-Mitte-Flyer-Forderungen-709x400.jpg 709w\" sizes=\"auto, (max-width: 2004px) 100vw, 2004px\" \/><\/a><p id=\"caption-attachment-1630\" class=\"wp-caption-text\">&#8222;Wir beenden die Welle der Zuwanderung&#8220;: Fantasie einer Kleinpartei<\/p><\/div>\n<p style=\"text-align: justify;\"><b>Verschw\u00f6rungsideologie in Chiffren: Codes der Welterkl\u00e4rung<\/b><\/p>\n<p style=\"text-align: justify;\"><span style=\"font-weight: 400;\">Nach Massenmorden, die b\u00fcrgerliche Gesellschaften ersch\u00fctterten, behauptete der Parteivorsitzende, dass die Welt durch eine <em>\u201cwestliche Verbrecherbande\u201d<\/em> bedroht sei. Die Vereinigten Staaten, so die anti-amerikanische Konkretisierung seiner <em>\u201cBewegung\u201d<\/em>, w\u00fcrden<em> \u201cdie Welt in Unruhe halten, in Kriege st\u00fcrzen &#8211; und permanent am Abgrund der organisierten Welt- und Selbstvernichtung entlangtaumeln\u201d<\/em> <a href=\"https:\/\/anonym.to\/?https:\/\/deutsche-mitte.de\/afd-vor-der-spaltung-und-auf-dem-weg-ins-aus-petry-hat-einen-pyrrhussieg-errungen\/\" target=\"_blank\" rel=\"noopener\">lassen<\/a>. Attacken von Islamfaschisten deutet der Vorsitzende um: F\u00fcr die Morde des 11. Septembers oder die Angriffe auf dem Breitscheidplatz <a href=\"https:\/\/www.facebook.com\/Infoseite.zu.Christoph.Hoerstel\/posts\/1379022268807039:0\" target=\"_blank\" rel=\"noopener\">macht<\/a> H\u00f6rstel gewisse Geheimdienste <a href=\"http:\/\/ferne-welten.com\/?p=1309\" target=\"_blank\" rel=\"noopener\">verantwortlich<\/a>. Solche <a href=\"https:\/\/anonym.to\/?https:\/\/deutsche-mitte.de\/terror-in-berlin-ankara-und-ueberall-solange-wir-uns-das-gefallen-lassen\/\" target=\"_blank\" rel=\"noopener\">Mutma\u00dfungen<\/a> sind sicherlich ein Grund, warum das russische Staatsfernsehen von RT den Verschw\u00f6rungsideologen <a href=\"https:\/\/www.youtube.com\/watch?v=-XdWQO_yHVU\" target=\"_blank\" rel=\"noopener\">wiederholt<\/a> zum <a href=\"https:\/\/www.facebook.com\/rtdeutsch\/posts\/652331058230460\" target=\"_blank\" rel=\"noopener\">Gespr\u00e4ch<\/a> bat. Dem deutschen Programm des iranischen <a href=\"https:\/\/de.wikipedia.org\/wiki\/Islamic_Republic_of_Iran_Broadcasting\" target=\"_blank\" rel=\"noopener\">Auslandssenders<\/a> IRIB, der ein Organ des Mullah-Regimes ist, stand der Vorsitzende seit 2009 <a href=\"https:\/\/anonym.to\/?http:\/\/german.irib.ir\/startseite\/erweiterte-suche?searchword=Christoph%20H%C3%B6rstel&amp;searchphrase=all\" target=\"_blank\" rel=\"noopener\">gerne<\/a> f\u00fcr Interviews und Kommentare zur Verf\u00fcgung.<\/span><\/p>\n<div id=\"attachment_1657\" style=\"width: 1324px\" class=\"wp-caption aligncenter\"><a href=\"http:\/\/ferne-welten.com\/wp-content\/uploads\/2017\/06\/H\u00f6rstel-RT-Deutsch.jpg\"><img loading=\"lazy\" decoding=\"async\" aria-describedby=\"caption-attachment-1657\" class=\"wp-image-1657 size-full\" src=\"http:\/\/ferne-welten.com\/wp-content\/uploads\/2017\/06\/H\u00f6rstel-RT-Deutsch.jpg\" alt=\"\" width=\"1314\" height=\"744\" srcset=\"https:\/\/ferne-welten.com\/wp-content\/uploads\/2017\/06\/H\u00f6rstel-RT-Deutsch.jpg 1314w, https:\/\/ferne-welten.com\/wp-content\/uploads\/2017\/06\/H\u00f6rstel-RT-Deutsch-300x170.jpg 300w, https:\/\/ferne-welten.com\/wp-content\/uploads\/2017\/06\/H\u00f6rstel-RT-Deutsch-768x435.jpg 768w, https:\/\/ferne-welten.com\/wp-content\/uploads\/2017\/06\/H\u00f6rstel-RT-Deutsch-1024x580.jpg 1024w, https:\/\/ferne-welten.com\/wp-content\/uploads\/2017\/06\/H\u00f6rstel-RT-Deutsch-940x532.jpg 940w, https:\/\/ferne-welten.com\/wp-content\/uploads\/2017\/06\/H\u00f6rstel-RT-Deutsch-706x400.jpg 706w\" sizes=\"auto, (max-width: 1314px) 100vw, 1314px\" \/><\/a><p id=\"caption-attachment-1657\" class=\"wp-caption-text\">&#8222;US-Besatzung&#8220; als Thema: H\u00f6rstel zu Gast bei RT-Deutsch<\/p><\/div>\n<p style=\"text-align: justify;\"><span style=\"font-weight: 400;\">Weltpolitische Entwicklungen erkl\u00e4rt sich H\u00f6rstel, der regelm\u00e4\u00dfig vor die Kameras der Verschw\u00f6rungsindustrie tritt, unterdessen durch das Wirken einer pro-israelischen <em>\u201cLobby\u201d<\/em>, der eine gewisse Allmacht unterstellt wird. W\u00e4hrenddessen <a href=\"https:\/\/www.psiram.com\/ge\/index.php\/Deutsche_Mitte\" target=\"_blank\" rel=\"noopener\">drohen<\/a> den Deutschen <em>\u201c\u2018Chemtrail\u2019 und HAARP-Eins\u00e4tze\u201d<\/em>, die angeblich der Wetter- und Bev\u00f6lkerungskontrolle dienen. Der Parteivorsitzende kooperierte mit <a href=\"https:\/\/www.psiram.com\/de\/index.php\/Werner_Altnickel\" target=\"_blank\" rel=\"noopener\">Werner Altnickel<\/a>, der an einen durch Wetterwaffen gef\u00fchrten Weltkrieg <a href=\"http:\/\/ferne-welten.com\/?p=1586\" target=\"_blank\" rel=\"noopener\">glaubt<\/a>. Der deutsche <a href=\"http:\/\/ferne-welten.com\/?p=1271\" target=\"_blank\" rel=\"noopener\">Vordenker<\/a> des Wetterwahns, der trotz Rassenlehre <a href=\"http:\/\/www.daserste.de\/information\/politik-weltgeschehen\/fakt\/videosextern\/wenn-verschwoerungstheoretiker-sich-radikalisieren-100.html\" target=\"_blank\" rel=\"noopener\">Mitglied<\/a> der Gr\u00fcnen ist, raunt von<em> \u201cUr-Logen oder Super-Logen\u201d<\/em>, die f\u00fcr Krieg, Krise und Krankheiten verantwortlich seien. \u00c4hnliche Bilder reproduziert H\u00f6rstel. <a href=\"https:\/\/www.youtube.com\/watch?v=1sJFPJ_quIo\" target=\"_blank\" rel=\"noopener\">Angst<\/a> vor unverstandenen Realit\u00e4ten dient der Mobilisierung der Fans: <em>\u201cFinanzcrash\u201d<\/em>, <em>\u201cKriegsgefahr\u201d<\/em> und sogenannte<em> \u201cMigrationskrise\u201d<\/em> sind Dauerthemen der Deutschen Mitte.<\/span><\/p>\n<p style=\"text-align: justify;\"><span style=\"font-weight: 400;\">Klassische Chiffren und Codes, die H\u00f6rstel und seine Fans auch auf Parteitagen nutzen, dienen der mystischen Deutung von Verh\u00e4ltnissen: F\u00fcr Entwicklungen im Nahen Osten macht die Partei die <em>\u201cFamilie Rothschild\u201d<\/em> verantwortlich, die f\u00fcr das Erstarken einer <em>\u201cGruppe der Zionisten\u201d<\/em> in Haftung genommen <a href=\"https:\/\/anonym.to\/?https:\/\/deutsche-mitte.de\/kampfansage-fuer-das-gute-miteinander-von-menschen-und-religionen\/\" target=\"_blank\" rel=\"noopener\">wird<\/a>. Die Entstehung von antisemitischen Gruppierungen wie der Muslimbruderschaft <a href=\"https:\/\/anonym.to\/?https:\/\/deutsche-mitte.de\/kampfansage-fuer-das-gute-miteinander-von-menschen-und-religionen\/\" target=\"_blank\" rel=\"noopener\">deutet<\/a> die Partei als<em> \u201cReaktion auf das Vordringen der Zionisten in Pal\u00e4stina\u201d<\/em>, was dem klassischen Mustern von Schuldumkehr entspricht. Viele Vorw\u00fcrfe erinnern an Vorstellungen des historischen Antisemitismus, der J\u00fcdinnen und Juden als manipulierende Konspirateure imaginierte. In einer Erkl\u00e4rung der Gruppierung findet sich beispielsweise die Behauptung, dass <em>\u201czionistische Kr\u00e4fte\u201d<\/em> durch <em>\u201cDesinformation, Unterwandern und Fehlleiten\u201d<\/em> <a href=\"https:\/\/anonym.to\/?https:\/\/deutsche-mitte.de\/kampfansage-fuer-das-gute-miteinander-von-menschen-und-religionen\/o\" target=\"_blank\" rel=\"noopener\">arbeiten<\/a>. <\/span><\/p>\n<p style=\"text-align: justify;\"><span style=\"font-weight: 400;\">Wiederholt kn\u00fcpft die Deutsche Mitte an Legenden an, die die v\u00f6lkische Bewegung pr\u00e4gten. So behauptet die Partei, dass die europ\u00e4ischen Monarchien vergangener Jahrhunderte sich <em>\u201cfast s\u00e4mtlich in den H\u00e4nden der Rothschilds\u201d<\/em> <a href=\"https:\/\/deutsche-mitte.de\/zehn-interessante-fragen-an-die-deutsche-mitte\/\" target=\"_blank\" rel=\"noopener\">befunden<\/a> h\u00e4tten. Immer wieder verwendet H\u00f6rstel diesen j\u00fcdischen Familiennamen, den bereits die Nationalsozialisten in <a href=\"https:\/\/de.wikipedia.org\/wiki\/Die_Rothschilds_(1940)\" target=\"_blank\" rel=\"noopener\">cineastischen Kassenschlagern<\/a> missbrauchten, um vermeintliche Verantwortliche zu benennen. Als <a href=\"http:\/\/ferne-welten.com\/?p=660\" target=\"_blank\" rel=\"noopener\">wiederkehrender Redner<\/a> des <a href=\"http:\/\/noalquds.blogsport.de\/\" target=\"_blank\" rel=\"noopener\">Al-Quds-Tages <\/a>begeistert der Vorsitzende, <a href=\"https:\/\/www.youtube.com\/watch?v=zB-uGgbhgeM\" target=\"_blank\" rel=\"noopener\">2017<\/a> an die <em>\u201cKraft des Glaubens\u201d<\/em> appellierend und von einer jahrhundertealten Verschw\u00f6rung raunend, Jahr f\u00fcr Jahr die Teilnehmer_innen in Berlin. Au\u00dferdem tritt der Parteif\u00fchrer auf <a href=\"http:\/\/antifaelf.blogsport.de\/2017\/04\/14\/verschwoerungsideologie-in-parteiform-die-deutsche-mitte-ist-nun-auch-in-oldenburg-angekommen\/\" target=\"_blank\" rel=\"noopener\">Stammtischen<\/a> seiner Gruppierung in Erscheinung. Beifall scheint H\u00f6rstel gewiss, wenn er <em>\u201cRothschilds und Zionisten\u201d<\/em> attackiert, die als nat\u00fcrlicher Antagonismus seiner deutschen <em>\u201cBewegung\u201d<\/em>\u00a0dienen, <a href=\"https:\/\/www.youtube.com\/watch?v=1sJFPJ_quIo\" target=\"_blank\" rel=\"noopener\">denen<\/a> <em>&#8222;ihre Inseln<\/em><i> irgendwann nicht mehr helfen werden&#8220;<\/i>. Kritiker_innen <a href=\"https:\/\/anonym.to\/?https:\/\/deutsche-mitte.de\/israelkritik-antisemitismus\/\" target=\"_blank\" rel=\"noopener\">droht<\/a> die Partei unterdessen mit <em>\u201cGegendarstellungen, Abmahnungen und Strafanzeigen\u201d<\/em>.<\/span><\/p>\n<p style=\"text-align: justify;\"><b>Aufl\u00f6sung und Deportation: Verschw\u00f6rungsgl\u00e4ubige gegen Israel<\/b><\/p>\n<p style=\"text-align: justify;\"><span style=\"font-weight: 400;\">Die als Gegner identifizierte Personen, von denen auch auf den Parteitagen geraunt wird, w\u00fcrden<em> \u201cheute wie zur Nazizeit (&#8230;) darauf achten, ihre multikriminelle Herrschaft in Pal\u00e4stina zu festigen\u201d<\/em>, <a href=\"https:\/\/anonym.to\/?https:\/\/xn--christoph-hrstel-wwb.de\/zum-70-gedenktag-2015-treffen-der-nazi-komplizen-in-auschwitz-gauck-dabei\/\" target=\"_blank\" rel=\"noopener\">behauptet<\/a> der Vorsitzende in einem Pamphlet. Die Partei m\u00fcsse daher <em>\u201cganz neue Gesamtregelungen f\u00fcr eine Region\u201d<\/em> <a href=\"https:\/\/anonym.to\/?https:\/\/deutsche-mitte.de\/gedenktag-fuer-die-ermordeten-juden-europa-deutsch-israelische-kabinettssitzung\/\" target=\"_blank\" rel=\"noopener\">finden<\/a>, glaubte die Gruppierung zur Gr\u00fcndungszeit. In den folgenden Jahren mobilisierte die Vereinigung der Verschw\u00f6rungsgl\u00e4ubigen immer wieder gegen Israel. Ein H\u00f6hepunkt war erreicht, als die deutsche <em>\u201cBewegung\u201d<\/em> ein Ultimatum an den Judenstaat ver\u00f6ffentlichte:<em> \u201cGrunds\u00e4tzlich ist bis 2015 eine Frist f\u00fcr die Erreichung der so genannten \u2018Zwei-Staaten-L\u00f6sung\u201d zu gew\u00e4hren\u201d<\/em>, <a href=\"https:\/\/anonym.to\/?https:\/\/deutsche-mitte.de\/wp-content\/uploads\/2016\/02\/deutsch-iranische_beziehungen.pdf\" target=\"_blank\" rel=\"noopener\">verlautete<\/a> die Partei von Christoph H\u00f6rstel: <em>\u201cDanach wird sich die Deutsche Mitte f\u00fcr eine (&#8230;) Ein-Staaten-L\u00f6sung einsetzen\u201d<\/em>, drohte die Struktur. <\/span><\/p>\n<p style=\"text-align: justify;\"><span style=\"font-weight: 400;\">Mittlerweile hat die Partei ihre angek\u00fcndigte Radikalisierung <a href=\"https:\/\/anonym.to\/?https:\/\/deutsche-mitte.de\/2-bundesparteitag-in-berlin-ein-grandioses-erlebnis-einigkeit-freude-zuversicht\/\" target=\"_blank\" rel=\"noopener\">vollzogen<\/a>. Eine Abschaffung des israelischen Staates scheint Ziel der deutschen Gruppierung, die von <a href=\"https:\/\/anonym.to\/?https:\/\/www.facebook.com\/Infoseite.zu.Christoph.Hoerstel\/photos\/a.443332172376058.95320.186257908083487\/1523542811021650\/?type=3\" target=\"_blank\" rel=\"noopener\">einer<\/a> <em>\u201cEin-Staaten-L\u00f6sung unter demokratischer pal\u00e4stinensischer Vorherrschaft\u201d<\/em> <a href=\"https:\/\/anonym.to\/?https:\/\/deutsche-mitte.de\/wp-content\/uploads\/2014\/07\/dm_programm_aussenpolitik_20141.pdf\" target=\"_blank\" rel=\"noopener\">schw\u00e4rmt<\/a>. Die Aufl\u00f6sung des Schutzraumes, den J\u00fcdinnen und Juden gegen den erkl\u00e4rten Willen der internationalen Konterrevolution schufen, ist erkl\u00e4rtes Ziel von Mitgliedern der deutschen Partei. Dass diese Struktur das <em>\u201cR\u00fcckkehrrecht aller Pal\u00e4stinenser\u201d<\/em> nun <em>\u201cals erstrebenswert\u201d<\/em> bezeichnet, weil <em>\u201cdie Regierung pal\u00e4stinensisch gepr\u00e4gt\u201d<\/em> <a href=\"https:\/\/anonym.to\/?https:\/\/deutsche-mitte.de\/wp-content\/uploads\/2014\/07\/dm_programm_aussenpolitik_20141.pdf\" target=\"_blank\" rel=\"noopener\">w\u00e4re<\/a>, sollte nicht verwundern. Solidarit\u00e4t erfahren dagegen Akteure der Hamas, die mit Mitteln des Mordes gegen die <em>\u201cJudaisierung\u201d<\/em> <a href=\"http:\/\/www.juedische-allgemeine.de\/article\/view\/id\/28463\/highlight\/hamas\" target=\"_blank\" rel=\"noopener\">k\u00e4mpfen<\/a>. Deren F\u00fchrung <a href=\"http:\/\/www.spiegel.de\/politik\/deutschland\/diplomatischer-fehltritt-bundestagsabgeordnete-trafen-hamas-minister-a-416695.html\" target=\"_blank\" rel=\"noopener\">unterst\u00fctzt<\/a> H\u00f6rstel, der mit der Parole <em>\u201cKinderm\u00f6rder Israel\u201d<\/em> <a href=\"http:\/\/www.audiatur-online.ch\/2017\/06\/25\/antisemitische-verschwoerungstheorien-am-al-quds-tag-in-berlin\/\" target=\"_blank\" rel=\"noopener\">agitiert<\/a>, bereits seit Jahren.<\/span><\/p>\n<p style=\"text-align: justify;\"><span style=\"font-weight: 400;\">Der internationale <a href=\"http:\/\/www.salzborn.de\/txt\/2013_Kirche-und-Israel.pdf\" target=\"_blank\" rel=\"noopener\">BDS-Verband<\/a>, der gegen israelischen Waren- und Kapitalverkehr sowie gegen j\u00fcdische Kunst eine rege T\u00e4tigkeit entfaltet, ist wie die Partei <a href=\"https:\/\/anonym.to\/?https:\/\/deutsche-mitte.de\/doppel-gruendung-die-ethisch-ausgerichtete-mitte-in-der-schweiz-konstituiert-sich\/\" target=\"_blank\" rel=\"noopener\">auch<\/a> in Deutschland aktiv. Die umtriebige Gruppe, deren Mitglieder <a href=\"http:\/\/www.jpost.com\/Diaspora\/BDS-activists-attack-MK-and-Holocaust-survivor-in-Berlin-497533\" target=\"_blank\" rel=\"noopener\">gerade<\/a> die <\/span><span style=\"font-weight: 400;\">82-j\u00e4hrige Holocaust-\u00dcberlebenden Deborah Weinstein an der Humboldt-Uni mit <em>\u201cUnfl\u00e4tigkeiten und Parolen\u201d<\/em> <a href=\"http:\/\/www.berliner-zeitung.de\/berlin\/eklat-an-humboldt-uni-knesset-abgeordnete-bei-podiumsgespraech-niedergebruellt-27845640\" target=\"_blank\" rel=\"noopener\">angingen<\/a>, <\/span><span style=\"font-weight: 400;\">erh\u00e4lt Unterst\u00fctzung durch die verschw\u00f6rungsideologische Partei. Die Gruppierung, die die Aufl\u00f6sung Israels ertr\u00e4umt, solidarisiert sich mit dem Verband, der den Boykott der israelischen Gesellschaft organisiert: <em>\u201cDie Deutsche Mitte unterst\u00fctzt voll das BDS-Programm (&#8230;) gegen Israel\u201c<\/em>, <a href=\"https:\/\/anonym.to\/?https:\/\/deutsche-mitte.de\/wegen-gaza-deutsche-mitte-aendert-aussenpolitisches-programm\/\" target=\"_blank\" rel=\"noopener\">erkl\u00e4rt<\/a> die Parteif\u00fchrung. Dass beide Gruppierungen <a href=\"https:\/\/www.facebook.com\/events\/1853107041678996\/\" target=\"_blank\" rel=\"noopener\">in der<\/a> <em>\u201cTradition von Konfliktl\u00f6sern stehen, die in noch bewegteren Zeiten die Parole \u2018Deutsche! Wehrt euch! Kauft nicht bei Juden!\u2019 auf die Schaufenster j\u00fcdischer Gesch\u00e4fte schmierten\u201d<\/em>, sorgt f\u00fcr ideologische \u00dcbereinstimmungen. <\/span><\/p>\n<p style=\"text-align: justify;\"><span style=\"font-weight: 400;\">Die Partei entwarf vorab einen erg\u00e4nzenden Plan, der Deportationen beinhaltet. T<\/span>ats\u00e4chlich strebt die Vereinigung die Umsiedlung von J\u00fcdinnen und Juden an, denen nicht nur ihr Staat genommen werden soll. In einem <a href=\"https:\/\/anonym.to\/?https:\/\/deutsche-mitte.de\/stoppt-das-massaker-im-gaza-streifen\/\" target=\"_blank\" rel=\"noopener\">Pamphlet<\/a> der Partei hei\u00dft es, <em>\u201cdass etwa bis zu zwei Millionen Juden aus Pal\u00e4stina, die in das Blutvergie\u00dfen dort nicht als T\u00e4ter verwickelt sind oder waren\u201d<\/em> den Nahen Osten innerhalb sieben Jahren gen Deutschland verlassen d\u00fcrfen. Was den verbleibenden Menschen droht, bleibt der Fantasie der Parteimitglieder \u00fcberlassen. Die Truppe, die sich in blumigen Erkl\u00e4rungen gegen <em>\u201cantij\u00fcdischen Rassismus\u201d<\/em> <a href=\"https:\/\/anonym.to\/?https:\/\/deutsche-mitte.de\/gegen-antisemitismus-verleumdung-beleidigung\/\" target=\"_blank\" rel=\"noopener\">ausspricht<\/a>, d\u00fcrfte einer der wenigen Gruppierungen in Deutschland sein, die die Beseitigung des israelischen Staates und die Deportation vieler Einwohner_innen propagiert. In ihrer Monstrosit\u00e4t erinnert die angek\u00fcndigte Umsiedlungsaktion an <a href=\"http:\/\/www.spiegel.de\/einestages\/wannsee-konferenz-das-ende-des-madagaskar-plans-a-1129491.html\" target=\"_blank\" rel=\"noopener\">Pl\u00e4ne<\/a>, die Nationalsozialisten konzipierten, bevor sie den industriellen Massenmord in der Volksgemeinschaft orchestrierten.<\/p>\n<p style=\"text-align: justify;\"><b>Hoffnungen f\u00fcr Revisionisten: Andeutungen zur Zeitgeschichte<\/b><\/p>\n<p style=\"text-align: justify;\"><span style=\"font-weight: 400;\">Inhalte der Partei, die sich gegen ein\u00a0<em>\u201cFinanz- und Geldsystem, mit Zins und Zinseszins sowie privater Geldsch\u00f6pfung\u201d<\/em> <a href=\"https:\/\/deutsche-mitte.de\/afd-vor-der-spaltung-und-auf-dem-weg-ins-aus-petry-hat-einen-pyrrhussieg-errungen\/\" target=\"_blank\" rel=\"noopener\">wendet,<\/a>\u00a0bestehen aus \u00f6konomischen <a href=\"https:\/\/www.amadeu-antonio-stiftung.de\/verschwoerung\/fed-und-zinskritik\/\" target=\"_blank\" rel=\"noopener\">Irrlehren<\/a>, die auch durch nationalsozialistische Ideologen wie Gottfried Feder inspiriert scheinen. Manchmal beruft sich H\u00f6rstel auf Vorstellungen von <a href=\"https:\/\/anonym.to\/?http:\/\/www.wissensmanufaktur.net\/christoph-hoerstel-tag-der-wahrheit\" target=\"_blank\" rel=\"noopener\">Kumpanen<\/a> des verschw\u00f6rungsideologischen Think-Tanks <em>\u201cWissensmanufaktur\u201d<\/em>, die sich offen auf den antisemitischen Zinskritiker <a href=\"https:\/\/anonym.to\/?http:\/\/www.wissensmanufaktur.net\/plan-b\" target=\"_blank\" rel=\"noopener\">beziehen<\/a>. Weitere Forderungen der Partei erinnern an Positionen des deutschen Nationalismus: Die <em>\u201cDeutsche Mitte\u201d<\/em> imaginiert ihre Nation als besetztes Land, sodass die Partei die <em>\u201cvolle Souver\u00e4nit\u00e4t Deutschlands\u201d<\/em> <a href=\"https:\/\/anonym.to\/?https:\/\/deutsche-mitte.de\/deutsche-mitte-aendert-das-aussenpolitische-programm-tiefgreifend\/\" target=\"_blank\" rel=\"noopener\">fordert<\/a>. <\/span><span style=\"font-weight: 400;\">Bei einer Demonstration f\u00fcr den Despoten Assad <a href=\"http:\/\/ferne-welten.com\/?p=688\" target=\"_blank\" rel=\"noopener\">gr\u00f6lte<\/a> der Vordenker folglich <em>\u201cGermany for the Germans\u201d<\/em> ins Megaphon. <em>\u201cWir sind Patrioten, Menschen, die ihr Land sch\u00e4tzen und ihm dienen\u201d<\/em>, <a href=\"https:\/\/anonym.to\/?https:\/\/deutsche-mitte.de\/rechts-rechtsradikal\/\" target=\"_blank\" rel=\"noopener\">betont<\/a> seine Partei. \u00a0\u00a0\u00a0<\/span><span style=\"font-weight: 400;\">\u00a0\u00a0<\/span><\/p>\n<p style=\"text-align: justify;\"><span style=\"font-weight: 400;\">Zur Zielgruppe geh\u00f6ren sogar Personen, die an Phantasmen der sogenannten <em>\u201cReichsb\u00fcrger\u201d<\/em> glauben. Mitglieder der Parteif\u00fchrung, die in einer eindeutigen ideologiegeschichtlichen Tradition stehen, benennen den angeblichen Status der Bundesrepublik, die H\u00f6rstel zu einer <em>\u201cStaatssimulation\u201d<\/em> <a href=\"https:\/\/www.youtube.com\/watch?v=W0KlE5EniDk\" target=\"_blank\" rel=\"noopener\">macht<\/a>. In Parteikreisen ist der sogenannte <em>\u201cGelbe Schein\u201d<\/em> beliebt, den auch der Parteivorsitzende den Gl\u00e4ubigen <a href=\"https:\/\/www.youtube.com\/watch?v=W0KlE5EniDk\" target=\"_blank\" rel=\"noopener\">empfiehlt<\/a>. <a href=\"https:\/\/www.onetz.de\/kreis-amberg-sulzbach\/politik\/ein-bisher-kaum-beachtetes-dokument-wird-neu-interpretiert-der-perso-der-reichsbuerger-d1758665.html\" target=\"_blank\" rel=\"noopener\">V\u00f6lkische<\/a> Gl\u00e4ubige <a href=\"http:\/\/www.sueddeutsche.de\/bayern\/rechtsextremismus-zunahme-der-reichsbuerger-aktivitaeten-befuerchtet-1.3506023\" target=\"_blank\" rel=\"noopener\">begeistern<\/a> sich <a href=\"http:\/\/sondershausen.thueringer-allgemeine.de\/web\/sondershausen\/startseite\/detail\/-\/specific\/Staatsangehoerigkeitsausweise-sind-gefragt-wie-nie-zuvor-705923645\" target=\"_blank\" rel=\"noopener\">f\u00fcr<\/a> dieses staatliche Dokument, weil es letztlich auf dem Reichs- und Staatsangeh\u00f6rigkeitsgesetz, kurz RuStAG, von 1913 basiert. <em>\u201cReichsb\u00fcrgern\u201d<\/em> r\u00e4t die Partei unterdessen zur taktischen Geduld. Nach ihrer Macht\u00fcbernahme werde die Deutsche Mitte alle <em>\u201cFragen eingehend, uneingeschr\u00e4nkt und glaubw\u00fcrdig wissenschaftlich untersuchen lassen\u201d<\/em>, <a href=\"https:\/\/anonym.to\/?https:\/\/deutsche-mitte.de\/wie-die-deutsche-mitte-mit-reichsbuergern-umgeht\/\" target=\"_blank\" rel=\"noopener\">hei\u00dft<\/a> es in Richtung der Reichsgl\u00e4ubigen.\u00a0<\/span><\/p>\n<div id=\"attachment_1628\" style=\"width: 2411px\" class=\"wp-caption alignnone\"><a href=\"http:\/\/ferne-welten.com\/wp-content\/uploads\/2017\/06\/Deutsche-Mitte-1-20.5.jpg\"><img loading=\"lazy\" decoding=\"async\" aria-describedby=\"caption-attachment-1628\" class=\"wp-image-1628 size-full\" src=\"http:\/\/ferne-welten.com\/wp-content\/uploads\/2017\/06\/Deutsche-Mitte-1-20.5.jpg\" alt=\"\" width=\"2401\" height=\"1354\" srcset=\"https:\/\/ferne-welten.com\/wp-content\/uploads\/2017\/06\/Deutsche-Mitte-1-20.5.jpg 2401w, https:\/\/ferne-welten.com\/wp-content\/uploads\/2017\/06\/Deutsche-Mitte-1-20.5-300x169.jpg 300w, https:\/\/ferne-welten.com\/wp-content\/uploads\/2017\/06\/Deutsche-Mitte-1-20.5-768x433.jpg 768w, https:\/\/ferne-welten.com\/wp-content\/uploads\/2017\/06\/Deutsche-Mitte-1-20.5-1024x577.jpg 1024w, https:\/\/ferne-welten.com\/wp-content\/uploads\/2017\/06\/Deutsche-Mitte-1-20.5-940x530.jpg 940w, https:\/\/ferne-welten.com\/wp-content\/uploads\/2017\/06\/Deutsche-Mitte-1-20.5-680x383.jpg 680w, https:\/\/ferne-welten.com\/wp-content\/uploads\/2017\/06\/Deutsche-Mitte-1-20.5-709x400.jpg 709w\" sizes=\"auto, (max-width: 2401px) 100vw, 2401px\" \/><\/a><p id=\"caption-attachment-1628\" class=\"wp-caption-text\">Infostand einer deutschen Kleinpartei<\/p><\/div>\n<p style=\"text-align: justify;\"><span style=\"font-weight: 400;\">In baldiger Zukunft m\u00f6chte die Partei <em>\u201ceine 12-k\u00f6pfige Kommission\u201d<\/em> <a href=\"https:\/\/anonym.to\/?https:\/\/deutsche-mitte.de\/eine-neue-verfassung-fuer-deutschland-der-weg-der-deutschen-mitte\/\" target=\"_blank\" rel=\"noopener\">installieren<\/a>, die Vorschl\u00e4ge von <em>\u201cunabh\u00e4ngigen Experten\u201d<\/em> und <em>\u201cInteressengruppen\u201d<\/em> ber\u00fccksichtigen soll. Daraus resultierende Pl\u00e4ne f\u00fcr eine neue Verfassung mag die Truppe durch Volksbefragungen legitimieren. Innerhalb einer Legislaturperiode soll die zuk\u00fcnftige DM-Regierung ihre Vorstellungen durchsetzen, die hinter die seit 1945 oktroyierten Errungenschaften des b\u00fcrgerlichen Parlamentarismus zur\u00fcckfallen d\u00fcrften. Ausgew\u00e4hlte <em>&#8222;Ministeriensprecher&#8220;<\/em> inszeniert der Bundesvorstand, dem <a href=\"https:\/\/anonym.to\/?https:\/\/deutsche-mitte.de\/bv\/\" target=\"_blank\" rel=\"noopener\">derzeit<\/a> nur wenige Frauen als Beisitzerinnen angeh\u00f6ren, derweil als Mitglieder einer zuk\u00fcnftigen DM-Regierung. <em>\u201cExperten\u201d<\/em>, die aus dem verschw\u00f6rungsideologischen Milieu stammen, treten als Sprecher f\u00fcr Finanzen, Gesundheit oder Agrarfragen auf. <\/span><\/p>\n<p style=\"text-align: justify;\"><span style=\"font-weight: 400;\">H\u00f6rstel und seinen Getreuen gelang es in den vergangenen Monaten, zugkr\u00e4ftige Vordenker der verschw\u00f6rungsideologischen Szene zu gewinnen. Darunter befindet sich <a href=\"https:\/\/www.psiram.com\/de\/index.php\/Franz_H%C3%B6rmann\" target=\"_blank\" rel=\"noopener\">Franz H\u00f6rmann<\/a>, der als Sprecher f\u00fcr Finanzpolitik auftritt. Den Zinskritiker <a href=\"http:\/\/diepresse.com\/home\/wirtschaft\/economist\/728969\/Nach-HolocaustAussagen_WU-suspendiert-Professor\" target=\"_blank\" rel=\"noopener\">suspendierte<\/a> die Wirtschaftsuniversit\u00e4t Wien 2012 wegen <em>\u201czweifelhafter Aussagen \u00fcber den Holocaust\u201c<\/em> zeitweilig vom Dienst. W\u00e4hrend Vordenker wie H\u00f6rmann als <a href=\"https:\/\/anonym.to\/?https:\/\/deutsche-mitte.de\/prof-dr-franz-hoermann-wird-dm-sprecher-fuer-finanzpolitik\/\" target=\"_blank\" rel=\"noopener\">Aush\u00e4ngeschilder<\/a> des Vorsitzenden dienen, scheinen Debatten f\u00fcr andere Mitglieder nur in eingeschr\u00e4nktem Rahmen m\u00f6glich. Stattdessen empfiehlt die <a href=\"https:\/\/anonym.to\/?https:\/\/deutsche-mitte.de\/wp-content\/uploads\/2017\/03\/Satzung_Deutsche_Mitte_Endfassung_2017-1.pdf\" target=\"_blank\" rel=\"noopener\">Satzung<\/a>\u00a0<em>\u201cbiologische Ern\u00e4hrung und Sport\u201d<\/em> zur k\u00f6rperlichen Ert\u00fcchtigung der Mitgliedschaft.\u00a0<\/span><\/p>\n<div id=\"attachment_1632\" style=\"width: 1591px\" class=\"wp-caption alignnone\"><a href=\"http:\/\/ferne-welten.com\/wp-content\/uploads\/2017\/06\/Deutsche-Mitte-Flyer-PV.jpg\"><img loading=\"lazy\" decoding=\"async\" aria-describedby=\"caption-attachment-1632\" class=\"wp-image-1632 size-full\" src=\"http:\/\/ferne-welten.com\/wp-content\/uploads\/2017\/06\/Deutsche-Mitte-Flyer-PV.jpg\" alt=\"\" width=\"1581\" height=\"891\" srcset=\"https:\/\/ferne-welten.com\/wp-content\/uploads\/2017\/06\/Deutsche-Mitte-Flyer-PV.jpg 1581w, https:\/\/ferne-welten.com\/wp-content\/uploads\/2017\/06\/Deutsche-Mitte-Flyer-PV-300x169.jpg 300w, https:\/\/ferne-welten.com\/wp-content\/uploads\/2017\/06\/Deutsche-Mitte-Flyer-PV-768x433.jpg 768w, https:\/\/ferne-welten.com\/wp-content\/uploads\/2017\/06\/Deutsche-Mitte-Flyer-PV-1024x577.jpg 1024w, https:\/\/ferne-welten.com\/wp-content\/uploads\/2017\/06\/Deutsche-Mitte-Flyer-PV-940x530.jpg 940w, https:\/\/ferne-welten.com\/wp-content\/uploads\/2017\/06\/Deutsche-Mitte-Flyer-PV-680x383.jpg 680w, https:\/\/ferne-welten.com\/wp-content\/uploads\/2017\/06\/Deutsche-Mitte-Flyer-PV-710x400.jpg 710w\" sizes=\"auto, (max-width: 1581px) 100vw, 1581px\" \/><\/a><p id=\"caption-attachment-1632\" class=\"wp-caption-text\">Verschw\u00f6rungsideologische Vordenker: H\u00f6rmann (v.l.) und H\u00f6rstel (ganz rechts)<\/p><\/div>\n<p style=\"text-align: justify;\"><b>Zank zwischen Verschw\u00f6rungsgl\u00e4ubigen: Machtk\u00e4mpfe deutscher Rackets<\/b><\/p>\n<p style=\"text-align: justify;\"><span style=\"font-weight: 400;\">Mitglieder, die vorsichtige Kritik am Gebaren des Vorsitzenden formulierten, wurden laut H\u00f6rstel <a href=\"https:\/\/anonym.to\/?https:\/\/www.youtube.com\/watch?v=JdiffilUS9k&amp;t=2s\" target=\"_blank\" rel=\"noopener\">umgehend<\/a> <em>\u201chinaus bef\u00f6rdert\u201d<\/em>. Die Partei soll dem Vorsitzenden folgen, der sich manchmal als <em>\u201cNummer 1\u201d<\/em> bezeichnet: <em>\u201cDiskussionen gibt es haupts\u00e4chlich \u00fcber Anpassungen\u201d<\/em>, <a href=\"https:\/\/anonym.to\/?https:\/\/deutsche-mitte.de\/eine-neue-verfassung-fuer-deutschland-der-weg-der-deutschen-mitte\/\" target=\"_blank\" rel=\"noopener\">betont<\/a> die Gruppe mit <a href=\"http:\/\/ps.vetomat.net\/wp-uploads\/2012\/09\/dialektik_aufklaerung.pdf\" target=\"_blank\" rel=\"noopener\">dem<\/a>\u00a0<em>\u201cF\u00fchrer-Darsteller\u201d<\/em>. In Auseinandersetzungen gilt ein Schweigegel\u00fcbde f\u00fcr\u00a0<\/span>Parteimitglieder: <em>\u201cDie \u00f6ffentliche Debatte f\u00fchren nach dem exklusiv-Prinzip starke Fachleute oder gew\u00e4hlte Vertreter\u201d<\/em>, <a href=\"https:\/\/anonym.to\/?https:\/\/deutsche-mitte.de\/eine-neue-verfassung-fuer-deutschland-der-weg-der-deutschen-mitte\/\" target=\"_blank\" rel=\"noopener\">definiert<\/a> die <em>&#8222;Bewegung&#8220;<\/em>, der eine <em>\u201csehr weitgehend klare Ordnung\u201d<\/em> am Herzen <a href=\"https:\/\/anonym.to\/?https:\/\/deutsche-mitte.de\/eine-neue-verfassung-fuer-deutschland-der-weg-der-deutschen-mitte\/\" target=\"_blank\" rel=\"noopener\">liegt<\/a>. In seinen Ausf\u00fchrungen verlangt der Parteivorsitzende des \u00f6fteren die strikte Unterordnung seiner Mitgliedschaft, die offensichtlich als Verf\u00fcgungsmasse dient.<\/p>\n<p style=\"text-align: justify;\"><span style=\"font-weight: 400;\">Ehemalige Mitglieder <a href=\"https:\/\/anonym.to\/?https:\/\/bcc0815.wordpress.com\/2017\/04\/08\/ethik-luege\/\" target=\"_blank\" rel=\"noopener\">werfen<\/a> der F\u00fchrungsfigur indes autorit\u00e4re Ma\u00dfnahmen vor. Zwei Landesvorst\u00e4nde zerfielen in den vergangenen Monaten, nachdem der Parteivorstand die Satzung anwendete. Sie erm\u00f6glicht den raschen Ausschluss von ideologischen Konkurrent_innen, die sich nicht unterordnen. Der Bundesvorstand darf Mitglieder <em>\u201cvon der Aus\u00fcbung seiner Rechte bis zur rechtskr\u00e4ftigen Entscheidung der zust\u00e4ndigen Schiedsgerichte ausschlie\u00dfen\u201d<\/em>, <a href=\"https:\/\/anonym.to\/?https:\/\/deutsche-mitte.de\/wp-content\/uploads\/2017\/03\/Satzung_Deutsche_Mitte_Endfassung_2017-1.pdf\" target=\"_blank\" rel=\"noopener\">hei\u00dft<\/a> es dort. Vor dem Parteitag schloss die Gruppierung alle Mitglieder des Landesvorstandes Hessen aus, denen <em>\u201cUnterwanderung\u201d<\/em> vorgeworfen wurde. <a href=\"https:\/\/anonym.to\/?https:\/\/www.youtube.com\/watch?v=JdiffilUS9k&amp;t=2s\" target=\"_blank\" rel=\"noopener\">Auseinandersetzungen<\/a> in Th\u00fcringen f\u00fchrten zu weiteren R\u00fcckz\u00fcgen und Ausschl\u00fcssen. Kai Orak, verschw\u00f6rungsideologischer Aktivist aus Hannover, <a href=\"https:\/\/www.youtube.com\/watch?v=37CuQGasdUA\" target=\"_blank\" rel=\"noopener\">spricht<\/a> von einer entstehenden <em>\u201cF\u00fchrerpartei\u201d<\/em>.<\/span><\/p>\n<div id=\"attachment_1663\" style=\"width: 1309px\" class=\"wp-caption aligncenter\"><a href=\"http:\/\/ferne-welten.com\/wp-content\/uploads\/2017\/06\/H\u00f6rstel-Chemtrails.jpg\"><img loading=\"lazy\" decoding=\"async\" aria-describedby=\"caption-attachment-1663\" class=\"wp-image-1663 size-full\" src=\"http:\/\/ferne-welten.com\/wp-content\/uploads\/2017\/06\/H\u00f6rstel-Chemtrails.jpg\" alt=\"\" width=\"1299\" height=\"737\" srcset=\"https:\/\/ferne-welten.com\/wp-content\/uploads\/2017\/06\/H\u00f6rstel-Chemtrails.jpg 1299w, https:\/\/ferne-welten.com\/wp-content\/uploads\/2017\/06\/H\u00f6rstel-Chemtrails-300x170.jpg 300w, https:\/\/ferne-welten.com\/wp-content\/uploads\/2017\/06\/H\u00f6rstel-Chemtrails-768x436.jpg 768w, https:\/\/ferne-welten.com\/wp-content\/uploads\/2017\/06\/H\u00f6rstel-Chemtrails-1024x581.jpg 1024w, https:\/\/ferne-welten.com\/wp-content\/uploads\/2017\/06\/H\u00f6rstel-Chemtrails-940x533.jpg 940w, https:\/\/ferne-welten.com\/wp-content\/uploads\/2017\/06\/H\u00f6rstel-Chemtrails-705x400.jpg 705w\" sizes=\"auto, (max-width: 1299px) 100vw, 1299px\" \/><\/a><p id=\"caption-attachment-1663\" class=\"wp-caption-text\">Maskenmensch und Parteivorsitzender beim Verschw\u00f6rungstreffen<\/p><\/div>\n<p style=\"text-align: justify;\"><span style=\"font-weight: 400;\">Auf dem dritten Bundesparteitag, der wenige Monate nach der zweite Zusammenkunft erforderlich wurde, sind die <a href=\"http:\/\/ferne-welten.com\/wp-content\/uploads\/2017\/06\/Deutsche-Mitte-Kassel-Bundesparteitag-Basis.jpg\" target=\"_blank\" rel=\"noopener\">Reihen<\/a> gelichtet. Zum Parteitreffen, das die <em>\u201cErfordernisse des Bundeswahlleiters\u201d<\/em> erf\u00fcllen sollte, erscheinen weitaus weniger Delegierte als zu der vorherigen Zusammenkunft. Der wiedergew\u00e4hlte Parteivorsitzende, der sich als <em>\u201coberster Streitschlichter der Gesamtpartei\u201d<\/em> <a href=\"https:\/\/anonym.to\/?https:\/\/deutsche-mitte.de\/wp-content\/uploads\/2017\/03\/Satzung_Deutsche_Mitte_Endfassung_2017-1.pdf\" target=\"_blank\" rel=\"noopener\">titulieren<\/a> l\u00e4sst, <a href=\"https:\/\/www.youtube.com\/watch?v=bIUp_3jXG5g\" target=\"_blank\" rel=\"noopener\">motivierte<\/a> dort alte und neue Mitglieder, indem er auf Gelder verwies, die die Deutsche Mitte einnehmen w\u00fcrde: \u201c<em>Die Unterst\u00fctzung w\u00e4chst auch. In der n\u00e4chsten Woche werden zehntausende Euro eingesammelt. Das macht Spa\u00df\u201d<\/em>, <a href=\"https:\/\/www.youtube.com\/watch?v=bIUp_3jXG5g\" target=\"_blank\" rel=\"noopener\">jubiliert<\/a> H\u00f6rstel Anfang Juni in der lasierten Aula des Anthroposophischen Zentrums zu Kassel. Magisches Denken an einem Ort, an dem sich ansonsten angehende Waldorflehrer_innen versammeln.<\/span><\/p>\n<p style=\"text-align: justify;\"><span style=\"font-weight: 400;\">Viel Zustimmung erh\u00e4lt Peter Oberhofer, der f\u00fcr den Posten des Gesamt-Generalsekret\u00e4rs <a href=\"https:\/\/anonym.to\/?https:\/\/deutsche-mitte.de\/wp-content\/uploads\/2017\/03\/Bewerbung_PeterOberhofer.pdf\" target=\"_blank\" rel=\"noopener\">kandidiert<\/a>. Zuvor verfasste der selbst\u00e4ndige Softwareentwickler ein <a href=\"https:\/\/anonym.to\/?https:\/\/deutsche-mitte.de\/wp-content\/uploads\/2017\/03\/Bewerbung_PeterOberhofer.pdf\" target=\"_blank\" rel=\"noopener\">Bewerbungsschreiben<\/a>, das sein Interesse f\u00fcr den<em> \u201cwahren Teil der deutschen Geschichte\u201d<\/em>\u00a0bekundete. Verschw\u00f6rungsideologische Vorstellungen pr\u00e4gen das Weltbild. Der Kader glaubt, dass <em>\u201cdie Gesellschaft (&#8230;) schon seit \u00fcber 100 Jahren von\u201d<\/em> einer <em>\u201cElite\u201d<\/em> manipuliert wird. W\u00e4hrenddessen schottet die Partei sich gegen eine kritische \u00d6ffentlichkeit ab:\u00a0<em>\u201cAchtung: Journalisten\u201d<\/em>, <a href=\"https:\/\/anonym.to\/?https:\/\/deutsche-mitte.de\/wp-content\/uploads\/2017\/02\/Leitfaden-DM-Stammtische.pdf\" target=\"_blank\" rel=\"noopener\">warnt<\/a> ein Ratgeber f\u00fcr <em>\u201cStammtisch-Chefs\u201d<\/em>: <em>\u201cMedienvertreter haben keinen Zugang\u201d<\/em>, definiert derweil die <a href=\"https:\/\/anonym.to\/?https:\/\/deutsche-mitte.de\/wp-content\/uploads\/2017\/03\/Satzung_Deutsche_Mitte_Endfassung_2017-1.pdf\" target=\"_blank\" rel=\"noopener\">Satzung<\/a>, der sich zehn Landesverb\u00e4nde <a href=\"https:\/\/www.bundeswahlleiter.de\/dam\/jcr\/ab3e621f-c4e4-4cd0-996d-f29cec6193dc\/dm.pdf\" target=\"_blank\" rel=\"noopener\">verpflichtet<\/a> f\u00fchlen, die in den vergangenen beiden Jahren entstanden. <em>\u201cAntifa-Autoren\u201d<\/em> <a href=\"https:\/\/anonym.to\/?https:\/\/deutsche-mitte.de\/antifa-streit-machthaber\/\" target=\"_blank\" rel=\"noopener\">droht <\/a>die Partei sogar mit Klagen.<\/span><\/p>\n<div id=\"attachment_1633\" style=\"width: 3014px\" class=\"wp-caption alignnone\"><a href=\"http:\/\/ferne-welten.com\/wp-content\/uploads\/2017\/06\/Deutsche-Mitte-3-24.06.jpg\"><img loading=\"lazy\" decoding=\"async\" aria-describedby=\"caption-attachment-1633\" class=\"wp-image-1633 size-full\" src=\"http:\/\/ferne-welten.com\/wp-content\/uploads\/2017\/06\/Deutsche-Mitte-3-24.06.jpg\" alt=\"\" width=\"3004\" height=\"1693\" srcset=\"https:\/\/ferne-welten.com\/wp-content\/uploads\/2017\/06\/Deutsche-Mitte-3-24.06.jpg 3004w, https:\/\/ferne-welten.com\/wp-content\/uploads\/2017\/06\/Deutsche-Mitte-3-24.06-300x169.jpg 300w, https:\/\/ferne-welten.com\/wp-content\/uploads\/2017\/06\/Deutsche-Mitte-3-24.06-768x433.jpg 768w, https:\/\/ferne-welten.com\/wp-content\/uploads\/2017\/06\/Deutsche-Mitte-3-24.06-1024x577.jpg 1024w, https:\/\/ferne-welten.com\/wp-content\/uploads\/2017\/06\/Deutsche-Mitte-3-24.06-940x530.jpg 940w, https:\/\/ferne-welten.com\/wp-content\/uploads\/2017\/06\/Deutsche-Mitte-3-24.06-680x383.jpg 680w, https:\/\/ferne-welten.com\/wp-content\/uploads\/2017\/06\/Deutsche-Mitte-3-24.06-710x400.jpg 710w\" sizes=\"auto, (max-width: 3004px) 100vw, 3004px\" \/><\/a><p id=\"caption-attachment-1633\" class=\"wp-caption-text\">Die Partei verspricht: &#8222;Deutschland sicher&#8220; und &#8222;Bienen freuen sich&#8220;<\/p><\/div>\n<p style=\"text-align: justify;\"><b>Eine Partei marschiert: Deutsche Mitte im Wahlkampf<\/b><\/p>\n<p style=\"text-align: justify;\"><span style=\"font-weight: 400;\">Immer wieder munkelt Christoph H\u00f6rstel von einem gewaltigen Geheimnis, das er in naher Zukunft offenbaren m\u00f6chte: <em>\u201cIch werde mich melden\u201d<\/em>, <a href=\"https:\/\/anonym.to\/?https:\/\/www.youtube.com\/watch?v=bIUp_3jXG5g\" target=\"_blank\" rel=\"noopener\">verspricht<\/a> der Parteif\u00fchrer in Kassel. Wenig sp\u00e4ter ver\u00f6ffentlicht seine Gruppierung zwei YouTube-Clips, in denen die F\u00fchrungsfigur <a href=\"https:\/\/anonym.to\/?https:\/\/www.youtube.com\/watch?v=3iDNDofN70w\" target=\"_blank\" rel=\"noopener\">nicht<\/a> nur <a href=\"https:\/\/anonym.to\/?http:\/\/www.merkando.de\/dm-shop\/#\" target=\"_blank\" rel=\"noopener\">Merchandising<\/a> der Bewegung <a href=\"https:\/\/anonym.to\/?https:\/\/www.youtube.com\/watch?v=z2KZyFC3MkE&amp;\" target=\"_blank\" rel=\"noopener\">auftr\u00e4gt<\/a>, sondern um weitere Spenden der Mitglieder bittet. Dann w\u00fcrden geheimnisvolle M\u00e4zene <em>\u201cihre Konten f\u00fcr uns anzapfen\u201d<\/em>, sodass die Deutsche Mitte sich schon <em>\u201cfast im Bundestag\u201d<\/em> befindet, <a href=\"https:\/\/anonym.to\/?https:\/\/www.youtube.com\/watch?v=z2KZyFC3MkE&amp;\" target=\"_blank\" rel=\"noopener\">suggeriert <\/a>der Vordenker. Die kommende Bundestagswahl soll der Gruppierung den ersehnten Durchbruch bringen. <em>\u201cViele schauen auf uns\u201d<\/em>, meint der Parteivorsitzende. I<\/span><span style=\"font-weight: 400;\">m Fall einer Niederlage orientiert H\u00f6rstel auf die folgende Landtagswahl in Niedersachsen, die ebenfalls der Generalmobilmachung der Gesamtpartei dient. <\/span><\/p>\n<p style=\"text-align: justify;\"><span style=\"font-weight: 400;\">Trotz Unstimmigkeiten und Ausschl\u00fcssen, die den Aufbau seiner <em>\u201cBewegung\u201d<\/em> begleiten, seien mittlerweile 3.210 Mitglieder organisiert, behauptet H\u00f6rstel, w\u00e4hrend der Sprecher des Stammtischs in Bad Liebenwerda von 3.500 Personen <a href=\"http:\/\/www.lr-online.de\/regionen\/elbe-elster\/elsterwerda\/In-Bad-Liebenwerda-hat-sich-Die-deutsche-Mitte-rdquo-etabliert;art1059,6013325\" target=\"_blank\" rel=\"noopener\">spricht<\/a>. Basis und Parteif\u00fchrung glauben an allm\u00e4chtige Verschw\u00f6rungen, w\u00e4hrend sie die systematische <a href=\"https:\/\/anonym.to\/?https:\/\/www.youtube.com\/watch?v=x6LXy_aWlHw\" target=\"_blank\" rel=\"noopener\">Unterwanderung<\/a> ihrer Gruppierung bef\u00fcrchten. <em>\u201cSabotage\u201d<\/em>, <a href=\"https:\/\/anonym.to\/?https:\/\/www.youtube.com\/watch?v=JdiffilUS9k\" target=\"_blank\" rel=\"noopener\">lautet<\/a> der Vorwurf, den die <em>\u201cNummer 1\u201d<\/em> vielfach erhebt. <em>\u201cSystemmedien und Systemkr\u00e4fte wie Gewerkschaften\u201d<\/em> seien f\u00fcr Angriffe auf die Partei verantwortlich. In den vergangenen Jahren sei aber immerhin\u00a0<em>\u201ceine standfeste (&#8230;.) Organisation\u201d<\/em> entstanden, <em>\u201cdie (&#8230;) marschiert\u201d<\/em>, <a href=\"https:\/\/anonym.to\/?https:\/\/www.youtube.com\/watch?v=bIUp_3jXG5g\" target=\"_blank\" rel=\"noopener\">beurteilt<\/a> der Vorsitzende den Zustand seines verschw\u00f6rungsideologischen Projektes.<\/span><\/p>\n<div id=\"attachment_1629\" style=\"width: 2210px\" class=\"wp-caption aligncenter\"><a href=\"http:\/\/ferne-welten.com\/wp-content\/uploads\/2017\/06\/Deutsche-Mitte-2-24.06.jpg\"><img loading=\"lazy\" decoding=\"async\" aria-describedby=\"caption-attachment-1629\" class=\"wp-image-1629 size-full\" src=\"http:\/\/ferne-welten.com\/wp-content\/uploads\/2017\/06\/Deutsche-Mitte-2-24.06.jpg\" alt=\"\" width=\"2200\" height=\"1240\" srcset=\"https:\/\/ferne-welten.com\/wp-content\/uploads\/2017\/06\/Deutsche-Mitte-2-24.06.jpg 2200w, https:\/\/ferne-welten.com\/wp-content\/uploads\/2017\/06\/Deutsche-Mitte-2-24.06-300x169.jpg 300w, https:\/\/ferne-welten.com\/wp-content\/uploads\/2017\/06\/Deutsche-Mitte-2-24.06-768x433.jpg 768w, https:\/\/ferne-welten.com\/wp-content\/uploads\/2017\/06\/Deutsche-Mitte-2-24.06-1024x577.jpg 1024w, https:\/\/ferne-welten.com\/wp-content\/uploads\/2017\/06\/Deutsche-Mitte-2-24.06-940x530.jpg 940w, https:\/\/ferne-welten.com\/wp-content\/uploads\/2017\/06\/Deutsche-Mitte-2-24.06-680x383.jpg 680w, https:\/\/ferne-welten.com\/wp-content\/uploads\/2017\/06\/Deutsche-Mitte-2-24.06-710x400.jpg 710w\" sizes=\"auto, (max-width: 2200px) 100vw, 2200px\" \/><\/a><p id=\"caption-attachment-1629\" class=\"wp-caption-text\">Wahlkampf einer verschw\u00f6rungsideologischen Kleinpartei<\/p><\/div>\n<p style=\"text-align: justify;\"><span style=\"font-weight: 400;\">Tats\u00e4chlich ist seine Gruppierung ein relevantes Produkt kapitalistischer Vergesellschaftung, die die <em>\u201cBedingungen f\u00fcr die Paranoia der Massen\u201d<\/em> <a href=\"http:\/\/www.antisemitismus.net\/theorie\/adorno-6.htm\" target=\"_blank\" rel=\"noopener\">hervorbringt<\/a>. Die Deutsche Mitte scheint ein prototypisches Beispiel f\u00fcr Formierungsversuche, die sich der <em>\u201cunersch\u00f6pflichen Vorr\u00e4te an Finsternis\u201d<\/em> <a href=\"http:\/\/www.doku-archiv.com\/trotzky\/trotz-natsoz.htm\" target=\"_blank\" rel=\"noopener\">bedienen<\/a>, welche alle Poren der deutschen Gesellschaft durchdringt. Der Vorsitzende und seine Gruppierung profitieren dabei von \u00e4u\u00dferst reaktion\u00e4ren Bewusstseinsformen in der postnazistischen Gemeinschaft, die zur <em>\u201cBildung von B\u00fcnden\u201d<\/em> <a href=\"http:\/\/copyriot.com\/sinistra\/reading\/agnado\/adorno01.html\" target=\"_blank\" rel=\"noopener\">f\u00fchren<\/a>. Mitglieder, die sich durch wei\u00dfe Uniformierung kennzeichnen, eint die verschw\u00f6rungsideologische Paranoia vor potentiellen Ereignissen, die sie f\u00fcrchten. <\/span><\/p>\n<p style=\"text-align: justify;\"><span style=\"font-weight: 400;\"><a href=\"http:\/\/copyriot.com\/sinistra\/reading\/agnado\/adorno01.html\" target=\"_blank\" rel=\"noopener\">Sie<\/a> <em>&#8222;haben Angst davor, ihren Wahnsinn alleine zu glauben\u201d<\/em>. So versammeln sie sich auf Parteitagen, auf Aufm\u00e4rschen, bei Stammtischen und an Infost\u00e4nden.<em> \u201cProjizierend sehen sie \u00fcberall Verschw\u00f6rung\u201d<\/em>, <a href=\"http:\/\/copyriot.com\/sinistra\/reading\/agnado\/adorno01.html\" target=\"_blank\" rel=\"noopener\">schrieben<\/a> Adorno und Horkheimer \u00fcber solche <em>\u201cScharlatane der Politik\u201d<\/em>, die ihre Vorstellungen der <em>\u201cohnehin schon M\u00fcrbe gemachten Mehrheit der Verwalteten\u201d<\/em> aufdr\u00e4ngen wollen. Dass solche Absichten auf Dauer gelingen k\u00f6nnten, erkl\u00e4rt sich durch deutsche Verh\u00e4ltnisse, in der Verschw\u00f6rungsphantasien der Deutung von Entwicklungen dienen. Dort, wo der verschw\u00f6rungsideologische Wahn letztendlich in praktische Raserei umschlagen kann, gibt es nur eine Alternative:<em> \u201cWiderstand gegen F\u00fchrer und Kollektiv\u201d<\/em>, das in diesem Fall den Namen Deutsche Mitte tr\u00e4gt.<\/span><\/p>\n<div id=\"attachment_1645\" style=\"width: 712px\" class=\"wp-caption aligncenter\"><a href=\"http:\/\/ferne-welten.com\/wp-content\/uploads\/2017\/06\/DeutscheMitte-Stamm.jpg\"><img loading=\"lazy\" decoding=\"async\" aria-describedby=\"caption-attachment-1645\" class=\"size-full wp-image-1645\" src=\"http:\/\/ferne-welten.com\/wp-content\/uploads\/2017\/06\/DeutscheMitte-Stamm.jpg\" alt=\"\" width=\"702\" height=\"965\" srcset=\"https:\/\/ferne-welten.com\/wp-content\/uploads\/2017\/06\/DeutscheMitte-Stamm.jpg 702w, https:\/\/ferne-welten.com\/wp-content\/uploads\/2017\/06\/DeutscheMitte-Stamm-218x300.jpg 218w, https:\/\/ferne-welten.com\/wp-content\/uploads\/2017\/06\/DeutscheMitte-Stamm-291x400.jpg 291w\" sizes=\"auto, (max-width: 702px) 100vw, 702px\" \/><\/a><p id=\"caption-attachment-1645\" class=\"wp-caption-text\">Treffpunkte f\u00fcr Verschw\u00f6rungsgl\u00e4ubige: Stammtische der Deutschen Mitte<\/p><\/div>\n<a class=\"synved-social-button synved-social-button-share synved-social-size-32 synved-social-resolution-single synved-social-provider-facebook nolightbox\" data-provider=\"facebook\" target=\"_blank\" rel=\"nofollow\" title=\"Auf Facebook teilen\" href=\"https:\/\/www.facebook.com\/sharer.php?u=https%3A%2F%2Fferne-welten.com%2Findex.php%3Frest_route%3D%252Fwp%252Fv2%252Fposts%252F1155&#038;t=Alternative%20f%C3%BCr%20m%C3%BCrbe%20Mehrheiten&#038;s=100&#038;p&#091;url&#093;=https%3A%2F%2Fferne-welten.com%2Findex.php%3Frest_route%3D%252Fwp%252Fv2%252Fposts%252F1155&#038;p&#091;images&#093;&#091;0&#093;=http%3A%2F%2Fferne-welten.com%2Fwp-content%2Fuploads%2F2017%2F06%2FDeutsche-Mitte-Flyer-Front.jpg&#038;p&#091;title&#093;=Alternative%20f%C3%BCr%20m%C3%BCrbe%20Mehrheiten\" style=\"font-size: 0px;width:32px;height:32px;margin:0;margin-bottom:5px;margin-right:5px\"><img loading=\"lazy\" decoding=\"async\" alt=\"Facebook\" title=\"Auf Facebook teilen\" class=\"synved-share-image synved-social-image synved-social-image-share\" width=\"32\" height=\"32\" style=\"display: inline;width:32px;height:32px;margin: 0;padding: 0;border: none;box-shadow: none\" src=\"https:\/\/ferne-welten.com\/wp-content\/plugins\/social-media-feather\/synved-social\/addons\/extra-icons\/image\/social\/circle\/64x64\/facebook.png\" \/><\/a><a class=\"synved-social-button synved-social-button-share synved-social-size-32 synved-social-resolution-single synved-social-provider-twitter nolightbox\" data-provider=\"twitter\" target=\"_blank\" rel=\"nofollow\" title=\"Auf Twitter teilen\" href=\"https:\/\/twitter.com\/intent\/tweet?url=https%3A%2F%2Fferne-welten.com%2Findex.php%3Frest_route%3D%252Fwp%252Fv2%252Fposts%252F1155&#038;text=Hey%20check%20this%20out\" style=\"font-size: 0px;width:32px;height:32px;margin:0;margin-bottom:5px;margin-right:5px\"><img loading=\"lazy\" decoding=\"async\" alt=\"twitter\" title=\"Auf Twitter teilen\" class=\"synved-share-image synved-social-image synved-social-image-share\" width=\"32\" height=\"32\" style=\"display: inline;width:32px;height:32px;margin: 0;padding: 0;border: none;box-shadow: none\" src=\"https:\/\/ferne-welten.com\/wp-content\/plugins\/social-media-feather\/synved-social\/addons\/extra-icons\/image\/social\/circle\/64x64\/twitter.png\" \/><\/a><a class=\"synved-social-button synved-social-button-share synved-social-size-32 synved-social-resolution-single synved-social-provider-reddit nolightbox\" data-provider=\"reddit\" target=\"_blank\" rel=\"nofollow\" title=\"Auf Reddit teilen\" href=\"https:\/\/www.reddit.com\/submit?url=https%3A%2F%2Fferne-welten.com%2Findex.php%3Frest_route%3D%252Fwp%252Fv2%252Fposts%252F1155&#038;title=Alternative%20f%C3%BCr%20m%C3%BCrbe%20Mehrheiten\" style=\"font-size: 0px;width:32px;height:32px;margin:0;margin-bottom:5px;margin-right:5px\"><img loading=\"lazy\" decoding=\"async\" alt=\"reddit\" title=\"Auf Reddit teilen\" class=\"synved-share-image synved-social-image synved-social-image-share\" width=\"32\" height=\"32\" style=\"display: inline;width:32px;height:32px;margin: 0;padding: 0;border: none;box-shadow: none\" src=\"https:\/\/ferne-welten.com\/wp-content\/plugins\/social-media-feather\/synved-social\/addons\/extra-icons\/image\/social\/circle\/64x64\/reddit.png\" \/><\/a><a class=\"synved-social-button synved-social-button-share synved-social-size-32 synved-social-resolution-single synved-social-provider-pinterest nolightbox\" data-provider=\"pinterest\" target=\"_blank\" rel=\"nofollow\" title=\"Auf Pinterest pinnen\" href=\"https:\/\/pinterest.com\/pin\/create\/button\/?url=https%3A%2F%2Fferne-welten.com%2Findex.php%3Frest_route%3D%252Fwp%252Fv2%252Fposts%252F1155&#038;media=http%3A%2F%2Fferne-welten.com%2Fwp-content%2Fuploads%2F2017%2F06%2FDeutsche-Mitte-Flyer-Front.jpg&#038;description=Alternative%20f%C3%BCr%20m%C3%BCrbe%20Mehrheiten\" style=\"font-size: 0px;width:32px;height:32px;margin:0;margin-bottom:5px;margin-right:5px\"><img loading=\"lazy\" decoding=\"async\" alt=\"pinterest\" title=\"Auf Pinterest pinnen\" class=\"synved-share-image synved-social-image synved-social-image-share\" width=\"32\" height=\"32\" style=\"display: inline;width:32px;height:32px;margin: 0;padding: 0;border: none;box-shadow: none\" src=\"https:\/\/ferne-welten.com\/wp-content\/plugins\/social-media-feather\/synved-social\/addons\/extra-icons\/image\/social\/circle\/64x64\/pinterest.png\" \/><\/a><a class=\"synved-social-button synved-social-button-share synved-social-size-32 synved-social-resolution-single synved-social-provider-linkedin nolightbox\" data-provider=\"linkedin\" target=\"_blank\" rel=\"nofollow\" title=\"Auf Linkedin teilen\" href=\"https:\/\/www.linkedin.com\/shareArticle?mini=true&#038;url=https%3A%2F%2Fferne-welten.com%2Findex.php%3Frest_route%3D%252Fwp%252Fv2%252Fposts%252F1155&#038;title=Alternative%20f%C3%BCr%20m%C3%BCrbe%20Mehrheiten\" style=\"font-size: 0px;width:32px;height:32px;margin:0;margin-bottom:5px;margin-right:5px\"><img loading=\"lazy\" decoding=\"async\" alt=\"linkedin\" title=\"Auf Linkedin teilen\" class=\"synved-share-image synved-social-image synved-social-image-share\" width=\"32\" height=\"32\" style=\"display: inline;width:32px;height:32px;margin: 0;padding: 0;border: none;box-shadow: none\" src=\"https:\/\/ferne-welten.com\/wp-content\/plugins\/social-media-feather\/synved-social\/addons\/extra-icons\/image\/social\/circle\/64x64\/linkedin.png\" \/><\/a><a class=\"synved-social-button synved-social-button-share synved-social-size-32 synved-social-resolution-single synved-social-provider-tumblr nolightbox\" data-provider=\"tumblr\" target=\"_blank\" rel=\"nofollow\" title=\"\u00dcber Tumblr teilen\" href=\"https:\/\/tumblr.com\/share?s=&#038;v=3&#038;t=Alternative%20f%C3%BCr%20m%C3%BCrbe%20Mehrheiten&#038;u=https%3A%2F%2Fferne-welten.com%2Findex.php%3Frest_route%3D%252Fwp%252Fv2%252Fposts%252F1155\" style=\"font-size: 0px;width:32px;height:32px;margin:0;margin-bottom:5px;margin-right:5px\"><img loading=\"lazy\" decoding=\"async\" alt=\"tumblr\" title=\"\u00dcber Tumblr teilen\" class=\"synved-share-image synved-social-image synved-social-image-share\" width=\"32\" height=\"32\" style=\"display: inline;width:32px;height:32px;margin: 0;padding: 0;border: none;box-shadow: none\" src=\"https:\/\/ferne-welten.com\/wp-content\/plugins\/social-media-feather\/synved-social\/addons\/extra-icons\/image\/social\/circle\/64x64\/tumblr.png\" \/><\/a><a class=\"synved-social-button synved-social-button-share synved-social-size-32 synved-social-resolution-single synved-social-provider-mail nolightbox\" data-provider=\"mail\" rel=\"nofollow\" title=\"Link per Mail weiterleiten\" href=\"mailto:?subject=Alternative%20f%C3%BCr%20m%C3%BCrbe%20Mehrheiten&#038;body=Hey%20check%20this%20out:%20https%3A%2F%2Fferne-welten.com%2Findex.php%3Frest_route%3D%252Fwp%252Fv2%252Fposts%252F1155\" style=\"font-size: 0px;width:32px;height:32px;margin:0;margin-bottom:5px\"><img loading=\"lazy\" decoding=\"async\" alt=\"mail\" title=\"Link per Mail weiterleiten\" class=\"synved-share-image synved-social-image synved-social-image-share\" width=\"32\" height=\"32\" style=\"display: inline;width:32px;height:32px;margin: 0;padding: 0;border: none;box-shadow: none\" src=\"https:\/\/ferne-welten.com\/wp-content\/plugins\/social-media-feather\/synved-social\/addons\/extra-icons\/image\/social\/circle\/64x64\/mail.png\" \/><\/a>","protected":false},"excerpt":{"rendered":"<p>&#8222;Besser als ein Rock-Konzert\u201d, behauptet die Partei im Nachhinein. \u00a0Beifall brandet auf, als der 1956 geborene Parteif\u00fchrer Christoph R. H\u00f6rstel zum Abschluss des zweiten Bundesparteitags der Deutschen Mitte (DM) an sein Mikrofon tritt. Frenetischer Jubel im Saal, nachdem der Vorsitzende&#8230;<br \/><a class=\"read-more-button\" href=\"https:\/\/ferne-welten.com\/?p=1155\">Read more<\/a><\/p>\n","protected":false},"author":1,"featured_media":0,"comment_status":"open","ping_status":"open","sticky":false,"template":"","format":"standard","meta":{"footnotes":""},"categories":[79],"tags":[210,734,303,107,735,217,286,191,477,197,419,724,731,728,146,593,727,287,732,733,725,729,551,75,226,726,165,479,730],"class_list":["post-1155","post","type-post","status-publish","format-standard","hentry","category-mythen","tag-al-quds","tag-anthroposophisches-zentrum","tag-anti-amerikanismus","tag-antisemitismus","tag-bad-liebenwerda","tag-bandbreite","tag-bds","tag-berlin","tag-chemtrails","tag-christoph-hoerstel","tag-deutsche-mark","tag-deutsche-mitte","tag-franz-hoermann","tag-haarp","tag-hamas","tag-hannover","tag-irib","tag-israel","tag-kai-orak","tag-kassel","tag-pegida","tag-potsdam","tag-rassismus","tag-reichsbuerger","tag-rothschild","tag-rt","tag-verschwoerungsideologie","tag-werner-altnickel","tag-wissensmanufaktur"],"_links":{"self":[{"href":"https:\/\/ferne-welten.com\/index.php?rest_route=\/wp\/v2\/posts\/1155","targetHints":{"allow":["GET"]}}],"collection":[{"href":"https:\/\/ferne-welten.com\/index.php?rest_route=\/wp\/v2\/posts"}],"about":[{"href":"https:\/\/ferne-welten.com\/index.php?rest_route=\/wp\/v2\/types\/post"}],"author":[{"embeddable":true,"href":"https:\/\/ferne-welten.com\/index.php?rest_route=\/wp\/v2\/users\/1"}],"replies":[{"embeddable":true,"href":"https:\/\/ferne-welten.com\/index.php?rest_route=%2Fwp%2Fv2%2Fcomments&post=1155"}],"version-history":[{"count":36,"href":"https:\/\/ferne-welten.com\/index.php?rest_route=\/wp\/v2\/posts\/1155\/revisions"}],"predecessor-version":[{"id":1676,"href":"https:\/\/ferne-welten.com\/index.php?rest_route=\/wp\/v2\/posts\/1155\/revisions\/1676"}],"wp:attachment":[{"href":"https:\/\/ferne-welten.com\/index.php?rest_route=%2Fwp%2Fv2%2Fmedia&parent=1155"}],"wp:term":[{"taxonomy":"category","embeddable":true,"href":"https:\/\/ferne-welten.com\/index.php?rest_route=%2Fwp%2Fv2%2Fcategories&post=1155"},{"taxonomy":"post_tag","embeddable":true,"href":"https:\/\/ferne-welten.com\/index.php?rest_route=%2Fwp%2Fv2%2Ftags&post=1155"}],"curies":[{"name":"wp","href":"https:\/\/api.w.org\/{rel}","templated":true}]}}