{"id":1161,"date":"2012-03-21T14:53:24","date_gmt":"2012-03-21T13:53:24","guid":{"rendered":"http:\/\/ferne-welten.com\/?p=1161"},"modified":"2017-04-30T14:21:10","modified_gmt":"2017-04-30T13:21:10","slug":"zusammenkunft-der-querfrontler","status":"publish","type":"post","link":"https:\/\/ferne-welten.com\/?p=1161","title":{"rendered":"Zusammenkunft der Querfrontler"},"content":{"rendered":"<p style=\"text-align: justify;\">Nachdem eine Mail des RBB-Radiomoderators Ken Jebsen ver\u00f6ffentlicht worden war, verlor dieser \u2014 nach einiger Zeit \u2014 tats\u00e4chlich seinen Job. Jebsen hatte in der Mail unter anderem geschrieben, dass er wissen w\u00fcrde, \u201ewer den holocaust als PR erfunden hat\u201d.<\/p>\n<p style=\"text-align: justify;\"><!--more--><\/p>\n<p style=\"text-align: justify;\">Jebsen machte hier den j\u00fcdischen Autoren Edward Bernays verantwortlich. Au\u00dferdem betrieb Jebsen, der sich an anderer Stelle als\u00a0\u201e\u00dcberzeugungst\u00e4ter\u201dbezeichnet, anti-amerikanische Verschw\u00f6rungspropaganda. Jebsen\u00a0schrieb\u00a0im Rahmen einer sehr deutschen Schuldumkehr:\u00a0\u201eich wei\u00df, wer w\u00e4hrend des gesamten Krieges Deutschland mit Bombersprit versorgt hat. Standardoil, also Rockefeller\u201d.<\/p>\n<p style=\"text-align: justify;\">Zuvor hatte der Radiomoderator Jebsen, mit ganz \u00e4hnlichen Inhalten, im Radio Fritz des RBB eine Marktl\u00fccke gef\u00fcllt. Er machte\u00a0jahrelang\u00a0Radiosendungen f\u00fcr Verschw\u00f6rungsfans: Dank der Umdeutung des 11. Septembers 2001, der Konstruktion angeblicher\u00a0\u201eEliten\u201d\u00a0und einer unverhohlene Hetze gegen die USA und Israel war Jebsen zu einer kleinen Ikone des verschw\u00f6rungsideologischen Milieus avanciert, ohne dass sich die Programmverantwortlichen des staatlichen Rundfunksenders an der Sendung st\u00f6rten.<\/p>\n<p style=\"text-align: justify;\">Dort war, im Zusammenhang der m\u00f6rderischen Terroranschl\u00e4ge vom 11. September 2001, von der\u00a0\u201eTerrorl\u00fcge\u201d\u00a0die Rede, die Terrororganisation\u00a0Al-Qaida wurde als\u00a0\u201eUnabh\u00e4ngkeitsorganisation\u201d\u00a0bezeichnet. Jebsen\u00a0forderte au\u00dferdem\u00a0ein durch Is\u00adra\u00adel ge\u00adschaf\u00adfe\u00adnes Yad Vas\u00adhem in\u00a0\u201ePa\u00adl\u00e4s\u00adti\u00adna\u201c, das\u00a0\u201eall der pa\u00adl\u00e4s\u00adti\u00adnen\u00adsi\u00adschen Opfer ge\u00addenkt, die durch is\u00adrae\u00adli\u00adsche Be\u00adsat\u00adzung um\u00adge\u00adkom\u00admen sind\u201c. Ein\u00a0\u201ezu\u00adkunf\u00adti\u00adger is\u00adrae\u00adli\u00adscher Pr\u00e4\u00adsi\u00addent\u201c\u00a0solle dort nie\u00adder\u00adkni\u00aden,\u00a0\u201ewie einst Willy Brandt\u201c\u00a0in War\u00adschau. Mit dieser Forderung verharmloste Jebsen das deutsche Menschheitsverbrechen, w\u00e4hrend er gegen Israel hetzte.<\/p>\n<p style=\"text-align: justify;\">Ken Jebsen propagierte Ressentiments, die in Deutschland weit verbreitet und mehrheitsff\u00e4hig sind. Daher wurde, im vergangenen Jahr, die Absetzung seiner Sendung durch emp\u00f6rte Artikel und einen Shitstorm seiner Groupies\u00a0begleitet. Der Blogger Jacob Jung schrieb beispielsweise auf der Internetseite des linksliberalen Freitag ein\u00a0Loblied\u00a0auf Ken Jebsen, der angeblich\u00a0\u201eauf das Leiden von Verfolgten und Armen aufmerksam\u201d\u00a0machen w\u00fcrde. Auf einer Website der Verschw\u00f6rungsszene wird das Bild eines\u00a0\u201eengagierten und kritischen Journalisten\u201d\u00a0gezeichnet\u00a0und auf verschiedenen Nazi-Seiten werden die Sendungen des Radiomoderatoren bis heute gefeiert.<\/p>\n<p style=\"text-align: justify;\">Der Radiomoderator,\u00a0zu dessen Kennzeichen ein ratternder, \u00e4u\u00dferst schneller Sprachstil geh\u00f6rt, hatte letztendlich seinen Job beim \u00f6ffentlich-rechtlichen RBB, nicht aber seine Fans verloren. So ist es nicht verwunderlich, dass Jebsen weiterhin krude Verschw\u00f6rungsmythen verbreitet, zwar nicht mehr im RBB, aber auf seiner\u00a0Internetseite, mit zahlreichen YouTube-Filmchen und in den Zeitschriften des verschw\u00f6rungsideologischen Mileus.<\/p>\n<p style=\"text-align: justify;\">Auf seiner Internetseite umwirbt Jebsen seine Fans. Diese sollen einen Jahresbeitrag von 20 Euro bezahlen, um weiterhin mit den Sendungen versorgt zu werden:\u00a0\u201eWir\u00a0verstehen uns als euer Sprachrohr, und\u00a0wir wollen diese Aufgabe auch in der Zukunft\u00a0f\u00fcr euch aufgreifen\u201d, hei\u00dft es auf der Internetseite des ehemaligen RBB-Moderatoren. Bislang seien etwa 10.000 Euro angegangen, sagt Jebsen in einem\u00a0<a href=\"http:\/\/anonym.to\/?http:\/\/www.kenfm.de\/wordpress\/2012\/01\/19\/transparenz\/\">Video<\/a>, mit dem er um die Kohle seiner H\u00f6rer_innen bettelt, damit sie ihm seinen S\u00fcd-Amerika-Trip finanzieren.\u00a0Apropos Kohle: In\u00a0<a href=\"http:\/\/anonym.to\/?http:\/\/www.kenfm.de\/wordpress\/2011\/12\/19\/geldsendung\/\">einem\u00a0<\/a>seiner neueren Videos zur\u00a0\u201eGeldsendung\u201d\u00a0kommt Franz H\u00f6rmann ausf\u00fchrlich zu Wort. F\u00fcr diesen Professoren\u00a0<a href=\"http:\/\/derstandard.at\/1326503744165\/Occupy-Austria-Occupy-ringt-um-Position-zu-Rechten-und-Sektierern\">ist\u00a0<\/a>\u201edie Frage des Genozids zur Zeit des Nationalsozialismus nicht endg\u00fcltig gekl\u00e4rt\u201d.<\/p>\n<p style=\"text-align: justify;\">W\u00e4hrend Ken Jebsen seine Zielgruppe umwirbt und um Geld bettelt, meldeten sich auch andere zu Wort, die dem Verschw\u00f6rungsideologen einige Angebote machten. So ver\u00f6ffentlichte die Anti-Feministin Eva Herman, die f\u00fcr den\u00a0rechten Kopp-Verlag\u00a0schreibt, einen Offenen Brief.<\/p>\n<p style=\"text-align: justify;\">In diesem Brief stellte die anti-feministische Ikone\u00a0 einige Gemeinsamkeiten mit der verschw\u00f6rungsideologischen Ikone her. Sie zog eine Traditionslinie, die Jebsen mit anderen rechten Propagandisten verbindet. Herman erinnerte an Martin Hohman, J\u00fcrgen M\u00f6llemann und sich selbst. Au\u00dferdem bettelte sie um ein Interview und umwarb den ehemaligen RBB-Moderatoren mit warmen Worten:<\/p>\n<blockquote><p>Halten Sie durch, Herr Jebsen, Sie sind nicht alleine. Auch wenn Sie durch schwere Zeiten m\u00fcssen, so scheint doch schon das Licht am Ende des Tunnels. Noch vor kurzem h\u00e4tte dies auch die entgegenkommende Lokomotive sein k\u00f6nnen, doch jetzt gibt es berechtigte Hoffnung auf Erholung: Die Zeit der Wahrheit naht.<\/p><\/blockquote>\n<p style=\"text-align: justify;\">Auf diesen Offenen Brief reagierte der Radiomoderator nicht. Daf\u00fcr stellte er sich einige Monate sp\u00e4ter einem Querfrontler zur Verf\u00fcgung, der ebenfalls an der Umdeutung der Ereignisse des 11. Septembers 2001 arbeitet. Es handelt sich um den Anti-Antideutschen\u00a0J\u00fcrgen Els\u00e4sser, der mit seinem\u00a0Compact\u2013Magazin in etwa das betreibt, was Ken Jebsen in seiner Radiosendung machte Beide propagieren die Umdeutung der Ereignisse des 11. Septembers 2001.<\/p>\n<p style=\"text-align: justify;\">F\u00fcr das\u00a0Compact\u2013Magazin schreiben verschiedene Verschw\u00f6rungsideologen, wie zum Beispiel der ehemalige Aktivist der antisemitischen B\u00dcSO,\u00a0Webster Tarpley. Dieser macht Geheimdienste, von CIA bis zum MOSSAD, f\u00fcr verschiedene Revolten, von 1968 bis 2011,\u00a0verantwortlich. Im\u00a0Compact\u2013Magazin kam auch Stephan Steins zu Wort, der ansonsten eine Internetseite namens\u00a0\u201eDie Rote Fahne\u201d\u00a0betreibt, auf der\u00a0der Tod des greisen Hitler-Stellvertreters Rudolf He\u00df umgedeutet wird.<\/p>\n<p style=\"text-align: justify;\">Am Compact-Magazin beteiligt sich nun auch Ken Jebsen. In der aktuellen Ausgabe vom April 2012 findet sich ein ausf\u00fchrliches Interview mit dem ratternden Radiomoderatoren. Doch damit nicht genug. Els\u00e4sser k\u00fcndigt au\u00dferdem eine gemeinsame Veranstaltung an.\u00a0\u201eKen Jebsen, ein rhetorisches Maschinengewehr, wird aus seinen Texten lesen und anschlie\u00dfend mit mir \u00fcber politische Zensur in deutschen Medien diskutieren\u201d, hei\u00dft es auf der Internetseite des J\u00fcrgen Els\u00e4sser.<\/p>\n<p style=\"text-align: justify;\">Ken Jebsen ist also dort angekommen, wohin es ihn schon immer zog. Er wird, am 12. April 2012 im\u00a0Viethaus\u00a0Berlin, mit dem Querfrontler J\u00fcrgen Els\u00e4sser auftreten, um seine kruden Verschw\u00f6rungsmythen zu propagieren.<\/p>\n<p style=\"text-align: justify;\">Vielleicht wird Jebsen dort auch dar\u00fcber sprechen, wer \u201eden holocaust als PR erfunden hat\u201d. Der Beifall des Querfrontlers und seiner Anh\u00e4nger, unter ihnen auch der\u00a0NPDler Uwe Meenen\u00a0und die\u00a0nationalistische Rapperin Dee Ex, die\u00a0regelm\u00e4\u00dfig\u00a0die\u00a0Compact\u2013Veranstaltungen\u00a0 besuchen, d\u00fcrfte ihm gewiss sein.<\/p>\n<a class=\"synved-social-button synved-social-button-share synved-social-size-32 synved-social-resolution-single synved-social-provider-facebook nolightbox\" data-provider=\"facebook\" target=\"_blank\" rel=\"nofollow\" title=\"Auf Facebook teilen\" href=\"https:\/\/www.facebook.com\/sharer.php?u=https%3A%2F%2Fferne-welten.com%2Findex.php%3Frest_route%3D%252Fwp%252Fv2%252Fposts%252F1161&#038;t=Zusammenkunft%20der%20Querfrontler&#038;s=100&#038;p&#091;url&#093;=https%3A%2F%2Fferne-welten.com%2Findex.php%3Frest_route%3D%252Fwp%252Fv2%252Fposts%252F1161&#038;p&#091;images&#093;&#091;0&#093;=&#038;p&#091;title&#093;=Zusammenkunft%20der%20Querfrontler\" style=\"font-size: 0px;width:32px;height:32px;margin:0;margin-bottom:5px;margin-right:5px\"><img loading=\"lazy\" decoding=\"async\" alt=\"Facebook\" title=\"Auf Facebook teilen\" class=\"synved-share-image synved-social-image synved-social-image-share\" width=\"32\" height=\"32\" style=\"display: inline;width:32px;height:32px;margin: 0;padding: 0;border: none;box-shadow: none\" src=\"https:\/\/ferne-welten.com\/wp-content\/plugins\/social-media-feather\/synved-social\/addons\/extra-icons\/image\/social\/circle\/64x64\/facebook.png\" \/><\/a><a class=\"synved-social-button synved-social-button-share synved-social-size-32 synved-social-resolution-single synved-social-provider-twitter nolightbox\" data-provider=\"twitter\" target=\"_blank\" rel=\"nofollow\" title=\"Auf Twitter teilen\" href=\"https:\/\/twitter.com\/intent\/tweet?url=https%3A%2F%2Fferne-welten.com%2Findex.php%3Frest_route%3D%252Fwp%252Fv2%252Fposts%252F1161&#038;text=Hey%20check%20this%20out\" style=\"font-size: 0px;width:32px;height:32px;margin:0;margin-bottom:5px;margin-right:5px\"><img loading=\"lazy\" decoding=\"async\" alt=\"twitter\" title=\"Auf Twitter teilen\" class=\"synved-share-image synved-social-image synved-social-image-share\" width=\"32\" height=\"32\" style=\"display: inline;width:32px;height:32px;margin: 0;padding: 0;border: none;box-shadow: none\" src=\"https:\/\/ferne-welten.com\/wp-content\/plugins\/social-media-feather\/synved-social\/addons\/extra-icons\/image\/social\/circle\/64x64\/twitter.png\" \/><\/a><a class=\"synved-social-button synved-social-button-share synved-social-size-32 synved-social-resolution-single synved-social-provider-reddit nolightbox\" data-provider=\"reddit\" target=\"_blank\" rel=\"nofollow\" title=\"Auf Reddit teilen\" href=\"https:\/\/www.reddit.com\/submit?url=https%3A%2F%2Fferne-welten.com%2Findex.php%3Frest_route%3D%252Fwp%252Fv2%252Fposts%252F1161&#038;title=Zusammenkunft%20der%20Querfrontler\" style=\"font-size: 0px;width:32px;height:32px;margin:0;margin-bottom:5px;margin-right:5px\"><img loading=\"lazy\" decoding=\"async\" alt=\"reddit\" title=\"Auf Reddit teilen\" class=\"synved-share-image synved-social-image synved-social-image-share\" width=\"32\" height=\"32\" style=\"display: inline;width:32px;height:32px;margin: 0;padding: 0;border: none;box-shadow: none\" src=\"https:\/\/ferne-welten.com\/wp-content\/plugins\/social-media-feather\/synved-social\/addons\/extra-icons\/image\/social\/circle\/64x64\/reddit.png\" \/><\/a><a class=\"synved-social-button synved-social-button-share synved-social-size-32 synved-social-resolution-single synved-social-provider-pinterest nolightbox\" data-provider=\"pinterest\" target=\"_blank\" rel=\"nofollow\" title=\"Auf Pinterest pinnen\" href=\"https:\/\/pinterest.com\/pin\/create\/button\/?url=https%3A%2F%2Fferne-welten.com%2Findex.php%3Frest_route%3D%252Fwp%252Fv2%252Fposts%252F1161&#038;media=&#038;description=Zusammenkunft%20der%20Querfrontler\" style=\"font-size: 0px;width:32px;height:32px;margin:0;margin-bottom:5px;margin-right:5px\"><img loading=\"lazy\" decoding=\"async\" alt=\"pinterest\" title=\"Auf Pinterest pinnen\" class=\"synved-share-image synved-social-image synved-social-image-share\" width=\"32\" height=\"32\" style=\"display: inline;width:32px;height:32px;margin: 0;padding: 0;border: none;box-shadow: none\" src=\"https:\/\/ferne-welten.com\/wp-content\/plugins\/social-media-feather\/synved-social\/addons\/extra-icons\/image\/social\/circle\/64x64\/pinterest.png\" \/><\/a><a class=\"synved-social-button synved-social-button-share synved-social-size-32 synved-social-resolution-single synved-social-provider-linkedin nolightbox\" data-provider=\"linkedin\" target=\"_blank\" rel=\"nofollow\" title=\"Auf Linkedin teilen\" href=\"https:\/\/www.linkedin.com\/shareArticle?mini=true&#038;url=https%3A%2F%2Fferne-welten.com%2Findex.php%3Frest_route%3D%252Fwp%252Fv2%252Fposts%252F1161&#038;title=Zusammenkunft%20der%20Querfrontler\" style=\"font-size: 0px;width:32px;height:32px;margin:0;margin-bottom:5px;margin-right:5px\"><img loading=\"lazy\" decoding=\"async\" alt=\"linkedin\" title=\"Auf Linkedin teilen\" class=\"synved-share-image synved-social-image synved-social-image-share\" width=\"32\" height=\"32\" style=\"display: inline;width:32px;height:32px;margin: 0;padding: 0;border: none;box-shadow: none\" src=\"https:\/\/ferne-welten.com\/wp-content\/plugins\/social-media-feather\/synved-social\/addons\/extra-icons\/image\/social\/circle\/64x64\/linkedin.png\" \/><\/a><a class=\"synved-social-button synved-social-button-share synved-social-size-32 synved-social-resolution-single synved-social-provider-tumblr nolightbox\" data-provider=\"tumblr\" target=\"_blank\" rel=\"nofollow\" title=\"\u00dcber Tumblr teilen\" href=\"https:\/\/tumblr.com\/share?s=&#038;v=3&#038;t=Zusammenkunft%20der%20Querfrontler&#038;u=https%3A%2F%2Fferne-welten.com%2Findex.php%3Frest_route%3D%252Fwp%252Fv2%252Fposts%252F1161\" style=\"font-size: 0px;width:32px;height:32px;margin:0;margin-bottom:5px;margin-right:5px\"><img loading=\"lazy\" decoding=\"async\" alt=\"tumblr\" title=\"\u00dcber Tumblr teilen\" class=\"synved-share-image synved-social-image synved-social-image-share\" width=\"32\" height=\"32\" style=\"display: inline;width:32px;height:32px;margin: 0;padding: 0;border: none;box-shadow: none\" src=\"https:\/\/ferne-welten.com\/wp-content\/plugins\/social-media-feather\/synved-social\/addons\/extra-icons\/image\/social\/circle\/64x64\/tumblr.png\" \/><\/a><a class=\"synved-social-button synved-social-button-share synved-social-size-32 synved-social-resolution-single synved-social-provider-mail nolightbox\" data-provider=\"mail\" rel=\"nofollow\" title=\"Link per Mail weiterleiten\" href=\"mailto:?subject=Zusammenkunft%20der%20Querfrontler&#038;body=Hey%20check%20this%20out:%20https%3A%2F%2Fferne-welten.com%2Findex.php%3Frest_route%3D%252Fwp%252Fv2%252Fposts%252F1161\" style=\"font-size: 0px;width:32px;height:32px;margin:0;margin-bottom:5px\"><img loading=\"lazy\" decoding=\"async\" alt=\"mail\" title=\"Link per Mail weiterleiten\" class=\"synved-share-image synved-social-image synved-social-image-share\" width=\"32\" height=\"32\" style=\"display: inline;width:32px;height:32px;margin: 0;padding: 0;border: none;box-shadow: none\" src=\"https:\/\/ferne-welten.com\/wp-content\/plugins\/social-media-feather\/synved-social\/addons\/extra-icons\/image\/social\/circle\/64x64\/mail.png\" \/><\/a>","protected":false},"excerpt":{"rendered":"<p>Nachdem eine Mail des RBB-Radiomoderators Ken Jebsen ver\u00f6ffentlicht worden war, verlor dieser \u2014 nach einiger Zeit \u2014 tats\u00e4chlich seinen Job. Jebsen hatte in der Mail unter anderem geschrieben, dass er wissen w\u00fcrde, \u201ewer den holocaust als PR erfunden hat\u201d.<\/p>\n","protected":false},"author":1,"featured_media":0,"comment_status":"open","ping_status":"open","sticky":false,"template":"","format":"standard","meta":{"footnotes":""},"categories":[79],"tags":[107,83,344,343,97,346,345],"class_list":["post-1161","post","type-post","status-publish","format-standard","hentry","category-mythen","tag-antisemitismus","tag-compact","tag-eva-herman","tag-ken-fm","tag-ken-jebsen","tag-stephan-steins","tag-webster-tarpley"],"_links":{"self":[{"href":"https:\/\/ferne-welten.com\/index.php?rest_route=\/wp\/v2\/posts\/1161","targetHints":{"allow":["GET"]}}],"collection":[{"href":"https:\/\/ferne-welten.com\/index.php?rest_route=\/wp\/v2\/posts"}],"about":[{"href":"https:\/\/ferne-welten.com\/index.php?rest_route=\/wp\/v2\/types\/post"}],"author":[{"embeddable":true,"href":"https:\/\/ferne-welten.com\/index.php?rest_route=\/wp\/v2\/users\/1"}],"replies":[{"embeddable":true,"href":"https:\/\/ferne-welten.com\/index.php?rest_route=%2Fwp%2Fv2%2Fcomments&post=1161"}],"version-history":[{"count":2,"href":"https:\/\/ferne-welten.com\/index.php?rest_route=\/wp\/v2\/posts\/1161\/revisions"}],"predecessor-version":[{"id":1535,"href":"https:\/\/ferne-welten.com\/index.php?rest_route=\/wp\/v2\/posts\/1161\/revisions\/1535"}],"wp:attachment":[{"href":"https:\/\/ferne-welten.com\/index.php?rest_route=%2Fwp%2Fv2%2Fmedia&parent=1161"}],"wp:term":[{"taxonomy":"category","embeddable":true,"href":"https:\/\/ferne-welten.com\/index.php?rest_route=%2Fwp%2Fv2%2Fcategories&post=1161"},{"taxonomy":"post_tag","embeddable":true,"href":"https:\/\/ferne-welten.com\/index.php?rest_route=%2Fwp%2Fv2%2Ftags&post=1161"}],"curies":[{"name":"wp","href":"https:\/\/api.w.org\/{rel}","templated":true}]}}