{"id":1167,"date":"2012-02-28T15:00:07","date_gmt":"2012-02-28T14:00:07","guid":{"rendered":"http:\/\/ferne-welten.com\/?p=1167"},"modified":"2017-04-21T13:17:00","modified_gmt":"2017-04-21T12:17:00","slug":"bye-bye-occupy","status":"publish","type":"post","link":"https:\/\/ferne-welten.com\/?p=1167","title":{"rendered":"Bye, Bye &#8211; Occupy!"},"content":{"rendered":"<p style=\"text-align: justify;\">Occupy? Was war das noch? Erinnert sich noch jemand? Am 15.10.2011 gingen Zehntausende in Deutschland auf die Stra\u00dfe. \u201eWir sind die 99 Prozent\u201c, lautete eine mehr als selbstbewusste Parole der Demonstrant_innen. \u201eWir sind das Volk\u201c war eine andere Parole, die deutlich machte, dass die Demonstrant_innen an einen mehr als fragw\u00fcrdigen Volksbegriff ankn\u00fcpften. Nach den Demonstrationen entstanden in verschiedenen St\u00e4dten kleinere Zeltlager, in denen die protestierenden Kleinb\u00fcrgerinnen und Kleinb\u00fcrger zusammenkamen, um als neue Wanderv\u00f6gel auf sich aufmerksam zu machen.<\/p>\n<p style=\"text-align: justify;\"><!--more--><\/p>\n<p style=\"text-align: justify;\">Zumindest dies ist ihnen zeitweilig gelungen: Es gab begeisterte Presseberichte \u00fcber die Camps und Aktionen der selbsternannten \u201eBewegung\u201c: \u201eHundetausende gegen das Kapital\u201c, jubelte die TAZ, die Bild-Zeitung schrieb vom nackten Protest gegen die Banken. In verschiedenen Fernsehtalkshows durften sich die Sprecher der \u201eOccupy-Bewegung\u201c darstellen und wurden als freundliche, friedliche und faszinierende Deutsche inszeniert, die eine berechtigte Kritik formulieren w\u00fcrden. \u201eDas ist eine richtige Volksbewegung geworden\u201c, jubelte Maybritt Ilner im ZDF. Doch die genaueren Inhalte, die viele Aktivist_innen vertreten wurden nicht n\u00e4her thematisiert.<\/p>\n<p style=\"text-align: justify;\">Viele Occupy-Aktivist_innen stammten aus dem verschw\u00f6rungsidelogischen Milieu der \u201eTruther\u201c und \u201eInfokrieger\u201c. Einige bezogen sich auf die antisemitische und geschichtsrevisionistische Zeitgeist-Film-Reihe. In diesen Verschw\u00f6rungsfilmen wird eine geheime Elite konstruiert, die die Welt beherrschen w\u00fcrde. Eine derartige Denkweise war auch Grundlage der \u201eOccupy-Bewegung\u201c; die von den 1 Prozent sprach, die sie f\u00fcr alles Unrecht der kapitalistischen Vergesellschaftung verantwortlich machte. Als \u201eElite\u201c wurde auf den Aktionen der \u201eOccupy-Bewegung\u201c wahlweise \u201eBankster\u201c, \u201ePolitgangster\u201c oder gar das Bilderberger-Treffen ausgemacht. Verschw\u00f6rungsideologen propagieren tats\u00e4chlich, dass auf diesem Treffen \u00fcber die n\u00e4chsten Schritte der angeblichen \u201eElite\u201c entschieden wird. Etwa wer der n\u00e4chste Bundeskanzler sein wird. Aktuell wird dies dem Sozialdemokraten Peer Steinbr\u00fcck nachgesagt.<\/p>\n<p style=\"text-align: justify;\">Die \u201eOccupy-Bewegung\u201c, in der derartige Theorien Gang und G\u00e4be waren, war vor allem eine Sammlungsbewegung aus w\u00fctenden Kleinb\u00fcrger_innen und ebenso w\u00fctenden Verschw\u00f6rungsfans. Sie war aber auch eine Bewegung, die nach ganz Rechtsau\u00dfen offen war: Rechtspopulisten verschiedenster Kleinst-Parteien in Frankfurt, Querfrontler wie J\u00fcrgen Els\u00e4sser in Berlin oder Holocaustleugner in D\u00fcsseldorf wurden von der \u201eOccupy-Bewegung\u201c mindestens geduldet. Auf ihren Demonstrationen, die sie selbst M\u00e4rsche nannten, konnte man ohne M\u00fchen antisemitische Hetze, nationalsozialistische Phrasen und w\u00fctende Vernichtungsphantasien entdecken: Henry Ford, der nicht nur Autos produzierte, sondern auch antisemitische Hetze wie das Buch \u201eDer internationale Jude\u2019\u201c ver\u00f6ffentlichte, war eine oft zitierte Person innerhalb der \u201eOccupy-Bewegung\u201c. Im NS-Jargon war dort von \u201eZinsknechtschaft\u201c die Rede, auf der gro\u00dfen Occupy\u2013Demonstration in Berlin waren Galgen auf Schildern zu sehen, die einige Aktivisten gebastelt hatten. \u201eEine Welt ohne 1 Prozent ist n\u00f6tig\u201c, hie\u00df es auf einem anderen Schild.<\/p>\n<p style=\"text-align: justify;\">Den Soundtrack zur Bewegung lieferte die verschw\u00f6rungsideologische Band \u201eDie Bandbreite\u201c, die einige M\u00e4rsche beschallte. In ihren Liedern geht es ganz verschw\u00f6rungsideologisch zur Sache: Die USA werden nicht nur f\u00fcr die Anschl\u00e4ge des 11. September 2001, sondern auch f\u00fcr den Angriff auf Pearl Harbour verantwortlich gemacht. In ihrem aktuellen Album ist die anti-feministische Ikone Eva Herman zu h\u00f6ren, dort ist ganz verschw\u00f6rungstheoretisch von der \u201eAids-L\u00fcge\u201c die Rede. Das Lied \u201eWas ist los in diesem Land\u201c, in dem gegen \u201eSchmarotzer\u201c und \u201eBonzen\u201c angesungen wird, schallte aus den Lautsprecherboxen in Berlin und in Frankfurt. \u201eMama wei\u00df nichts mehr wie es weitergeht\u201c, jammerte die Band dort. Dieser werfen Antifaschist_innen seit langem \u201esexistische, antisemitische und NS-relativierende Songtexte\u201d vor, sie durfte trotz alledem auf den Demonstrationen und Aktionen der \u201eOccupy-Bewegung\u201c auftreten.<\/p>\n<p style=\"text-align: justify;\">Mit dem Winter schwand auch das Interesse an der \u201eBewegung\u201c, die so hoffnungsvoll begonnen hatte. Am 15.01.2012 wollte man erneut auf die Stra\u00dfen der Bundesrepublik gehen. Doch aus zehntausenden wurden tausend, wie zum Beispiel in Berlin. Aus tausend wurden ein paar hundert, wie zum Beispiel in Dresden. Es folgte kein Katzenjammer, denn die Aktivist_innen der Bewegung sind davon \u00fcberzeugt, dass es nur eine Frage der Zeit ist, bis die 99 Prozent aktiv werden. So planen sie die n\u00e4chsten Aktionen und werden wohl weiterhin aktiv sein.<\/p>\n<p style=\"text-align: justify;\">Doch eines scheint nun sicher: Die \u201eOccupy-Bewegung\u201c wird als kleine Polit-Sekte enden, die weiterhin gegen die 1 Prozent mobil macht. Die Aktivist_innen der selbsternannten \u201eBewegung\u201c werden allerdings weiterhin, auch in neuen Zusammenh\u00e4ngen und Strukturen, an der verschw\u00f6rungideologischen Verkl\u00e4rung der Realit\u00e4t arbeiten. Sie werden weiterhin den Mythos von der angeblichen Elite propagieren, die f\u00fcr den Kapitalismus verantwortlich gemacht wird. Das Occupy-Label wird dann nicht mehr benutzt werden, sehr wohl aber die dahinterstehende regressive Ideologie.<\/p>\n<h5 style=\"text-align: center;\"><a href=\"http:\/\/www.freie-radios.net\/46393\">DIESE KOLUMNE WAR IN DER ANTIFA-RUBRIK DES RADIO-CORAX ZU H\u00d6REN. SIE KANN HIER HERUNTERGELADEN UND ANGEH\u00d6RT WERDEN.<\/a><\/h5>\n<a class=\"synved-social-button synved-social-button-share synved-social-size-32 synved-social-resolution-single synved-social-provider-facebook nolightbox\" data-provider=\"facebook\" target=\"_blank\" rel=\"nofollow\" title=\"Auf Facebook teilen\" href=\"https:\/\/www.facebook.com\/sharer.php?u=https%3A%2F%2Fferne-welten.com%2Findex.php%3Frest_route%3D%252Fwp%252Fv2%252Fposts%252F1167&#038;t=Bye%2C%20Bye%20%E2%80%93%20Occupy%21&#038;s=100&#038;p&#091;url&#093;=https%3A%2F%2Fferne-welten.com%2Findex.php%3Frest_route%3D%252Fwp%252Fv2%252Fposts%252F1167&#038;p&#091;images&#093;&#091;0&#093;=&#038;p&#091;title&#093;=Bye%2C%20Bye%20%E2%80%93%20Occupy%21\" style=\"font-size: 0px;width:32px;height:32px;margin:0;margin-bottom:5px;margin-right:5px\"><img loading=\"lazy\" decoding=\"async\" alt=\"Facebook\" title=\"Auf Facebook teilen\" class=\"synved-share-image synved-social-image synved-social-image-share\" width=\"32\" height=\"32\" style=\"display: inline;width:32px;height:32px;margin: 0;padding: 0;border: none;box-shadow: none\" src=\"https:\/\/ferne-welten.com\/wp-content\/plugins\/social-media-feather\/synved-social\/addons\/extra-icons\/image\/social\/circle\/64x64\/facebook.png\" \/><\/a><a class=\"synved-social-button synved-social-button-share synved-social-size-32 synved-social-resolution-single synved-social-provider-twitter nolightbox\" data-provider=\"twitter\" target=\"_blank\" rel=\"nofollow\" title=\"Auf Twitter teilen\" href=\"https:\/\/twitter.com\/intent\/tweet?url=https%3A%2F%2Fferne-welten.com%2Findex.php%3Frest_route%3D%252Fwp%252Fv2%252Fposts%252F1167&#038;text=Hey%20check%20this%20out\" style=\"font-size: 0px;width:32px;height:32px;margin:0;margin-bottom:5px;margin-right:5px\"><img loading=\"lazy\" decoding=\"async\" alt=\"twitter\" title=\"Auf Twitter teilen\" class=\"synved-share-image synved-social-image synved-social-image-share\" width=\"32\" height=\"32\" style=\"display: inline;width:32px;height:32px;margin: 0;padding: 0;border: none;box-shadow: none\" src=\"https:\/\/ferne-welten.com\/wp-content\/plugins\/social-media-feather\/synved-social\/addons\/extra-icons\/image\/social\/circle\/64x64\/twitter.png\" \/><\/a><a class=\"synved-social-button synved-social-button-share synved-social-size-32 synved-social-resolution-single synved-social-provider-reddit nolightbox\" data-provider=\"reddit\" target=\"_blank\" rel=\"nofollow\" title=\"Auf Reddit teilen\" href=\"https:\/\/www.reddit.com\/submit?url=https%3A%2F%2Fferne-welten.com%2Findex.php%3Frest_route%3D%252Fwp%252Fv2%252Fposts%252F1167&#038;title=Bye%2C%20Bye%20%E2%80%93%20Occupy%21\" style=\"font-size: 0px;width:32px;height:32px;margin:0;margin-bottom:5px;margin-right:5px\"><img loading=\"lazy\" decoding=\"async\" alt=\"reddit\" title=\"Auf Reddit teilen\" class=\"synved-share-image synved-social-image synved-social-image-share\" width=\"32\" height=\"32\" style=\"display: inline;width:32px;height:32px;margin: 0;padding: 0;border: none;box-shadow: none\" src=\"https:\/\/ferne-welten.com\/wp-content\/plugins\/social-media-feather\/synved-social\/addons\/extra-icons\/image\/social\/circle\/64x64\/reddit.png\" \/><\/a><a class=\"synved-social-button synved-social-button-share synved-social-size-32 synved-social-resolution-single synved-social-provider-pinterest nolightbox\" data-provider=\"pinterest\" target=\"_blank\" rel=\"nofollow\" title=\"Auf Pinterest pinnen\" href=\"https:\/\/pinterest.com\/pin\/create\/button\/?url=https%3A%2F%2Fferne-welten.com%2Findex.php%3Frest_route%3D%252Fwp%252Fv2%252Fposts%252F1167&#038;media=&#038;description=Bye%2C%20Bye%20%E2%80%93%20Occupy%21\" style=\"font-size: 0px;width:32px;height:32px;margin:0;margin-bottom:5px;margin-right:5px\"><img loading=\"lazy\" decoding=\"async\" alt=\"pinterest\" title=\"Auf Pinterest pinnen\" class=\"synved-share-image synved-social-image synved-social-image-share\" width=\"32\" height=\"32\" style=\"display: inline;width:32px;height:32px;margin: 0;padding: 0;border: none;box-shadow: none\" src=\"https:\/\/ferne-welten.com\/wp-content\/plugins\/social-media-feather\/synved-social\/addons\/extra-icons\/image\/social\/circle\/64x64\/pinterest.png\" \/><\/a><a class=\"synved-social-button synved-social-button-share synved-social-size-32 synved-social-resolution-single synved-social-provider-linkedin nolightbox\" data-provider=\"linkedin\" target=\"_blank\" rel=\"nofollow\" title=\"Auf Linkedin teilen\" href=\"https:\/\/www.linkedin.com\/shareArticle?mini=true&#038;url=https%3A%2F%2Fferne-welten.com%2Findex.php%3Frest_route%3D%252Fwp%252Fv2%252Fposts%252F1167&#038;title=Bye%2C%20Bye%20%E2%80%93%20Occupy%21\" style=\"font-size: 0px;width:32px;height:32px;margin:0;margin-bottom:5px;margin-right:5px\"><img loading=\"lazy\" decoding=\"async\" alt=\"linkedin\" title=\"Auf Linkedin teilen\" class=\"synved-share-image synved-social-image synved-social-image-share\" width=\"32\" height=\"32\" style=\"display: inline;width:32px;height:32px;margin: 0;padding: 0;border: none;box-shadow: none\" src=\"https:\/\/ferne-welten.com\/wp-content\/plugins\/social-media-feather\/synved-social\/addons\/extra-icons\/image\/social\/circle\/64x64\/linkedin.png\" \/><\/a><a class=\"synved-social-button synved-social-button-share synved-social-size-32 synved-social-resolution-single synved-social-provider-tumblr nolightbox\" data-provider=\"tumblr\" target=\"_blank\" rel=\"nofollow\" title=\"\u00dcber Tumblr teilen\" href=\"https:\/\/tumblr.com\/share?s=&#038;v=3&#038;t=Bye%2C%20Bye%20%E2%80%93%20Occupy%21&#038;u=https%3A%2F%2Fferne-welten.com%2Findex.php%3Frest_route%3D%252Fwp%252Fv2%252Fposts%252F1167\" style=\"font-size: 0px;width:32px;height:32px;margin:0;margin-bottom:5px;margin-right:5px\"><img loading=\"lazy\" decoding=\"async\" alt=\"tumblr\" title=\"\u00dcber Tumblr teilen\" class=\"synved-share-image synved-social-image synved-social-image-share\" width=\"32\" height=\"32\" style=\"display: inline;width:32px;height:32px;margin: 0;padding: 0;border: none;box-shadow: none\" src=\"https:\/\/ferne-welten.com\/wp-content\/plugins\/social-media-feather\/synved-social\/addons\/extra-icons\/image\/social\/circle\/64x64\/tumblr.png\" \/><\/a><a class=\"synved-social-button synved-social-button-share synved-social-size-32 synved-social-resolution-single synved-social-provider-mail nolightbox\" data-provider=\"mail\" rel=\"nofollow\" title=\"Link per Mail weiterleiten\" href=\"mailto:?subject=Bye%2C%20Bye%20%E2%80%93%20Occupy%21&#038;body=Hey%20check%20this%20out:%20https%3A%2F%2Fferne-welten.com%2Findex.php%3Frest_route%3D%252Fwp%252Fv2%252Fposts%252F1167\" style=\"font-size: 0px;width:32px;height:32px;margin:0;margin-bottom:5px\"><img loading=\"lazy\" decoding=\"async\" alt=\"mail\" title=\"Link per Mail weiterleiten\" class=\"synved-share-image synved-social-image synved-social-image-share\" width=\"32\" height=\"32\" style=\"display: inline;width:32px;height:32px;margin: 0;padding: 0;border: none;box-shadow: none\" src=\"https:\/\/ferne-welten.com\/wp-content\/plugins\/social-media-feather\/synved-social\/addons\/extra-icons\/image\/social\/circle\/64x64\/mail.png\" \/><\/a>","protected":false},"excerpt":{"rendered":"<p>Occupy? Was war das noch? Erinnert sich noch jemand? Am 15.10.2011 gingen Zehntausende in Deutschland auf die Stra\u00dfe. \u201eWir sind die 99 Prozent\u201c, lautete eine mehr als selbstbewusste Parole der Demonstrant_innen. \u201eWir sind das Volk\u201c war eine andere Parole, die&#8230;<br \/><a class=\"read-more-button\" href=\"https:\/\/ferne-welten.com\/?p=1167\">Read more<\/a><\/p>\n","protected":false},"author":1,"featured_media":0,"comment_status":"open","ping_status":"open","sticky":false,"template":"","format":"standard","meta":{"footnotes":""},"categories":[359,253,79],"tags":[217,218,195,355],"class_list":["post-1167","post","type-post","status-publish","format-standard","hentry","category-eiskaltland","category-hoerbares","category-mythen","tag-bandbreite","tag-corax","tag-occupy","tag-zeitgeist"],"_links":{"self":[{"href":"https:\/\/ferne-welten.com\/index.php?rest_route=\/wp\/v2\/posts\/1167","targetHints":{"allow":["GET"]}}],"collection":[{"href":"https:\/\/ferne-welten.com\/index.php?rest_route=\/wp\/v2\/posts"}],"about":[{"href":"https:\/\/ferne-welten.com\/index.php?rest_route=\/wp\/v2\/types\/post"}],"author":[{"embeddable":true,"href":"https:\/\/ferne-welten.com\/index.php?rest_route=\/wp\/v2\/users\/1"}],"replies":[{"embeddable":true,"href":"https:\/\/ferne-welten.com\/index.php?rest_route=%2Fwp%2Fv2%2Fcomments&post=1167"}],"version-history":[{"count":2,"href":"https:\/\/ferne-welten.com\/index.php?rest_route=\/wp\/v2\/posts\/1167\/revisions"}],"predecessor-version":[{"id":1207,"href":"https:\/\/ferne-welten.com\/index.php?rest_route=\/wp\/v2\/posts\/1167\/revisions\/1207"}],"wp:attachment":[{"href":"https:\/\/ferne-welten.com\/index.php?rest_route=%2Fwp%2Fv2%2Fmedia&parent=1167"}],"wp:term":[{"taxonomy":"category","embeddable":true,"href":"https:\/\/ferne-welten.com\/index.php?rest_route=%2Fwp%2Fv2%2Fcategories&post=1167"},{"taxonomy":"post_tag","embeddable":true,"href":"https:\/\/ferne-welten.com\/index.php?rest_route=%2Fwp%2Fv2%2Ftags&post=1167"}],"curies":[{"name":"wp","href":"https:\/\/api.w.org\/{rel}","templated":true}]}}