{"id":1172,"date":"2012-02-21T15:05:44","date_gmt":"2012-02-21T14:05:44","guid":{"rendered":"http:\/\/ferne-welten.com\/?p=1172"},"modified":"2017-04-21T13:18:38","modified_gmt":"2017-04-21T12:18:38","slug":"die-wahl-der-qual","status":"publish","type":"post","link":"https:\/\/ferne-welten.com\/?p=1172","title":{"rendered":"Die Wahl der Qual"},"content":{"rendered":"<p style=\"text-align: justify;\">Ein neuer Bundespr\u00e4sident wird gesucht: W\u00e4hrend eine gro\u00dfe deutsche Koalition, die fast alle Parteien umfasst, nun den ehemaligen B\u00fcrgerrechtler Joachim Gauck nominieren will, favorisieren einige Linkspartei-Politiker_innen und Piratenpartei-Aktivist_innen den Kabarettisten Georg Schramm. Es w\u00e4re eine Wahl wie zwischen Pest und Cholera. Joachim Gauck, der von einigen Netzaktivist_innen mit der hohlen Parole\u00a0\u201eYes, we Gauck\u201d\u00a0unterst\u00fctzt wurde, ist ein deutscher Antikommunist, der den Nationalsozialismus verharmlost, deutsche T\u00e4ter_innen zu Opfern machen will und dem dumm-dreisten Jubel-Nationalismus huldigt, der in Deutschland en vogue ist. Er ist wie die zu erwartende Pest, die von der Mehrheit der gro\u00dfen deutschen Koalition gew\u00e4hlt werden wird.<\/p>\n<p style=\"text-align: justify;\"><!--more--><\/p>\n<p style=\"text-align: justify;\">Die vermeintliche Alternative ist allerdings auch nicht besser: Der von Linkspartei-Politiker_innen und Pirat_innen ins Spiel gebrachte Kabarettist Georg Schramm begeistert sich f\u00fcr Verschw\u00f6rungsideologie und esoterische Anthroposophie, reproduziert einen strukturellen Antisemitismus und weitere Ressentiments. Er repr\u00e4sentiert die Cholera bei einer Entscheidung, die eigentlich keine Entscheidung ist. Bei der Wahl der Qual werden eventuell zwei Kandidaten antreten, die f\u00fcr ein Land geschaffen sind, das aus vor allem aus Vergangenheitsverharmloser_innen und Wutb\u00fcrger_innen zu bestehen scheint.<\/p>\n<p style=\"text-align: justify;\"><strong>Zwischen Antikommunismus und NS-Relativierung<\/strong><\/p>\n<p style=\"text-align: justify;\">Pastor Joachim Gauck ist Erstunterzeichner der\u00a0\u201ePrager Erkl\u00e4rung zum Gewissen Europas und zum Kommunismus\u201d (2008), welche die Vernichtungspraxis des Nationalsozialismus mit dem real existierenden Stalinismus des sowjetischen Blocks\u00a0<a href=\"http:\/\/clemensheni.wordpress.com\/2010\/06\/03\/joachim-gauck-die-prager-deklaration-und-europaischer-antisemitismus-heute\/\">gleichsetzt<\/a>. Mit der Erkl\u00e4rung wurde ein\u00a0\u201eEurop\u00e4ischer Tag des Gedenkens an die Opfer von Stalinismus und Nationalsozialismus\u201d\u00a0eingefordert, der am 23. September 2009 vom Europ\u00e4ischen Parlament beschlossen wurde. In der Entschlie\u00dfung des Parlaments, an der Joachim Gauck nicht unschuldig ist, wird die\u00a0\u201eeurop\u00e4ische Integration\u201d\u00a0als Antwort auf\u00a0\u201edie Leiden\u201dverkauft,\u00a0\u201edie zum Holocaust sowie zur Ausbreitung totalit\u00e4rer und undemokratischer kommunistischer Regime in Mittel\u2013 und Osteuropa f\u00fchrten\u201d. Mit derartigen Gleichsetzungen, zwischen der industriellen Vernichtung und der\u00a0\u201eAusbreitung (\u2026) kommunistischer Regime\u201d, wird der Holocaust offensiv verharmlost. Die Rolle der Roten Armee und der Sowjetunion, deren Soldat_innen als Befreier_innen nach Berlin kamen, wird nicht benannt.<\/p>\n<p style=\"text-align: justify;\">\u00c4hnliches geschieht in einem Verein, an dessen Spitze Gauck steht. Der Zusammenschluss\u00a0\u201eGegen Vergessen \u2013 F\u00fcr Demokratie e. V.\u201d\u00a0\u00e4u\u00dfert sich eindeutig: Bereits auf der\u00a0<a href=\"http:\/\/anonym.to\/?http:\/\/www.gegen-vergessen.de\/\">Internetseite\u00a0<\/a>sind die Schwerpunkte dieses konservativen Think-Tanks erkennbar: Man positioniert sich f\u00fcr\u00a0\u201edie Auseinandersetzung mit den nationalsozialistischen Verbrechen sowie dem Unrecht des SED-Regimes\u201d. Mit dieser Gleichsetzung werden die einzigartigen Verbrechen des Nationalsozialismus verharmlost. Dabei besteht ein Unterschied zwischen dem Stasi-Knast in\u00a0Hohensch\u00f6nhausen und den Vernichtungslagern in Auschwitz oder Sobibor. Dies d\u00fcrfte selbst ein deutscher Pfaffe erkennen. Doch Joachim Gauck scheint es sich zur Hauptaufgabe gemacht zu haben, die qualitativen Unterschiede zu verwischen.<\/p>\n<p style=\"text-align: justify;\">Daf\u00fcr macht Joachim Gauck das T\u00e4tervolk zu Opfern. O-Ton Gauck:\u00a0\u201eIn den letzten Jahren ist in Deutschland ein lange vernachl\u00e4ssigtes Erinnerungsgut wieder aufgetaucht: Deutsche als Opfer. Nach jahrzehntelanger Bearbeitung der deutschen Schuld in vielen Facetten tauchten Bombenkriegsopfer, Fl\u00fcchtlinge und Vertriebene wieder auf. Reflexartig wurde auch bei dieser Entwicklung die Warnung vor einer Relativierung der deutschen Schuld vorgebracht, f\u00fcr mich eine \u00fcberfl\u00fcssige Sorge\u201c. Gauck kn\u00fcpfte hier an den virulenten deutschen Opfermythos an, der bestrebt ist, die Mehrheit der Deutschen, zu weiteren Opfern des Nationalsozialismus zu machen. Im Interview mit dem Deutschlandfunk klagt Gauck daher \u00fcber eine angebliche\u00a0\u201e\u00dcbers\u00e4ttigung mit diesen Schuldthemen\u201d\u00a0und bastelt flei\u00dfig am deutschen Opfermythos:\u00a0\u201eDas sind die Schlesier und die Pommern und die Ostpreu\u00dfen, die alles verloren haben. Viele von uns anderen Deutschen haben manches verloren. Die haben dann ihre ganze Heimat verloren\u201d,\u00a0<a href=\"http:\/\/www.dradio.de\/dlf\/sendungen\/interview_dlf\/537543\/\">jammert\u00a0<\/a>der m\u00f6gliche zuk\u00fcnftige Bundespr\u00e4sident.<\/p>\n<p style=\"text-align: justify;\">Joachim Gauck ist ein deutscher\u00a0\u201ePatriot\u201d, der die nationalistischen Eruptionen, die anl\u00e4sslich von Herren-Fu\u00dfball-Weltmeisterschaften zu erleben sind, lobt und sich f\u00fcr Deutschland begeistert.\u00a0\u201eDer Patriotismus der Jungen vor vier Jahren, als die Weltmeisterschaft bei uns stattfand, der war einfach charmant, der war friedlich, der grenzte niemand aus\u201d,\u00a0<a href=\"http:\/\/www.fr-online.de\/politik\/joachim-gauck--ich-bin-nicht-ballack-oder-beckenbauer-,1472596,4480374.html\">behauptet\u00a0<\/a>der Kandidat, der von den zahlreichen \u00dcbergriffen auf Migrant_innen oder Menschen, die sich dem dumm-deutschen Jubel-Spektakel nicht anschlie\u00dfen wollten, schweigt. Er ist ein stolzer Deutscher, der\u00a0\u201esein Vaterland\u201d\u00a0liebt und der auf die Frage ob er\u00a0\u201ePatriot\u201d\u00a0sei, nur\u00a0<a href=\"http:\/\/www.rp-online.de\/politik\/deutschland\/bundespraesident\/ich-bin-ein-linker-liberaler-konservativer-1.2293759\">eine Antwort<\/a>\u00a0kennt:\u00a0\u201eAbsolut\u201d. Gauck erg\u00f6tzt sich an den deutschen Zust\u00e4nden, die er glorifiziert:\u00a0\u201eWir sind nicht mehr eine M\u00f6rdernation. Wir sind eine freiheitliche, demokratische Nation, ein sch\u00f6nes Land mit aktiven B\u00fcrgern\u201d, begeisterte sich der deutschnationale Kandidat in einem\u00a0<a href=\"http:\/\/www.rp-online.de\/politik\/deutschland\/bundespraesident\/ich-bin-ein-linker-liberaler-konservativer-1.2293759\">Interview<\/a>. Gauck liebt dieses Land und seine Fahne:\u00a0\u201eIch wusste schon immer, dass es meine Fahne ist\u201d, sagt Gauck.<\/p>\n<p style=\"text-align: justify;\">In diesem Kontext ist er ein passender Kandidat f\u00fcr die gro\u00df-deutsche Koalition, die sich auf den Pastor geeinigt hat.\u00a0<a href=\"http:\/\/clemensheni.wordpress.com\/2010\/06\/17\/%E2%80%9Egeistige-gesundung%E2%80%9C-%E2%80%93-joachim-gauck-und-die-neueste-deutsche-ideologie\/\">Ein\u00a0\u201eantikommunistischer Normalisierer der deutschen Geschichte\u201d<\/a>\u00a0wird seinen Teil dazu beitragen, eine ganz spezifische deutsche Vergangenheitsbew\u00e4ltigung zu betreiben. Als selbsternannter\u00a0\u201elinker, liberaler Konservativer\u201d\u00a0wird er von der gro\u00dfen deutschen Parteiengemeinschaft gew\u00e4hlt werden und fortan an der Umdeutung der deutschen Geschichte arbeiten. Seine zuk\u00fcnftigen Reden d\u00fcrfte dementsprechend ausfallen. Dann wird der Pastor mit salbungsvollen Worten die deutschen Zust\u00e4nde verharmlosen, den Nationalsozialismus bagatellisieren und den deutschen Opfermythos reproduzieren.<\/p>\n<p style=\"text-align: justify;\"><strong>Zwischen Verschw\u00f6rungsideologie und Esoterik<\/strong><\/p>\n<p style=\"text-align: justify;\">Der andere gehandelte Kandidat ist auch nicht besser. Georg Schramm besucht seit Jahren mit seiner Kunstfigur\u00a0Lothar Dombrowski die Kleinkunst-B\u00fchnen der Bundesrepublik. Er begeistert die deutschen Wutb\u00fcrger_innen, die wahlweise gegen einen\u00a0mehr als h\u00e4sslichen Bahnhof\u00a0mobil machen, gegen\u00a0die\u00a0<em>\u201eMacht der Banken\u201d<\/em>\u00a0aufmarschieren\u00a0oder\u00a0dem verschw\u00f6rungsideologischen Wahn\u00a0erlegen sind. Schramm hat eine politische Kunstfigur geschaffen, die ganz eifrig Politik betreibt. So zum Beispiel auf den Kundgebungen gegen Stuttgart 21, die vom umtriebigen Kabarettisten gleich mehrmals besucht wurden.<\/p>\n<p style=\"text-align: justify;\">Auf der\u00a0\u201e67. Montagsdemo\u201d\u00a0<a href=\"http:\/\/www.youtube.com\/watch?v=viUugfoPuSw\">sprach\u00a0<\/a>sich Georg Schramm im M\u00e4rz 2011 nicht nur f\u00fcr den h\u00e4sslichen deutschen Bahnhof aus, sondern hetzte gegen\u00a0\u201eZins\u00adwu\u00adcherer\u201c, \u201eSpe\u00adku\u00adlan\u00adten\u201c\u00a0und anderes\u00a0\u201eL\u00fcgenpack\u201d, dem er das deutsche\u00a0\u201eVolk\u201d\u00a0entgegenstellte. Dort\u00a0<a href=\"http:\/\/critiqueaujourdhui.blogsport.de\/2011\/12\/08\/kabarettist-georg-schramm-gegen-spekulanten-und-zinswucher\/\">bewegte\u00a0<\/a>sich Schramm in der Tradition des deutschen Antisemitismus, in dem er gegen\u00a0\u201eBanker\u201d\u00a0hetzte und ihre Lohnarbeit als\u00a0\u201edreckiges Handwerk\u201dbezeichnete, das\u00a0\u201eein ehrbarer Christ gar nicht aus\u00fcben wollte\u201d. Er\u00a0<a href=\"http:\/\/ikl959.wordpress.com\/2011\/03\/25\/an-den-faden-der-geldverleiher\/\">sprach\u00a0<\/a>von den\u00a0\u201eF\u00e4den der Geldverleiher\u201d, dem ein\u00a0\u201emarodes System\u201d\u00a0ausgeliefert sei.<\/p>\n<p style=\"text-align: justify;\">\u201eDas nennt man in der Biologie eine Symbiose, aber wenn es zu Lasten des Wirtstiers geht, nennt man es eine parasit\u00e4re Symbiose\u201d,\u00a0<a href=\"http:\/\/emanzipationoderbarbarei.blogsport.de\/2012\/02\/18\/derein-antisemit-als-bundespraesident\/\">rief\u00a0<\/a>Schramm der jubelnden Menge zu. Eine derartige Biologisierung war und ist eine Komponente deutscher Ideologie und eine Grundlage des Antisemitismus. Hier werden und wurden\u00a0Juden als\u00a0\u201eParasiten\u201d\u00a0bezeichnet, die das\u00a0\u201edeutsche Wirtstier\u201d\u00a0aussaugen w\u00fcrden. Ganz \u00e4hnlich \u00e4u\u00dferte sich Schramm, auch wenn er J\u00fcdinnen und Juden nicht direkt benannte, also auf einer Ebene des strukturellen Antisemitismus verblieb.<\/p>\n<p style=\"text-align: justify;\">Sein Faible f\u00fcr deutsche Wutb\u00fcrger_innen f\u00fchrte Schramm auch nach Frankfurt. Dort\u00a0<a href=\"http:\/\/vimeo.com\/32091158\">sprach\u00a0<\/a>der Kabarettist f\u00fcr die\u00a0deutsche\u00a0Occupy-Bewegung. Hier polemisierte der Kabarettist, der ganz und gar nicht witzig ist, gegen den\u00a0\u201eZins\u00adwu\u00adcher\u201d\u00a0und machte omin\u00f6se\u00a0\u201eHin\u00adter\u00adm\u00e4n\u00adner\u201d\u00a0verantwortlich. Schramm bewegt sich in deutscher Tradition, bereits der nationalsozialistische Theoretiker Gottfried Feder sprach in seinem Machwerk\u00a0\u201eDas Programm der NSDAP und seine weltanschaulichen Grundgedanken\u201d\u00a0im Jahr 1925\u00a0vom \u201esch\u00e4rfsten Einschreiten gegen Zinswucher\u201d.\u00a0Die Phrase vom\u00a0\u201eZinswucher\u201d\u00a0ist eindeutig besetzt und wurden von Teilen der\u00a0Occupy-Bewegung, aber auch von Georg Schramm, aufgegriffen. In Frankfurt wurde der deutsche Populist begeistert beklatscht.<\/p>\n<p style=\"text-align: justify;\">Ebenso begeistert zeigen sich die Zuschauer_innen, die Schramms Programm auf den Theaterb\u00fchnen der Republik begutachten. Vor einem Auftritt gab Schramm zwei Fans ein\u00a0<a href=\"http:\/\/www.youtube.com\/watch?v=LJEW1Kj4Gio\">ausf\u00fchrliches Interview<\/a>. Bei den Fans handelt es sich um Aktivisten von\u00a0\u201eWe are Change Schweiz\u201d, einer bekannten Plattform der Verschw\u00f6rungsszene. Hier haben sich\u00a0\u201eTruther\u201d\u00a0und\u00a0\u201eInfokrieger\u201d\u00a0organisiert, sie stellen die historischen Abl\u00e4ufe des 11. September 2001 in Frage und machen\u00a0 amerikanischen Institutionen f\u00fcr die m\u00f6rderischen Anschl\u00e4ge verantwortlich. Auf der Internetseite finden sich Reden des anti-europ\u00e4ischen Rechtspopulisten Nigel Farage und Interviews, die zum Beispiel mit Franz H\u00f6rman gef\u00fchrt wurden, der an\u00a0<a href=\"http:\/\/derstandard.at\/1326503744165\/Occupy-Austria-Occupy-ringt-um-Position-zu-Rechten-und-Sektierern\">anderer Stelle<\/a>\u00a0sagt, dass \u201edie Frage des Genozids zur Zeit des Nationalsozialismus nicht endg\u00fcltig gekl\u00e4rt\u201d\u00a0sei. Dort findet sich auch\u00a0<a href=\"http:\/\/schlamassel.blogsport.de\/2011\/12\/13\/georg-schramm-mein-ganzer-zorn-steckt-drin\/\">ein Interview<\/a>, das die Verschw\u00f6rungsideologen mit Georg Schramm gef\u00fchrt haben.<\/p>\n<p style=\"text-align: justify;\">Hier entpuppt sich Schramm als Mensch, dem verschw\u00f6rungsideologisches Denken und Esoterik nicht fremd sind. Der deutsche Kabarettist lobt\u00a0\u201edie Anthropsophen-Bank\u201d\u00a0GLS, die sich auf den\u00a0Esoteriker Rudolf Steiner\u00a0beruft. Dieser schuf nicht nur ein esoterisches Glaubenssystem, sondern\u00a0hetzte gegen\u00a0\u201eNegerromane\u201d\u00a0und machte in j\u00fcdischen B\u00fcrger_innen ein\u00a0\u201eZersetzungsferment\u201d\u00a0aus. Die Bank, die von Schramm beworben wird, ist ein Projekt seiner geistigen Nachfolger_innen. Hier wird daran gearbeitet, die Esoterik Rudolf Steiners gesellschaftlich zu verankern. Neben der Werbung f\u00fcr die esoterische Bank bejaht der Kaberettist im Interview die Existenz\u00a0angeblicher\u00a0\u201eChemtrails\u201d, mit denen Chemtrail-Theoretiker die Kondensstreifen von Flugzeugen bezeichnen, denen angeblich merkw\u00fcrdige Mittelchen untergemischt werden, um die Bev\u00f6lkerung zu dezimieren oder zu kontrollieren.<\/p>\n<p style=\"text-align: justify;\">Die Verschw\u00f6rungsfans von\u00a0\u201eWe are Change\u201d\u00a0freuten sich im Nachhinhein \u00fcber das Interview, dass auf zahlreichen Internetseiten des Verschw\u00f6rungsmilieus ver\u00f6ffentlicht wurde. Es sei sch\u00f6n, auf Menschen\u00a0\u201ezu treffen die wach sind, kritisch sind und zornig\u201d, hei\u00dft es auf der Internetseite von\u00a0\u201eWe are Change\u201d. Georg Schramm scheint mit den Verschw\u00f6rungsideologen gar kein Problem zu haben. Dies sollte nicht verwundern. Schlie\u00dflich passen seine Aussagen zu diesem Internetportal, auf dem sich ganz \u00e4hnliche Texte \u00fcber\u00a0\u201eZinswucher\u201d\u00a0und\u00a0\u201eGeldverleiher\u201d\u00a0finden lassen. Dort ist von einem\u00a0\u201eGesch\u00e4ftsmodell mit dem Zins\u201d\u00a0die Rede, das durch\u00a0\u201eSpekulation (\u2026), zum Krebsgeschw\u00fcr und Wucherung in den einzelnen Staaten\u201d\u00a0gef\u00fchrt h\u00e4tte.<\/p>\n<p style=\"text-align: justify;\">Die plumpen Parolen des Georg Schramm sto\u00dfen vor allem bei deutschen Wutb\u00fcrger_innen und bei Verschw\u00f6rungsfans, die die Verh\u00e4ltnisse verkl\u00e4ren, auf gro\u00dfe Gegenliebe. Die Reden des Kabarettisten finden sich auf zahlreichen Internetseiten der Verschw\u00f6rungsszene. Der nationalistische Verschw\u00f6rungsblog\u00a0\u201eWiderstand in Aktion\u201d\u00a0fordert Schramm sogar zur Kandidatur auf:\u00a0\u201eDas w\u00e4re ein perfekter Dienst am Vaterland all das zu verhindern oder hinauszuz\u00f6gern mit seinen Unterschriften was diese Verbrecher und Verr\u00e4terbande in der Bundsregierung dem eigenen Volk aufb\u00fcrdet\u201d.\u00a0Ebenso gro\u00dfe Liebe schl\u00e4gt ihm durch Politiker_innen der Links\u2013 und Piratenpartei entgegen, die den Populisten eventuell vorschlagen werden. Jan Vahlenkamp, ein Aktivist der Linkspartei, hat eine Petition angesto\u00dfen, die den Kabarettisten ins Schloss Bellevue bringen soll. Georg Schramm h\u00e4tte sich seit\u00a0\u201eJahrzehnte hinweg einen Namen als ebenso scharfz\u00fcngiger wie unterhaltsamer Kritiker des kapitalistischen Wirtschaftssystems gemacht\u201d, hei\u00dft es hier. Der<a href=\"http:\/\/www.sueddeutsche.de\/politik\/oskar-lafontaine-der-trommler-von-der-saar-1.689794\">\u00a0Mini-Napoleon<\/a>\u00a0Oscar Lafontaine h\u00e4lt Georg Schramm f\u00fcr einen\u00a0\u201einteressanten Vorschlag\u201c. Auch wenn der Kabarettist letztendlich nicht antreten sollte, verraten die \u00dcberlegungen durchaus einiges \u00fcber den Zustand der deutschen Linken und der noch deutscheren Piraten.<\/p>\n<p style=\"text-align: justify;\"><strong>Die Wahl-Qual<\/strong><\/p>\n<p style=\"text-align: justify;\">Schramm und Gauck passen ganz au\u00dferordentlich gut zu einem Land, in dem Wutb\u00fcrger_innen, Antikommunist_innen und Vergangenheitsbew\u00e4ltiger_innen gemeinsam den Ton angeben.\u00a0Die Ideologie der Kandidaten offenbart allerdings einiges \u00fcber die deutschen Zust\u00e4nde. Auf der einen Seite ein Wutb\u00fcrger, der gegen\u00a0\u201eGeldverleiher\u201d\u00a0und\u00a0\u201eParasiten\u201d\u00a0anschreit. Auf der anderen Seite ein stolzer\u00a0\u201ePatriot\u201d,\u00a0der\u201ePommern\u201d und Schlesier\u201d\u00a0zu Opfern macht. Letztendlich wird wohl Joachim Gauck gew\u00e4hlt werden, Georg Schramm d\u00fcrfte trotz alledem von der Medienaufmerksamkeit profitieren. Man wird mit beiden nicht gl\u00fccklich werden, egal wie diese Wahl-Qual ausgehen wird.<\/p>\n<h5 style=\"text-align: center;\">EINE \u00dcBERARBEITETE VERSION DIESES BEITRAGS IST IM BUCH \u201eEIN SUPER-GAUCK: POLITISCHE KULTUR IM NEUEN DEUTSCHLAND\u201c ERSCHIENEN, DAS \u00dcBER <a href=\"http:\/\/www.amazon.de\/Ein-Super-GAUck-Politische-Kultur-Deutschland\/dp\/3981454820\">AMAZON <\/a>BEZOGEN WERDEN KANN.<\/h5>\n<a class=\"synved-social-button synved-social-button-share synved-social-size-32 synved-social-resolution-single synved-social-provider-facebook nolightbox\" data-provider=\"facebook\" target=\"_blank\" rel=\"nofollow\" title=\"Auf Facebook teilen\" href=\"https:\/\/www.facebook.com\/sharer.php?u=https%3A%2F%2Fferne-welten.com%2Findex.php%3Frest_route%3D%252Fwp%252Fv2%252Fposts%252F1172&#038;t=Die%20Wahl%20der%20Qual&#038;s=100&#038;p&#091;url&#093;=https%3A%2F%2Fferne-welten.com%2Findex.php%3Frest_route%3D%252Fwp%252Fv2%252Fposts%252F1172&#038;p&#091;images&#093;&#091;0&#093;=&#038;p&#091;title&#093;=Die%20Wahl%20der%20Qual\" style=\"font-size: 0px;width:32px;height:32px;margin:0;margin-bottom:5px;margin-right:5px\"><img loading=\"lazy\" decoding=\"async\" alt=\"Facebook\" title=\"Auf Facebook teilen\" class=\"synved-share-image synved-social-image synved-social-image-share\" width=\"32\" height=\"32\" style=\"display: inline;width:32px;height:32px;margin: 0;padding: 0;border: none;box-shadow: none\" src=\"https:\/\/ferne-welten.com\/wp-content\/plugins\/social-media-feather\/synved-social\/addons\/extra-icons\/image\/social\/circle\/64x64\/facebook.png\" \/><\/a><a class=\"synved-social-button synved-social-button-share synved-social-size-32 synved-social-resolution-single synved-social-provider-twitter nolightbox\" data-provider=\"twitter\" target=\"_blank\" rel=\"nofollow\" title=\"Auf Twitter teilen\" href=\"https:\/\/twitter.com\/intent\/tweet?url=https%3A%2F%2Fferne-welten.com%2Findex.php%3Frest_route%3D%252Fwp%252Fv2%252Fposts%252F1172&#038;text=Hey%20check%20this%20out\" style=\"font-size: 0px;width:32px;height:32px;margin:0;margin-bottom:5px;margin-right:5px\"><img loading=\"lazy\" decoding=\"async\" alt=\"twitter\" title=\"Auf Twitter teilen\" class=\"synved-share-image synved-social-image synved-social-image-share\" width=\"32\" height=\"32\" style=\"display: inline;width:32px;height:32px;margin: 0;padding: 0;border: none;box-shadow: none\" src=\"https:\/\/ferne-welten.com\/wp-content\/plugins\/social-media-feather\/synved-social\/addons\/extra-icons\/image\/social\/circle\/64x64\/twitter.png\" \/><\/a><a class=\"synved-social-button synved-social-button-share synved-social-size-32 synved-social-resolution-single synved-social-provider-reddit nolightbox\" data-provider=\"reddit\" target=\"_blank\" rel=\"nofollow\" title=\"Auf Reddit teilen\" href=\"https:\/\/www.reddit.com\/submit?url=https%3A%2F%2Fferne-welten.com%2Findex.php%3Frest_route%3D%252Fwp%252Fv2%252Fposts%252F1172&#038;title=Die%20Wahl%20der%20Qual\" style=\"font-size: 0px;width:32px;height:32px;margin:0;margin-bottom:5px;margin-right:5px\"><img loading=\"lazy\" decoding=\"async\" alt=\"reddit\" title=\"Auf Reddit teilen\" class=\"synved-share-image synved-social-image synved-social-image-share\" width=\"32\" height=\"32\" style=\"display: inline;width:32px;height:32px;margin: 0;padding: 0;border: none;box-shadow: none\" src=\"https:\/\/ferne-welten.com\/wp-content\/plugins\/social-media-feather\/synved-social\/addons\/extra-icons\/image\/social\/circle\/64x64\/reddit.png\" \/><\/a><a class=\"synved-social-button synved-social-button-share synved-social-size-32 synved-social-resolution-single synved-social-provider-pinterest nolightbox\" data-provider=\"pinterest\" target=\"_blank\" rel=\"nofollow\" title=\"Auf Pinterest pinnen\" href=\"https:\/\/pinterest.com\/pin\/create\/button\/?url=https%3A%2F%2Fferne-welten.com%2Findex.php%3Frest_route%3D%252Fwp%252Fv2%252Fposts%252F1172&#038;media=&#038;description=Die%20Wahl%20der%20Qual\" style=\"font-size: 0px;width:32px;height:32px;margin:0;margin-bottom:5px;margin-right:5px\"><img loading=\"lazy\" decoding=\"async\" alt=\"pinterest\" title=\"Auf Pinterest pinnen\" class=\"synved-share-image synved-social-image synved-social-image-share\" width=\"32\" height=\"32\" style=\"display: inline;width:32px;height:32px;margin: 0;padding: 0;border: none;box-shadow: none\" src=\"https:\/\/ferne-welten.com\/wp-content\/plugins\/social-media-feather\/synved-social\/addons\/extra-icons\/image\/social\/circle\/64x64\/pinterest.png\" \/><\/a><a class=\"synved-social-button synved-social-button-share synved-social-size-32 synved-social-resolution-single synved-social-provider-linkedin nolightbox\" data-provider=\"linkedin\" target=\"_blank\" rel=\"nofollow\" title=\"Auf Linkedin teilen\" href=\"https:\/\/www.linkedin.com\/shareArticle?mini=true&#038;url=https%3A%2F%2Fferne-welten.com%2Findex.php%3Frest_route%3D%252Fwp%252Fv2%252Fposts%252F1172&#038;title=Die%20Wahl%20der%20Qual\" style=\"font-size: 0px;width:32px;height:32px;margin:0;margin-bottom:5px;margin-right:5px\"><img loading=\"lazy\" decoding=\"async\" alt=\"linkedin\" title=\"Auf Linkedin teilen\" class=\"synved-share-image synved-social-image synved-social-image-share\" width=\"32\" height=\"32\" style=\"display: inline;width:32px;height:32px;margin: 0;padding: 0;border: none;box-shadow: none\" src=\"https:\/\/ferne-welten.com\/wp-content\/plugins\/social-media-feather\/synved-social\/addons\/extra-icons\/image\/social\/circle\/64x64\/linkedin.png\" \/><\/a><a class=\"synved-social-button synved-social-button-share synved-social-size-32 synved-social-resolution-single synved-social-provider-tumblr nolightbox\" data-provider=\"tumblr\" target=\"_blank\" rel=\"nofollow\" title=\"\u00dcber Tumblr teilen\" href=\"https:\/\/tumblr.com\/share?s=&#038;v=3&#038;t=Die%20Wahl%20der%20Qual&#038;u=https%3A%2F%2Fferne-welten.com%2Findex.php%3Frest_route%3D%252Fwp%252Fv2%252Fposts%252F1172\" style=\"font-size: 0px;width:32px;height:32px;margin:0;margin-bottom:5px;margin-right:5px\"><img loading=\"lazy\" decoding=\"async\" alt=\"tumblr\" title=\"\u00dcber Tumblr teilen\" class=\"synved-share-image synved-social-image synved-social-image-share\" width=\"32\" height=\"32\" style=\"display: inline;width:32px;height:32px;margin: 0;padding: 0;border: none;box-shadow: none\" src=\"https:\/\/ferne-welten.com\/wp-content\/plugins\/social-media-feather\/synved-social\/addons\/extra-icons\/image\/social\/circle\/64x64\/tumblr.png\" \/><\/a><a class=\"synved-social-button synved-social-button-share synved-social-size-32 synved-social-resolution-single synved-social-provider-mail nolightbox\" data-provider=\"mail\" rel=\"nofollow\" title=\"Link per Mail weiterleiten\" href=\"mailto:?subject=Die%20Wahl%20der%20Qual&#038;body=Hey%20check%20this%20out:%20https%3A%2F%2Fferne-welten.com%2Findex.php%3Frest_route%3D%252Fwp%252Fv2%252Fposts%252F1172\" style=\"font-size: 0px;width:32px;height:32px;margin:0;margin-bottom:5px\"><img loading=\"lazy\" decoding=\"async\" alt=\"mail\" title=\"Link per Mail weiterleiten\" class=\"synved-share-image synved-social-image synved-social-image-share\" width=\"32\" height=\"32\" style=\"display: inline;width:32px;height:32px;margin: 0;padding: 0;border: none;box-shadow: none\" src=\"https:\/\/ferne-welten.com\/wp-content\/plugins\/social-media-feather\/synved-social\/addons\/extra-icons\/image\/social\/circle\/64x64\/mail.png\" \/><\/a>","protected":false},"excerpt":{"rendered":"<p>Ein neuer Bundespr\u00e4sident wird gesucht: W\u00e4hrend eine gro\u00dfe deutsche Koalition, die fast alle Parteien umfasst, nun den ehemaligen B\u00fcrgerrechtler Joachim Gauck nominieren will, favorisieren einige Linkspartei-Politiker_innen und Piratenpartei-Aktivist_innen den Kabarettisten Georg Schramm. Es w\u00e4re eine Wahl wie zwischen Pest und&#8230;<br \/><a class=\"read-more-button\" href=\"https:\/\/ferne-welten.com\/?p=1172\">Read more<\/a><\/p>\n","protected":false},"author":1,"featured_media":0,"comment_status":"open","ping_status":"open","sticky":false,"template":"","format":"standard","meta":{"footnotes":""},"categories":[359,61,79],"tags":[107,361,335,360,89,363,71,364,195,362,109,165,135],"class_list":["post-1172","post","type-post","status-publish","format-standard","hentry","category-eiskaltland","category-lesbares","category-mythen","tag-antisemitismus","tag-georg-schramm","tag-geschichtsrevisionismus","tag-joachim-gauck","tag-linkspartei","tag-nationalismus","tag-nationalsozialismus","tag-nigel-farage","tag-occupy","tag-piratenpartei","tag-rudolf-steiner","tag-verschwoerungsideologie","tag-we-are-change"],"_links":{"self":[{"href":"https:\/\/ferne-welten.com\/index.php?rest_route=\/wp\/v2\/posts\/1172","targetHints":{"allow":["GET"]}}],"collection":[{"href":"https:\/\/ferne-welten.com\/index.php?rest_route=\/wp\/v2\/posts"}],"about":[{"href":"https:\/\/ferne-welten.com\/index.php?rest_route=\/wp\/v2\/types\/post"}],"author":[{"embeddable":true,"href":"https:\/\/ferne-welten.com\/index.php?rest_route=\/wp\/v2\/users\/1"}],"replies":[{"embeddable":true,"href":"https:\/\/ferne-welten.com\/index.php?rest_route=%2Fwp%2Fv2%2Fcomments&post=1172"}],"version-history":[{"count":2,"href":"https:\/\/ferne-welten.com\/index.php?rest_route=\/wp\/v2\/posts\/1172\/revisions"}],"predecessor-version":[{"id":1209,"href":"https:\/\/ferne-welten.com\/index.php?rest_route=\/wp\/v2\/posts\/1172\/revisions\/1209"}],"wp:attachment":[{"href":"https:\/\/ferne-welten.com\/index.php?rest_route=%2Fwp%2Fv2%2Fmedia&parent=1172"}],"wp:term":[{"taxonomy":"category","embeddable":true,"href":"https:\/\/ferne-welten.com\/index.php?rest_route=%2Fwp%2Fv2%2Fcategories&post=1172"},{"taxonomy":"post_tag","embeddable":true,"href":"https:\/\/ferne-welten.com\/index.php?rest_route=%2Fwp%2Fv2%2Ftags&post=1172"}],"curies":[{"name":"wp","href":"https:\/\/api.w.org\/{rel}","templated":true}]}}