{"id":1174,"date":"2012-02-15T15:14:37","date_gmt":"2012-02-15T14:14:37","guid":{"rendered":"http:\/\/ferne-welten.com\/?p=1174"},"modified":"2017-04-30T12:02:49","modified_gmt":"2017-04-30T11:02:49","slug":"das-interview","status":"publish","type":"post","link":"https:\/\/ferne-welten.com\/?p=1174","title":{"rendered":"Das Interview"},"content":{"rendered":"<div class=\"content\">\n<p style=\"text-align: justify;\">In der gestrigen Ausgabe der Tageszeitung\u00a0Junge Welt wurde der Verschw\u00f6rungspropagandist Christoph R. H\u00f6rstel befragt, der eine wichtige Figur im Milieu der\u00a0\u201eTruther\u201d\u00a0und\u00a0\u201eInfokrieger\u201d\u00a0darstellt.<\/p>\n<p style=\"text-align: justify;\"><!--more--><\/p>\n<p style=\"text-align: justify;\">Im Interview mit der Tageszeitung ging es um einige Personen, die vor ein paar Tagen verhaftet wurden, weil sie im Verdacht stehen, an der \u00dcberwachung syrischer Oppositioneller in Deutschland beteiligt gewesen zu sein. Christoph R. H\u00f6rstel hat sein Urteil bereits gef\u00e4llt:\u00a0\u201e<\/p>\n<blockquote><p>Ich denke nicht, da\u00df auch nur einer der Festgenommenen sich am Ende als einer der Beteiligten herausstellt bei dem rechtswidrigen und gewaltsamen \u00dcbergriff gegen den syrischen NATO-Komplizen in Berlin.<\/p><\/blockquote>\n<p style=\"text-align: justify;\">In der Jungen Welt wurde H\u00f6rstel\u00a0als\u00a0\u201ePublizist und Experte f\u00fcr Zentral\u2013 und S\u00fcdasien, Nah\u2013 und Mittelost\u201d\u00a0vorgestellt, seine wichtigsten politischen Positionen kamen daf\u00fcr nicht zur Sprache, dabei w\u00fcrden sie gut zu dieser Tageszeitung passen.<\/p>\n<p style=\"text-align: justify;\">Der ehemalige ARD-Journalist und Siemens-Mitarbeiter Christoph R. H\u00f6rstel bet\u00e4tigt sich seit Jahren als Person, die die Ereignisse des 11. Septembers 2001 umdeutet. Er spricht, im Interview mit dem antisemitischen Internetportal\u00a0\u201eMuslim Markt\u201d, von einem\u00a0\u201eangeblichen Attentat\u201d\u00a0am 11. September 2001. H\u00f6rstel ist sich sicher, dass die Anschl\u00e4ge durch\u00a0\u201edie CIA unter ihrem ehemaligen Chef George Tenet ma\u00dfgeblich mitorganisiert\u201d\u00a0wurden. Mit derartigen Theorien sorgt H\u00f6rstel f\u00fcr Begeisterung im Milieu der\u00a0\u201eTruther\u201d, \u201eInfokrieger\u201d\u00a0und\u00a0\u201eWahrheitsbewegten\u201d, die die Anschl\u00e4ge des 11. Septembers 2001 auf \u00e4hnliche Weise umdeuten.<\/p>\n<p style=\"text-align: justify;\">H\u00f6rstel ist einer der Ihren: Daher durfte er auch am 10. September 2011, auf\u00a0einem Aufmarsch der Verschw\u00f6rungsszene\u00a0in Karlsruhe,\u00a0eine Brandrede\u00a0halten, die von den begeisterten Verschw\u00f6rungsfans mit\u00a0\u201eWir sind das Volk\u201d\u2013Rufen quittiert wurde.<\/p>\n<p style=\"text-align: justify;\">Dort propagierte H\u00f6rstel verschiedene Mythen und entwarf ein Jahrhundert der Verschw\u00f6rungen, f\u00fcr das\u00a0er eine\u00a0\u201eganz kleine Clique\u201d\u00a0verantwortlich machte. Er erinnerte auch an Verschw\u00f6rungsmythen um den Untergang der Lusitania, der immer wieder als Beispiel f\u00fcr eine fr\u00fche\u00a0\u201eFalse-Flag\u201d\u2013Aktion angef\u00fchrt wird.<\/p>\n<p style=\"text-align: justify;\">Im Falle der Lusitania, die am 7. Mai 1915 von einem deutschen U-Boot angegriffen und versenkt wurde, wird die Behauptung aufgestellt, dass die USA f\u00fcr den Untergang des Passagierschiffes verantwortlich gewesen seien, um in den ersten Weltkrieg eingreifen zu k\u00f6nnen. Dies was allerdings erst zwei Jahre sp\u00e4ter, am 6. April 1917, der Fall. Mit dem Lusitana-Verschw\u00f6rungsmythos werden die deutschen Angreifer entlastet. Kein Wunder, dass diese Theorie auch in der rechten Szene beliebt ist. H\u00f6rstel sprach in seiner Brandrede wohl auch daher von rechten Freunden:<\/p>\n<blockquote><p>Da kom\u00admen un\u00adse\u00adre Freun\u00adde von Rechts, die mit den selt\u00adsa\u00admen Stie\u00adfeln und den kur\u00adzen Haa\u00adren und wei\u00adsen auf 1916 hin, auf die\u00adses Schiff na\u00admens Lu\u00adsi\u00adta\u00adnia. Ihr Lie\u00adben, Recht habt ihr! Das war auch eine ge\u00adzink\u00adte Saue\u00adrei.<\/p><\/blockquote>\n<p style=\"text-align: justify;\">Die Rede findet sich bis heute im Internet und ist mit\u00a0\u201eDeutschlands Helden der Wahrheit\u201d\u00a0betitelt.<\/p>\n<p style=\"text-align: justify;\">Im\u00a0<a href=\"http:\/\/anonym.to\/?http:\/\/www.jungewelt.de\/2012\/02-14\/042.php\">Interview\u00a0<\/a>mit der Tageszeitung Junge Welt sprach H\u00f6rstel zwar nicht von seinen rechten Freunden, daf\u00fcr deutete er aber seine anti-israelischen Positionen an:<\/p>\n<blockquote><p>Antisemitismus ist auch so ein Vorwurf, der ja auch im Bundestag beliebt geworden ist, wenn es jemand wagen sollte, die abenteuerliche Politik Israels zu kritisieren<\/p><\/blockquote>\n<p style=\"text-align: justify;\">Diese Position ist vergleichsweise harmlos, wenn man sich andere Interviews und Offene Briefe anschaut, f\u00fcr die der umtriebige anti-israelische Apologet verantwortlich ist. In einem Offenen Brief an den israelischen Botschafter droht er:<\/p>\n<blockquote><p>Sollte auch nur eine einzige israelische Bombe auf den Iran fallen, erkl\u00e4re ich hiermit, dass ich mich danach stets, \u00fcberall, engagiert und unter allen Umst\u00e4nden f\u00fcr die \u2018Ein-Staaten-L\u00f6sung\u2019 in Nahost einsetzen werde.<\/p><\/blockquote>\n<p style=\"text-align: justify;\">In einem Interview mit dem Verschw\u00f6rungsfilmer Frank H\u00f6fer, der mit\u00a0seiner\u00a0NuoViso\u2013Filmproduktion\u00a0Filme zum\u00a011. September\u00a0und \u00fcber Kornkreise produziert, spricht H\u00f6rstel ebenfalls Klartext.<\/p>\n<blockquote><p>Man s\u00e4ubert glaubensm\u00e4\u00dfig dieses Gebiet von Muslimen. Das ist die zionistische Denkweise.<\/p><\/blockquote>\n<p style=\"text-align: justify;\">Dort wird auch eine weitere Position des Christoph R. H\u00f6rstel deutlich, die in der Jungen Welt\u00a0verst\u00e4ndlicherweise nicht zur Sprache kam. H\u00f6rstel relativiert im\u00a0<a href=\"http:\/\/anonym.to\/?http:\/\/www.youtube.com\/watch?feature=player_embedded&amp;v=G4Sd2mzHRqk#!\">Interview\u00a0<\/a>mit\u00a0NuoViso\u00a0ganz offen die Shoa, indem er die Todeszahlen des Menschheitsverbrechens in Frage stellt:<\/p>\n<blockquote><p>Wenn es dabei bleibt (\u2026), dass wir (\u2026) die hunderttausenden, vielleicht\u00a0Millionen Toten eines schrecklichen Verbrechens, verrechnen und sagen, deshalb darf Israel neue Verbrechen begehen und wir Deutschen d\u00fcrften dagegen nichts sagen, das ist eine Rechnung die historisch (\u2026) nicht aufgeht.<\/p><\/blockquote>\n<p style=\"text-align: justify;\">Trotz oder wegen seiner Positionen, die H\u00f6rstel bereits im Jahr 2009 formulierte, wurde er nun von der Tageszeitung\u00a0Junge Welt\u00a0interviewt. Das nationalbolschewistische Bl\u00e4ttchen scheint mit der anti-israelischen und\u00a0 verschw\u00f6rungsideologischen Propaganda, f\u00fcr die Christoph R. H\u00f6rstel ber\u00fchmt und ber\u00fcchtigt ist, gar kein Problem zu haben.<\/p>\n<p style=\"text-align: justify;\">Es ist allerdings nicht nur die\u00a0Junge Welt, die Interviews mit Christoph H\u00f6rstel f\u00fchrt. Ein weiteres Interview wurde bereits am 13. Juni 2011 von der Internetseite\u201eInfokrieger-News\u201d\u00a0ins Internet\u00a0<a href=\"http:\/\/anonym.to\/?http:\/\/iknews.de\/2011\/06\/13\/netzgemeinde-contra-leitmedien-ein-interview-mit-christoph-horstel\/\">gestellt<\/a>. Dieses Interview wurde am 14. Dezember 2011 von\u00a0\u201eRadio Zusa\u201d\u00a0aus L\u00fcneburg erneut\u00a0<a href=\"http:\/\/www.freie-radios.net\/45103\">gesendet<\/a>, allerdings ohne Verweis auf dessen Herkunft, einer\u00a0Internetseite der Verschw\u00f6rungsszene. Kurz darauf wurde dieses Interview von\u00a0\u201eRadio Lora\u201d\u00a0aus M\u00fcnchen\u00a0<a href=\"http:\/\/schlamassel.blogsport.de\/2012\/02\/14\/bei-rechts-und-links-beliebt-christoph-hoerstel\/\">\u00fcbernommen<\/a>.<\/p>\n<p style=\"text-align: justify;\">Interviews mit dem Verschw\u00f6rungsideologen Christoph R. H\u00f6rstel finden sich also nicht nur in der nationalbolschewistischen Tageszeitung\u00a0Junge Welt, sondern auch im Programm einiger linksalternativer Radiosender. Die verschw\u00f6rungsideologische Verkl\u00e4rung der Realit\u00e4t ist eben nicht nur die Sache von\u201eTruthern\u201d\u00a0und\u00a0\u201eInfokriegern\u201d.<\/p>\n<\/div>\n<a class=\"synved-social-button synved-social-button-share synved-social-size-32 synved-social-resolution-single synved-social-provider-facebook nolightbox\" data-provider=\"facebook\" target=\"_blank\" rel=\"nofollow\" title=\"Auf Facebook teilen\" href=\"https:\/\/www.facebook.com\/sharer.php?u=https%3A%2F%2Fferne-welten.com%2Findex.php%3Frest_route%3D%252Fwp%252Fv2%252Fposts%252F1174&#038;t=Das%20Interview&#038;s=100&#038;p&#091;url&#093;=https%3A%2F%2Fferne-welten.com%2Findex.php%3Frest_route%3D%252Fwp%252Fv2%252Fposts%252F1174&#038;p&#091;images&#093;&#091;0&#093;=&#038;p&#091;title&#093;=Das%20Interview\" style=\"font-size: 0px;width:32px;height:32px;margin:0;margin-bottom:5px;margin-right:5px\"><img loading=\"lazy\" decoding=\"async\" alt=\"Facebook\" title=\"Auf Facebook teilen\" class=\"synved-share-image synved-social-image synved-social-image-share\" width=\"32\" height=\"32\" style=\"display: inline;width:32px;height:32px;margin: 0;padding: 0;border: none;box-shadow: none\" src=\"https:\/\/ferne-welten.com\/wp-content\/plugins\/social-media-feather\/synved-social\/addons\/extra-icons\/image\/social\/circle\/64x64\/facebook.png\" \/><\/a><a class=\"synved-social-button synved-social-button-share synved-social-size-32 synved-social-resolution-single synved-social-provider-twitter nolightbox\" data-provider=\"twitter\" target=\"_blank\" rel=\"nofollow\" title=\"Auf Twitter teilen\" href=\"https:\/\/twitter.com\/intent\/tweet?url=https%3A%2F%2Fferne-welten.com%2Findex.php%3Frest_route%3D%252Fwp%252Fv2%252Fposts%252F1174&#038;text=Hey%20check%20this%20out\" style=\"font-size: 0px;width:32px;height:32px;margin:0;margin-bottom:5px;margin-right:5px\"><img loading=\"lazy\" decoding=\"async\" alt=\"twitter\" title=\"Auf Twitter teilen\" class=\"synved-share-image synved-social-image synved-social-image-share\" width=\"32\" height=\"32\" style=\"display: inline;width:32px;height:32px;margin: 0;padding: 0;border: none;box-shadow: none\" src=\"https:\/\/ferne-welten.com\/wp-content\/plugins\/social-media-feather\/synved-social\/addons\/extra-icons\/image\/social\/circle\/64x64\/twitter.png\" \/><\/a><a class=\"synved-social-button synved-social-button-share synved-social-size-32 synved-social-resolution-single synved-social-provider-reddit nolightbox\" data-provider=\"reddit\" target=\"_blank\" rel=\"nofollow\" title=\"Auf Reddit teilen\" href=\"https:\/\/www.reddit.com\/submit?url=https%3A%2F%2Fferne-welten.com%2Findex.php%3Frest_route%3D%252Fwp%252Fv2%252Fposts%252F1174&#038;title=Das%20Interview\" style=\"font-size: 0px;width:32px;height:32px;margin:0;margin-bottom:5px;margin-right:5px\"><img loading=\"lazy\" decoding=\"async\" alt=\"reddit\" title=\"Auf Reddit teilen\" class=\"synved-share-image synved-social-image synved-social-image-share\" width=\"32\" height=\"32\" style=\"display: inline;width:32px;height:32px;margin: 0;padding: 0;border: none;box-shadow: none\" src=\"https:\/\/ferne-welten.com\/wp-content\/plugins\/social-media-feather\/synved-social\/addons\/extra-icons\/image\/social\/circle\/64x64\/reddit.png\" \/><\/a><a class=\"synved-social-button synved-social-button-share synved-social-size-32 synved-social-resolution-single synved-social-provider-pinterest nolightbox\" data-provider=\"pinterest\" target=\"_blank\" rel=\"nofollow\" title=\"Auf Pinterest pinnen\" href=\"https:\/\/pinterest.com\/pin\/create\/button\/?url=https%3A%2F%2Fferne-welten.com%2Findex.php%3Frest_route%3D%252Fwp%252Fv2%252Fposts%252F1174&#038;media=&#038;description=Das%20Interview\" style=\"font-size: 0px;width:32px;height:32px;margin:0;margin-bottom:5px;margin-right:5px\"><img loading=\"lazy\" decoding=\"async\" alt=\"pinterest\" title=\"Auf Pinterest pinnen\" class=\"synved-share-image synved-social-image synved-social-image-share\" width=\"32\" height=\"32\" style=\"display: inline;width:32px;height:32px;margin: 0;padding: 0;border: none;box-shadow: none\" src=\"https:\/\/ferne-welten.com\/wp-content\/plugins\/social-media-feather\/synved-social\/addons\/extra-icons\/image\/social\/circle\/64x64\/pinterest.png\" \/><\/a><a class=\"synved-social-button synved-social-button-share synved-social-size-32 synved-social-resolution-single synved-social-provider-linkedin nolightbox\" data-provider=\"linkedin\" target=\"_blank\" rel=\"nofollow\" title=\"Auf Linkedin teilen\" href=\"https:\/\/www.linkedin.com\/shareArticle?mini=true&#038;url=https%3A%2F%2Fferne-welten.com%2Findex.php%3Frest_route%3D%252Fwp%252Fv2%252Fposts%252F1174&#038;title=Das%20Interview\" style=\"font-size: 0px;width:32px;height:32px;margin:0;margin-bottom:5px;margin-right:5px\"><img loading=\"lazy\" decoding=\"async\" alt=\"linkedin\" title=\"Auf Linkedin teilen\" class=\"synved-share-image synved-social-image synved-social-image-share\" width=\"32\" height=\"32\" style=\"display: inline;width:32px;height:32px;margin: 0;padding: 0;border: none;box-shadow: none\" src=\"https:\/\/ferne-welten.com\/wp-content\/plugins\/social-media-feather\/synved-social\/addons\/extra-icons\/image\/social\/circle\/64x64\/linkedin.png\" \/><\/a><a class=\"synved-social-button synved-social-button-share synved-social-size-32 synved-social-resolution-single synved-social-provider-tumblr nolightbox\" data-provider=\"tumblr\" target=\"_blank\" rel=\"nofollow\" title=\"\u00dcber Tumblr teilen\" href=\"https:\/\/tumblr.com\/share?s=&#038;v=3&#038;t=Das%20Interview&#038;u=https%3A%2F%2Fferne-welten.com%2Findex.php%3Frest_route%3D%252Fwp%252Fv2%252Fposts%252F1174\" style=\"font-size: 0px;width:32px;height:32px;margin:0;margin-bottom:5px;margin-right:5px\"><img loading=\"lazy\" decoding=\"async\" alt=\"tumblr\" title=\"\u00dcber Tumblr teilen\" class=\"synved-share-image synved-social-image synved-social-image-share\" width=\"32\" height=\"32\" style=\"display: inline;width:32px;height:32px;margin: 0;padding: 0;border: none;box-shadow: none\" src=\"https:\/\/ferne-welten.com\/wp-content\/plugins\/social-media-feather\/synved-social\/addons\/extra-icons\/image\/social\/circle\/64x64\/tumblr.png\" \/><\/a><a class=\"synved-social-button synved-social-button-share synved-social-size-32 synved-social-resolution-single synved-social-provider-mail nolightbox\" data-provider=\"mail\" rel=\"nofollow\" title=\"Link per Mail weiterleiten\" href=\"mailto:?subject=Das%20Interview&#038;body=Hey%20check%20this%20out:%20https%3A%2F%2Fferne-welten.com%2Findex.php%3Frest_route%3D%252Fwp%252Fv2%252Fposts%252F1174\" style=\"font-size: 0px;width:32px;height:32px;margin:0;margin-bottom:5px\"><img loading=\"lazy\" decoding=\"async\" alt=\"mail\" title=\"Link per Mail weiterleiten\" class=\"synved-share-image synved-social-image synved-social-image-share\" width=\"32\" height=\"32\" style=\"display: inline;width:32px;height:32px;margin: 0;padding: 0;border: none;box-shadow: none\" src=\"https:\/\/ferne-welten.com\/wp-content\/plugins\/social-media-feather\/synved-social\/addons\/extra-icons\/image\/social\/circle\/64x64\/mail.png\" \/><\/a>","protected":false},"excerpt":{"rendered":"<p>In der gestrigen Ausgabe der Tageszeitung\u00a0Junge Welt wurde der Verschw\u00f6rungspropagandist Christoph R. H\u00f6rstel befragt, der eine wichtige Figur im Milieu der\u00a0\u201eTruther\u201d\u00a0und\u00a0\u201eInfokrieger\u201d\u00a0darstellt.<\/p>\n","protected":false},"author":1,"featured_media":0,"comment_status":"open","ping_status":"open","sticky":false,"template":"","format":"standard","meta":{"footnotes":""},"categories":[79],"tags":[107,197,287,202],"class_list":["post-1174","post","type-post","status-publish","format-standard","hentry","category-mythen","tag-antisemitismus","tag-christoph-hoerstel","tag-israel","tag-junge-welt"],"_links":{"self":[{"href":"https:\/\/ferne-welten.com\/index.php?rest_route=\/wp\/v2\/posts\/1174","targetHints":{"allow":["GET"]}}],"collection":[{"href":"https:\/\/ferne-welten.com\/index.php?rest_route=\/wp\/v2\/posts"}],"about":[{"href":"https:\/\/ferne-welten.com\/index.php?rest_route=\/wp\/v2\/types\/post"}],"author":[{"embeddable":true,"href":"https:\/\/ferne-welten.com\/index.php?rest_route=\/wp\/v2\/users\/1"}],"replies":[{"embeddable":true,"href":"https:\/\/ferne-welten.com\/index.php?rest_route=%2Fwp%2Fv2%2Fcomments&post=1174"}],"version-history":[{"count":2,"href":"https:\/\/ferne-welten.com\/index.php?rest_route=\/wp\/v2\/posts\/1174\/revisions"}],"predecessor-version":[{"id":1400,"href":"https:\/\/ferne-welten.com\/index.php?rest_route=\/wp\/v2\/posts\/1174\/revisions\/1400"}],"wp:attachment":[{"href":"https:\/\/ferne-welten.com\/index.php?rest_route=%2Fwp%2Fv2%2Fmedia&parent=1174"}],"wp:term":[{"taxonomy":"category","embeddable":true,"href":"https:\/\/ferne-welten.com\/index.php?rest_route=%2Fwp%2Fv2%2Fcategories&post=1174"},{"taxonomy":"post_tag","embeddable":true,"href":"https:\/\/ferne-welten.com\/index.php?rest_route=%2Fwp%2Fv2%2Ftags&post=1174"}],"curies":[{"name":"wp","href":"https:\/\/api.w.org\/{rel}","templated":true}]}}