{"id":1178,"date":"2012-02-01T15:18:48","date_gmt":"2012-02-01T14:18:48","guid":{"rendered":"http:\/\/ferne-welten.com\/?p=1178"},"modified":"2017-04-21T13:28:52","modified_gmt":"2017-04-21T12:28:52","slug":"marsch-nach-jerusalem","status":"publish","type":"post","link":"https:\/\/ferne-welten.com\/?p=1178","title":{"rendered":"Marsch nach Jerusalem"},"content":{"rendered":"<p style=\"text-align: justify;\">Ein\u00a0\u201eInternationales Komitee\u201d\u00a0ruft dazu auf, am 30. M\u00e4rz 2012 in die israelische Hauptstadt zu marschieren, um sich gegen die angebliche\u00a0\u201eJudaisierung Jerusalems\u201d\u00a0zur Wehr zu setzen. In einem ersten Aufruf zum\u00a0\u201eTag des Bodens\u201d\u00a0hei\u00dft es ganz martialisch, dass\u00a0\u201eJerusalem und ganz Pal\u00e4stina\u201d\u00a0durch\u00a0\u201ealle Menschen der Welt (\u2026) befreit\u201d\u00a0werden m\u00fcsse. Was das bedeutet verdeutlicht ein Blick auf diejenigen, die diesen ersten Aufruf zuallererst im deutschsprachigen Raum ver\u00f6ffentlichten.<\/p>\n<p style=\"text-align: justify;\"><!--more--><\/p>\n<p style=\"text-align: justify;\">Es handelt sich um die\u00a0\u201eAntiimperialistische Koordination\u201d, die auch ansonsten gegen den israelischen Staat mobil macht:\u00a0\u201eDie Zerst\u00f6rung des Zionismus und eines so genannten Staates Israel ist der einzige Weg zur Gerechtigkeit\u201d,\u00a0<a href=\"http:\/\/www.gegendenantisemitismus.at\/00012003.php\">forderte\u00a0<\/a>ein Kader der antisemitischen Gruppierung im Jahr 2003. In der Zeitschrift der Gruppe, die den bezeichnenden Namen\u00a0\u201eIntifada\u201d\u00a0tr\u00e4gt, wurde Ali Nasser Wafa\u2019 Idris, die erste weibliche Selbstmordattent\u00e4terin, als Heldin,\u00a0\u201edie f\u00fcr ihr Volk lebte und starb\u201d, gefeiert. Das Regime im Iran wird in dieser Zeitschrift ebenso verteidigt wie die antisemitische Hamas und das nicht mehr existente Baath-Regime im Irak.<\/p>\n<p style=\"text-align: justify;\">Nun mobilisert nicht nur diese antisemitische Gruppierung nach Jerusalem. Es existiert ein weiterer internationaler Aufruf. In diesem Pamphlet hei\u00dft es:<\/p>\n<blockquote><p>Die Verteidigung und Befreiung Jerusalems sind Pflicht aller freien Menschen weltweit und wir rufen daher alle Institutionen, Organisationen und Individuen dazu auf dieser Pflicht nachzukommen.<\/p><\/blockquote>\n<p style=\"text-align: justify;\">Es sollte klar sein, was hier von wem befreit werden soll, zumal in dem Aufruf eine angebliche\u00a0\u201ePolitik der Judaisierung\u201d\u00a0beklagt wird. In diesem Jargon ist auch der Rest der Aufrufes gehalten. Hier ist von dem\u00a0\u201eRecht der Pal\u00e4stinenser ihr Land zu befreien\u201d\u00a0die Rede. Dieser Aufruf zum\u00a0\u201eTag des Bodens\u201d\u00a0d\u00fcrfte sowohl die antisemitische Hamas als auch die Antisemiten aller L\u00e4nder erfreuen, die schon immer gen Jerusalem marschieren wollten.<\/p>\n<p style=\"text-align: justify;\">Ein weiterer Aufruf richtet sich an die europ\u00e4ischen Mitstreiter des Vorhabens. Hier wurde vorsichtiger formuliert. So ist, als w\u00fcrde das etwas \u00e4ndern, die beklagte\u00a0\u201e\u2018Judaisierung\u2019\u201d\u00a0in Anf\u00fchrungszeichen gesetzt worden. Es sind derartige kosmetische Korrekturen, die diesen Aufruf des deutschen Vorbereitungskomitees auszeichnen.<\/p>\n<p style=\"text-align: justify;\">Von einer\u00a0\u201eVerteidigung und Befreiung Jerusalems\u201d\u00a0ist hier nichts zu lesen. Stattdessen finden sich wohlmeinende Worte von\u00a0\u201eDemokratie\u201d\u00a0und\u00a0\u201eSelbstbestimmung\u201d, die doch nur gew\u00e4hlt wurden, um das offensichtliche Endziel, das in den anderen Aufrufen formuliert wird, zu verschleiern. Au\u00dferdem findet sich die \u00fcbliche anti-israelische Hetze. Hier wurden die Text-Bausteine aneinandergereiht, die in jedem Aufruf und in jedem Flugblatt der Israel-Hasser zu lesen sind:\u201eSiedlerkolonie\u201d\u00a0und\u00a0\u201eApartheidsystem\u201d\u00a0sind nur zwei dieser sehr \u00fcblichen Bausteine, mit denen der israelische Staat verunglimpft wird.<\/p>\n<p style=\"text-align: justify;\">Trotz oder gerade wegen der martialischen Aufrufe, in denen zur\u00a0\u201eBefreiung\u201d\u00a0aufgerufen und vor angeblicher\u00a0\u201eJudaisierung\u201d\u00a0gewarnt wird, haben sich einige Aktivist_innen zusammengefunden, die den Marsch auf Jerusalem tats\u00e4chlich unterst\u00fctzen. Die deutsche Internetseite der\u00a0\u201einternationalen Bewegung\u201d\u00a0zeigt einige Unterst\u00fctzer_innen, die mit ihrem Foto und einem kurzen Text zum Marsch mobilisieren.<\/p>\n<p style=\"text-align: justify;\">Da w\u00e4re Greta Duisenberg, die Witwe des Eurobankers Wim Duisenberg. Sie\u00a0\u201egilt als die bekannteste Antisemitin der Niederlande\u201d\u00a0und\u00a0<a href=\"http:\/\/blogs.taz.de\/meineguete\/2011\/05\/04\/gretta_duisenberg_stoert_schweigeminuten\/\">h\u00e4lt\u00a0<\/a>eine derartige Bezeichnung f\u00fcr einen\u00a0\u201eEhrentitel\u201d. Am 04. Mai 2011 st\u00f6rte sie zwei Schweigeminuten, die in den Niederlanden \u00fcberall zu Ehren der Opfer des zweiten Weltkriegs abgehalten werden. Duisenberg sa\u00df im Restaurant\u00a0<a>\u201eL\u2019Entrec\u00f4te et les Dames\u201d. Anstatt zu schweigen, telefonierte sie w\u00e4hrend der Schweigeminuten.<\/a>\u00a0Schlie\u00dflich wurde die Polizei gerufen, um sie aus dem Restaurant zu entfernen, berichtete die niederl\u00e4ndische Presse \u00fcber diesen Skandal der Duisenberg.<\/p>\n<p style=\"text-align: justify;\">Im Januar 2009 beteiligte sich die umtriebige Aktivistin an einer Demonstration in Amsterdam, dort wurde unter anderem die Parole\u00a0\u201eHamas! Hamas, gebt den Juden das Gas\u201d\u00a0<a href=\"http:\/\/www.rnw.nl\/english\/article\/no-case-against-intifadah-three\">gerufen<\/a>. In einem Interview mit \u201eIslam Online\u201d\u00a0klagte Duisenberg \u00fcber eine angebliche\u00a0\u201ej\u00fcdische Lobby in Holland\u201d, die\u00a0\u201esehr stark und m\u00e4chtig\u201d\u00a0sei: Diese\u00a0\u201espielt immer noch mit unseren Schuldgef\u00fchlen, obwohl der Holocaust 63 Jahre hinter uns liegt\u201d,\u00a0<a href=\"http:\/\/elderofziyon.blogspot.com\/2010\/01\/prominent-dutch-socialite-proves-her.html\">behauptete\u00a0<\/a>Duisenbert dort. Sie wirbt nun auf der offiziellen Seite des Marsches:<\/p>\n<blockquote><p>Zeigen wir unsere Solidarit\u00e4t und unser Engagement in dem wir gemeinsam nach Jerusalem marschieren.<\/p><\/blockquote>\n<p style=\"text-align: justify;\">Weitere Unters\u00fctzung erf\u00e4hrt der Marsch durch eine Politikerin der Partei\u00a0\u201eDie Linke\u201d. Es handelt sich um Annette Groth, die sich\u00a0bereits\u00a0an der\u00a0\u201eFree-Gaza\u201d\u2013Flotille beteiligte und dort die links-jihadistische Querfront traurige Realit\u00e4t werden lie\u00df. Groth scheint mit der geforderten\u00a0\u201eBefreiung Jerusalems\u201d\u00a0kein Problem zu haben. Sie beklagt in ihrem Statement zwar keine\u00a0\u201eJudaisierung\u201d, daf\u00fcr bedient sie sich der Sprache, die von deutschen Israel-Hasser_innen gepflegt wird. Groth benennt die angeblichen\u201esystematischen Menschenrechtsverletzungen an der pal\u00e4stinensischen Bev\u00f6lkerung\u201d\u00a0und unterst\u00fctzt daher\u00a0\u201eden Global March nach Jerusalem\u201d.<\/p>\n<p style=\"text-align: justify;\">Au\u00dferdem finden sich die \u00fcblichen Verd\u00e4chtigen auf der Liste der Unterst\u00fctzer_innen. Diese sind immer dann zur Stelle, wenn es darum geht, den israelischen Staat zu d\u00e4monisieren. Neben den\u00a0\u201ePal\u00e4stina-Komitees\u201d, die an verschiedenen Orten der Bundesrepublik ihr Unwesen treiben, findet sich dort die bereits erw\u00e4hnte\u00a0\u201eAntiimperialistischen Koordination\u201d\u00a0(AIK). In Deutschland ist diese Querfront-Truppe eng mit dem Verein\u00a0\u201eInitiativ e. V.\u201d\u00a0aus Duisburg verbandelt, der ebenfalls als Unterst\u00fctzung aufgef\u00fchrt wird. Gemeinsam\u00a0<a href=\"http:\/\/notinourname.blogsport.de\/hintergrundinformationen\/redebeitrag-der-gruppe-a2k2\/\">sammelte<\/a>\u00a0man in der Vergangenheit Gelder f\u00fcr Terroranschl\u00e4ge im Irak. Das in Duisburg gesammelte Geld wurde an die \u201eIrakische Patriotische Allianz\u201d (IPA) \u00fcbergeben, einer Gruppe, die nach der Befreiung vom Regime an terroristischen Anschl\u00e4gen gegen die amerikanischen Truppen beteiligt war. Von \u00e4hnlicher Qualit\u00e4t sind auch die weiteren Unterst\u00fctzer des Marsches nach Jerusalem.<\/p>\n<p style=\"text-align: justify;\">Am 30. M\u00e4rz 2012 will dieser Zusammenschluss\u00a0\u201eeinzelne Marschs\u00e4ulen\u201d\u00a0formieren, um nach Jerusalem zu ziehen. Bis dahin werden sich sicherlich noch viele weitere Israel-Hasser und Antisemiten finden, die den Marsch unterst\u00fctzen. Gesucht werden sie unter anderem \u00fcber eine\u00a0offizielle Facebook-Seite. Dort finden sich mehr als \u00fcble\u00a0antisemitische Grafiken\u00a0und Fotomontagen. So ist beispielsweise ein mit Davidstern versehener Totensch\u00e4del zu sehen, der mit seinen blutigen H\u00e4nden ein pal\u00e4stinensisches Kind gefangen h\u00e4lt. Au\u00dferdem finden sich antisemitische Gleichsetzungen: Dort werden Fotos der Shoa mit Fotos aus Pal\u00e4stina\u00a0montiert, um den Eindruck entstehen zu lassen, es handele sich um \u00e4hnliche Ereignisse.<\/p>\n<p style=\"text-align: justify;\">Diese ekelhaften Grafiken und die ebenso ekelhaften Aufrufe zeigen deutlich auf, dass es hier nicht um den Frieden oder um die Menschen geht, die in der Region leben. Es geht um die \u201eVerteidigung und Befreiung Jerusalems\u201d. Der Aufmarsch zum\u00a0\u201eTag des Bodens\u201d,\u00a0am 30. M\u00e4rz 2012, soll ein weiter Baustein sein, um dieses Ziel aller Antisemiten bittere Realit\u00e4t werden zu lassen.<\/p>\n<a class=\"synved-social-button synved-social-button-share synved-social-size-32 synved-social-resolution-single synved-social-provider-facebook nolightbox\" data-provider=\"facebook\" target=\"_blank\" rel=\"nofollow\" title=\"Auf Facebook teilen\" href=\"https:\/\/www.facebook.com\/sharer.php?u=https%3A%2F%2Fferne-welten.com%2Findex.php%3Frest_route%3D%252Fwp%252Fv2%252Fposts%252F1178&#038;t=Marsch%20nach%20Jerusalem&#038;s=100&#038;p&#091;url&#093;=https%3A%2F%2Fferne-welten.com%2Findex.php%3Frest_route%3D%252Fwp%252Fv2%252Fposts%252F1178&#038;p&#091;images&#093;&#091;0&#093;=&#038;p&#091;title&#093;=Marsch%20nach%20Jerusalem\" style=\"font-size: 0px;width:32px;height:32px;margin:0;margin-bottom:5px;margin-right:5px\"><img loading=\"lazy\" decoding=\"async\" alt=\"Facebook\" title=\"Auf Facebook teilen\" class=\"synved-share-image synved-social-image synved-social-image-share\" width=\"32\" height=\"32\" style=\"display: inline;width:32px;height:32px;margin: 0;padding: 0;border: none;box-shadow: none\" src=\"https:\/\/ferne-welten.com\/wp-content\/plugins\/social-media-feather\/synved-social\/addons\/extra-icons\/image\/social\/circle\/64x64\/facebook.png\" \/><\/a><a class=\"synved-social-button synved-social-button-share synved-social-size-32 synved-social-resolution-single synved-social-provider-twitter nolightbox\" data-provider=\"twitter\" target=\"_blank\" rel=\"nofollow\" title=\"Auf Twitter teilen\" href=\"https:\/\/twitter.com\/intent\/tweet?url=https%3A%2F%2Fferne-welten.com%2Findex.php%3Frest_route%3D%252Fwp%252Fv2%252Fposts%252F1178&#038;text=Hey%20check%20this%20out\" style=\"font-size: 0px;width:32px;height:32px;margin:0;margin-bottom:5px;margin-right:5px\"><img loading=\"lazy\" decoding=\"async\" alt=\"twitter\" title=\"Auf Twitter teilen\" class=\"synved-share-image synved-social-image synved-social-image-share\" width=\"32\" height=\"32\" style=\"display: inline;width:32px;height:32px;margin: 0;padding: 0;border: none;box-shadow: none\" src=\"https:\/\/ferne-welten.com\/wp-content\/plugins\/social-media-feather\/synved-social\/addons\/extra-icons\/image\/social\/circle\/64x64\/twitter.png\" \/><\/a><a class=\"synved-social-button synved-social-button-share synved-social-size-32 synved-social-resolution-single synved-social-provider-reddit nolightbox\" data-provider=\"reddit\" target=\"_blank\" rel=\"nofollow\" title=\"Auf Reddit teilen\" href=\"https:\/\/www.reddit.com\/submit?url=https%3A%2F%2Fferne-welten.com%2Findex.php%3Frest_route%3D%252Fwp%252Fv2%252Fposts%252F1178&#038;title=Marsch%20nach%20Jerusalem\" style=\"font-size: 0px;width:32px;height:32px;margin:0;margin-bottom:5px;margin-right:5px\"><img loading=\"lazy\" decoding=\"async\" alt=\"reddit\" title=\"Auf Reddit teilen\" class=\"synved-share-image synved-social-image synved-social-image-share\" width=\"32\" height=\"32\" style=\"display: inline;width:32px;height:32px;margin: 0;padding: 0;border: none;box-shadow: none\" src=\"https:\/\/ferne-welten.com\/wp-content\/plugins\/social-media-feather\/synved-social\/addons\/extra-icons\/image\/social\/circle\/64x64\/reddit.png\" \/><\/a><a class=\"synved-social-button synved-social-button-share synved-social-size-32 synved-social-resolution-single synved-social-provider-pinterest nolightbox\" data-provider=\"pinterest\" target=\"_blank\" rel=\"nofollow\" title=\"Auf Pinterest pinnen\" href=\"https:\/\/pinterest.com\/pin\/create\/button\/?url=https%3A%2F%2Fferne-welten.com%2Findex.php%3Frest_route%3D%252Fwp%252Fv2%252Fposts%252F1178&#038;media=&#038;description=Marsch%20nach%20Jerusalem\" style=\"font-size: 0px;width:32px;height:32px;margin:0;margin-bottom:5px;margin-right:5px\"><img loading=\"lazy\" decoding=\"async\" alt=\"pinterest\" title=\"Auf Pinterest pinnen\" class=\"synved-share-image synved-social-image synved-social-image-share\" width=\"32\" height=\"32\" style=\"display: inline;width:32px;height:32px;margin: 0;padding: 0;border: none;box-shadow: none\" src=\"https:\/\/ferne-welten.com\/wp-content\/plugins\/social-media-feather\/synved-social\/addons\/extra-icons\/image\/social\/circle\/64x64\/pinterest.png\" \/><\/a><a class=\"synved-social-button synved-social-button-share synved-social-size-32 synved-social-resolution-single synved-social-provider-linkedin nolightbox\" data-provider=\"linkedin\" target=\"_blank\" rel=\"nofollow\" title=\"Auf Linkedin teilen\" href=\"https:\/\/www.linkedin.com\/shareArticle?mini=true&#038;url=https%3A%2F%2Fferne-welten.com%2Findex.php%3Frest_route%3D%252Fwp%252Fv2%252Fposts%252F1178&#038;title=Marsch%20nach%20Jerusalem\" style=\"font-size: 0px;width:32px;height:32px;margin:0;margin-bottom:5px;margin-right:5px\"><img loading=\"lazy\" decoding=\"async\" alt=\"linkedin\" title=\"Auf Linkedin teilen\" class=\"synved-share-image synved-social-image synved-social-image-share\" width=\"32\" height=\"32\" style=\"display: inline;width:32px;height:32px;margin: 0;padding: 0;border: none;box-shadow: none\" src=\"https:\/\/ferne-welten.com\/wp-content\/plugins\/social-media-feather\/synved-social\/addons\/extra-icons\/image\/social\/circle\/64x64\/linkedin.png\" \/><\/a><a class=\"synved-social-button synved-social-button-share synved-social-size-32 synved-social-resolution-single synved-social-provider-tumblr nolightbox\" data-provider=\"tumblr\" target=\"_blank\" rel=\"nofollow\" title=\"\u00dcber Tumblr teilen\" href=\"https:\/\/tumblr.com\/share?s=&#038;v=3&#038;t=Marsch%20nach%20Jerusalem&#038;u=https%3A%2F%2Fferne-welten.com%2Findex.php%3Frest_route%3D%252Fwp%252Fv2%252Fposts%252F1178\" style=\"font-size: 0px;width:32px;height:32px;margin:0;margin-bottom:5px;margin-right:5px\"><img loading=\"lazy\" decoding=\"async\" alt=\"tumblr\" title=\"\u00dcber Tumblr teilen\" class=\"synved-share-image synved-social-image synved-social-image-share\" width=\"32\" height=\"32\" style=\"display: inline;width:32px;height:32px;margin: 0;padding: 0;border: none;box-shadow: none\" src=\"https:\/\/ferne-welten.com\/wp-content\/plugins\/social-media-feather\/synved-social\/addons\/extra-icons\/image\/social\/circle\/64x64\/tumblr.png\" \/><\/a><a class=\"synved-social-button synved-social-button-share synved-social-size-32 synved-social-resolution-single synved-social-provider-mail nolightbox\" data-provider=\"mail\" rel=\"nofollow\" title=\"Link per Mail weiterleiten\" href=\"mailto:?subject=Marsch%20nach%20Jerusalem&#038;body=Hey%20check%20this%20out:%20https%3A%2F%2Fferne-welten.com%2Findex.php%3Frest_route%3D%252Fwp%252Fv2%252Fposts%252F1178\" style=\"font-size: 0px;width:32px;height:32px;margin:0;margin-bottom:5px\"><img loading=\"lazy\" decoding=\"async\" alt=\"mail\" title=\"Link per Mail weiterleiten\" class=\"synved-share-image synved-social-image synved-social-image-share\" width=\"32\" height=\"32\" style=\"display: inline;width:32px;height:32px;margin: 0;padding: 0;border: none;box-shadow: none\" src=\"https:\/\/ferne-welten.com\/wp-content\/plugins\/social-media-feather\/synved-social\/addons\/extra-icons\/image\/social\/circle\/64x64\/mail.png\" \/><\/a>","protected":false},"excerpt":{"rendered":"<p>Ein\u00a0\u201eInternationales Komitee\u201d\u00a0ruft dazu auf, am 30. M\u00e4rz 2012 in die israelische Hauptstadt zu marschieren, um sich gegen die angebliche\u00a0\u201eJudaisierung Jerusalems\u201d\u00a0zur Wehr zu setzen. In einem ersten Aufruf zum\u00a0\u201eTag des Bodens\u201d\u00a0hei\u00dft es ganz martialisch, dass\u00a0\u201eJerusalem und ganz Pal\u00e4stina\u201d\u00a0durch\u00a0\u201ealle Menschen der Welt&#8230;<br \/><a class=\"read-more-button\" href=\"https:\/\/ferne-welten.com\/?p=1178\">Read more<\/a><\/p>\n","protected":false},"author":1,"featured_media":0,"comment_status":"open","ping_status":"open","sticky":false,"template":"","format":"standard","meta":{"footnotes":""},"categories":[359,79],"tags":[374,375,107,376,377,287,378],"class_list":["post-1178","post","type-post","status-publish","format-standard","hentry","category-eiskaltland","category-mythen","tag-annette-groth","tag-antiimperialistische-koordination","tag-antisemitismus","tag-greta-duisenberg","tag-initiativ-e-v","tag-israel","tag-jerusalem"],"_links":{"self":[{"href":"https:\/\/ferne-welten.com\/index.php?rest_route=\/wp\/v2\/posts\/1178","targetHints":{"allow":["GET"]}}],"collection":[{"href":"https:\/\/ferne-welten.com\/index.php?rest_route=\/wp\/v2\/posts"}],"about":[{"href":"https:\/\/ferne-welten.com\/index.php?rest_route=\/wp\/v2\/types\/post"}],"author":[{"embeddable":true,"href":"https:\/\/ferne-welten.com\/index.php?rest_route=\/wp\/v2\/users\/1"}],"replies":[{"embeddable":true,"href":"https:\/\/ferne-welten.com\/index.php?rest_route=%2Fwp%2Fv2%2Fcomments&post=1178"}],"version-history":[{"count":2,"href":"https:\/\/ferne-welten.com\/index.php?rest_route=\/wp\/v2\/posts\/1178\/revisions"}],"predecessor-version":[{"id":1222,"href":"https:\/\/ferne-welten.com\/index.php?rest_route=\/wp\/v2\/posts\/1178\/revisions\/1222"}],"wp:attachment":[{"href":"https:\/\/ferne-welten.com\/index.php?rest_route=%2Fwp%2Fv2%2Fmedia&parent=1178"}],"wp:term":[{"taxonomy":"category","embeddable":true,"href":"https:\/\/ferne-welten.com\/index.php?rest_route=%2Fwp%2Fv2%2Fcategories&post=1178"},{"taxonomy":"post_tag","embeddable":true,"href":"https:\/\/ferne-welten.com\/index.php?rest_route=%2Fwp%2Fv2%2Ftags&post=1178"}],"curies":[{"name":"wp","href":"https:\/\/api.w.org\/{rel}","templated":true}]}}