{"id":1213,"date":"2012-01-14T13:20:52","date_gmt":"2012-01-14T12:20:52","guid":{"rendered":"http:\/\/ferne-welten.com\/?p=1213"},"modified":"2017-04-21T13:23:04","modified_gmt":"2017-04-21T12:23:04","slug":"mehr-nazis-im-weltall","status":"publish","type":"post","link":"https:\/\/ferne-welten.com\/?p=1213","title":{"rendered":"Mehr Nazis im Weltall"},"content":{"rendered":"<p style=\"text-align: justify;\">Nazis im Welt\u00adall? Nicht nur in der ori\u00adgi\u00adna\u00adlen Star \u200bTrek Serie um Captain Kirk und den Vulkanier Spock wurde diese The\u00adma\u00adtik\u00a0aufgegriffen. In einer Nach\u00adfol\u00adge\u00adse\u00adrie wurde das Thema sogar f\u00fcr einen abend\u00adf\u00fcl\u00adlen\u00adden Zwei\u00adtei\u00adler benutzt, der auf den Namen\u00a0\u201eStormfront\u201d\u00a0getauft wurde.<\/p>\n<p style=\"text-align: justify;\"><!--more--><\/p>\n<p style=\"text-align: justify;\">Die Sci\u00adence-\u200bFic\u00adtion-\u200bSe\u00adrie\u00a0<a href=\"http:\/\/memory-alpha.org\/de\/wiki\/Star_Trek%3A_Enterprise\">\u201eEn\u00adt\u00ader\u00adpri\u00adse<\/a>\u201c\u00a0be\u00adhan\u00addelt die Aben\u00adteu\u00ader des gleichnamigen ersten Raumschiffs diesen Namens. Ob\u00adwohl diese Serie in der Zeit\u00adli\u00adnie etwa 100 Jahre vor den\u00a0<a href=\"http:\/\/de.wikipedia.org\/wiki\/Raumschiff_Enterprise\">klas\u00adsi\u00adschen Aben\u00adteu\u00adern um Cap\u00adtain Kirk und Co<\/a>\u00a0spielt, wurde sie als letz\u00adtes \u2014 von 2001 bis 2005 \u2014 pro\u00addu\u00adziert, bevor das Star Trek Frenchise sang und klanglos aus dem Fernsehen verschwand.<\/p>\n<p style=\"text-align: justify;\">Vie\u00adle Star-\u200bTrek Fa\u00adna\u00adti\u00adker_in\u00adnen, die sich Trek\u00adkies nen\u00adnen,\u00a0<a href=\"http:\/\/www.scifi-forum.de\/science-fiction\/star-trek-serien-filme\/enterprise\/17719-enterprise-canon-eigentl-enterprise-liebe-kontinuit-t.html\">ist diese Serie be\u00adson\u00adders ver\u00adhasst<\/a>, weil sie mit g\u00e4n\u00adgi\u00adgen Erz\u00e4hltra\u00addi\u00adtio\u00adnen des Star Trek Uni\u00adver\u00adsums brach.\u00a0<a href=\"http:\/\/memory-alpha.org\/de\/wiki\/Canon\">Der\u00a0\u201eCanon\u201c\u00a0ist das hei\u00adli\u00adge Buch der Trek\u00adkies<\/a>und genau die\u00adsen\u00a0\u201eCanon\u201c\u00a0sehen die Star-\u200bTrek-\u200bJ\u00fcn\u00adger_in\u00adnen durch die neue\u00adre Serie ver\u00adletzt, unter anderem weil sie moderner wirkt als die originale Serie, die in in den 60er Jahren des letzten Jahrhunderts produziert wurde.<\/p>\n<p style=\"text-align: justify;\">In der Serie\u00a0\u201eEn\u00adt\u00ader\u00adpri\u00adse\u201c\u00a0muss\u00ad die Crew der Enterprise NX-01, die von Cap\u00adtain\u00a0<a href=\"http:\/\/memory-alpha.org\/de\/wiki\/Jonathan_Archer\">Jo\u00adna\u00adthan Ar\u00adcher<\/a>\u00a0be\u00adfeh\u00adligt wird, eine au\u00ad\u00dfer\u00adir\u00addi\u00adsche Be\u00addro\u00adhung zu\u00adr\u00fcck\u00adschla\u00adgen. Die\u00a0<a href=\"http:\/\/memory-alpha.org\/de\/wiki\/Xindi\">Xindi<\/a>, eine Al\u00adli\u00adanz ver\u00adschie\u00adde\u00adner Au\u00ad\u00dfer\u00adir\u00addi\u00adscher, t\u00f6\u00adten bei einem An\u00adschlag ungef\u00e4hr 300 Mil\u00adlio\u00adnen Men\u00adschen. Die En\u00adt\u00ader\u00adpri\u00adse muss\u00ad diese Be\u00addro\u00adhung zu\u00adr\u00fcck\u00adschla\u00adgen und reist zu den Heimatwelten der Xindi, um eine weitere Terror-Waffe zu beseitigen.<\/p>\n<p style=\"text-align: justify;\">Hier gibt es einen durchgehenden Handlungsbogen. Statt\u00a0\u201eMonster of the Week\u201d\u2013Folgen, die losgel\u00f6st zu betrachten sind, gibt es eine durchg\u00e4ngige Handlung. Diese neue Erz\u00e4hlstruktur stie\u00df einigen Star Trek Fans \u00fcbel auf. Dabei ist es gerade diese durchgehende Handlung, die sich an Ereignissen der Gegenwart orientiert, die eine durchgehende Spannung erzeugt. Viel Star Trek Fans erwiesen sich allerdings als sture Traditionalist_innen, die mit dieser modernen Erz\u00e4hlstruktur ihre Probleme hatten.<\/p>\n<p style=\"text-align: justify;\">Die dritte Staffel der Serie entstand di\u00adrekt\u00a0<a href=\"http:\/\/memory-alpha.org\/de\/wiki\/ENT_Staffel_3\">nach den Terroranschl\u00e4gen 11. Sep\u00adtem\u00adber 2001, der un\u00ad\u00fcber\u00adseh\u00adbar als Vor\u00adla\u00adge dien\u00adte<\/a>. Die Crew sah sich verschiedenen mo\u00adra\u00adli\u00adschen Pro\u00adble\u00admen aus\u00adge\u00adsetzt: Etwa, ob es m\u00f6g\u00adlich sei, einen Ge\u00adfan\u00adge\u00adnen zu fol\u00adtern oder psy\u00adchisch zu de\u00adsta\u00adbi\u00adli\u00adsie\u00adren, um an In\u00adfor\u00adma\u00adtio\u00adnen zu kom\u00admen. Die Serie be\u00adant\u00adwor\u00adte diese Fra\u00adgen po\u00adsi\u00adtiv und ver\u00adsuch\u00adte sich trotz dem an dem\u00a0\u201eHu\u00adma\u00adnis\u00admus\u201czu ori\u00aden\u00adtie\u00adren, der die Star-\u200bTrek-\u200bSe\u00adri\u00aden aus\u00adzeich\u00adnet. Die Crew drohte an den Folgen ihrer Handlungen zu zerbrechen.<\/p>\n<p style=\"text-align: justify;\">Mit an\u00adde\u00adren Fra\u00adgen wurde die Crew in der\u00a0<a href=\"http:\/\/memory-alpha.org\/de\/wiki\/ENT_Staffel_4\">vier\u00adten Staf\u00adfel<\/a>\u00a0und letzten Staffel der Serie kon\u00adfron\u00adtiert. Die En\u00adt\u00ader\u00adpri\u00adse wird, nach dem sie die Be\u00addro\u00adhung durch die Xindi ab\u00adge\u00adwen\u00addet hat, in einen Zeit\u00adstru\u00addel ge\u00adzo\u00adgen. Das Schiff\u00a0<a href=\"http:\/\/memory-alpha.org\/de\/wiki\/Sturmfront,_Teil_I\">lan\u00addet in einer al\u00adter\u00adna\u00adti\u00adven Zeit\u00adli\u00adnie<\/a>, in der die Nazis be\u00adreits gro\u00dfe Teile der USA be\u00adsetzt haben:\u00a0<a href=\"http:\/\/memory-alpha.org\/de\/wiki\/Sturmfront,_Teil_II\">So weht die Ha\u00adken\u00adkreuz-\u200bFah\u00adne \u00fcber dem Wei\u00ad\u00dfen Haus in Wa\u00adshing\u00adton<\/a>. In Chi\u00adca\u00adgo weh\u00adren sich die Gangs, mit ihren Mit\u00adteln, gegen die Be\u00adsat\u00adzer_in\u00adnen. Doch diese Nazis haben sich mit ganz an\u00adde\u00adren Wesen ver\u00adb\u00fcn\u00addet, die sie mit Tech\u00adni\u00adken aus einer fernen Zukunft ver\u00adsor\u00adgen: Kampf\u00adflug\u00adzeu\u00adge k\u00f6n\u00adnen auf diese Art und Weise mit La\u00adser\u00adstrah\u00adlen aus\u00adge\u00adr\u00fcs\u00adtet wer\u00adden. Die Au\u00ad\u00dfer\u00adir\u00addi\u00adschen sind ge\u00adstran\u00addet. Sie bauen einen Zeit\u00adtun\u00adnel um in ihre Welt und ihre Ge\u00adgen\u00adwart zu\u00adr\u00fcck\u00adzu\u00adkeh\u00adren. Daf\u00fcr nehmen sie die Kolloboration mit den Nazis in Kauf. Aber auch an\u00adde\u00adre Au\u00ad\u00dfer\u00adir\u00addi\u00adsche ver\u00adsu\u00adchen, in die\u00adsem tem\u00adpo\u00adra\u00adlen Krieg, ihre In\u00adter\u00ades\u00adsen zu ver\u00adtre\u00adten.<\/p>\n<p style=\"text-align: justify;\">Cap\u00adtain Ar\u00adcher und seine Crew ver\u00adsu\u00adchen aus die\u00adsem Schla\u00admas\u00adsel zu ent\u00adkom\u00admen. Dabei kom\u00admen sie so\u00adwohl in Kon\u00adtakt mit dem ame\u00adri\u00adka\u00adni\u00adschen Wi\u00adder\u00adstand, als auch mit Zi\u00advi\u00adlis\u00adt_in\u00adnen, die sich nach einem bes\u00adse\u00adren Leben \u2013 ohne Nazis \u2013 seh\u00adnen. Vom rea\u00adlen Grau\u00aden, dass die Nazis, in der Rea\u00adli\u00adt\u00e4t ver\u00adur\u00adsach\u00adten und vom sys\u00adte\u00adma\u00adti\u00adschen Mor\u00adden be\u00adkom\u00admen die Zu\u00adschau\u00ader_in\u00adnen nichts zu sehen. Die ganz realen Folgen, die eine Besetzung der USA f\u00fcr J\u00fcdinnen und Juden gehabt h\u00e4tte, werden nicht aufgezeigt. Vom Rassismus der Nationalsozialisten wird ebenfalls geschwiegen:\u00a0 Selbst die junge Afro\u00adame\u00adri\u00adka\u00adne\u00adrin, der sich Ar\u00adcher und Co annehmen, zieht es vor in das be\u00adsetz\u00adte Chi\u00adca\u00adgo zu\u00adr\u00fcck\u00adzu\u00adkeh\u00adren, an\u00adstatt in den frei\u00aden Teil der USA.<\/p>\n<p style=\"text-align: justify;\">Wie auch in<a href=\"http:\/\/reflexion-blog.com\/?p=135\">\u00a0der<\/a> klas\u00adsi\u00adschen Serie ge\u00adlingt es nicht, den Na\u00adtio\u00adnal\u00adso\u00adzia\u00adlis\u00admus als bar\u00adba\u00adri\u00adsche und men\u00adschen\u00adver\u00adach\u00adten\u00adde Ideo\u00adlo\u00adgie zu be\u00adschrei\u00adben. Trotz al\u00adle\u00addem ist die Idee einer Zeit\u00adrei\u00adse in eine Welt in der die Ge\u00adschich\u00adte an\u00adders ver\u00adl\u00e4uft \u2014 um mit Spock zu sprechen \u2014\u00a0<em>\u201efa\u00adzi\u00adnie\u00adrend\u201d<\/em>.<\/p>\n<p style=\"text-align: justify;\">Aus dem Thema wurde allerdings viel zu wenig gemacht, die 08\/15 B\u00f6sewichte wurden diesmal in Nazi-Uniformen gesteckt. Mit dem ganz realen Grauen des Nationalsozialismus haben die Folgen der Serie\u00a0<em>\u201eEnterprise\u201d<\/em>\u00a0wenig zu tun. Trotz dieser M\u00e4ngel ist die Serie, gerade wegen der dritten Staffel, durchaus sehenswert.<\/p>\n<p style=\"text-align: justify;\">\n<a class=\"synved-social-button synved-social-button-share synved-social-size-32 synved-social-resolution-single synved-social-provider-facebook nolightbox\" data-provider=\"facebook\" target=\"_blank\" rel=\"nofollow\" title=\"Auf Facebook teilen\" href=\"https:\/\/www.facebook.com\/sharer.php?u=https%3A%2F%2Fferne-welten.com%2Findex.php%3Frest_route%3D%252Fwp%252Fv2%252Fposts%252F1213&#038;t=Mehr%20Nazis%20im%20Weltall&#038;s=100&#038;p&#091;url&#093;=https%3A%2F%2Fferne-welten.com%2Findex.php%3Frest_route%3D%252Fwp%252Fv2%252Fposts%252F1213&#038;p&#091;images&#093;&#091;0&#093;=&#038;p&#091;title&#093;=Mehr%20Nazis%20im%20Weltall\" style=\"font-size: 0px;width:32px;height:32px;margin:0;margin-bottom:5px;margin-right:5px\"><img loading=\"lazy\" decoding=\"async\" alt=\"Facebook\" title=\"Auf Facebook teilen\" class=\"synved-share-image synved-social-image synved-social-image-share\" width=\"32\" height=\"32\" style=\"display: inline;width:32px;height:32px;margin: 0;padding: 0;border: none;box-shadow: none\" src=\"https:\/\/ferne-welten.com\/wp-content\/plugins\/social-media-feather\/synved-social\/addons\/extra-icons\/image\/social\/circle\/64x64\/facebook.png\" \/><\/a><a class=\"synved-social-button synved-social-button-share synved-social-size-32 synved-social-resolution-single synved-social-provider-twitter nolightbox\" data-provider=\"twitter\" target=\"_blank\" rel=\"nofollow\" title=\"Auf Twitter teilen\" href=\"https:\/\/twitter.com\/intent\/tweet?url=https%3A%2F%2Fferne-welten.com%2Findex.php%3Frest_route%3D%252Fwp%252Fv2%252Fposts%252F1213&#038;text=Hey%20check%20this%20out\" style=\"font-size: 0px;width:32px;height:32px;margin:0;margin-bottom:5px;margin-right:5px\"><img loading=\"lazy\" decoding=\"async\" alt=\"twitter\" title=\"Auf Twitter teilen\" class=\"synved-share-image synved-social-image synved-social-image-share\" width=\"32\" height=\"32\" style=\"display: inline;width:32px;height:32px;margin: 0;padding: 0;border: none;box-shadow: none\" src=\"https:\/\/ferne-welten.com\/wp-content\/plugins\/social-media-feather\/synved-social\/addons\/extra-icons\/image\/social\/circle\/64x64\/twitter.png\" \/><\/a><a class=\"synved-social-button synved-social-button-share synved-social-size-32 synved-social-resolution-single synved-social-provider-reddit nolightbox\" data-provider=\"reddit\" target=\"_blank\" rel=\"nofollow\" title=\"Auf Reddit teilen\" href=\"https:\/\/www.reddit.com\/submit?url=https%3A%2F%2Fferne-welten.com%2Findex.php%3Frest_route%3D%252Fwp%252Fv2%252Fposts%252F1213&#038;title=Mehr%20Nazis%20im%20Weltall\" style=\"font-size: 0px;width:32px;height:32px;margin:0;margin-bottom:5px;margin-right:5px\"><img loading=\"lazy\" decoding=\"async\" alt=\"reddit\" title=\"Auf Reddit teilen\" class=\"synved-share-image synved-social-image synved-social-image-share\" width=\"32\" height=\"32\" style=\"display: inline;width:32px;height:32px;margin: 0;padding: 0;border: none;box-shadow: none\" src=\"https:\/\/ferne-welten.com\/wp-content\/plugins\/social-media-feather\/synved-social\/addons\/extra-icons\/image\/social\/circle\/64x64\/reddit.png\" \/><\/a><a class=\"synved-social-button synved-social-button-share synved-social-size-32 synved-social-resolution-single synved-social-provider-pinterest nolightbox\" data-provider=\"pinterest\" target=\"_blank\" rel=\"nofollow\" title=\"Auf Pinterest pinnen\" href=\"https:\/\/pinterest.com\/pin\/create\/button\/?url=https%3A%2F%2Fferne-welten.com%2Findex.php%3Frest_route%3D%252Fwp%252Fv2%252Fposts%252F1213&#038;media=&#038;description=Mehr%20Nazis%20im%20Weltall\" style=\"font-size: 0px;width:32px;height:32px;margin:0;margin-bottom:5px;margin-right:5px\"><img loading=\"lazy\" decoding=\"async\" alt=\"pinterest\" title=\"Auf Pinterest pinnen\" class=\"synved-share-image synved-social-image synved-social-image-share\" width=\"32\" height=\"32\" style=\"display: inline;width:32px;height:32px;margin: 0;padding: 0;border: none;box-shadow: none\" src=\"https:\/\/ferne-welten.com\/wp-content\/plugins\/social-media-feather\/synved-social\/addons\/extra-icons\/image\/social\/circle\/64x64\/pinterest.png\" \/><\/a><a class=\"synved-social-button synved-social-button-share synved-social-size-32 synved-social-resolution-single synved-social-provider-linkedin nolightbox\" data-provider=\"linkedin\" target=\"_blank\" rel=\"nofollow\" title=\"Auf Linkedin teilen\" href=\"https:\/\/www.linkedin.com\/shareArticle?mini=true&#038;url=https%3A%2F%2Fferne-welten.com%2Findex.php%3Frest_route%3D%252Fwp%252Fv2%252Fposts%252F1213&#038;title=Mehr%20Nazis%20im%20Weltall\" style=\"font-size: 0px;width:32px;height:32px;margin:0;margin-bottom:5px;margin-right:5px\"><img loading=\"lazy\" decoding=\"async\" alt=\"linkedin\" title=\"Auf Linkedin teilen\" class=\"synved-share-image synved-social-image synved-social-image-share\" width=\"32\" height=\"32\" style=\"display: inline;width:32px;height:32px;margin: 0;padding: 0;border: none;box-shadow: none\" src=\"https:\/\/ferne-welten.com\/wp-content\/plugins\/social-media-feather\/synved-social\/addons\/extra-icons\/image\/social\/circle\/64x64\/linkedin.png\" \/><\/a><a class=\"synved-social-button synved-social-button-share synved-social-size-32 synved-social-resolution-single synved-social-provider-tumblr nolightbox\" data-provider=\"tumblr\" target=\"_blank\" rel=\"nofollow\" title=\"\u00dcber Tumblr teilen\" href=\"https:\/\/tumblr.com\/share?s=&#038;v=3&#038;t=Mehr%20Nazis%20im%20Weltall&#038;u=https%3A%2F%2Fferne-welten.com%2Findex.php%3Frest_route%3D%252Fwp%252Fv2%252Fposts%252F1213\" style=\"font-size: 0px;width:32px;height:32px;margin:0;margin-bottom:5px;margin-right:5px\"><img loading=\"lazy\" decoding=\"async\" alt=\"tumblr\" title=\"\u00dcber Tumblr teilen\" class=\"synved-share-image synved-social-image synved-social-image-share\" width=\"32\" height=\"32\" style=\"display: inline;width:32px;height:32px;margin: 0;padding: 0;border: none;box-shadow: none\" src=\"https:\/\/ferne-welten.com\/wp-content\/plugins\/social-media-feather\/synved-social\/addons\/extra-icons\/image\/social\/circle\/64x64\/tumblr.png\" \/><\/a><a class=\"synved-social-button synved-social-button-share synved-social-size-32 synved-social-resolution-single synved-social-provider-mail nolightbox\" data-provider=\"mail\" rel=\"nofollow\" title=\"Link per Mail weiterleiten\" href=\"mailto:?subject=Mehr%20Nazis%20im%20Weltall&#038;body=Hey%20check%20this%20out:%20https%3A%2F%2Fferne-welten.com%2Findex.php%3Frest_route%3D%252Fwp%252Fv2%252Fposts%252F1213\" style=\"font-size: 0px;width:32px;height:32px;margin:0;margin-bottom:5px\"><img loading=\"lazy\" decoding=\"async\" alt=\"mail\" title=\"Link per Mail weiterleiten\" class=\"synved-share-image synved-social-image synved-social-image-share\" width=\"32\" height=\"32\" style=\"display: inline;width:32px;height:32px;margin: 0;padding: 0;border: none;box-shadow: none\" src=\"https:\/\/ferne-welten.com\/wp-content\/plugins\/social-media-feather\/synved-social\/addons\/extra-icons\/image\/social\/circle\/64x64\/mail.png\" \/><\/a>","protected":false},"excerpt":{"rendered":"<p>Nazis im Welt\u00adall? Nicht nur in der ori\u00adgi\u00adna\u00adlen Star \u200bTrek Serie um Captain Kirk und den Vulkanier Spock wurde diese The\u00adma\u00adtik\u00a0aufgegriffen. In einer Nach\u00adfol\u00adge\u00adse\u00adrie wurde das Thema sogar f\u00fcr einen abend\u00adf\u00fcl\u00adlen\u00adden Zwei\u00adtei\u00adler benutzt, der auf den Namen\u00a0\u201eStormfront\u201d\u00a0getauft wurde.<\/p>\n","protected":false},"author":1,"featured_media":0,"comment_status":"open","ping_status":"open","sticky":false,"template":"","format":"standard","meta":{"footnotes":""},"categories":[2,66],"tags":[24,409,410,11],"class_list":["post-1213","post","type-post","status-publish","format-standard","hentry","category-science-fiction","category-sehbares","tag-ent","tag-enterprise","tag-nazis","tag-star-trek"],"_links":{"self":[{"href":"https:\/\/ferne-welten.com\/index.php?rest_route=\/wp\/v2\/posts\/1213","targetHints":{"allow":["GET"]}}],"collection":[{"href":"https:\/\/ferne-welten.com\/index.php?rest_route=\/wp\/v2\/posts"}],"about":[{"href":"https:\/\/ferne-welten.com\/index.php?rest_route=\/wp\/v2\/types\/post"}],"author":[{"embeddable":true,"href":"https:\/\/ferne-welten.com\/index.php?rest_route=\/wp\/v2\/users\/1"}],"replies":[{"embeddable":true,"href":"https:\/\/ferne-welten.com\/index.php?rest_route=%2Fwp%2Fv2%2Fcomments&post=1213"}],"version-history":[{"count":1,"href":"https:\/\/ferne-welten.com\/index.php?rest_route=\/wp\/v2\/posts\/1213\/revisions"}],"predecessor-version":[{"id":1214,"href":"https:\/\/ferne-welten.com\/index.php?rest_route=\/wp\/v2\/posts\/1213\/revisions\/1214"}],"wp:attachment":[{"href":"https:\/\/ferne-welten.com\/index.php?rest_route=%2Fwp%2Fv2%2Fmedia&parent=1213"}],"wp:term":[{"taxonomy":"category","embeddable":true,"href":"https:\/\/ferne-welten.com\/index.php?rest_route=%2Fwp%2Fv2%2Fcategories&post=1213"},{"taxonomy":"post_tag","embeddable":true,"href":"https:\/\/ferne-welten.com\/index.php?rest_route=%2Fwp%2Fv2%2Ftags&post=1213"}],"curies":[{"name":"wp","href":"https:\/\/api.w.org\/{rel}","templated":true}]}}