{"id":1230,"date":"2011-12-07T13:48:19","date_gmt":"2011-12-07T12:48:19","guid":{"rendered":"http:\/\/ferne-welten.com\/?p=1230"},"modified":"2017-04-21T13:50:18","modified_gmt":"2017-04-21T12:50:18","slug":"gemeinschaft-gegen-die-1-prozent","status":"publish","type":"post","link":"https:\/\/ferne-welten.com\/?p=1230","title":{"rendered":"Gemeinschaft gegen die &#8222;1 Prozent&#8220;"},"content":{"rendered":"<p style=\"text-align: justify;\">Die\u00a0\u201eOccupy-Bewegung\u201c\u00a0ist in aller Munde. Am 15.10.2011 demonstrierten mehrere zehntausend Menschen in vielen St\u00e4dten der Bundesrepublik. 8000 waren es in Frankfurt, 7000 in Berlin, 3000 in Hamburg und immerhin noch 350 in Bremen. \u201eEchte Demokratie Jetzt\u201c, lautete eine Forderung, die oftmals von den Medien erw\u00e4hnt wurde. Andere Forderungen gingen bei soviel Demokratie-Idealismus allerdings unter.<\/p>\n<p style=\"text-align: justify;\"><!--more--><\/p>\n<p style=\"text-align: justify;\">In Berlin wurden Schilder in die H\u00f6he gereckt, die einen Galgen zeigten, darunter war die Parole\u00a0\u201eAlternativlos\u201c\u00a0zu lesen. In Frankfurt wurden Demonstrant_innen, die sich mit einer amerikanischen Fahne und einem Schild, auf dem unter anderem\u00a0\u201eLest Marx\u201c\u00a0zu lesen war, unter die Occupy-Demonstrant_innen gemischt hatten, angegriffen. In verschiedenen Reden wurde in einem eindeutigen antisemitischen Jargon gegen die angebliche Macht\u00a0\u201eder Rothschilds\u201c\u00a0angeschrien. In K\u00f6ln warnte eine Verschw\u00f6rungsideologin vor einem angeblich drohenden dritten Weltkrieg, der durch\u00a0\u201eden Ami\u201c\u00a0und\u00a0\u201eden Israeli\u201c\u00a0geplant werden w\u00fcrde.<\/p>\n<p style=\"text-align: justify;\">Die bundesdeutsche Presse berichtete dennoch durchaus positiv \u00fcber die\u00a0Demonstrationen. So schrieb die\u00a0\u201eBild-Zeitung\u201c\u00a0von der\u00a0\u201enackten Wut gegen die Banken\u201c\u00a0und zeigte nackte Demonstrantinnen vor dem Reichstag. Maybrit Illner freute sich im ZDF:\u00a0\u201eDas ist eine richtige Volksbewegung geworden\u201c. In der TAZ wurde unterdessen dar\u00fcber gejubelt, dass\u00a0\u201ehunderttausende gegen den Kapitalismus\u201c\u00a0auf die Stra\u00dfe gegangen seien. Viele Medien berichteten freundlich \u00fcber die Rituale der neuen\u00a0\u201eBewegung\u201c.<\/p>\n<p style=\"text-align: justify;\">So zum Beispiel \u00fcber die Praxis des\u00a0\u201emenschlichen Mikrophons\u201c, bei dem die S\u00e4tze der Sprecher_innen lautstark durch die Menge wiederholt werden. In sozialen Netzwerken wie Twitter wurde allerdings an an die Satire\u00a0\u201eDas Leben des Brian\u201c\u00a0erinnert. In einer Szene ruft Brian dort verzweifelt in die Menge:\u00a0\u201eIhr seid alle Individuen\u201c, diese wiederholt diesen Satz lautstark als kollektive Masse:\u00a0\u201eWir sind alle Individuen\u201c. \u00c4hnliches geschah tats\u00e4chlich in London. Dort trat der Wikileaks-Gr\u00fcnder Julian Assange auf einer Occupy-Veranstaltung auf und rief:\u00a0\u201eWe are all Individuals\u201c. Die Menge\u00a0<a href=\"http:\/\/www.youtube.com\/watch?v=gZ_nmoAwgyg\">antwortete\u00a0<\/a>ihm im Chor.<\/p>\n<p style=\"text-align: justify;\">Nach diesen Demonstrationen entstanden in verschiedenen St\u00e4dten winzige Zeltst\u00e4dte, die in der Form an die\u00a0\u201eOccupy-Bewegung\u201c\u00a0in den USA erinnern. Schlie\u00dflich wird nicht nur in Frankfurt und Berlin gecampt. Seit dem 17.09.2011 war der Zucotti-Park in New York besetzt. Eine Besetzung, die sicherlich auch auf die deutsche\u00a0\u201eBewegung\u201c\u00a0gewirkt hat, auch wenn es signifikante Unterschiede zwischen den Aktionen in New York und den Aktionen in Frankfurt oder Berlin gibt.<\/p>\n<p style=\"text-align: justify;\">In den USA ist die Beteiligung sozialer Aktivist_innen nicht zu \u00fcbersehen, die der dortigen\u00a0\u201eBewegung\u201c\u00a0einen Stempel aufgedr\u00fcckt haben. So gab es dort Aufrufe, den Hafen von Oakland zu besetzen. Dies wurde mit einem Aufruf zum Generalstreik verbunden, hier wurde also viel eher um soziale Teilhabe gek\u00e4mpft und Produktionsmittel besetzt. Eine derartige Politik mag immer noch verk\u00fcrzt sein, allerdings unterscheidet sie sich deutlich von der\u00a0\u201eOccupy-Bewegung\u201c\u00a0in Deutschland. Hier sind es ganz andere Theorien und eine daraus resultierende politische Praxis, die zum Dreh- und Angelpunkt der\u00a0\u201eBewegung\u201cgeworden sind.<\/p>\n<p style=\"text-align: justify;\">Allerdings beteiligten sich auch in den USA Verschw\u00f6rungsaktivist_innen, Zinskritiker_innen und Rechtspopulist_innen an den Demonstrationen und Aktionen der\u00a0\u201eOccupy-Bewegung\u201c. Die Theorien der\u201eOccupy-Bewegung\u201c, die mit der Phrase von der verk\u00fcrzten Kapitalismuskritik noch freundlich umschrieben ist, bieten ihnen zahlreiche Ankn\u00fcpfungspunkte.<\/p>\n<p style=\"text-align: justify;\">Teilweise wurden auch antisemitische Theorien propagiert. In Los Angeles hetzte beispielsweise eine Patricia McAllister, die im dortigen \u00f6ffentlichen Schulwesen arbeitet, in einem\u00a0<a href=\"http:\/\/www.juedische-allgemeine.de\/article\/view\/id\/11468\">Interview<\/a>:\u201eIch glaube, dass die zionistischen Juden, die hinter den gro\u00dfen Banken und der Federal Reserve (der amerikanischen Zentralbank) stecken, aus diesem Land vertrieben werden sollten\u201c. Das Interview ging um die Welt.<\/p>\n<p style=\"text-align: justify;\">Oftmals wird behauptet, dass es sich um keine keine homogene Bewegung, sondern um die Ansammlung von Individuen handeln w\u00fcrde. Diese bilden den\u00a0\u201eSchwarm\u201c, hei\u00dft es in den Selbstdarstellungen der Aktivist_innen. Dabei wird unterschlagen, dass es sehr wohl gemeinsam Nenner gibt, die die Aktivist_innen auf die Stra\u00dfen und in die Camps gebracht haben.<\/p>\n<p style=\"text-align: justify;\">Die Occupy-Aktivst_innen begreifen sich nicht nur als Teil einer gro\u00dfen Bewegung. Sie behaupten, dass sie stellvertretend f\u00fcr die 99 Prozent der Gesellschaft stehen, die einer angeblichen\u00a0\u201eElite\u201c, den 1 Prozent, ausgeliefert sind. Dies ist ein gemeinsamer Nenner, der zu merkw\u00fcrdigen Verbindungen f\u00fchrt. In Frankfurt wurde die FDP-Politikerin Katja Hessel zum Beispiel begeistert im Camp empfangen:\u00a0\u201ePl\u00f6tzlich wirken sie alle wie Br\u00fcder und Schwestern im Geiste. In welcher Partei war Hessel nochmal? FDP, sagt sie. Wir sind offen f\u00fcr alle Parteien, sagen die anderen, sie geh\u00f6re ja schlie\u00dflich auch zu den Neunundneunzig Prozent. Die \u00fcbrigen ein Prozent, das seien ja nur die ganz Kranken, sagt eine, ein paar hundert h\u00f6chstens, die kontrollierten die ganze Wirtschaft\u201c,\u00a0<a href=\"http:\/\/www.fr-online.de\/frankfurt\/occupy-frankfurt-fdp-politikerin-wagt-sich-ins-rebellencamp,1472798,11084676,view,asFitMl.html\">berichtet\u00a0<\/a>die Frankfurter Rundschau.<\/p>\n<p style=\"text-align: justify;\">Vielen Aktivist_innen geht es auch um die Formierung einer gro\u00dfen deutschen Gemeinschaft, die derartige Verbindungen hervorbringt. Diese gro\u00dfe Gemeinschaft ist auch in den Manifesten der\u00a0\u201eBewegung\u201c\u00a0zu finden. So zum Beispiel in einem Manifest aus Bremen. Die Aktivist_innen beschreiben sich dort als\u201enormale Menschen\u201c:\u00a0\u201eEinige von uns bezeichnen sich als aufkl\u00e4rerisch, andere als konservativ\u201c, hei\u00dft es im Manifest, mit dem die breite Volksbewegung angestrebt wird.<\/p>\n<p style=\"text-align: justify;\">Die Theorie von den 1 Prozent, die die Gesellschaft angeblich beherrschen, erinnert an Zentralsteuerungstheorien, die einen wichtigen Bestandteil vieler verschw\u00f6rungsideologischer Konstrukte darstellt. Oftmals werden hier auch antisemitische Theorien, zum Beispiel gegen die angebliche\u00a0\u201eElite\u201c\u00a0der\u00a0\u201eRothschilds\u201c, propagiert.<\/p>\n<p style=\"text-align: justify;\">Verschiedene Verschw\u00f6rungsideologen gehen davon aus, dass die Menschen durch eine ganz kleine, mehr oder weniger geheime\u00a0\u201eElite\u201c\u00a0gesteuert und kontrolliert werden, die Politiker_innen und Journalist_innen wie Marionetten steuern w\u00fcrden.<\/p>\n<p style=\"text-align: justify;\">Daher ist es kein Wunder, dass viele Verschw\u00f6rungsideologen die\u00a0\u201eBewegung\u201c\u00a0begeistert begr\u00fc\u00dften. So sind an den Camps auch Aktivist_innen beteiligt, die sich ansonsten mit dem 11. September 2001 oder den sagenhaften\u00a0\u201eChemtrails\u201c\u00a0besch\u00e4ftigen. Der 11. September 2001 gilt ihnen als\u00a0\u201eInside Job\u201c, ver\u00fcbt durch amerikanische Institutionen, hinter der die heimliche\u00a0\u201eElite\u201c\u00a0ausgemacht wird, die durch die Anschl\u00e4ge profitiert h\u00e4tte.<\/p>\n<p style=\"text-align: justify;\">Die\u00a0\u201eChemtrails\u201c\u00a0sollen geheime Kondensstreifen von Flugzeugen sein, die der Wettermanipulation, Bev\u00f6lkerungskontrolle oder gar der Bev\u00f6lkerungsreduktion dienen sollen. Derartige Theorien waren auch auf den Demonstrationen der\u00a0\u201eOccupy-Bewegung\u201c\u00a0zu h\u00f6ren.<\/p>\n<p style=\"text-align: justify;\">Noch viel \u00f6fter wird allerdings gegen die angebliche\u00a0\u201eElite\u201c\u00a0vorgegangen. F\u00fcr derartige Theorien begeistern sich auch die F\u00fchrungspersonen dieses ideologischen Milieus. Vielleicht\u00a0<a href=\"http:\/\/www.youtube.com\/watch?v=58FlcqRE1Aw\">beteiligte\u00a0<\/a>sich der ehemalige Wrestler und Gouverneur Jesse Ventura auch deswegen an den Aktionen von Occupy-Wallstreet. Es gehe darum, den\u00a0\u201eKrebs auszumerzen\u201c:\u00a0\u201eIch liebe die Wallstreet, wirklich. Ich mag nur nicht die Gauner und Verschw\u00f6rer, die sie betreiben\u201c, sagte der Autor mehrerer B\u00fccher, in denen es um die verschw\u00f6rungstheoretische Deutung des 11. Septembers geht, in eine Fernsehkamera. Jesse Ventura ist nicht die einzige Person aus diesem Milieu, die sich an den Occupy-Aktionen beteiligt.<\/p>\n<p style=\"text-align: justify;\">An der Bewegung sind beispielsweise zahlreiche Aktivist_innen beteiligt, die sich positiv auf die\u00a0Filmreihe\u00a0\u201eZeitgeist\u201c\u00a0beziehen. Diese geht auf den Filmemacher Peter Joseph und die Vision des Futuristen Jacque Fresco zur\u00fcck. Die Zeitgeist-Reihe betreibt eine verschw\u00f6rungsideologische Deutung der Realit\u00e4t. Hier wird ebenfalls eine geheime\u00a0\u201eElite\u201c\u00a0konstruiert, die f\u00fcr alles Unrecht verantwortlich gemacht wird. Der erste Teil dieser Reihe ist allerdings vor allem ein\u00a0antisemitisches und geschichtsrevisionistisches Machwerk.\u00a0Hier werden die USA unter anderem f\u00fcr den ersten und zweiten Weltkrieg verantwortlich gemacht. Hinter den USA w\u00fcrde eine geheime\u00a0\u201eElite\u201c\u00a0der\u00a0\u201eRothschilds und Rockefellers\u201c\u00a0stehen. Der Zeitgeist-Macher Peter Joseph trat unter anderem am 15.10.2011 im Occupy-Wallstreet-Camp auf und hielt dort eine umjubelte\u00a0<a href=\"http:\/\/www.youtube.com\/watch?v=dkinHuvLEaU\">Rede<\/a>.<\/p>\n<p style=\"text-align: justify;\">Auch in Deutschland gibt es bekannte Occupy-Aktivisten, die sich auf die Zeitgeist-Filme beziehen. So zum Beispiel der Frankfurter Occupy-Aktivst Wolfram Siener. Der\u00a0\u201eSpiegel\u201c\u00a0portr\u00e4tierte ihn als\u201echarismatische F\u00fchrungsfigur\u201c\u00a0der\u00a0\u201eOccupy-Bewegung\u201c. Auf die Frage, durch welche B\u00fccher und Filme er gepr\u00e4gt worden sei, verwies Siener auf die Zeitgeist-Reihe.<\/p>\n<p style=\"text-align: justify;\">Diese Reihe war auf der\u00a0Internetseite\u00a0von \u201eOccupy-Frankfurt\u201c nicht zu entdecken, allerdings wurde dort eine Zeit lang der antisemitische Hetzfilm\u00a0\u201eFabian \u2013 oder gib mir die Welt plus f\u00fcnf Prozent\u201c\u00a0beworben. Dieser Film wurde unter anderem vom rechtspopulistischen und verschw\u00f6rungsideologischen Kopp-Verlag produziert.<\/p>\n<p style=\"text-align: justify;\">In den USA begeisterte sich wiederum Alex Jones f\u00fcr die\u00a0\u201eOccupy-Bewegung\u201c. Dieser ist ein amerikanischer Radio- und Filmemacher, der verschiedene Verschw\u00f6rungstheorien propagiert. Der 11. September 2001 oder die\u00a0Morde des Anders Behring Breivik\u00a0sind f\u00fcr ihn Taten, f\u00fcr die er amerikanische oder gar israelische Institutionen verantwortlich macht. F\u00fcr ihn gibt es eine heimliche\u00a0\u201eElite\u201c, die er die Verantwortung f\u00fcr s\u00e4mtliche Anschl\u00e4ge der vergangenen Jahrzehnte zuschreibt. Der\u00a0\u201eElite\u201c\u00a0ginge es darum Angst zu verbreiten, um eine\u00a0\u201eNeue Weltordnung\u201c\u00a0zu errichten, behauptet Jones.<\/p>\n<p style=\"text-align: justify;\">Mit seiner Internetseite\u00a0\u201eInfowars\u201c\u00a0erreicht er viele Menschen, die sich f\u00fcr Verschw\u00f6rungstheorien begeistern, um die komplexe Realit\u00e4t mit einfachsten Erkl\u00e4rungsans\u00e4tzen zu begreifen. Mit der Internet-seite\u00a0\u201eInfokrieg\u201c\u00a0verf\u00fcgt\u00a0\u201eInfowars\u201c\u00a0auch \u00fcber einen deutschen Ableger, der die Theorien des Alex Jones aufgreift und an die deutschen Verh\u00e4ltnisse anpasst.<\/p>\n<p style=\"text-align: justify;\">Jones\u00a0<a href=\"http:\/\/www.youtube.com\/watch?v=4ekotwKRUAs\">mischte\u00a0<\/a>sich beispielsweise am 11.10.2011 unter die ihm zujubelnden\u00a0\u201eOccupy-Houston\u201c\u00a0Demonstrant_innen. Dort warb er f\u00fcr einen Zusammenschluss zwischen Tea-Party und\u00a0\u201eOccupy-Bewegung\u201c, was von vielen Demonstrant_innen begeistert beklatscht wurde. In beiden Bewegungen sieht er den Beginn einer zweiten amerikanischen Revolution, die sich gegen\u00a0\u201eBankster\u201c\u00a0und\u201e Globalisten\u201c, die eine\u00a0\u201eSchattenregierung\u201c\u00a0gebildet h\u00e4tten, richten w\u00fcrde.<\/p>\n<p style=\"text-align: justify;\">In Deutschland arbeiten Verschw\u00f6rungsideologen ebenfalls an einer derartigen Querfront. Am 03.11.2011 veranstaltete der\u00a0\u201eLinksnationalist\u201c\u00a0J\u00fcrgen Els\u00e4sser eine Podiumsdiskussion \u00fcber die\u00a0\u201eOccupy-Bewegung\u201c. Der ehemalige Junge Welt Autor fordert heute einen Zusammenschluss zwischen\u00a0\u201eLinken\u201c, \u201eRechten\u201c\u00a0und\u00a0\u201eReligi\u00f6sen\u201c, die die\u00a0\u201eGlobalisten\u201c\u00a0schlagen sollen.<\/p>\n<p style=\"text-align: justify;\">An der Podiumsdiskussion beteiligte sich unter anderem Oliver Janich, der Parteivorsitzende der anti-europ\u00e4ischen Partei der Vernunft, in deren Parteiprogramm auch verschw\u00f6rungsideologische Forderungen, wie die nach einer Neu-Untersuchung des 11. Septembers 2001, zu finden sind. Au\u00dfer Janich und Els\u00e4sser sa\u00df allerdings auch Bernd Menningen\u00a0auf dem Podium. Dieser ist ein Aktivist von\u00a0Occupy-Berlin\u00a0und f\u00fchlt sich der Gruppe\u00a0\u201eAlex11\u201c\u00a0zugeh\u00f6rig, an der weitere Verschw\u00f6rungsaktivisten beteiligt sind.<\/p>\n<p style=\"text-align: justify;\">Diese Gruppe ist aus einem Campversuch am Alexanderplatz hervorgegangen. Vor einigen Monaten versuchten sich einige Aktivist_innen, die heute gr\u00f6\u00dftenteils in der\u00a0Occupy-Bewegung\u00a0aktiv sind, an einem\u00a0Camp auf dem Alexanderplatz. Sie scheiterten allerdings an mangelnder Teilnahme und an dem \u00c4rger mit den Beh\u00f6rden. Auf diesem Camp sprachen auch verschiedene Verschw\u00f6rungsideologen zu den anwesenden\u00a0\u201eEmp\u00f6rten\u201c.<\/p>\n<p style=\"text-align: justify;\">So zum Beispiel Georg Berres, der auf den Spitznamen\u00a0\u201eBauchi\u201c\u00a0h\u00f6rt.\u00a0\u201eBauchi\u201c\u00a0behauptet, dass die Bundesrepublik Deutschland in Wirklichkeit lediglich eine\u00a0\u201eGesellschaft mit beschr\u00e4nkter Haftung\u201c, eine GmbH, sei. Diese Verschw\u00f6rungstheorie ist in weiten Teilen dieser Szene durchaus anerkannt. Au\u00dferdem warb der Verschw\u00f6rungspropagandist f\u00fcr die Zusammenarbeit mit der rechten Szene. Man d\u00fcrfe niemanden ausschlie\u00dfen, sagte Berres. Auch in diesem Camp wurde die verschw\u00f6rungsideologische Filmreihe\u00a0\u201eZeitgeist\u201c\u00a0beworben.<\/p>\n<p style=\"text-align: justify;\">Das hat sich bis heute nicht ge\u00e4ndert. Zwar campieren die Demonstrant_innen nicht mehr auf dem Alexanderplatz, sondern an dem Bundespressestrand, aber die verschw\u00f6rungsideologische Deutung der Realit\u00e4t zieht sich wie ein roter Faden durch die Aufrufe und Aktionen der\u00a0Occupy-Bewegung\u00a0in Berlin.<\/p>\n<p style=\"text-align: justify;\">Am 11.11.2011 riefen die Aktivist_innen beispielsweise zu einem\u00a0\u201eKarneval der Emp\u00f6rten\u201c\u00a0auf.\u00a0\u201eNoch sind wir die Narren\u201c,\u00a0hie\u00df es im Aufruf. W\u00e4hrend dieser Aktion waren\u00a0\u201eMarionettenspieler und Marionetten\u201c\u00a0zu sehen, vielleicht wird auch dadurch deutlich, von welch einem ideologischen Weltbild die Demonstrant_innen getrieben werden.<\/p>\n<p style=\"text-align: justify;\">Die Aktionen und die Theorien der\u00a0\u201eOccupy-Bewegung\u201c\u00a0machen deutlich, dass es sich hier in keiner Weise um ein emanzipatorisches Projekt handelt. Antisemitische Theorien, Verschw\u00f6rungsideologien und verk\u00fcrzte Kapitalismuskritik ergeben eine \u00e4u\u00dfert unsch\u00f6ne Melange. Dabei verfallen die Aktivist_innen einem Weltbild, das der Emanzipation des Menschen im Wege steht. Diejenigen, die damit aus guten Gr\u00fcnde ein Problem haben, sollten mit ihren beschr\u00e4nkten Mitteln intervenieren, bevor es daf\u00fcr zu sp\u00e4t ist. Schlie\u00dflich ist von der gro\u00dfen Gemeinschaft gegen die\u00a0\u201e1 Prozent\u201c\u00a0keine Emanzipation, daf\u00fcr aber Barbarei zu erwarten.<\/p>\n<p style=\"text-align: justify;\">F\u00fcr den 15.01.2011 mobilisieren die\u00a0\u201eOccupy\u201c-Aktivist_innen zu ihren n\u00e4chsten M\u00e4rschen. Es bleibt allerdings abzuwarten, ob noch einmal Zehntausende auf die Stra\u00dfe gehen werden oder ob dieses Datum das endg\u00fcltige Ende dieser\u00a0\u201eBewegung\u201c\u00a0markieren wird.<\/p>\n<h6 style=\"text-align: center;\">DER ARTIKEL ERSCHIEN ERSTMALS IN DER ZEITUNG DES ASTAS DER UNIVERSIT\u00c4T FRANKFURT.<\/h6>\n<a class=\"synved-social-button synved-social-button-share synved-social-size-32 synved-social-resolution-single synved-social-provider-facebook nolightbox\" data-provider=\"facebook\" target=\"_blank\" rel=\"nofollow\" title=\"Auf Facebook teilen\" href=\"https:\/\/www.facebook.com\/sharer.php?u=https%3A%2F%2Fferne-welten.com%2Findex.php%3Frest_route%3D%252Fwp%252Fv2%252Fposts%252F1230&#038;t=Gemeinschaft%20gegen%20die%20%E2%80%9E1%20Prozent%E2%80%9C&#038;s=100&#038;p&#091;url&#093;=https%3A%2F%2Fferne-welten.com%2Findex.php%3Frest_route%3D%252Fwp%252Fv2%252Fposts%252F1230&#038;p&#091;images&#093;&#091;0&#093;=&#038;p&#091;title&#093;=Gemeinschaft%20gegen%20die%20%E2%80%9E1%20Prozent%E2%80%9C\" style=\"font-size: 0px;width:32px;height:32px;margin:0;margin-bottom:5px;margin-right:5px\"><img loading=\"lazy\" decoding=\"async\" alt=\"Facebook\" title=\"Auf Facebook teilen\" class=\"synved-share-image synved-social-image synved-social-image-share\" width=\"32\" height=\"32\" style=\"display: inline;width:32px;height:32px;margin: 0;padding: 0;border: none;box-shadow: none\" src=\"https:\/\/ferne-welten.com\/wp-content\/plugins\/social-media-feather\/synved-social\/addons\/extra-icons\/image\/social\/circle\/64x64\/facebook.png\" \/><\/a><a class=\"synved-social-button synved-social-button-share synved-social-size-32 synved-social-resolution-single synved-social-provider-twitter nolightbox\" data-provider=\"twitter\" target=\"_blank\" rel=\"nofollow\" title=\"Auf Twitter teilen\" href=\"https:\/\/twitter.com\/intent\/tweet?url=https%3A%2F%2Fferne-welten.com%2Findex.php%3Frest_route%3D%252Fwp%252Fv2%252Fposts%252F1230&#038;text=Hey%20check%20this%20out\" style=\"font-size: 0px;width:32px;height:32px;margin:0;margin-bottom:5px;margin-right:5px\"><img loading=\"lazy\" decoding=\"async\" alt=\"twitter\" title=\"Auf Twitter teilen\" class=\"synved-share-image synved-social-image synved-social-image-share\" width=\"32\" height=\"32\" style=\"display: inline;width:32px;height:32px;margin: 0;padding: 0;border: none;box-shadow: none\" src=\"https:\/\/ferne-welten.com\/wp-content\/plugins\/social-media-feather\/synved-social\/addons\/extra-icons\/image\/social\/circle\/64x64\/twitter.png\" \/><\/a><a class=\"synved-social-button synved-social-button-share synved-social-size-32 synved-social-resolution-single synved-social-provider-reddit nolightbox\" data-provider=\"reddit\" target=\"_blank\" rel=\"nofollow\" title=\"Auf Reddit teilen\" href=\"https:\/\/www.reddit.com\/submit?url=https%3A%2F%2Fferne-welten.com%2Findex.php%3Frest_route%3D%252Fwp%252Fv2%252Fposts%252F1230&#038;title=Gemeinschaft%20gegen%20die%20%E2%80%9E1%20Prozent%E2%80%9C\" style=\"font-size: 0px;width:32px;height:32px;margin:0;margin-bottom:5px;margin-right:5px\"><img loading=\"lazy\" decoding=\"async\" alt=\"reddit\" title=\"Auf Reddit teilen\" class=\"synved-share-image synved-social-image synved-social-image-share\" width=\"32\" height=\"32\" style=\"display: inline;width:32px;height:32px;margin: 0;padding: 0;border: none;box-shadow: none\" src=\"https:\/\/ferne-welten.com\/wp-content\/plugins\/social-media-feather\/synved-social\/addons\/extra-icons\/image\/social\/circle\/64x64\/reddit.png\" \/><\/a><a class=\"synved-social-button synved-social-button-share synved-social-size-32 synved-social-resolution-single synved-social-provider-pinterest nolightbox\" data-provider=\"pinterest\" target=\"_blank\" rel=\"nofollow\" title=\"Auf Pinterest pinnen\" href=\"https:\/\/pinterest.com\/pin\/create\/button\/?url=https%3A%2F%2Fferne-welten.com%2Findex.php%3Frest_route%3D%252Fwp%252Fv2%252Fposts%252F1230&#038;media=&#038;description=Gemeinschaft%20gegen%20die%20%E2%80%9E1%20Prozent%E2%80%9C\" style=\"font-size: 0px;width:32px;height:32px;margin:0;margin-bottom:5px;margin-right:5px\"><img loading=\"lazy\" decoding=\"async\" alt=\"pinterest\" title=\"Auf Pinterest pinnen\" class=\"synved-share-image synved-social-image synved-social-image-share\" width=\"32\" height=\"32\" style=\"display: inline;width:32px;height:32px;margin: 0;padding: 0;border: none;box-shadow: none\" src=\"https:\/\/ferne-welten.com\/wp-content\/plugins\/social-media-feather\/synved-social\/addons\/extra-icons\/image\/social\/circle\/64x64\/pinterest.png\" \/><\/a><a class=\"synved-social-button synved-social-button-share synved-social-size-32 synved-social-resolution-single synved-social-provider-linkedin nolightbox\" data-provider=\"linkedin\" target=\"_blank\" rel=\"nofollow\" title=\"Auf Linkedin teilen\" href=\"https:\/\/www.linkedin.com\/shareArticle?mini=true&#038;url=https%3A%2F%2Fferne-welten.com%2Findex.php%3Frest_route%3D%252Fwp%252Fv2%252Fposts%252F1230&#038;title=Gemeinschaft%20gegen%20die%20%E2%80%9E1%20Prozent%E2%80%9C\" style=\"font-size: 0px;width:32px;height:32px;margin:0;margin-bottom:5px;margin-right:5px\"><img loading=\"lazy\" decoding=\"async\" alt=\"linkedin\" title=\"Auf Linkedin teilen\" class=\"synved-share-image synved-social-image synved-social-image-share\" width=\"32\" height=\"32\" style=\"display: inline;width:32px;height:32px;margin: 0;padding: 0;border: none;box-shadow: none\" src=\"https:\/\/ferne-welten.com\/wp-content\/plugins\/social-media-feather\/synved-social\/addons\/extra-icons\/image\/social\/circle\/64x64\/linkedin.png\" \/><\/a><a class=\"synved-social-button synved-social-button-share synved-social-size-32 synved-social-resolution-single synved-social-provider-tumblr nolightbox\" data-provider=\"tumblr\" target=\"_blank\" rel=\"nofollow\" title=\"\u00dcber Tumblr teilen\" href=\"https:\/\/tumblr.com\/share?s=&#038;v=3&#038;t=Gemeinschaft%20gegen%20die%20%E2%80%9E1%20Prozent%E2%80%9C&#038;u=https%3A%2F%2Fferne-welten.com%2Findex.php%3Frest_route%3D%252Fwp%252Fv2%252Fposts%252F1230\" style=\"font-size: 0px;width:32px;height:32px;margin:0;margin-bottom:5px;margin-right:5px\"><img loading=\"lazy\" decoding=\"async\" alt=\"tumblr\" title=\"\u00dcber Tumblr teilen\" class=\"synved-share-image synved-social-image synved-social-image-share\" width=\"32\" height=\"32\" style=\"display: inline;width:32px;height:32px;margin: 0;padding: 0;border: none;box-shadow: none\" src=\"https:\/\/ferne-welten.com\/wp-content\/plugins\/social-media-feather\/synved-social\/addons\/extra-icons\/image\/social\/circle\/64x64\/tumblr.png\" \/><\/a><a class=\"synved-social-button synved-social-button-share synved-social-size-32 synved-social-resolution-single synved-social-provider-mail nolightbox\" data-provider=\"mail\" rel=\"nofollow\" title=\"Link per Mail weiterleiten\" href=\"mailto:?subject=Gemeinschaft%20gegen%20die%20%E2%80%9E1%20Prozent%E2%80%9C&#038;body=Hey%20check%20this%20out:%20https%3A%2F%2Fferne-welten.com%2Findex.php%3Frest_route%3D%252Fwp%252Fv2%252Fposts%252F1230\" style=\"font-size: 0px;width:32px;height:32px;margin:0;margin-bottom:5px\"><img loading=\"lazy\" decoding=\"async\" alt=\"mail\" title=\"Link per Mail weiterleiten\" class=\"synved-share-image synved-social-image synved-social-image-share\" width=\"32\" height=\"32\" style=\"display: inline;width:32px;height:32px;margin: 0;padding: 0;border: none;box-shadow: none\" src=\"https:\/\/ferne-welten.com\/wp-content\/plugins\/social-media-feather\/synved-social\/addons\/extra-icons\/image\/social\/circle\/64x64\/mail.png\" \/><\/a>","protected":false},"excerpt":{"rendered":"<p>Die\u00a0\u201eOccupy-Bewegung\u201c\u00a0ist in aller Munde. Am 15.10.2011 demonstrierten mehrere zehntausend Menschen in vielen St\u00e4dten der Bundesrepublik. 8000 waren es in Frankfurt, 7000 in Berlin, 3000 in Hamburg und immerhin noch 350 in Bremen. \u201eEchte Demokratie Jetzt\u201c, lautete eine Forderung, die oftmals&#8230;<br \/><a class=\"read-more-button\" href=\"https:\/\/ferne-welten.com\/?p=1230\">Read more<\/a><\/p>\n","protected":false},"author":1,"featured_media":0,"comment_status":"open","ping_status":"open","sticky":false,"template":"","format":"standard","meta":{"footnotes":""},"categories":[359,61,79],"tags":[245,191,200,428,162,195,355],"class_list":["post-1230","post","type-post","status-publish","format-standard","hentry","category-eiskaltland","category-lesbares","category-mythen","tag-alex11","tag-berlin","tag-frankfurt","tag-georg-berres","tag-juergen-elsaesser","tag-occupy","tag-zeitgeist"],"_links":{"self":[{"href":"https:\/\/ferne-welten.com\/index.php?rest_route=\/wp\/v2\/posts\/1230","targetHints":{"allow":["GET"]}}],"collection":[{"href":"https:\/\/ferne-welten.com\/index.php?rest_route=\/wp\/v2\/posts"}],"about":[{"href":"https:\/\/ferne-welten.com\/index.php?rest_route=\/wp\/v2\/types\/post"}],"author":[{"embeddable":true,"href":"https:\/\/ferne-welten.com\/index.php?rest_route=\/wp\/v2\/users\/1"}],"replies":[{"embeddable":true,"href":"https:\/\/ferne-welten.com\/index.php?rest_route=%2Fwp%2Fv2%2Fcomments&post=1230"}],"version-history":[{"count":1,"href":"https:\/\/ferne-welten.com\/index.php?rest_route=\/wp\/v2\/posts\/1230\/revisions"}],"predecessor-version":[{"id":1231,"href":"https:\/\/ferne-welten.com\/index.php?rest_route=\/wp\/v2\/posts\/1230\/revisions\/1231"}],"wp:attachment":[{"href":"https:\/\/ferne-welten.com\/index.php?rest_route=%2Fwp%2Fv2%2Fmedia&parent=1230"}],"wp:term":[{"taxonomy":"category","embeddable":true,"href":"https:\/\/ferne-welten.com\/index.php?rest_route=%2Fwp%2Fv2%2Fcategories&post=1230"},{"taxonomy":"post_tag","embeddable":true,"href":"https:\/\/ferne-welten.com\/index.php?rest_route=%2Fwp%2Fv2%2Ftags&post=1230"}],"curies":[{"name":"wp","href":"https:\/\/api.w.org\/{rel}","templated":true}]}}