{"id":1261,"date":"2011-11-20T09:38:00","date_gmt":"2011-11-20T08:38:00","guid":{"rendered":"http:\/\/ferne-welten.com\/?p=1261"},"modified":"2017-04-30T09:39:30","modified_gmt":"2017-04-30T08:39:30","slug":"goodbye-ken","status":"publish","type":"post","link":"https:\/\/ferne-welten.com\/?p=1261","title":{"rendered":"Goodbye Ken"},"content":{"rendered":"<p style=\"text-align: justify;\">Der Radiomoderator Ken Jebsen ist nicht mehr im Radio Fritz des RBB zu h\u00f6ren. Bereits vor einigen Wochen war es zu einer zeitweiligen Absetzung der Sendung KenFM gekommen. Damals war eine Nachricht des Moderatoren ver\u00f6ffentlicht worden:\u00a0\u201eIch wei\u00df, wer den Ho\u00adlo\u00adcaust als PR er\u00adfun\u00adden hat\u201c, schrieb Jebsen in dieser Nachricht, die durch Henryk M. Broder\u00a0<a href=\"http:\/\/www.achgut.com\/dadgdx\/index.php\/dadgd\/article\/ich_weis_wer_den_holocaust_als_pr_erfunden_hat\/\">ver\u00f6ffentlicht\u00a0<\/a>wurde.<\/p>\n<p style=\"text-align: justify;\"><!--more--><\/p>\n<p style=\"text-align: justify;\">In diesem Zusammenhang verwies Jebsen auf den PR-Experten Edward Bernays, einen Neffen Sigmund Freuds. In der Nachricht des Ken Jebsen fanden sich weitere eindeutige Aussagen. So schwadronierte der Radiomoderator, zu dessen Markenzeichen ein ratternder, schneller Sprachstil geh\u00f6rte, zum Beispiel \u00fcber\u201edie f\u00fchrer\u201c\u00a0des\u00a0\u201ej\u00fcdischen volkes\u201c.\u00a0\u201ewas ist das gr\u00f6sste problem der juden ? ihre f\u00fchrer\u201c, schrieb Jebsen und nannte in diesem Zusammenhang den Namen des amerikanischen Politikers Henry Kissinger.<\/p>\n<p style=\"text-align: justify;\">Die inhaltlichen Aussagen, die Jebsen in seinen Radiosendungen formulierte, unterschieden sich kaum von den Theorien, die er in der privaten Nachricht formulierte. Verschw\u00f6rungstheorien zum 11. September 2001 oder die Behauptung, dass Deutschland lediglich ein Vasall der amerikanischen Staaten darstellen w\u00fcrde, mischten sich mit der Glorifizierung pal\u00e4stinensischer Terroristen, die eine\u00a0\u201ehandvoll blutgetr\u00e4nkter Erde\u201c, also Blut und Boden, verteidigen w\u00fcrden.<\/p>\n<p style=\"text-align: justify;\">Ken Jebsen, der auch auf den\u00a0<a href=\"http:\/\/de.wikipedia.org\/wiki\/Ken_Jebsen\">Namen<\/a>\u00a0\u201eReporter des Wahnsinns\u201c\u00a0h\u00f6rt, tr\u00e4umte von einem\u00a0\u201eStaa\u00adten\u00adge\u00adbil\u00adde Is\u00adrael\u00adPa\u00adl\u00e4s\u00adti\u00adna\u201c\u00a0und schwang sich be\u00advor\u00adzugt<a href=\"http:\/\/reflexion.blogsport.de\/2011\/11\/07\/propaganda-a-la-kenfm-ein-nachruf\/\">\u00a0zu einer Art deut\u00adschen Nach\u00adhil\u00adfe\u00adleh\u00adrer<\/a>\u00a0auf. Sein Ratschlag war unter anderem ein Yad Vas\u00adhem in\u00a0\u201ePa\u00adl\u00e4s\u00adti\u00adna\u201c, das\u00a0\u201eall der pa\u00adl\u00e4s\u00adti\u00adnen\u00adsi\u00adschen Opfer ge\u00addenkt, die durch is\u00adrae\u00adli\u00adsche Be\u00adsat\u00adzung um\u00adge\u00adkom\u00admen sind\u201c. Ein\u00a0\u201ezuk\u00fcnftiger israelischer Pr\u00e4sident\u201c\u00a0solle dort nie\u00adder\u00adkni\u00aden\u00a0\u201ewie einst Willy Brandt\u201c\u00a0in War\u00adschau.<\/p>\n<p style=\"text-align: justify;\"><a href=\"http:\/\/reflexion.blogsport.de\/2010\/12\/19\/propaganda-a-la-kenfm\/\">Andere Theorien\u00a0<\/a>waren ebenso un\u00adap\u00adpe\u00adtit\u00adli\u00adch. Deutschland sei ein\u00a0\u201eVa\u00adsall\u201c\u00a0der USA, be\u00adhaup\u00adte\u00adte er. Den II. Weltkrieg deutete er als \u201e\u00d6l\u00adkrieg\u201c, von dem die Ro\u00adcke\u00adfel\u00adlers als al\u00adlei\u00adni\u00adge Mo\u00adno\u00adpo\u00adlis\u00adten profitiert h\u00e4t\u00adten. Mit seinen Sendungen zeigte Jebsen auf, wie mehr\u00adheits-\u200b und ge\u00adsell\u00adschafts\u00adf\u00e4\u00adhig die ver\u00adschw\u00f6\u00adrungs\u00adideo\u00adlo\u00adgi\u00adsche Deu\u00adtung der Rea\u00adli\u00adt\u00e4t ist. Der Skandal war nicht nur die Nachricht, sondern dass Ken Jebsen \u00e4hnliche Inhalte \u00fcber Jahre \u00fcber das\u00a0\u201eRadio Fritz\u201c\u00a0des RBB verbreiten konnte.<\/p>\n<p style=\"text-align: justify;\">Nachdem die Sendung vorerst abgesetzt worden war, mobilisierte Ken Jebsen seine Anh\u00e4nger, diese entfachten einen\u00a0w\u00fctenden Shitstorm.\u00a0\u201eDa merkt man gleich diese gr\u00f6\u00ad\u00dfen\u00adwahn\u00adsinn\u00adge denk\u00adwei\u00adse die\u00adses volkes (das aus\u00ader\u00adw\u00e4hl\u00adte Volk alle an\u00adde\u00adren sind dreck)\u201c, schrieb ein Ken\u00adFM-\u200bFan bei\u00adspiels\u00adwei\u00adse auf der Face\u00adbook-\u200bSei\u00adte der Sen\u00addung.<\/p>\n<p style=\"text-align: justify;\">Zahl\u00adrei\u00adche an\u00adde\u00adre Fans \u00e4u\u00ad\u00dfer\u00adten sich in einer \u00e4hn\u00adli\u00adchen Weise und schrieben w\u00fctende Nachrichten an die Programmverantwortlichen des RBB. Hier machte der deutsche Mob mobil. Kurz darauf reagierte der RBB in ihrem Sinne. Er stellte dem Radiomoderatoren\u00a0<a href=\"http:\/\/www.tagesspiegel.de\/medien\/rbb-nennt-antisemitisvorwuerfe-gegen-jebsen-haltlos\/5818580.html\">einen Persilschein<\/a>\u00a0aus:\u00a0\u201eDie Vor\u00adw\u00fcr\u00adfe, dass Ken Jeb\u00adsen An\u00adti\u00adse\u00admit ist und den Ho\u00adlo\u00adcaust leug\u00adnet, sind ab\u00adso\u00adlut nicht halt\u00adbar\u201c, sagte RBB-\u200bSpre\u00adcher Volker Schreck.<\/p>\n<p style=\"text-align: justify;\">Jebsen h\u00e4tte in\u00a0\u201emanchen F\u00e4llen die Grenze \u00fcberschritten\u201c, verharmloste RBB-Programmdirektorin Claudia Nothelle. Die j\u00fcdische Gemeinde Berlin\u00a0<a href=\"http:\/\/www.taz.de\/1\/archiv\/digitaz\/artikel\/?ressort=ba&amp;dig=2011\/11\/16\/a0136&amp;%23038;cHash=8824c3a557\">protestierte<\/a>, die deutsche Mehrheitsgesellschaft schwieg. Der ratternde Radiomoderator durfte am 06.11.2011 tats\u00e4chlich wieder auf Sendung gehen und orakelte \u00fcber\u00a0\u201eTabuthemen\u201c, die man angeblich nicht ansprechen d\u00fcrfte.<\/p>\n<p style=\"text-align: justify;\">Nicht nur das\u00a0\u201ePiratenradio\u201c\u00a0jubelte.\u00a0\u201eYes, we Ken\u201c, hie\u00df es dort. Im Pod\u00adcast zu die\u00adser Sen\u00addung hei\u00dft es in Rich\u00adtung Bro\u00adder:<\/p>\n<blockquote><p>Mit Si\u00adcher\u00adheit haben sie aber Angst, dass man ihnen die Larve vom Ge\u00adsicht rei\u00dft. Ab\u00adge\u00adlei\u00adtet von der Larve ist der Be\u00adgriff des \u201aEnt\u00adlar\u00advens\u2018<\/p><\/blockquote>\n<p style=\"text-align: justify;\">Nun ist die Sendung endg\u00fcltig abgesetzt worden. Jebsen habe\u00a0\u201everbindliche Vereinbarungen\u201c\u00a0\u00fcber den Inhalt der Sendung\u00a0\u201ewiederholt nicht eingehalten\u201c, hei\u00dft es in einer kurzen\u00a0<a href=\"http:\/\/www.rbb-online.de\/unternehmen\/unternehmen\/teaser_2011\/stefan_warbeck_gibt.html\">Erkl\u00e4rung\u00a0<\/a>des RBB.<\/p>\n<p style=\"text-align: justify;\">Eine ebenso kurze Erkl\u00e4rung ver\u00f6ffentlichte Jebsen, in der er die Vorw\u00fcrfe zur\u00fcckwies. Die Reaktionen seiner Fans lie\u00dfen nicht auf sich warten.\u00a0\u201eSchreibt Hatemails\u201c, fordert beispielsweise ein Groupie des Ken Jebsen. Ein anderer kann die\u00a0\u201eAntisemitenheuchelei\u201c\u00a0nicht mehr\u00a0\u201eertragen\u201c.<\/p>\n<p style=\"text-align: justify;\">\u201ePass auf dich auf alter denk an M\u00f6llemann\u201c, warnt ein weiterer Fan sein gro\u00dfes Idol. Hier wird dazu aufgerufen, die\u201eVerantwortlichen zur Rechenschaft\u201c\u00a0zu ziehen. Keine \u00dcberraschungen also in diesem kalten Deutschland, in dem ein Moderator wie Ken Jebsen seine Propaganda jahrelang \u00fcber einen staatlichen Radiosender verbreiten durfte.<\/p>\n<p style=\"text-align: justify;\">Nun wird der Moderator\u00a0<a href=\"http:\/\/www.netz-gegen-nazis.de\/dokument\/24112011-nach-den-rechten-sehen\">nicht mehr<\/a>\u00a0\u00fcber das Radio Fritz zu h\u00f6ren sein. Ken Jebsen, das Idol der Verschw\u00f6rungsfans, kann aber immer noch seine YouTube-Karriere fortsetzen. Eine Option, die vom Moderatoren augenscheinlich auch angestrebt wird. Eine weitere M\u00f6glichkeit k\u00f6nnte ihm der\u00a0Kopp-Verlag\u00a0offerieren. Hier w\u00e4re Ken Jebsen, an der Seite von Eva Herman, die die\u00a0\u201eNachrichten\u201c\u00a0des Verlages\u00a0moderiert, in passender Gesellschaft. Schlie\u00dflich werden dort vor allem Verschw\u00f6rungstheorien beworben. Die Inhalte der Sendung d\u00fcrften auch Jebsen zusagen.<\/p>\n<p style=\"text-align: justify;\">Jebsen wird weiterhin zu h\u00f6ren sein, zumindest \u00fcber die Videoplattform YouTube.\u00a0\u201eKenFM wird es weiter geben, das ist keine Frage\u201c, droht Jebsen in einem\u00a0Interview. Daher hei\u00dft es an dieser Stelle auch nur vorerst: Goodbye Ken.<\/p>\n<a class=\"synved-social-button synved-social-button-share synved-social-size-32 synved-social-resolution-single synved-social-provider-facebook nolightbox\" data-provider=\"facebook\" target=\"_blank\" rel=\"nofollow\" title=\"Auf Facebook teilen\" href=\"https:\/\/www.facebook.com\/sharer.php?u=https%3A%2F%2Fferne-welten.com%2Findex.php%3Frest_route%3D%252Fwp%252Fv2%252Fposts%252F1261&#038;t=Goodbye%20Ken&#038;s=100&#038;p&#091;url&#093;=https%3A%2F%2Fferne-welten.com%2Findex.php%3Frest_route%3D%252Fwp%252Fv2%252Fposts%252F1261&#038;p&#091;images&#093;&#091;0&#093;=&#038;p&#091;title&#093;=Goodbye%20Ken\" style=\"font-size: 0px;width:32px;height:32px;margin:0;margin-bottom:5px;margin-right:5px\"><img loading=\"lazy\" decoding=\"async\" alt=\"Facebook\" title=\"Auf Facebook teilen\" class=\"synved-share-image synved-social-image synved-social-image-share\" width=\"32\" height=\"32\" style=\"display: inline;width:32px;height:32px;margin: 0;padding: 0;border: none;box-shadow: none\" src=\"https:\/\/ferne-welten.com\/wp-content\/plugins\/social-media-feather\/synved-social\/addons\/extra-icons\/image\/social\/circle\/64x64\/facebook.png\" \/><\/a><a class=\"synved-social-button synved-social-button-share synved-social-size-32 synved-social-resolution-single synved-social-provider-twitter nolightbox\" data-provider=\"twitter\" target=\"_blank\" rel=\"nofollow\" title=\"Auf Twitter teilen\" href=\"https:\/\/twitter.com\/intent\/tweet?url=https%3A%2F%2Fferne-welten.com%2Findex.php%3Frest_route%3D%252Fwp%252Fv2%252Fposts%252F1261&#038;text=Hey%20check%20this%20out\" style=\"font-size: 0px;width:32px;height:32px;margin:0;margin-bottom:5px;margin-right:5px\"><img loading=\"lazy\" decoding=\"async\" alt=\"twitter\" title=\"Auf Twitter teilen\" class=\"synved-share-image synved-social-image synved-social-image-share\" width=\"32\" height=\"32\" style=\"display: inline;width:32px;height:32px;margin: 0;padding: 0;border: none;box-shadow: none\" src=\"https:\/\/ferne-welten.com\/wp-content\/plugins\/social-media-feather\/synved-social\/addons\/extra-icons\/image\/social\/circle\/64x64\/twitter.png\" \/><\/a><a class=\"synved-social-button synved-social-button-share synved-social-size-32 synved-social-resolution-single synved-social-provider-reddit nolightbox\" data-provider=\"reddit\" target=\"_blank\" rel=\"nofollow\" title=\"Auf Reddit teilen\" href=\"https:\/\/www.reddit.com\/submit?url=https%3A%2F%2Fferne-welten.com%2Findex.php%3Frest_route%3D%252Fwp%252Fv2%252Fposts%252F1261&#038;title=Goodbye%20Ken\" style=\"font-size: 0px;width:32px;height:32px;margin:0;margin-bottom:5px;margin-right:5px\"><img loading=\"lazy\" decoding=\"async\" alt=\"reddit\" title=\"Auf Reddit teilen\" class=\"synved-share-image synved-social-image synved-social-image-share\" width=\"32\" height=\"32\" style=\"display: inline;width:32px;height:32px;margin: 0;padding: 0;border: none;box-shadow: none\" src=\"https:\/\/ferne-welten.com\/wp-content\/plugins\/social-media-feather\/synved-social\/addons\/extra-icons\/image\/social\/circle\/64x64\/reddit.png\" \/><\/a><a class=\"synved-social-button synved-social-button-share synved-social-size-32 synved-social-resolution-single synved-social-provider-pinterest nolightbox\" data-provider=\"pinterest\" target=\"_blank\" rel=\"nofollow\" title=\"Auf Pinterest pinnen\" href=\"https:\/\/pinterest.com\/pin\/create\/button\/?url=https%3A%2F%2Fferne-welten.com%2Findex.php%3Frest_route%3D%252Fwp%252Fv2%252Fposts%252F1261&#038;media=&#038;description=Goodbye%20Ken\" style=\"font-size: 0px;width:32px;height:32px;margin:0;margin-bottom:5px;margin-right:5px\"><img loading=\"lazy\" decoding=\"async\" alt=\"pinterest\" title=\"Auf Pinterest pinnen\" class=\"synved-share-image synved-social-image synved-social-image-share\" width=\"32\" height=\"32\" style=\"display: inline;width:32px;height:32px;margin: 0;padding: 0;border: none;box-shadow: none\" src=\"https:\/\/ferne-welten.com\/wp-content\/plugins\/social-media-feather\/synved-social\/addons\/extra-icons\/image\/social\/circle\/64x64\/pinterest.png\" \/><\/a><a class=\"synved-social-button synved-social-button-share synved-social-size-32 synved-social-resolution-single synved-social-provider-linkedin nolightbox\" data-provider=\"linkedin\" target=\"_blank\" rel=\"nofollow\" title=\"Auf Linkedin teilen\" href=\"https:\/\/www.linkedin.com\/shareArticle?mini=true&#038;url=https%3A%2F%2Fferne-welten.com%2Findex.php%3Frest_route%3D%252Fwp%252Fv2%252Fposts%252F1261&#038;title=Goodbye%20Ken\" style=\"font-size: 0px;width:32px;height:32px;margin:0;margin-bottom:5px;margin-right:5px\"><img loading=\"lazy\" decoding=\"async\" alt=\"linkedin\" title=\"Auf Linkedin teilen\" class=\"synved-share-image synved-social-image synved-social-image-share\" width=\"32\" height=\"32\" style=\"display: inline;width:32px;height:32px;margin: 0;padding: 0;border: none;box-shadow: none\" src=\"https:\/\/ferne-welten.com\/wp-content\/plugins\/social-media-feather\/synved-social\/addons\/extra-icons\/image\/social\/circle\/64x64\/linkedin.png\" \/><\/a><a class=\"synved-social-button synved-social-button-share synved-social-size-32 synved-social-resolution-single synved-social-provider-tumblr nolightbox\" data-provider=\"tumblr\" target=\"_blank\" rel=\"nofollow\" title=\"\u00dcber Tumblr teilen\" href=\"https:\/\/tumblr.com\/share?s=&#038;v=3&#038;t=Goodbye%20Ken&#038;u=https%3A%2F%2Fferne-welten.com%2Findex.php%3Frest_route%3D%252Fwp%252Fv2%252Fposts%252F1261\" style=\"font-size: 0px;width:32px;height:32px;margin:0;margin-bottom:5px;margin-right:5px\"><img loading=\"lazy\" decoding=\"async\" alt=\"tumblr\" title=\"\u00dcber Tumblr teilen\" class=\"synved-share-image synved-social-image synved-social-image-share\" width=\"32\" height=\"32\" style=\"display: inline;width:32px;height:32px;margin: 0;padding: 0;border: none;box-shadow: none\" src=\"https:\/\/ferne-welten.com\/wp-content\/plugins\/social-media-feather\/synved-social\/addons\/extra-icons\/image\/social\/circle\/64x64\/tumblr.png\" \/><\/a><a class=\"synved-social-button synved-social-button-share synved-social-size-32 synved-social-resolution-single synved-social-provider-mail nolightbox\" data-provider=\"mail\" rel=\"nofollow\" title=\"Link per Mail weiterleiten\" href=\"mailto:?subject=Goodbye%20Ken&#038;body=Hey%20check%20this%20out:%20https%3A%2F%2Fferne-welten.com%2Findex.php%3Frest_route%3D%252Fwp%252Fv2%252Fposts%252F1261\" style=\"font-size: 0px;width:32px;height:32px;margin:0;margin-bottom:5px\"><img loading=\"lazy\" decoding=\"async\" alt=\"mail\" title=\"Link per Mail weiterleiten\" class=\"synved-share-image synved-social-image synved-social-image-share\" width=\"32\" height=\"32\" style=\"display: inline;width:32px;height:32px;margin: 0;padding: 0;border: none;box-shadow: none\" src=\"https:\/\/ferne-welten.com\/wp-content\/plugins\/social-media-feather\/synved-social\/addons\/extra-icons\/image\/social\/circle\/64x64\/mail.png\" \/><\/a>","protected":false},"excerpt":{"rendered":"<p>Der Radiomoderator Ken Jebsen ist nicht mehr im Radio Fritz des RBB zu h\u00f6ren. Bereits vor einigen Wochen war es zu einer zeitweiligen Absetzung der Sendung KenFM gekommen. Damals war eine Nachricht des Moderatoren ver\u00f6ffentlicht worden:\u00a0\u201eIch wei\u00df, wer den Ho\u00adlo\u00adcaust&#8230;<br \/><a class=\"read-more-button\" href=\"https:\/\/ferne-welten.com\/?p=1261\">Read more<\/a><\/p>\n","protected":false},"author":1,"featured_media":0,"comment_status":"open","ping_status":"open","sticky":false,"template":"","format":"standard","meta":{"footnotes":""},"categories":[359,79],"tags":[464,97,465,466,467],"class_list":["post-1261","post","type-post","status-publish","format-standard","hentry","category-eiskaltland","category-mythen","tag-broder","tag-ken-jebsen","tag-kenfm","tag-radio-fritz","tag-rbb"],"_links":{"self":[{"href":"https:\/\/ferne-welten.com\/index.php?rest_route=\/wp\/v2\/posts\/1261","targetHints":{"allow":["GET"]}}],"collection":[{"href":"https:\/\/ferne-welten.com\/index.php?rest_route=\/wp\/v2\/posts"}],"about":[{"href":"https:\/\/ferne-welten.com\/index.php?rest_route=\/wp\/v2\/types\/post"}],"author":[{"embeddable":true,"href":"https:\/\/ferne-welten.com\/index.php?rest_route=\/wp\/v2\/users\/1"}],"replies":[{"embeddable":true,"href":"https:\/\/ferne-welten.com\/index.php?rest_route=%2Fwp%2Fv2%2Fcomments&post=1261"}],"version-history":[{"count":2,"href":"https:\/\/ferne-welten.com\/index.php?rest_route=\/wp\/v2\/posts\/1261\/revisions"}],"predecessor-version":[{"id":1263,"href":"https:\/\/ferne-welten.com\/index.php?rest_route=\/wp\/v2\/posts\/1261\/revisions\/1263"}],"wp:attachment":[{"href":"https:\/\/ferne-welten.com\/index.php?rest_route=%2Fwp%2Fv2%2Fmedia&parent=1261"}],"wp:term":[{"taxonomy":"category","embeddable":true,"href":"https:\/\/ferne-welten.com\/index.php?rest_route=%2Fwp%2Fv2%2Fcategories&post=1261"},{"taxonomy":"post_tag","embeddable":true,"href":"https:\/\/ferne-welten.com\/index.php?rest_route=%2Fwp%2Fv2%2Ftags&post=1261"}],"curies":[{"name":"wp","href":"https:\/\/api.w.org\/{rel}","templated":true}]}}