{"id":1264,"date":"2011-11-16T09:39:39","date_gmt":"2011-11-16T08:39:39","guid":{"rendered":"http:\/\/ferne-welten.com\/?p=1264"},"modified":"2017-04-30T09:42:29","modified_gmt":"2017-04-30T08:42:29","slug":"deutsche-abgruende","status":"publish","type":"post","link":"https:\/\/ferne-welten.com\/?p=1264","title":{"rendered":"Deutsche Abgr\u00fcnde"},"content":{"rendered":"<p style=\"text-align: justify;\">Zehn Menschen sind tot. Dreizehn Jahre verrichtete eine rechte Terrorgruppe, die sich den Namen\u00a0\u201eNationalsozialistischer Untergrund\u201c\u00a0(NSU) gegeben hatte, ihr m\u00f6rderisches Handwerk, ohne dass bundesdeutsche Beh\u00f6rden den Nazi-T\u00e4tern auf die Spur kamen. Nun ermittelt das Bundeskriminalamt und ist auch auf der Suche nach den Unterst\u00fctzern dieser Vereinigung. Am 13.11.2011 wurde beispielsweise Holger G. verhaftet, der den M\u00f6rdern seine Ausweise hinterlassen haben soll. Beate Zsch\u00e4pe, Mitglied des NSU, befindet sich bereits seit dem 08.11.2011 in Haft und spekuliert von dort auf Strafmilderung.<\/p>\n<p style=\"text-align: justify;\"><!--more--><\/p>\n<p style=\"text-align: justify;\">Die Terrorgruppe hatte in den vergangenen Jahren neun Migranten ermordet, Bomben gebaut und eine Polizistin hingerichtet. Journalist_innen gaben den Taten einen Namen. Es war von\u00a0\u201eD\u00f6nermorden\u201c\u00a0die Rede. Dabei waren die meisten ermordeten Personen noch nicht einmal D\u00f6nerverk\u00e4ufer, sondern beispielsweise \u00c4nderungschneider, Gem\u00fcseh\u00e4ndler, Kiosk- und Internetcaf\u00e9-Besitzer, mit ganz konkreten Namen und einer Geschichte.<\/p>\n<p style=\"text-align: justify;\">Hier wurde der rassistische Diskurs, dem viele deutsche Medien verfallen sind, offensichtlich. So berichtete der Spiegel vor mehr als einem Jahr besonders ausf\u00fchrlich \u00fcber die\u201eD\u00f6nermorde\u201c, was von der rassistischen Internetseite\u00a0\u201ePI-News\u201c\u00a0begierig aufgegriffen wurde.\u00a0\u201eD\u00fcstere Parallelwelt\u201c, hie\u00df es im Spiegel. Die PI-News-Rassisten ver\u00f6ffentlichten diesen Artikel erneut und sprachen von der\u00a0\u201eimportierten \u201aOrganisierten Kriminalit\u00e4t\u2018 aus dem Morgenland\u201c.\u00a0\u201eSpur der D\u00f6ner-M\u00f6rder f\u00fchrt zur Wettmafia\u201c, sekundierte der Spiegel in einem weiteren Artikel. Auch die BILD-Zeitung machte die Taten\u00a0<a href=\"http:\/\/www.publikative.org\/2011\/11\/14\/alles-doner-oder-was\/\">zum Thema<\/a>. Sie pr\u00e4sentierte als T\u00e4ter die\u00a0\u201eDrogenmafia\u201c\u00a0oder die\u00a0\u201eorganisierte Kriminalit\u00e4t\u201c\u00a0und zitierte den Leiter einer Sondereinsatzkommision, der nicht ausschlie\u00dfen\u00a0wollte, dass die Opfer\u00a0\u201ein der Drogenszene aktiv waren\u201c.<\/p>\n<p style=\"text-align: justify;\">Nur auf die naheliegende Vermutung, dass es sich um die Taten von Nationalsozialisten handeln k\u00f6nnte, ist niemand gekommen. Stattdessen ermittelten die Beh\u00f6rden im\u00a0\u201eDrogen-, Gl\u00fccksspiel- und Schutzgeldmilieu\u201c. In einem rassistischen Klima sollte dieser Umstand allerdings nicht verwundern. Hier wurden die Opfer auch nach ihrem Tod zu T\u00e4tern gemacht. Selbst\u00a0\u201eden Verdacht, es k\u00f6nnten Neonazis gewesen sein, hat die Polizei nie ernst genommen\u201c, sagt beispielsweise Gamze Kubasik, Tochter eines Opfers heute.<\/p>\n<p style=\"text-align: justify;\">Die\u00a0Frankfurter Allgemeine Zeitung\u00a0<a href=\"http:\/\/www.faz.net\/aktuell\/politik\/nationalsozialistischer-untergrund-verfassungsschuetzer-womoeglich-in-doener-mord-involviert-11528741.html\">berichtet<\/a>\u00a0nun allerdings \u00fcber noch viel tiefere Abgr\u00fcnde, die nun ans Tageslicht kommen. Die Bundesrepublik steht vor dem n\u00e4chsten Skandal, mal wieder ausgel\u00f6st durch Strukturen des Verfassungsschutzes. Angeblich sollen Mitarbeiter dieser Vereinigung, deren V-Leute zur Finanzierung nationalsozialistischer Banden beigetragen haben, bei mindestens einer Tat vor Ort gewesen sein. Der T\u00e4ter, der auf den\u00a0<a href=\"http:\/\/www.hr-online.de\/website\/rubriken\/nachrichten\/indexhessen34938.jsp?rubrik=36086&amp;key=standard_document_43146738\">Spitznamen<\/a>\u00a0\u201eKleiner Adolf\u201c\u00a0h\u00f6rt, sitzt nicht in Haft, sondern wurde lediglich vom Dienst suspendiert.<\/p>\n<p style=\"text-align: justify;\">Was jetzt bereits klar ist: Die Dienste haben durch den Einsatz von V-Leuten zur Finanzierung der Nazi-Banden beigetragen.\u00a0<a href=\"http:\/\/de.wikipedia.org\/wiki\/Tino_Brandt\">Tino Brandt<\/a>\u00a0baute den\u00a0\u201eTh\u00fcringischen Heimatschutz\u201c\u00a0auch mit Geldern des Verfassungsschutzes auf. F\u00fcr seinen Einsatz als V-Mann, Deckname\u00a0\u201eOtto\u201c, kassierte er mindestens 200.000 Euro, von denen Teile in den Aufbau der Nazi-Organisation flossen, in der auch die sp\u00e4teren Mitglieder des\u00a0\u201eNationalsozialistischen Untergrunds\u201c\u00a0aktiv waren. Selbst der CSU-Hardliner Hans Peter Uhl will nicht mehr ausschlie\u00dfen, dass es\u00a0\u201eein Verfassungsschutzproblem gibt\u201c. Die Welt\u00a0berichtet unterdessen:<\/p>\n<blockquote><p>In Sicherheitskreisen wird spekuliert, die drei aus Th\u00fcringen stammenden mutma\u00dflichen T\u00e4ter k\u00f6nnten vom Verfassungsschutz eine neue Identit\u00e4t erhalten und dann als Verbindungsleute in der rechten Szene gef\u00fchrt worden sein.<\/p><\/blockquote>\n<p style=\"text-align: justify;\">Die bundesdeutschen Geheimdienste wurden ma\u00dfgeblich durch Alt-Nazis aufgebaut, die nach dem zweiten Weltkrieg eine zweite Karriere als bundesdeutsche Verfassungssch\u00fctzer begannen. Vor allem in der Abteilung IV, der Spionageabwehr,\u00a0<a href=\"http:\/\/www.spiegel.de\/spiegel\/print\/d-40474018.html\">tummelten\u00a0<\/a>sich die alten Nazis. 3 von 12 Gruppenleitern und Referenten und 7 der 51 Sachbearbeiter waren noch im Jahr 1963, nach Recherchen des Historikers Patrick Wagner, ehemalige Mitarbeiter von Gestapo und Sicherheitsdienst.<\/p>\n<p style=\"text-align: justify;\">Im NS-Nachfolgestaat machten nicht nur die\u00a0<a href=\"http:\/\/www.fr-online.de\/medien\/der-dienstmann,1473342,3180900.html\">Globkes\u00a0<\/a>und\u00a0<a href=\"http:\/\/www.antifa-freiburg.de\/spip.php?page=antifa&amp;id_article=205\">Filbingers\u00a0<\/a>Karriere, sondern auch ehemalige Gestapo-Folterer, SS-M\u00f6rder und andere Nazischergen. Der Leiter der Gruppe Informationsbeschaffung, Oberregierungsrat Erich Wenger, war am 1. M\u00e4rz 1933 freiwillig in die SS eingetreten. Er hatte zwei Jahre bei der Leibstandarte Adolf Hitler gedient. Bis 1944 schaffte er es im Reichssicherheitshauptamt zum SS-Hauptsturmf\u00fchrer und Kriminalrat.<\/p>\n<p style=\"text-align: justify;\">Die Geschichte der bundesdeutschen Geheimdienste ist eben eine auch Geschichte der Verstrickungen; dabei wurden nicht nur Nazi-Organisationen finanziert, sondern auch das rechte Auge zugedr\u00fcckt, wenn es um die Taten der neuen Nazis ging. Das hat sich bis heute nicht ge\u00e4ndert.\u00a0\u201eH\u00e4ufig ist viel Geld im Spiel\u201c,\u00a0<a href=\"http:\/\/www.dw-world.de\/dw\/article\/0,,15531314,00.html\">berichtet\u00a0<\/a>sogar die Deutsche Welle, das\u00a0\u201e\u201aWegsehen\u2018 geh\u00f6rte zum Programm\u201c.<\/p>\n<p style=\"text-align: justify;\">Nazi-Banden haben mehr als zehn Menschen auf dem Gewissen. Die Geschichte des Nationalsozialismus nach 1945 ist auch eine\u00a0<a href=\"http:\/\/taz.de\/Rechter-Terror-in-Deutschland\/!81914\/\">Geschichte\u00a0<\/a>des rechten Terrorismus. In den 60er und 70er Jahren ver\u00fcbten diese Nazi-Banden zahlreiche Anschl\u00e4ge. Der bekannteste Fall ist sicherlich der Mordanschlag auf Rudi Dutschke vom 11.4.1968: Der Anstreicher\u00a0<a href=\"http:\/\/de.wikipedia.org\/wiki\/Josef_Bachmann\">Josef Bachmann<\/a>\u00a0schoss dem Vorsitzenden des\u00a0Sozialistischen Deutschen Studentenbunds\u00a0(SDS) mit einer Pistole in den Kopf. Nach seiner Festnahme fanden die Beamten auch einen Artikel der\u00a0\u201eDeutschen National-Zeitung\u201c\u00a0des\u00a0<a href=\"http:\/\/de.wikipedia.org\/wiki\/Gerhard_Frey_(Politiker)\">Gerhard Frey<\/a>, der mit der Aufforderung\u00a0\u201eStoppt Dutschke jetzt\u201c\u00a0versehen war. Die Waffe hatte Bachmann beim fr\u00fchere NPD-Mitglied Wolfgang Sachse erworben.<\/p>\n<p style=\"text-align: justify;\">Der vorl\u00e4ufige H\u00f6hepunkt des Nazi-Terrors war Anfang der 80er Jahren erreicht. Der Nazi Gundolf K\u00f6hler, der in der Wehrsport-Gruppe Hoffman organisiert war, ver\u00fcbte einen\u00a0<a href=\"http:\/\/www.nadir.org\/nadir\/periodika\/aib\/archiv\/60\/24.php\">Anschlag\u00a0<\/a>auf das M\u00fcnchener Oktoberfest: 13 Menschen wurden get\u00f6tet, 211 zum Teil schwer verletzt. Fast vergessen ist der antisemitische Mord vom 13.12.1980. Damals wurde der j\u00fcdische Verleger und ehemalige Vorsitzende der israelitischen Kultusgemeinde N\u00fcrnberg,\u00a0<a href=\"http:\/\/de.wikipedia.org\/wiki\/Shlomo_Lewin\">Shlomo Levin<\/a>, und seine Lebensgef\u00e4hrtin Frieda Poeschke in Erlangen von Uwe Behrendt, ebenfalls ein Mitglied der Wehrsportgruppe Hoffmann, erschossen. Levin hatte zuvor mehrfach \u00f6ffentlich vor der deutschen Neonaziszene und insbesondere vor dem\u00a0\u201eChef\u201c\u00a0der Wehrsportgruppe, Karl-Heinz Hoffmann, gewarnt. Einige Nazis fl\u00fcchteten in den Libanon und gr\u00fcndeten, unter der F\u00fchrung der pal\u00e4stinensischen Al-Fatah eine\u00a0\u201eWehrsportgruppe Ausland\u201c\u00a0im Pal\u00e4stinenserlager Bir Hassan bei Beirut.<\/p>\n<p style=\"text-align: justify;\">Zur gleichen Zeit war auch eine\u00a0\u201eDeutsche Aktionsgruppe\u201c\u00a0um Manfred Roeder aktiv, die f\u00fcr zahlreiche Sprengstoffanschl\u00e4ge\u00a0<a href=\"http:\/\/de.wikipedia.org\/wiki\/Deutsche_Aktionsgruppen\">verantwortlich\u00a0<\/a>war. Immer wieder entdeckten bundesdeutsche Beh\u00f6rden Waffen, Sprengstoff und Munition, wenn es dann einmal doch zu Hausdurchsuchungen kam. Auch in den folgenden Jahren kam es immer wieder zu Anschl\u00e4gen, heute vermutet man einen Zusammenhang zum\u201eNationalsozialistischen Untergrund\u201c.<\/p>\n<p style=\"text-align: justify;\">Die Mitglieder dieser Nazi-Gruppe verschwanden bereits Ende der 90er Jahre vom Beh\u00f6rdenradar, nachdem bei einer Hausdurchsuchung in einer Garage vier Rohrbomben und 1,4 Kilogramm TNT gefunden wurden. Nach Informationen des\u00a0Tagesspiegels\u00a0untersuchen die Beh\u00f6rden etwa einen Sprengstoffanschlag Ende 1998 in Berlin auf das Grab von Heinz Galinski, dem einstigen Pr\u00e4sidenten des Zentralrats der Juden. Am 27.6.2000 detonierte eine Bombe am D\u00fcsseldorfer S-Bahnhof Wehrhahn in einer Gruppe j\u00fcdischer Aussiedler. Dieser\u00a0<a href=\"http:\/\/de.wikipedia.org\/wiki\/Sprengstoffanschlag_am_S-Bahnhof_D%C3%BCsseldorf-Wehrhahn\">Fall\u00a0<\/a>ist ebenfalls bis heute nicht gekl\u00e4rt. Im September 2003 wollte eine Nazi-Bande um Martin Wiese einen Sprengstoffanschlag auf die Grundsteinlegung des neuen J\u00fcdischen Kulturzentrums am 9. November 2003 am M\u00fcnchner St.-Jakobs-Platz ver\u00fcben. Unterdessen mordete der\u00a0\u201eNationalsozialistsiche Untergrund\u201c. Verschiedene Nazi-Banden ermorderten in den letzten beiden Jahrzehnten mehr als 137 Menschen.<\/p>\n<p style=\"text-align: justify;\">Rechter Terrorismus ist also keine neue Entwicklung, sondern ein immanenter Bestandteil der bundesdeutschen Geschichte. Umso \u00fcberraschender erscheinen die Erkl\u00e4rungen vieler Politiker_innen und Journalist_innen, die nun \u2013 nachdem zehn Menschen ermordet wurden \u2013 ihre Betroffenheit entdecken.<\/p>\n<p style=\"text-align: justify;\">Es ist eben wie immer, wenn Menschen aufgrund ihrer Hautfarbe, Sexualit\u00e4t oder Herkunft ermordet werden. Dann, aber nur dann, entdecken viele bundesdeutsche Politiker_innen ihre Betroffenheit, w\u00e4hrend sie vom rassistischen Normalzustand und vom allt\u00e4glichen Terror durch Nazi-Banden schweigen. Es scheint wieder die Zeit der Lichterketten zu sein, so wie 1991, als Nazis mehrere Brandanschl\u00e4ge ver\u00fcbten oder wie im Jahr 2000, als es zu einem kurzen\u00a0\u201eAufstand der Anst\u00e4ndigen\u201c\u00a0kam, nachdem Martin Wiese und seine Kameraden die Grundsteinlegung zum Synagogen-Neubau mit Sprengstoff verhindern wollten.<\/p>\n<p style=\"text-align: justify;\">Nun f\u00fcrchten die, die ansonsten \u00fcber die Nazi-Banden schweigen, um ihren Ruf: \u201eKanzlerin Angela Merkel spricht von einer\u00a0\u201eSchande\u201c.\u00a0\u201eIn Berlin sorgt sich die Bundesregierung um Deutschlands Ruf\u201c, berichtet der Spiegel. Das ZDF bringt nun wie die anderen Fernsehsender Sondersendungen zum Thema: Dort ist von einer\u00a0\u201eneuen Gefahr von rechts\u201c\u00a0die Rede. Innenminister Hans-Peter Friedrich sieht eine\u00a0\u201eneue Form des rechtsextremistischen Terrors\u201c. Der Spiegel schreibt von einer\u00a0\u201ev\u00f6llig neuen Qualit\u00e4t rechtsextremistischer Gewalt\u201c.<\/p>\n<p style=\"text-align: justify;\">Das Oktoberfest-Attentat und die zahlreichen anderen Morde scheinen vergessen zu sein. Ebenso schnell werden die Nazi-Morde und der dahinterstehende Skandal vergessen werden; bis es die die n\u00e4chsten Opfer gibt, die durch Nazi-Banden ermordet werden. Bis dahin wird wieder Friedhofsruhe in Deutschland herrschen. Eine Friedhofsruhe, die den Henkern erst ihre m\u00f6rderische Arbeit erm\u00f6glicht. Der Blick auf die deutschen Zust\u00e4nde offenbart eben noch immer einen Abgrund an Aufkl\u00e4rungsverrat und Barbarei.<\/p>\n<a class=\"synved-social-button synved-social-button-share synved-social-size-32 synved-social-resolution-single synved-social-provider-facebook nolightbox\" data-provider=\"facebook\" target=\"_blank\" rel=\"nofollow\" title=\"Auf Facebook teilen\" href=\"https:\/\/www.facebook.com\/sharer.php?u=https%3A%2F%2Fferne-welten.com%2Findex.php%3Frest_route%3D%252Fwp%252Fv2%252Fposts%252F1264&#038;t=Deutsche%20Abgr%C3%BCnde&#038;s=100&#038;p&#091;url&#093;=https%3A%2F%2Fferne-welten.com%2Findex.php%3Frest_route%3D%252Fwp%252Fv2%252Fposts%252F1264&#038;p&#091;images&#093;&#091;0&#093;=&#038;p&#091;title&#093;=Deutsche%20Abgr%C3%BCnde\" style=\"font-size: 0px;width:32px;height:32px;margin:0;margin-bottom:5px;margin-right:5px\"><img loading=\"lazy\" decoding=\"async\" alt=\"Facebook\" title=\"Auf Facebook teilen\" class=\"synved-share-image synved-social-image synved-social-image-share\" width=\"32\" height=\"32\" style=\"display: inline;width:32px;height:32px;margin: 0;padding: 0;border: none;box-shadow: none\" src=\"https:\/\/ferne-welten.com\/wp-content\/plugins\/social-media-feather\/synved-social\/addons\/extra-icons\/image\/social\/circle\/64x64\/facebook.png\" \/><\/a><a class=\"synved-social-button synved-social-button-share synved-social-size-32 synved-social-resolution-single synved-social-provider-twitter nolightbox\" data-provider=\"twitter\" target=\"_blank\" rel=\"nofollow\" title=\"Auf Twitter teilen\" href=\"https:\/\/twitter.com\/intent\/tweet?url=https%3A%2F%2Fferne-welten.com%2Findex.php%3Frest_route%3D%252Fwp%252Fv2%252Fposts%252F1264&#038;text=Hey%20check%20this%20out\" style=\"font-size: 0px;width:32px;height:32px;margin:0;margin-bottom:5px;margin-right:5px\"><img loading=\"lazy\" decoding=\"async\" alt=\"twitter\" title=\"Auf Twitter teilen\" class=\"synved-share-image synved-social-image synved-social-image-share\" width=\"32\" height=\"32\" style=\"display: inline;width:32px;height:32px;margin: 0;padding: 0;border: none;box-shadow: none\" src=\"https:\/\/ferne-welten.com\/wp-content\/plugins\/social-media-feather\/synved-social\/addons\/extra-icons\/image\/social\/circle\/64x64\/twitter.png\" \/><\/a><a class=\"synved-social-button synved-social-button-share synved-social-size-32 synved-social-resolution-single synved-social-provider-reddit nolightbox\" data-provider=\"reddit\" target=\"_blank\" rel=\"nofollow\" title=\"Auf Reddit teilen\" href=\"https:\/\/www.reddit.com\/submit?url=https%3A%2F%2Fferne-welten.com%2Findex.php%3Frest_route%3D%252Fwp%252Fv2%252Fposts%252F1264&#038;title=Deutsche%20Abgr%C3%BCnde\" style=\"font-size: 0px;width:32px;height:32px;margin:0;margin-bottom:5px;margin-right:5px\"><img loading=\"lazy\" decoding=\"async\" alt=\"reddit\" title=\"Auf Reddit teilen\" class=\"synved-share-image synved-social-image synved-social-image-share\" width=\"32\" height=\"32\" style=\"display: inline;width:32px;height:32px;margin: 0;padding: 0;border: none;box-shadow: none\" src=\"https:\/\/ferne-welten.com\/wp-content\/plugins\/social-media-feather\/synved-social\/addons\/extra-icons\/image\/social\/circle\/64x64\/reddit.png\" \/><\/a><a class=\"synved-social-button synved-social-button-share synved-social-size-32 synved-social-resolution-single synved-social-provider-pinterest nolightbox\" data-provider=\"pinterest\" target=\"_blank\" rel=\"nofollow\" title=\"Auf Pinterest pinnen\" href=\"https:\/\/pinterest.com\/pin\/create\/button\/?url=https%3A%2F%2Fferne-welten.com%2Findex.php%3Frest_route%3D%252Fwp%252Fv2%252Fposts%252F1264&#038;media=&#038;description=Deutsche%20Abgr%C3%BCnde\" style=\"font-size: 0px;width:32px;height:32px;margin:0;margin-bottom:5px;margin-right:5px\"><img loading=\"lazy\" decoding=\"async\" alt=\"pinterest\" title=\"Auf Pinterest pinnen\" class=\"synved-share-image synved-social-image synved-social-image-share\" width=\"32\" height=\"32\" style=\"display: inline;width:32px;height:32px;margin: 0;padding: 0;border: none;box-shadow: none\" src=\"https:\/\/ferne-welten.com\/wp-content\/plugins\/social-media-feather\/synved-social\/addons\/extra-icons\/image\/social\/circle\/64x64\/pinterest.png\" \/><\/a><a class=\"synved-social-button synved-social-button-share synved-social-size-32 synved-social-resolution-single synved-social-provider-linkedin nolightbox\" data-provider=\"linkedin\" target=\"_blank\" rel=\"nofollow\" title=\"Auf Linkedin teilen\" href=\"https:\/\/www.linkedin.com\/shareArticle?mini=true&#038;url=https%3A%2F%2Fferne-welten.com%2Findex.php%3Frest_route%3D%252Fwp%252Fv2%252Fposts%252F1264&#038;title=Deutsche%20Abgr%C3%BCnde\" style=\"font-size: 0px;width:32px;height:32px;margin:0;margin-bottom:5px;margin-right:5px\"><img loading=\"lazy\" decoding=\"async\" alt=\"linkedin\" title=\"Auf Linkedin teilen\" class=\"synved-share-image synved-social-image synved-social-image-share\" width=\"32\" height=\"32\" style=\"display: inline;width:32px;height:32px;margin: 0;padding: 0;border: none;box-shadow: none\" src=\"https:\/\/ferne-welten.com\/wp-content\/plugins\/social-media-feather\/synved-social\/addons\/extra-icons\/image\/social\/circle\/64x64\/linkedin.png\" \/><\/a><a class=\"synved-social-button synved-social-button-share synved-social-size-32 synved-social-resolution-single synved-social-provider-tumblr nolightbox\" data-provider=\"tumblr\" target=\"_blank\" rel=\"nofollow\" title=\"\u00dcber Tumblr teilen\" href=\"https:\/\/tumblr.com\/share?s=&#038;v=3&#038;t=Deutsche%20Abgr%C3%BCnde&#038;u=https%3A%2F%2Fferne-welten.com%2Findex.php%3Frest_route%3D%252Fwp%252Fv2%252Fposts%252F1264\" style=\"font-size: 0px;width:32px;height:32px;margin:0;margin-bottom:5px;margin-right:5px\"><img loading=\"lazy\" decoding=\"async\" alt=\"tumblr\" title=\"\u00dcber Tumblr teilen\" class=\"synved-share-image synved-social-image synved-social-image-share\" width=\"32\" height=\"32\" style=\"display: inline;width:32px;height:32px;margin: 0;padding: 0;border: none;box-shadow: none\" src=\"https:\/\/ferne-welten.com\/wp-content\/plugins\/social-media-feather\/synved-social\/addons\/extra-icons\/image\/social\/circle\/64x64\/tumblr.png\" \/><\/a><a class=\"synved-social-button synved-social-button-share synved-social-size-32 synved-social-resolution-single synved-social-provider-mail nolightbox\" data-provider=\"mail\" rel=\"nofollow\" title=\"Link per Mail weiterleiten\" href=\"mailto:?subject=Deutsche%20Abgr%C3%BCnde&#038;body=Hey%20check%20this%20out:%20https%3A%2F%2Fferne-welten.com%2Findex.php%3Frest_route%3D%252Fwp%252Fv2%252Fposts%252F1264\" style=\"font-size: 0px;width:32px;height:32px;margin:0;margin-bottom:5px\"><img loading=\"lazy\" decoding=\"async\" alt=\"mail\" title=\"Link per Mail weiterleiten\" class=\"synved-share-image synved-social-image synved-social-image-share\" width=\"32\" height=\"32\" style=\"display: inline;width:32px;height:32px;margin: 0;padding: 0;border: none;box-shadow: none\" src=\"https:\/\/ferne-welten.com\/wp-content\/plugins\/social-media-feather\/synved-social\/addons\/extra-icons\/image\/social\/circle\/64x64\/mail.png\" \/><\/a>","protected":false},"excerpt":{"rendered":"<p>Zehn Menschen sind tot. Dreizehn Jahre verrichtete eine rechte Terrorgruppe, die sich den Namen\u00a0\u201eNationalsozialistischer Untergrund\u201c\u00a0(NSU) gegeben hatte, ihr m\u00f6rderisches Handwerk, ohne dass bundesdeutsche Beh\u00f6rden den Nazi-T\u00e4tern auf die Spur kamen. Nun ermittelt das Bundeskriminalamt und ist auch auf der Suche&#8230;<br \/><a class=\"read-more-button\" href=\"https:\/\/ferne-welten.com\/?p=1264\">Read more<\/a><\/p>\n","protected":false},"author":1,"featured_media":0,"comment_status":"open","ping_status":"open","sticky":false,"template":"","format":"standard","meta":{"footnotes":""},"categories":[359],"tags":[471,366,473,468,422,472,474,469,470,44],"class_list":["post-1264","post","type-post","status-publish","format-standard","hentry","category-eiskaltland","tag-beate-zschaepe","tag-bild","tag-faz","tag-martin-wiese","tag-nsu","tag-pi-news","tag-tino-brandt","tag-verfassungsschutz","tag-wehrsportgruppe-hoffmann","tag-zdf"],"_links":{"self":[{"href":"https:\/\/ferne-welten.com\/index.php?rest_route=\/wp\/v2\/posts\/1264","targetHints":{"allow":["GET"]}}],"collection":[{"href":"https:\/\/ferne-welten.com\/index.php?rest_route=\/wp\/v2\/posts"}],"about":[{"href":"https:\/\/ferne-welten.com\/index.php?rest_route=\/wp\/v2\/types\/post"}],"author":[{"embeddable":true,"href":"https:\/\/ferne-welten.com\/index.php?rest_route=\/wp\/v2\/users\/1"}],"replies":[{"embeddable":true,"href":"https:\/\/ferne-welten.com\/index.php?rest_route=%2Fwp%2Fv2%2Fcomments&post=1264"}],"version-history":[{"count":2,"href":"https:\/\/ferne-welten.com\/index.php?rest_route=\/wp\/v2\/posts\/1264\/revisions"}],"predecessor-version":[{"id":1266,"href":"https:\/\/ferne-welten.com\/index.php?rest_route=\/wp\/v2\/posts\/1264\/revisions\/1266"}],"wp:attachment":[{"href":"https:\/\/ferne-welten.com\/index.php?rest_route=%2Fwp%2Fv2%2Fmedia&parent=1264"}],"wp:term":[{"taxonomy":"category","embeddable":true,"href":"https:\/\/ferne-welten.com\/index.php?rest_route=%2Fwp%2Fv2%2Fcategories&post=1264"},{"taxonomy":"post_tag","embeddable":true,"href":"https:\/\/ferne-welten.com\/index.php?rest_route=%2Fwp%2Fv2%2Ftags&post=1264"}],"curies":[{"name":"wp","href":"https:\/\/api.w.org\/{rel}","templated":true}]}}