{"id":1269,"date":"2011-11-07T09:44:03","date_gmt":"2011-11-07T08:44:03","guid":{"rendered":"http:\/\/ferne-welten.com\/?p=1269"},"modified":"2017-04-30T09:52:36","modified_gmt":"2017-04-30T08:52:36","slug":"propaganda-a-la-kenfm-ein-nachruf","status":"publish","type":"post","link":"https:\/\/ferne-welten.com\/?p=1269","title":{"rendered":"Propaganda \u00e0 la KenFM: Ein Nachruf"},"content":{"rendered":"<div class=\"content\">\n<div class=\"content\">\n<p style=\"text-align: justify;\">Mit einem Paukenschlag und einem Shitstorm endet die Karriere einer verschw\u00f6rungsideologischen Legende. In der KenFM-Sendung des Radiomoderators Ken Jebsen, der \u00fcber das Jugendradio Fritz des \u00f6ffentlich-rechtlichen Rundfunk Berlin Brandenburg (RBB) zu h\u00f6ren war, wurde Verschw\u00f6rungsideologie, Israel-Hass und Antiamerikanismus verbreitet. Nun ist der Propagandist reaktion\u00e4rer Verschw\u00f6rungstheorien vorerst nicht mehr \u00fcber das Radio zu h\u00f6ren.<\/p>\n<p style=\"text-align: justify;\"><!--more--><\/p>\n<p style=\"text-align: justify;\">Die Sendung wurde, nachdem eine E-Mail des Radiomoderatoren ver\u00f6ffentlicht wurde, erst einmal abgesetzt. Fast zehn Jahre hatte KenFM die Theorien der verschw\u00f6rungsideologischen Szene propagiert und war deswegen von den Fans der verschw\u00f6rungsideologischen Deutung der Realit\u00e4t gefeiert worden. Seine Radiobeitr\u00e4ge wurden vor allem auf den Internetseiten der verschw\u00f6rungsideologischen Szene beworben. Ken Jebsen stellte sie \u00fcber YouTube, f\u00fcr ihn\u00a0das \u201eFernsehen des kleinen Mannes\u201c, zur Verf\u00fcgung. Dort wurden sie hunderttausendfach angeklickt.<\/p>\n<p style=\"text-align: justify;\">In seinen Beitr\u00e4gen machte der Radiomann beispielsweise\u00a0\u201eden Ami\u201c\u00a0f\u00fcr die\u00a0\u201eTerrorl\u00fcge\u201c\u00a0des 11. September 2001 und f\u00fcr fast alle \u00dcbel dieser Welt verantwortlich. Der Hass auf die USA ging mit einer absoluten Verharmlosung der Bundesrepublik einher, die er als deren\u00a0\u201eVasall\u201c\u00a0bezeichnete.<\/p>\n<p style=\"text-align: justify;\">Au\u00dferdem\u00a0<a href=\"http:\/\/anonym.to\/?http:\/\/www.youtube.com\/watch?v=r47ENAY4tbg&amp;feature=related\">hetzte\u00a0<\/a>der Radiomann, zu dessen Markenzeichen sein ratternder, schneller Sprachstil z\u00e4hlte, gegen Israel. Daf\u00fcr huldigte der Radiomann\u00a0\u201ePal\u00e4stina\u201c: Es sei ein\u00a0\u201evon Besatzern kontrolliertes Kriegsgebiet, eine handvoll blutgetr\u00e4nkter Erde\u201c, behauptete Jebsen in einem seiner Beitr\u00e4ge.<\/p>\n<p style=\"text-align: justify;\">Dort relativierte er den Antisemitismus der pal\u00e4stinensischen Organisationen und rechtfertigte deren m\u00f6rderisches Vorgehen mit dem angeblich gerechtfertigten\u00a0\u201eHass\u201c\u00a0der\u00a0\u201ePal\u00e4stinenser\u201c, die\u00a0\u201ewie Vieh vegetieren\u201c\u00a0w\u00fcrden. Er tr\u00e4umte von einem\u00a0\u201eStaatengebilde IsraelPal\u00e4stina\u201c\u00a0und schwang sich bevorzugt zu einer Art deutschem Nachhilfelehrer auf, der mit seiner Sendung den jahrzehntelangen Konflikt l\u00f6sen wollte.<\/p>\n<p style=\"text-align: justify;\">Dies sollte unter anderem durch ein durch Israel geschaffenes Yad Vashem in\u00a0\u201ePal\u00e4stina\u201cgeschehen, das\u00a0\u201eall der pal\u00e4stinensischen Opfer gedenkt, die durch israelische Besatzung umgekommen sind\u201c. Ein\u00a0\u201ezuk\u00fcnftiger israelischer Pr\u00e4sident\u201c\u00a0solle dort niederknien\u00a0\u201ewie einst Willy Brandt\u201c\u00a0in Warschau. Mit diesem Geschichtsrevisionismus ging eine Leugnung des Antisemitismus einher. Diesen Antisemitismus blendete Jebsen aus. Daf\u00fcr\u00a0\u201eforderte er alle Hilfe f\u00fcr Pal\u00e4stina\u201c. Schlie\u00dflich w\u00fcrden die Deutschen wissen,\u00a0\u201ewas Teilung und Fremdbestimmung bedeutet\u201c, ratterte er in seiner Sendung.<\/p>\n<p style=\"text-align: justify;\">In einer anderen Sendung verharmloste er das iranische Atomprogramm. Das Land sei\u00a0\u201e\u00dcbernahmekandidat Nummer Eins\u201c, lautete ein\u00a0<a href=\"http:\/\/anonym.to\/?http:\/\/www.youtube.com\/watch?v=DlzG-1t2Omo&amp;feature=related\">Titel\u00a0<\/a>seiner Sendung, in der er sich gleich zu Beginn auf Henry Ford berief, der neben seiner Tin Lizzy auch antisemitische B\u00fccher wie die\u00a0\u201eProtokolle der Weisen von Zion\u201c\u00a0oder\u00a0\u201eDer internationale Jude \u2013 Ein Weltproblem\u201c\u00a0herausbrachte.<\/p>\n<p style=\"text-align: justify;\">Ken Jebsen bezog, zur Freude seiner Groupies, ganz eindeutige Positionen. Dazu geh\u00f6rte auch die Einordnung des II. Weltkriegs, den er im geschichtsrevisionistischen Jargon als\u00a0\u201e\u00d6lkrieg\u201c\u00a0verharmloste, von dem die Rockefellers als alleinige Monopolisten profitiert h\u00e4tten. Er zeigte damit deutlich auf, wie mehrheits- und gesellschaftsf\u00e4hig die verschw\u00f6rungsideologische Deutung der Realit\u00e4t ist.<\/p>\n<p style=\"text-align: justify;\">Viele seiner \u00c4u\u00dferungen h\u00e4tten \u2013 in \u00e4hnlicher Form \u2013 auch von Nationalsozialisten stammen k\u00f6nnen, die die Bun\u00addes\u00adre\u00adpu\u00adblik ebenfalls als\u00a0\u201eVa\u00adsall\u201c\u00a0der USA imaginieren. Jebsen ging es eben niemals um Aufkl\u00e4rung; ihm ging es darum, den Hass auf die USA und auf Israel zu\u00a0ar\u00adti\u00adku\u00adlie\u00adren. Dieser Hass ging mit der Angst vor der Moderne, die durch Verschw\u00f6rungstheorien in einer irrationalen Weise rationalisiert wurde, einher.<\/p>\n<p style=\"text-align: justify;\">Ob nun der 11. September 2001, das Atomwaffenporgramm des Iran, der Hunger in Afrika oder die\u00a0Geschichte von Wikileaks:\u00a0Jebsen hatte zu allen Themen eine wenig fundierte Verschw\u00f6rungstheorie parat, die er daf\u00fcr umso schneller herunterratterte. KenFM wurde auf diese Art und Weise zu einem verschw\u00f6rungsideologischen Sprachrohr, der an die Ressentiments der deutschen Bev\u00f6lkerung ankn\u00fcpfen konnte und diese zugleich reproduzierte.<\/p>\n<p style=\"text-align: justify;\">Anhand der nun ver\u00f6ffentlichte E-Mail, die aus einem privaten Schriftverkehr mit einem Kritiker stammt, l\u00e4sst sich die politische Positionierung des Ken Jebsen noch deutlicher erkennen. Hier \u00e4u\u00dferte sich der Radiomann\u00a0<a href=\"http:\/\/www.achgut.com\/dadgdx\/index.php\/dadgd\/article\/ich_weis_wer_den_holocaust_als_pr_erfunden_hat\/\">unverbl\u00fcmt<\/a>:<\/p>\n<blockquote><p>sie brauchen mir keine holocaus informatinen zukommen lassen. ich habe mehr als sie. ich weis wer den holocaust als PR erfunden hat. der neffe freuds. bernays.<\/p><\/blockquote>\n<p style=\"text-align: justify;\">Goebbels h\u00e4tte dessen Anweisungen lediglich\u00a0\u201eumgesetzt\u201c. Selbst f\u00fcr die Shoah macht der Antisemit also einen Juden verantwortlich. Diese Hetze garnierte Ken Jebsen mit den beliebten Entlastungsgeschichten, die amerikanische Firmen f\u00fcr den Nationalsozialismus verantwortlichen machen:<\/p>\n<blockquote><p>ich weis wer die rassendatten im NS reich m\u00f6glich gemacht hat. IBM mit hollerithmachinen. ich weis wer w\u00e4rend des gesamten krieges deutschland mit bombersprit versorgt hat.standartoil also rockefeller.<\/p><\/blockquote>\n<p style=\"text-align: justify;\">Diese entspricht \u00fcber weite Teile den Inhalten, die er lange Jahre in seiner Sendung verbreitete. Schlie\u00dflich deutete er auch dort an:<\/p>\n<blockquote><p>Wer aber vor der Vergangenheit die Augen verschlie\u00dft, der wird am Ende blind werden.<\/p><\/blockquote>\n<p style=\"text-align: justify;\">Die E-Mail, deren Echtheit von Jebsen in einer aktuellen\u00a0<a href=\"http:\/\/anonym.to\/?http:\/\/www.youtube.com\/watch?v=QZ1T9KmNt6M\">Stellungnahme\u00a0<\/a>best\u00e4tigt wird, ist allerdings nur die Spitze des Eisbergs. Seine Radiosendungen waren durchaus dazu geeignet, den Hass zu sch\u00fcren und die deutsche Kriegsschuld am Vernichtungskrieg zu relativieren. Auch aus dieser Sichtweise ist die Absetzung der Sendung durchaus erfreulich.<\/p>\n<p style=\"text-align: justify;\">Nicht erfreut sind dagegen die Fans des Ken Jebsen. Sie \u00e4u\u00dfern sich beispielsweise auf der\u00a0<a href=\"http:\/\/www.facebook.com\/KenFM.de\">Facebook-Seite<\/a>\u00a0von KenFM und eifern ihrem Idol in Sachen Rechtschreibung und Inhalten nach.\u00a0\u201eJetzt versucht man also sogar das letzte bisschen ehrlichen Journalismus zu t\u00f6ten\u201c, jammert ein Fan.<\/p>\n<p style=\"text-align: justify;\">Dort wird Henryk M. Broder, der f\u00fcr die Ver\u00f6ffentlichung der E-Mail verantwortlich war, als\u00a0\u201eKommissar\u201c, \u201eVolksdemagoge\u201c,\u00a0\u201eBrandstifter\u201c\u00a0und\u00a0\u201eHetz- und Schmierenschreiber\u201c\u00a0bezeichnet, der f\u00fcr einen \u201eunliebsamen ruf f\u00fcr juden\u201c\u00a0sorgen w\u00fcrde.<\/p>\n<p style=\"text-align: justify;\">An den Beleidigungen beteiligt sich \u00fcbrigens auch ein Occupy-Aktivist aus\u00a0Berlin, der gerade in der Klosterstra\u00dfe vor einer Kirche\u00a0campiert. Dieser schreibt au\u00dferdem:<\/p>\n<blockquote><p>RBB wollte am Dienstag kommen und das Camp filmen. Es wurde bereits besprochen aus Solidarit\u00e4t zu Jebsen den Dreh nicht zu unterst\u00fctzen, bis der Fall gekl\u00e4rt ist! wie w\u00e4re es stattdessen mit einer KenFM-Sondersendung von dort?.<\/p><\/blockquote>\n<p style=\"text-align: justify;\">Falls Jebsen in Zukunft wirklich nicht mehr \u00fcber Radio Fritz zu h\u00f6ren sein sollte, k\u00f6nnte er als Sprecher des Occupy-Camps durchaus an seine bisherige Karriere ankn\u00fcpfen.<\/p>\n<\/div>\n<p style=\"text-align: justify;\"><!--more--><\/p>\n<p style=\"text-align: justify;\"><!--more--><\/p>\n<p style=\"text-align: justify;\"><!--more--><\/p>\n<p style=\"text-align: justify;\"><!--more--><\/p>\n<p style=\"text-align: justify;\">\n<\/div>\n<p style=\"text-align: justify;\"><!--more--><\/p>\n<a class=\"synved-social-button synved-social-button-share synved-social-size-32 synved-social-resolution-single synved-social-provider-facebook nolightbox\" data-provider=\"facebook\" target=\"_blank\" rel=\"nofollow\" title=\"Auf Facebook teilen\" href=\"https:\/\/www.facebook.com\/sharer.php?u=https%3A%2F%2Fferne-welten.com%2Findex.php%3Frest_route%3D%252Fwp%252Fv2%252Fposts%252F1269&#038;t=Propaganda%20%C3%A0%20la%20KenFM%3A%20Ein%20Nachruf&#038;s=100&#038;p&#091;url&#093;=https%3A%2F%2Fferne-welten.com%2Findex.php%3Frest_route%3D%252Fwp%252Fv2%252Fposts%252F1269&#038;p&#091;images&#093;&#091;0&#093;=&#038;p&#091;title&#093;=Propaganda%20%C3%A0%20la%20KenFM%3A%20Ein%20Nachruf\" style=\"font-size: 0px;width:32px;height:32px;margin:0;margin-bottom:5px;margin-right:5px\"><img loading=\"lazy\" decoding=\"async\" alt=\"Facebook\" title=\"Auf Facebook teilen\" class=\"synved-share-image synved-social-image synved-social-image-share\" width=\"32\" height=\"32\" style=\"display: inline;width:32px;height:32px;margin: 0;padding: 0;border: none;box-shadow: none\" src=\"https:\/\/ferne-welten.com\/wp-content\/plugins\/social-media-feather\/synved-social\/addons\/extra-icons\/image\/social\/circle\/64x64\/facebook.png\" \/><\/a><a class=\"synved-social-button synved-social-button-share synved-social-size-32 synved-social-resolution-single synved-social-provider-twitter nolightbox\" data-provider=\"twitter\" target=\"_blank\" rel=\"nofollow\" title=\"Auf Twitter teilen\" href=\"https:\/\/twitter.com\/intent\/tweet?url=https%3A%2F%2Fferne-welten.com%2Findex.php%3Frest_route%3D%252Fwp%252Fv2%252Fposts%252F1269&#038;text=Hey%20check%20this%20out\" style=\"font-size: 0px;width:32px;height:32px;margin:0;margin-bottom:5px;margin-right:5px\"><img loading=\"lazy\" decoding=\"async\" alt=\"twitter\" title=\"Auf Twitter teilen\" class=\"synved-share-image synved-social-image synved-social-image-share\" width=\"32\" height=\"32\" style=\"display: inline;width:32px;height:32px;margin: 0;padding: 0;border: none;box-shadow: none\" src=\"https:\/\/ferne-welten.com\/wp-content\/plugins\/social-media-feather\/synved-social\/addons\/extra-icons\/image\/social\/circle\/64x64\/twitter.png\" \/><\/a><a class=\"synved-social-button synved-social-button-share synved-social-size-32 synved-social-resolution-single synved-social-provider-reddit nolightbox\" data-provider=\"reddit\" target=\"_blank\" rel=\"nofollow\" title=\"Auf Reddit teilen\" href=\"https:\/\/www.reddit.com\/submit?url=https%3A%2F%2Fferne-welten.com%2Findex.php%3Frest_route%3D%252Fwp%252Fv2%252Fposts%252F1269&#038;title=Propaganda%20%C3%A0%20la%20KenFM%3A%20Ein%20Nachruf\" style=\"font-size: 0px;width:32px;height:32px;margin:0;margin-bottom:5px;margin-right:5px\"><img loading=\"lazy\" decoding=\"async\" alt=\"reddit\" title=\"Auf Reddit teilen\" class=\"synved-share-image synved-social-image synved-social-image-share\" width=\"32\" height=\"32\" style=\"display: inline;width:32px;height:32px;margin: 0;padding: 0;border: none;box-shadow: none\" src=\"https:\/\/ferne-welten.com\/wp-content\/plugins\/social-media-feather\/synved-social\/addons\/extra-icons\/image\/social\/circle\/64x64\/reddit.png\" \/><\/a><a class=\"synved-social-button synved-social-button-share synved-social-size-32 synved-social-resolution-single synved-social-provider-pinterest nolightbox\" data-provider=\"pinterest\" target=\"_blank\" rel=\"nofollow\" title=\"Auf Pinterest pinnen\" href=\"https:\/\/pinterest.com\/pin\/create\/button\/?url=https%3A%2F%2Fferne-welten.com%2Findex.php%3Frest_route%3D%252Fwp%252Fv2%252Fposts%252F1269&#038;media=&#038;description=Propaganda%20%C3%A0%20la%20KenFM%3A%20Ein%20Nachruf\" style=\"font-size: 0px;width:32px;height:32px;margin:0;margin-bottom:5px;margin-right:5px\"><img loading=\"lazy\" decoding=\"async\" alt=\"pinterest\" title=\"Auf Pinterest pinnen\" class=\"synved-share-image synved-social-image synved-social-image-share\" width=\"32\" height=\"32\" style=\"display: inline;width:32px;height:32px;margin: 0;padding: 0;border: none;box-shadow: none\" src=\"https:\/\/ferne-welten.com\/wp-content\/plugins\/social-media-feather\/synved-social\/addons\/extra-icons\/image\/social\/circle\/64x64\/pinterest.png\" \/><\/a><a class=\"synved-social-button synved-social-button-share synved-social-size-32 synved-social-resolution-single synved-social-provider-linkedin nolightbox\" data-provider=\"linkedin\" target=\"_blank\" rel=\"nofollow\" title=\"Auf Linkedin teilen\" href=\"https:\/\/www.linkedin.com\/shareArticle?mini=true&#038;url=https%3A%2F%2Fferne-welten.com%2Findex.php%3Frest_route%3D%252Fwp%252Fv2%252Fposts%252F1269&#038;title=Propaganda%20%C3%A0%20la%20KenFM%3A%20Ein%20Nachruf\" style=\"font-size: 0px;width:32px;height:32px;margin:0;margin-bottom:5px;margin-right:5px\"><img loading=\"lazy\" decoding=\"async\" alt=\"linkedin\" title=\"Auf Linkedin teilen\" class=\"synved-share-image synved-social-image synved-social-image-share\" width=\"32\" height=\"32\" style=\"display: inline;width:32px;height:32px;margin: 0;padding: 0;border: none;box-shadow: none\" src=\"https:\/\/ferne-welten.com\/wp-content\/plugins\/social-media-feather\/synved-social\/addons\/extra-icons\/image\/social\/circle\/64x64\/linkedin.png\" \/><\/a><a class=\"synved-social-button synved-social-button-share synved-social-size-32 synved-social-resolution-single synved-social-provider-tumblr nolightbox\" data-provider=\"tumblr\" target=\"_blank\" rel=\"nofollow\" title=\"\u00dcber Tumblr teilen\" href=\"https:\/\/tumblr.com\/share?s=&#038;v=3&#038;t=Propaganda%20%C3%A0%20la%20KenFM%3A%20Ein%20Nachruf&#038;u=https%3A%2F%2Fferne-welten.com%2Findex.php%3Frest_route%3D%252Fwp%252Fv2%252Fposts%252F1269\" style=\"font-size: 0px;width:32px;height:32px;margin:0;margin-bottom:5px;margin-right:5px\"><img loading=\"lazy\" decoding=\"async\" alt=\"tumblr\" title=\"\u00dcber Tumblr teilen\" class=\"synved-share-image synved-social-image synved-social-image-share\" width=\"32\" height=\"32\" style=\"display: inline;width:32px;height:32px;margin: 0;padding: 0;border: none;box-shadow: none\" src=\"https:\/\/ferne-welten.com\/wp-content\/plugins\/social-media-feather\/synved-social\/addons\/extra-icons\/image\/social\/circle\/64x64\/tumblr.png\" \/><\/a><a class=\"synved-social-button synved-social-button-share synved-social-size-32 synved-social-resolution-single synved-social-provider-mail nolightbox\" data-provider=\"mail\" rel=\"nofollow\" title=\"Link per Mail weiterleiten\" href=\"mailto:?subject=Propaganda%20%C3%A0%20la%20KenFM%3A%20Ein%20Nachruf&#038;body=Hey%20check%20this%20out:%20https%3A%2F%2Fferne-welten.com%2Findex.php%3Frest_route%3D%252Fwp%252Fv2%252Fposts%252F1269\" style=\"font-size: 0px;width:32px;height:32px;margin:0;margin-bottom:5px\"><img loading=\"lazy\" decoding=\"async\" alt=\"mail\" title=\"Link per Mail weiterleiten\" class=\"synved-share-image synved-social-image synved-social-image-share\" width=\"32\" height=\"32\" style=\"display: inline;width:32px;height:32px;margin: 0;padding: 0;border: none;box-shadow: none\" src=\"https:\/\/ferne-welten.com\/wp-content\/plugins\/social-media-feather\/synved-social\/addons\/extra-icons\/image\/social\/circle\/64x64\/mail.png\" \/><\/a>","protected":false},"excerpt":{"rendered":"<p>Mit einem Paukenschlag und einem Shitstorm endet die Karriere einer verschw\u00f6rungsideologischen Legende. In der KenFM-Sendung des Radiomoderators Ken Jebsen, der \u00fcber das Jugendradio Fritz des \u00f6ffentlich-rechtlichen Rundfunk Berlin Brandenburg (RBB) zu h\u00f6ren war, wurde Verschw\u00f6rungsideologie, Israel-Hass und Antiamerikanismus verbreitet. Nun&#8230;<br \/><a class=\"read-more-button\" href=\"https:\/\/ferne-welten.com\/?p=1269\">Read more<\/a><\/p>\n","protected":false},"author":1,"featured_media":0,"comment_status":"open","ping_status":"open","sticky":false,"template":"","format":"standard","meta":{"footnotes":""},"categories":[79],"tags":[107,191,464,97,195,467],"class_list":["post-1269","post","type-post","status-publish","format-standard","hentry","category-mythen","tag-antisemitismus","tag-berlin","tag-broder","tag-ken-jebsen","tag-occupy","tag-rbb"],"_links":{"self":[{"href":"https:\/\/ferne-welten.com\/index.php?rest_route=\/wp\/v2\/posts\/1269","targetHints":{"allow":["GET"]}}],"collection":[{"href":"https:\/\/ferne-welten.com\/index.php?rest_route=\/wp\/v2\/posts"}],"about":[{"href":"https:\/\/ferne-welten.com\/index.php?rest_route=\/wp\/v2\/types\/post"}],"author":[{"embeddable":true,"href":"https:\/\/ferne-welten.com\/index.php?rest_route=\/wp\/v2\/users\/1"}],"replies":[{"embeddable":true,"href":"https:\/\/ferne-welten.com\/index.php?rest_route=%2Fwp%2Fv2%2Fcomments&post=1269"}],"version-history":[{"count":6,"href":"https:\/\/ferne-welten.com\/index.php?rest_route=\/wp\/v2\/posts\/1269\/revisions"}],"predecessor-version":[{"id":1280,"href":"https:\/\/ferne-welten.com\/index.php?rest_route=\/wp\/v2\/posts\/1269\/revisions\/1280"}],"wp:attachment":[{"href":"https:\/\/ferne-welten.com\/index.php?rest_route=%2Fwp%2Fv2%2Fmedia&parent=1269"}],"wp:term":[{"taxonomy":"category","embeddable":true,"href":"https:\/\/ferne-welten.com\/index.php?rest_route=%2Fwp%2Fv2%2Fcategories&post=1269"},{"taxonomy":"post_tag","embeddable":true,"href":"https:\/\/ferne-welten.com\/index.php?rest_route=%2Fwp%2Fv2%2Ftags&post=1269"}],"curies":[{"name":"wp","href":"https:\/\/api.w.org\/{rel}","templated":true}]}}