{"id":1282,"date":"2011-09-27T09:55:16","date_gmt":"2011-09-27T08:55:16","guid":{"rendered":"http:\/\/ferne-welten.com\/?p=1282"},"modified":"2017-04-30T09:57:11","modified_gmt":"2017-04-30T08:57:11","slug":"die-empoerten-und-der-querfrontler","status":"publish","type":"post","link":"https:\/\/ferne-welten.com\/?p=1282","title":{"rendered":"Die Emp\u00f6rten und der Querfrontler"},"content":{"rendered":"<p style=\"text-align: justify;\">Jung, charismatisch und redegewandt. So feiern einige deutsche Journalisten die selbsternannten Sprecher der\u00a0Occupy-Bewegung, die nach ihren\u00a0M\u00e4rschen am 15.10.2011\u00a0\u00fcberall in der Bundesrepublik campiert, um gegen die\u00a0\u201eBankster\u201c\u00a0zu protestieren.<\/p>\n<p style=\"text-align: justify;\"><!--more--><\/p>\n<p style=\"text-align: justify;\">Das bekannteste Gesicht dieser losen\u00a0Bewegung\u00a0ist sicherlich Wolfram Siener aus Frankfurt, der in seiner kurzen Karriere in verschiedenen Fernsehsendungen zu sehen war, die sich der deutschen Erweckungsbewegung annahmen. Ob nun bei Maybrit Illner, im ARD-Nachtmagazin oder in der ZDF-Sendung\u00a0\u201elog in\u201c:\u00a0der\u00a0\u201eBankenkritiker\u201c\u00a0durfte \u00fcberall sprechen.<\/p>\n<p style=\"text-align: justify;\">Der Spiegel portr\u00e4tierte Siener sogar als\u00a0\u201eHoffnungstr\u00e4ger\u201c\u00a0und \u201echarismatische F\u00fchrungsfigur\u201c.\u00a0Der wurde zwar durch\u00a0die strukturell antisemitischen\u00a0Zeitgeist-Filme\u00a0gepr\u00e4gt, aber dieser Umstand interessierte den Spiegel nur\u00a0<a href=\"http:\/\/www.spiegel.de\/wirtschaft\/soziales\/0,1518,792029,00.html\">am Rande<\/a>.<\/p>\n<p style=\"text-align: justify;\">Sein Auftritt in einer Sendung der verschw\u00f6rungsideologischen\u00a0Seite \u201eInfokrieg\u201c wurde \u00fcberhaupt nicht erw\u00e4hnt. Dort sagte Siener:<\/p>\n<blockquote><p>Wir als Volk sind re\u00adla\u00adtiv weit ge\u00adlenkt, also wir sind re\u00adla\u00adtiv weit zer\u00adsplit\u00adtert, jeder hat ei\u00adge\u00adne Mei\u00adnun\u00adgen und sowas. Darum geht es. Es geht darum, dass zu beheben. (\u2026) Wir haben nur als Einheit eine Chance.<\/p><\/blockquote>\n<p style=\"text-align: justify;\">Sein Drang, sich vor Fernsehkameras als w\u00fctender deutscher Wutb\u00fcrger zu inszenieren, wurde nicht nur hier begr\u00fc\u00dft. In der Sendung\u00a0\u201elog in\u201c, die im Infokanal des Zweiten Deutschen Fernsehens zu sehen ist, hatte Wolfram Siener einen weiteren\u00a0<a href=\"http:\/\/www.zdf.de\/ZDFmediathek\/kanaluebersicht\/aktuellste\/1009864#\/beitrag\/video\/1468548\/log-in:-Wirtschaftsbremse-Protest\">Auftritt<\/a>. Dort haute der Wutb\u00fcrger mit der Faust auf den Tisch und wetterte gegen\u00a0\u201edas Geldsystem\u201c.<\/p>\n<p style=\"text-align: justify;\">In der ZDF Sendung war ein weiterer Aktivist der\u00a0Occupy-Bewegung\u00a0zu sehen: Florian Raffel fand die Darstellung der\u00a0\u201echarismatischen F\u00fchrungsfigur\u201c\u00a0Siener\u00a0\u201eunausgeglichen\u201c\u00a0und erg\u00e4nzte daher einige Dinge. Er stellte die\u00a0\u201eBewegung\u201c\u00a0als\u00a0\u201ekulturelle Revolution\u201c\u00a0vor, die eine\u00a0\u201eKultur des Zuh\u00f6rens\u201c\u00a0entwickelt h\u00e4tte.<\/p>\n<p style=\"text-align: justify;\">Derartige Thesen verbreitet Raffel nicht nur in Fernsehsendungen, sondern auch in verschiedenen Zeitschriften und im Internet.\u00a0\u201eWir haben viele Meinungen, viele Idee und wir sind bunt\u201c, schreibt er dort. Die BZ ver\u00f6ffentlichte ein Streitgespr\u00e4ch zwischen ihm und einem Banker. Dort warb Raffel f\u00fcr\u00a0\u201eechte Demokratie in einem neuen System\u201c. Seine Huldigung der\u00a0\u201eGespr\u00e4chskultur\u201c, bei der die Teilnehmerinnen und Teilnehmer die S\u00e4tze der Redner im Chor\u00a0<a href=\"http:\/\/www.youtube.com\/watch?v=EehvNSoz1WY\">nachsprechen<\/a>, schaffte es sogar in den Stern.<\/p>\n<p style=\"text-align: justify;\">Florian Raffel gibt nicht nur Interviews in gr\u00f6\u00dferen Zeitungen, er steht auch verschiedenen Internetseiten zur Verf\u00fcgung. So zum Beispiel der Online-Zeitung\u00a0\u201eBerliner Umschau\u201c, in der ansonsten \u00fcber die\u00a0\u201ePl\u00e4ne f\u00fcr die unmittelbare Einf\u00fchrung einer Diktatur\u201c\u00a0halluziniert wird, die es angeblich nach dem\u00a0\u201eZusammenbruchs des Finanzsystems in Euro-Land\u201c\u00a0geben soll. Au\u00dferdem finden sich dort Werbe-Berichte \u00fcber die Aktivit\u00e4ten des Querfrontlers J\u00fcrgen Els\u00e4sser, der nun sogar einen gemeinsamen Auftritt mit dem Occupy-Aktivisten Florian Raffel ank\u00fcndigt.<\/p>\n<p style=\"text-align: justify;\">Am 3.11.2011 soll der Occupy-Aktivist auf einer Veranstaltung des J\u00fcrgen Els\u00e4sser auftreten. Els\u00e4sser tr\u00e4umt davon, dass\u00a0\u201eLinke, Rechte\u201c\u00a0und\u00a0\u201eReligi\u00f6se\u201c\u00a0zusammenarbeiten, um\u00a0\u201edie Globalisten\u201c\u00a0zu\u00a0\u201eschlagen\u201c. Mit seinem Compact-Magazin m\u00f6chte er\u00a0\u201edemokratische Linke\u201c\u00a0und\u00a0\u201edemokratische Rechte\u201c\u00a0vereinen.<\/p>\n<p style=\"text-align: justify;\">Mit der Veranstaltung soll die neue Ausgabe des\u00a0Compact-Magazins\u00a0beworben werden. Hier wurde in der Vergangenheit ganz homophob vor einem\u00a0\u201eSchulfach Schwul\u201c\u00a0gewarnt, in der neuen Ausgabe wird von der R\u00fcckkehr der Deutschen Mark getr\u00e4umt.\u00a0\u201eWir freuen uns, (\u2026) mit Florian Raffel auch einen Aktivisten von OCCUPY BERLIN gewonnen\u201c\u00a0zu\u00a0\u201ehaben\u201c, schreibt der Querfrontler Els\u00e4sser auf seiner Homepage. Auf dieser Veranstaltung\u00a0soll\u00a0\u00fcber die\u00a0\u201eFrage der Sammlung der Euro-kritischen Kr\u00e4fte und eine m\u00f6gliche Parteibildung\u201c\u00a0debattiert werden.<\/p>\n<p style=\"text-align: justify;\">Der\u00a0Occupy-Aktivist\u00a0Florian Raffel wird dort neben\u00a0Oliver Janich\u00a0sitzen, um seine Ideen zu bewerben. Janich ist Bundesvorsitzender der rechtspopulistischen\u00a0\u201ePartei der Vernunft\u201c\u00a0und Verschw\u00f6rungspropagandist. Er trat in der Vergangenheit mit J\u00fcrgen Els\u00e4sser unter anderem auf\u00a0<a href=\"http:\/\/www.youtube.com\/watch?v=IbVofHKW8IY\">einem Treffen<\/a>\u00a0gegen die\u00a0Bilderberg-Konferenz auf, dem Verschw\u00f6rungsideologen \u2013 im Rahmen einer Zentralsteuerungstheorie \u2013 eine unglaubliche Macht nachsagen. Im Parteiprogramm wird eine\u201eunabh\u00e4ngige Untersuchung der Ereignisse vom 11. September\u201c, der\u00a0\u201eAusstieg aus dem Euro\u201c\u00a0und die\u201eAbschaffung der Europ\u00e4ischen Union\u201c\u00a0gefordert.<\/p>\n<p style=\"text-align: justify;\">Florian Raffel wird auf der Veranstaltung seine\u00a0Occupy\u2013Bewegung, J\u00fcrgen Els\u00e4sser sein Compact-Magazin und Oliver Janich seine rechtspopulistische Kleinpartei bewerben.<\/p>\n<p style=\"text-align: justify;\"><strong>Update<\/strong>: Florian Raffel hat den Auftritt abgesagt und J\u00fcrgen Els\u00e4sser daf\u00fcr direkt auf die Versammlung der\u00a0\u201eEmp\u00f6rten\u201c\u00a0eingeladen:<\/p>\n<blockquote><p>ich m\u00f6chte hiermit Abstand nehmen, an Ihrer Podiumsdiskussion teilzunehmen. Ich bin in Arbeitsgruppen so eingebunden, dass ich leider zeitlich k\u00fcrzer treten muss und bis auf weiteres erstmal keine Zeit f\u00fcr weitere Interviews habe. (\u2026) Bitte nehmen Sie direkt Kontakt mit der Asamblea auf. T\u00e4glich um 17 Uhr und sprechen Sie direkt zur Gruppe.<\/p><\/blockquote>\n<p style=\"text-align: justify;\">Die Anfrage des Querfrontlers J\u00fcrgen Els\u00e4sser ist allerdings nach wie vor auf einer Internetseite der\u00a0Bewegung\u00a0zu finden, \u00fcber den E-Mail-Verteiler wird nach einem Ersatz gesucht. Auf Els\u00e4ssers Internetseite wird der\u00a0Occupy-Aktivst\u00a0weiterhin angek\u00fcndigt, allerdings hei\u00dft es dort nun:<\/p>\n<blockquote>\n<p style=\"text-align: justify;\">Florian Raffel hat leider trotz mehrfacher Zusage jetzt doch aus Termingr\u00fcnden abgesagt. Wir haben aber einen Ersatz von Occupy Berlin in Aussicht.<\/p>\n<\/blockquote>\n<a class=\"synved-social-button synved-social-button-share synved-social-size-32 synved-social-resolution-single synved-social-provider-facebook nolightbox\" data-provider=\"facebook\" target=\"_blank\" rel=\"nofollow\" title=\"Auf Facebook teilen\" href=\"https:\/\/www.facebook.com\/sharer.php?u=https%3A%2F%2Fferne-welten.com%2Findex.php%3Frest_route%3D%252Fwp%252Fv2%252Fposts%252F1282&#038;t=Die%20Emp%C3%B6rten%20und%20der%20Querfrontler&#038;s=100&#038;p&#091;url&#093;=https%3A%2F%2Fferne-welten.com%2Findex.php%3Frest_route%3D%252Fwp%252Fv2%252Fposts%252F1282&#038;p&#091;images&#093;&#091;0&#093;=&#038;p&#091;title&#093;=Die%20Emp%C3%B6rten%20und%20der%20Querfrontler\" style=\"font-size: 0px;width:32px;height:32px;margin:0;margin-bottom:5px;margin-right:5px\"><img loading=\"lazy\" decoding=\"async\" alt=\"Facebook\" title=\"Auf Facebook teilen\" class=\"synved-share-image synved-social-image synved-social-image-share\" width=\"32\" height=\"32\" style=\"display: inline;width:32px;height:32px;margin: 0;padding: 0;border: none;box-shadow: none\" src=\"https:\/\/ferne-welten.com\/wp-content\/plugins\/social-media-feather\/synved-social\/addons\/extra-icons\/image\/social\/circle\/64x64\/facebook.png\" \/><\/a><a class=\"synved-social-button synved-social-button-share synved-social-size-32 synved-social-resolution-single synved-social-provider-twitter nolightbox\" data-provider=\"twitter\" target=\"_blank\" rel=\"nofollow\" title=\"Auf Twitter teilen\" href=\"https:\/\/twitter.com\/intent\/tweet?url=https%3A%2F%2Fferne-welten.com%2Findex.php%3Frest_route%3D%252Fwp%252Fv2%252Fposts%252F1282&#038;text=Hey%20check%20this%20out\" style=\"font-size: 0px;width:32px;height:32px;margin:0;margin-bottom:5px;margin-right:5px\"><img loading=\"lazy\" decoding=\"async\" alt=\"twitter\" title=\"Auf Twitter teilen\" class=\"synved-share-image synved-social-image synved-social-image-share\" width=\"32\" height=\"32\" style=\"display: inline;width:32px;height:32px;margin: 0;padding: 0;border: none;box-shadow: none\" src=\"https:\/\/ferne-welten.com\/wp-content\/plugins\/social-media-feather\/synved-social\/addons\/extra-icons\/image\/social\/circle\/64x64\/twitter.png\" \/><\/a><a class=\"synved-social-button synved-social-button-share synved-social-size-32 synved-social-resolution-single synved-social-provider-reddit nolightbox\" data-provider=\"reddit\" target=\"_blank\" rel=\"nofollow\" title=\"Auf Reddit teilen\" href=\"https:\/\/www.reddit.com\/submit?url=https%3A%2F%2Fferne-welten.com%2Findex.php%3Frest_route%3D%252Fwp%252Fv2%252Fposts%252F1282&#038;title=Die%20Emp%C3%B6rten%20und%20der%20Querfrontler\" style=\"font-size: 0px;width:32px;height:32px;margin:0;margin-bottom:5px;margin-right:5px\"><img loading=\"lazy\" decoding=\"async\" alt=\"reddit\" title=\"Auf Reddit teilen\" class=\"synved-share-image synved-social-image synved-social-image-share\" width=\"32\" height=\"32\" style=\"display: inline;width:32px;height:32px;margin: 0;padding: 0;border: none;box-shadow: none\" src=\"https:\/\/ferne-welten.com\/wp-content\/plugins\/social-media-feather\/synved-social\/addons\/extra-icons\/image\/social\/circle\/64x64\/reddit.png\" \/><\/a><a class=\"synved-social-button synved-social-button-share synved-social-size-32 synved-social-resolution-single synved-social-provider-pinterest nolightbox\" data-provider=\"pinterest\" target=\"_blank\" rel=\"nofollow\" title=\"Auf Pinterest pinnen\" href=\"https:\/\/pinterest.com\/pin\/create\/button\/?url=https%3A%2F%2Fferne-welten.com%2Findex.php%3Frest_route%3D%252Fwp%252Fv2%252Fposts%252F1282&#038;media=&#038;description=Die%20Emp%C3%B6rten%20und%20der%20Querfrontler\" style=\"font-size: 0px;width:32px;height:32px;margin:0;margin-bottom:5px;margin-right:5px\"><img loading=\"lazy\" decoding=\"async\" alt=\"pinterest\" title=\"Auf Pinterest pinnen\" class=\"synved-share-image synved-social-image synved-social-image-share\" width=\"32\" height=\"32\" style=\"display: inline;width:32px;height:32px;margin: 0;padding: 0;border: none;box-shadow: none\" src=\"https:\/\/ferne-welten.com\/wp-content\/plugins\/social-media-feather\/synved-social\/addons\/extra-icons\/image\/social\/circle\/64x64\/pinterest.png\" \/><\/a><a class=\"synved-social-button synved-social-button-share synved-social-size-32 synved-social-resolution-single synved-social-provider-linkedin nolightbox\" data-provider=\"linkedin\" target=\"_blank\" rel=\"nofollow\" title=\"Auf Linkedin teilen\" href=\"https:\/\/www.linkedin.com\/shareArticle?mini=true&#038;url=https%3A%2F%2Fferne-welten.com%2Findex.php%3Frest_route%3D%252Fwp%252Fv2%252Fposts%252F1282&#038;title=Die%20Emp%C3%B6rten%20und%20der%20Querfrontler\" style=\"font-size: 0px;width:32px;height:32px;margin:0;margin-bottom:5px;margin-right:5px\"><img loading=\"lazy\" decoding=\"async\" alt=\"linkedin\" title=\"Auf Linkedin teilen\" class=\"synved-share-image synved-social-image synved-social-image-share\" width=\"32\" height=\"32\" style=\"display: inline;width:32px;height:32px;margin: 0;padding: 0;border: none;box-shadow: none\" src=\"https:\/\/ferne-welten.com\/wp-content\/plugins\/social-media-feather\/synved-social\/addons\/extra-icons\/image\/social\/circle\/64x64\/linkedin.png\" \/><\/a><a class=\"synved-social-button synved-social-button-share synved-social-size-32 synved-social-resolution-single synved-social-provider-tumblr nolightbox\" data-provider=\"tumblr\" target=\"_blank\" rel=\"nofollow\" title=\"\u00dcber Tumblr teilen\" href=\"https:\/\/tumblr.com\/share?s=&#038;v=3&#038;t=Die%20Emp%C3%B6rten%20und%20der%20Querfrontler&#038;u=https%3A%2F%2Fferne-welten.com%2Findex.php%3Frest_route%3D%252Fwp%252Fv2%252Fposts%252F1282\" style=\"font-size: 0px;width:32px;height:32px;margin:0;margin-bottom:5px;margin-right:5px\"><img loading=\"lazy\" decoding=\"async\" alt=\"tumblr\" title=\"\u00dcber Tumblr teilen\" class=\"synved-share-image synved-social-image synved-social-image-share\" width=\"32\" height=\"32\" style=\"display: inline;width:32px;height:32px;margin: 0;padding: 0;border: none;box-shadow: none\" src=\"https:\/\/ferne-welten.com\/wp-content\/plugins\/social-media-feather\/synved-social\/addons\/extra-icons\/image\/social\/circle\/64x64\/tumblr.png\" \/><\/a><a class=\"synved-social-button synved-social-button-share synved-social-size-32 synved-social-resolution-single synved-social-provider-mail nolightbox\" data-provider=\"mail\" rel=\"nofollow\" title=\"Link per Mail weiterleiten\" href=\"mailto:?subject=Die%20Emp%C3%B6rten%20und%20der%20Querfrontler&#038;body=Hey%20check%20this%20out:%20https%3A%2F%2Fferne-welten.com%2Findex.php%3Frest_route%3D%252Fwp%252Fv2%252Fposts%252F1282\" style=\"font-size: 0px;width:32px;height:32px;margin:0;margin-bottom:5px\"><img loading=\"lazy\" decoding=\"async\" alt=\"mail\" title=\"Link per Mail weiterleiten\" class=\"synved-share-image synved-social-image synved-social-image-share\" width=\"32\" height=\"32\" style=\"display: inline;width:32px;height:32px;margin: 0;padding: 0;border: none;box-shadow: none\" src=\"https:\/\/ferne-welten.com\/wp-content\/plugins\/social-media-feather\/synved-social\/addons\/extra-icons\/image\/social\/circle\/64x64\/mail.png\" \/><\/a>","protected":false},"excerpt":{"rendered":"<p>Jung, charismatisch und redegewandt. So feiern einige deutsche Journalisten die selbsternannten Sprecher der\u00a0Occupy-Bewegung, die nach ihren\u00a0M\u00e4rschen am 15.10.2011\u00a0\u00fcberall in der Bundesrepublik campiert, um gegen die\u00a0\u201eBankster\u201c\u00a0zu protestieren.<\/p>\n","protected":false},"author":1,"featured_media":0,"comment_status":"open","ping_status":"open","sticky":false,"template":"","format":"standard","meta":{"footnotes":""},"categories":[79],"tags":[191,481,482,83,279,483,200,264,82,224,423,44],"class_list":["post-1282","post","type-post","status-publish","format-standard","hentry","category-mythen","tag-berlin","tag-berliner-umschau","tag-bz","tag-compact","tag-elsaesser","tag-florian-raffel","tag-frankfurt","tag-infokrieg-tv","tag-oliver-janich","tag-pdv","tag-wolfram-siener","tag-zdf"],"_links":{"self":[{"href":"https:\/\/ferne-welten.com\/index.php?rest_route=\/wp\/v2\/posts\/1282","targetHints":{"allow":["GET"]}}],"collection":[{"href":"https:\/\/ferne-welten.com\/index.php?rest_route=\/wp\/v2\/posts"}],"about":[{"href":"https:\/\/ferne-welten.com\/index.php?rest_route=\/wp\/v2\/types\/post"}],"author":[{"embeddable":true,"href":"https:\/\/ferne-welten.com\/index.php?rest_route=\/wp\/v2\/users\/1"}],"replies":[{"embeddable":true,"href":"https:\/\/ferne-welten.com\/index.php?rest_route=%2Fwp%2Fv2%2Fcomments&post=1282"}],"version-history":[{"count":2,"href":"https:\/\/ferne-welten.com\/index.php?rest_route=\/wp\/v2\/posts\/1282\/revisions"}],"predecessor-version":[{"id":1284,"href":"https:\/\/ferne-welten.com\/index.php?rest_route=\/wp\/v2\/posts\/1282\/revisions\/1284"}],"wp:attachment":[{"href":"https:\/\/ferne-welten.com\/index.php?rest_route=%2Fwp%2Fv2%2Fmedia&parent=1282"}],"wp:term":[{"taxonomy":"category","embeddable":true,"href":"https:\/\/ferne-welten.com\/index.php?rest_route=%2Fwp%2Fv2%2Fcategories&post=1282"},{"taxonomy":"post_tag","embeddable":true,"href":"https:\/\/ferne-welten.com\/index.php?rest_route=%2Fwp%2Fv2%2Ftags&post=1282"}],"curies":[{"name":"wp","href":"https:\/\/api.w.org\/{rel}","templated":true}]}}