{"id":1285,"date":"2011-10-21T10:00:04","date_gmt":"2011-10-21T09:00:04","guid":{"rendered":"http:\/\/ferne-welten.com\/?p=1285"},"modified":"2017-04-30T10:03:26","modified_gmt":"2017-04-30T09:03:26","slug":"die-internetseiten-der-empoerten","status":"publish","type":"post","link":"https:\/\/ferne-welten.com\/?p=1285","title":{"rendered":"Die Internetseiten der &#8222;Emp\u00f6rten&#8220;"},"content":{"rendered":"<p style=\"text-align: justify;\">Die\u00a0\u201eEmp\u00f6rten\u201c, die nach ihren\u00a0M\u00e4rschen am 15.10.2011\u00a0Zelte aufgebaut haben und in vielen St\u00e4dten der Bundesrepublik campieren, nutzen auch das Internet, um Forderungen zu entwerfen und gemeinsame Aktionen zu besprechen. Hier ist eine un\u00fcbersichtliche Struktur entstanden. Es gibt hunderte Facebook-Seiten, bei denen oftmals nicht ersichtlich ist, ob sie von vereinsamten\u00a0Einzelpersonen\u00a0oder von organisierten Aktivisten der \u201eBewegung\u201c\u00a0betrieben werden.<\/p>\n<p style=\"text-align: justify;\"><!--more--><\/p>\n<p style=\"text-align: justify;\">Im Zweifel k\u00f6nnen sich diese von den Inhalten distanzieren, die ihnen nicht genehm sind. Es gibt aber auch offizielle Seiten, auf denen die kommenden Aktionen geplant werden. Auf meiner Reise durch das Internet sto\u00dfe ich auf die Inhalte, die vielen Occupy-Aktivisten am Herzen liegen.<\/p>\n<p style=\"text-align: justify;\">So hat\u00a0Occupy-Frankfurt eine\u00a0offizielle Internetseite. Alle d\u00fcrfen dort mitschreiben, von der bewegten Attac-Aktivistin bis zum antisemitischen Verschw\u00f6rungsfan. Daher widersprechen sich viele Forderungen. So soll ein demokratisches Miteinander entstehen. Man sei eine\u00a0\u201eGemeinschaft mit vielen verschiedenen Ideen und Zielen\u201c,\u00a0die\u00a0\u201eder Macht Grenzen setzen wollen\u201c,\u00a0hei\u00dft es in einer allgemeinen Einleitung. Einzelne distanzieren sich einerseits von Rassismus, Antisemitismus und Sexismus, auf der anderen Seite finden sich antisemitische Texte.<\/p>\n<p style=\"text-align: justify;\">Mit einem strukturellen Antisemitismus, bei dem gegen eine die\u00a0\u201eProfitgier einer Minderheit von Superreichen\u201c\u00a0angeschrieben wird, scheinen die Seiten-Nutzer und die Teilnehmer des Protestcamps kein Problem zu haben. Als Redner trat dort beispielsweise\u00a0Bernd Senf\u00a0auf, der sich an der\u00a0strukturell antisemitischen\u00a0\u201eZinskritik\u201c\u00a0des Silvio Gesell orientiert.<\/p>\n<p style=\"text-align: justify;\">Auf dem Camp finden sich daher Schilder mit der Aufschrift \u201eFreigeld\u201c, das in der Szene der\u00a0\u201eZinskritiker\u201c\u00a0als L\u00f6sung beworben wird. Auf Flyern finden sich ebenso problematische Forderungen:\u00a0\u201eDieses Land geh\u00f6rt uns, nicht den Plutokraten!\u201c\u00a0Hier nutzt man also einen nationalsozialistischen Kampfbegriff, der insbesondere durch das Reichsministerium f\u00fcr Volksaufkl\u00e4rung und Propaganda unter Joseph Goebbels verwendet wurde.<\/p>\n<div id=\"attachment_1286\" style=\"width: 660px\" class=\"wp-caption aligncenter\"><a href=\"http:\/\/ferne-welten.com\/wp-content\/uploads\/2017\/04\/plutokraten.jpg\"><img loading=\"lazy\" decoding=\"async\" aria-describedby=\"caption-attachment-1286\" class=\"wp-image-1286 size-full\" src=\"http:\/\/ferne-welten.com\/wp-content\/uploads\/2017\/04\/plutokraten.jpg\" alt=\"\" width=\"650\" height=\"353\" srcset=\"https:\/\/ferne-welten.com\/wp-content\/uploads\/2017\/04\/plutokraten.jpg 650w, https:\/\/ferne-welten.com\/wp-content\/uploads\/2017\/04\/plutokraten-300x163.jpg 300w\" sizes=\"auto, (max-width: 650px) 100vw, 650px\" \/><\/a><p id=\"caption-attachment-1286\" class=\"wp-caption-text\">Werbeflyer f\u00fcr Occupy Frankfurt<\/p><\/div>\n<div class=\"content\">\n<p style=\"text-align: justify;\">erartige Forderungen gefallen auch Nazis. So schreibt ein Autor \u2013 der zum Umfeld der Seite\u00a0\u201eDeutschland Echo\u201c\u00a0geh\u00f6rt \u2013 dar\u00fcber, dass das Camp eine\u00a0\u201eeine einmalige Gelegenheit\u201c\u00a0sei, um\u00a0\u201eantiglobalistisch und antiplutokratisch zu agieren\u201c. Nazis sollen sich anschlie\u00dfen und dabei mithelfen\u00a0\u201edas Goldene Kalb zu schlachten\u201c.<\/p>\n<p style=\"text-align: justify;\">Vielleicht liegt das an den offen antisemitischen Inhalten, die auf der zum Camp geh\u00f6renden Internetseite zu finden sind. Bisher sind sie nicht gel\u00f6scht worden. Kein Wunder:\u00a0\u201eDiskussionen sind gew\u00fcnscht\u201c, zum Beispiel\u00a0\u00fcber \u00fcber\u00a0angebliche\u00a0Chemtrails. Daher findet sich bis heute antisemitische Hetze auf der offiziellen Internetseite der Frankfurter Camper:<\/p>\n<blockquote><p>Eine kleine mafiaartig organisierte Gruppe deren Mitglieder sich wohl schon \u00fcber Generationen hinaus gegenseitig die Posten zuschieben mi\u00dfbrauchen die j\u00fcdische Glaubensgemeinschaft f\u00fcr ihre Ziele.<\/p><\/blockquote>\n<p style=\"text-align: justify;\">Dort werden die\u00a0\u201eProgrome des Mittelalters\u201c\u00a0gerechtfertigt, schlie\u00dflich h\u00e4tten sie den\u00a0\u201eeinflussreichen Geldverleihern\u201c\u00a0gegolten.<\/p>\n<blockquote><p>Und da mu\u00df man an dieser Stelle auch mal erw\u00e4hnt werden, was eigentlich die Juden als Grundannahme haben sollten: in der Thora (alten Testament) steht: Nehmt keine Zinsen (\u2026).\u00a0Solange der Zins eine wichtige Rolle in einem W\u00e4hrungssystem h\u00e4lt, ist dieses auf kurz oder lang dem Scheitern verurteilt.<\/p><\/blockquote>\n<p style=\"text-align: justify;\">Auf der Internetseite wurden verschiedene Texte ver\u00f6ffentlicht. So zum Beispiel die\u00a0antiamerikanische Hetze\u00a0des Querfrontlers J\u00fcrgen Els\u00e4sser. In der Linksektion der Internetseite finden sich Videos: Hier wird auf ein Video des\u00a0\u201eZinskritikers\u201c\u00a0Bernd Senf verwiesen.<\/p>\n<p style=\"text-align: justify;\">Es handelt sich um ein Interview mit der verschw\u00f6rungsideologischen\u00a0Internetseite\u00a0\u201eAlpenparlament\u201c. Gef\u00fchrt wurde es vom\u00a0\u201eMedienwissenschaftler\u201c\u00a0Michael Vogt\u00a0, der im Jahr 2004 \u2013 gemeinsam mit dem Mitarbeiter der s\u00e4chsischen NPD-Landtagsfraktion Olaf Rose \u2013 einen revisionistischen Film \u00fcber Rudolf He\u00df produzierte.<\/p>\n<p style=\"text-align: justify;\">Auf der Internetseite von\u00a0Occupy-Frankfurt wird das Video\u00a0\u201eFabian, der Goldschmied: Gib mir die Welt plus 5 Prozent\u201c\u00a0beworben. Der Produzent\u00a0des Films\u00a0ist der Scientologe Michael Hinz (Alias: M. Kent). Das Zeichentrick-Video findet sich auf zahlreichen Internetseiten der rechten Szene. An derartigen Inhalten scheint sich in Frankfurt fast niemand zu st\u00f6ren. Sie finden sich bis heute auf der offiziellen Internetseite, obwohl die Aktivisten auf diesen Umstand hingewiesen wurden.<\/p>\n<p style=\"text-align: justify;\">Neben dieser offiziellen Internetseite gibt es weitere Seiten, auf denen zu Protesten in Frankfurt aufgerufen wird. So zum Beispiel die\u00a0Seite\u00a0\u201eYesWeCamp2011\u2033, die zu den Protesten aufruft und diesen mit zahlreichen Fotos und Videos dokumentiert. Diese wird von Frank Stegmaier\u00a0betrieben, der in Frankfurt f\u00fcr die rechtspopulistischen Freien W\u00e4hler im Ortsbeirat 1\u00a0sitzt. Auf meiner Reise zur\u201edemokratischen Bewegung\u201c\u00a0lande ich nicht nur auf dessen Seite, sondern auch auf der Internetseite einer bundesweiten Organisation, deren Name die Proteste gepr\u00e4gt hat.\u00a0\u201eEchte Demokratie Jetzt\u201c\u00a0ist in aller Munde. Auch an dieser Gruppierung ist Stegmaier beteiligt.<\/p>\n<p style=\"text-align: justify;\">So ist er sich f\u00fcr den\u00a0<a href=\"http:\/\/twitter.com\/#!\/EDJFrankfurt\">Twitteraccount\u00a0<\/a>und f\u00fcr die<a href=\"http:\/\/anonym.to\/?http:\/\/echtedemokratiejetztfrankfurt.wordpress.com\/impressum-2\/\">\u00a0Internetseite des Frankfurter Ablegers<\/a>\u00a0von\u00a0\u201eEchte Demokratie Jetzt\u201c\u00a0verantwortlich. Auf dieser Internetseite finden sich die Videos, in denen Stegmaier im Protestcamp vor der Europ\u00e4ischen Zentralbank in Frankfurt posiert. Au\u00dferdem verbreitet er \u00fcber seine YouTube-Kan\u00e4le die Videos, die die regressiven Proteste der Camper zeigen.<\/p>\n<p style=\"text-align: justify;\">Hier wirbt der Ortsbeirat der rechtspopulistischen\u00a0\u201eFreien W\u00e4hler\u201c\u00a0nat\u00fcrlich auch f\u00fcr eine\u00a0\u201eAnti-Euro-Partei\u201c. Er war auch der erste, der am 15.10.2011 sein Zelt vor der Europ\u00e4ischen Zentralbank aufschlug, was er bereits am 09.10.2011 ank\u00fcndigte:<\/p>\n<blockquote><p>Besetzung der Europ\u00e4ischen Zentralbank in Frankfurt a.M. mit Zelten und allem was dazu geh\u00f6rt! Wer dabei ist, meldet sich.<\/p><\/blockquote>\n<p style=\"text-align: justify;\">Der Spiegel\u00a0<a href=\"http:\/\/www.spiegel.de\/politik\/deutschland\/0,1518,792005,00.html\">portr\u00e4tierte\u00a0<\/a>ihn vollkommen unkritisch als\u00a0\u201eHardcore-Aktivist, der den Euro abschaffen will und seit April immer mal wieder vor der EZB aus Protest campiert\u201c.<\/p>\n<p style=\"text-align: justify;\">\u00dcber die Internetseiten des\u00a0\u201eHardcore-Aktivsten\u201c\u00a0landet man schnell beim bundesweiten Ableger von \u201eEchte Demokratie Jetzt\u201c. Im dortigen Internetforum werden verschiedene Projekte beworben, die es den Aktivisten angetan haben. Hier wird nicht nur die Piratenpartei empfohlen, sondern auch Strukturen der rechten Reichsb\u00fcrger. So zum Beispiel das\u00a0\u201eProjekt Neudeutschland\u201c, das nur solange an\u00a0\u201eder Oder-Nei\u00dfe Linie\u201c\u00a0festhalten m\u00f6chte,\u00a0\u201ebis alle anderen Nationen diese Grenze zu \u00e4ndern w\u00fcnschten\u201c.\u00a0Erst dann wollen diese Reichsb\u00fcrger, die\u00a0\u201eErrungenschaften von NeuDeutschland \u00fcber die derzeit bestehenden Grenzen der Bundesrepublik hinaus auf relativ unproblematische Art zu verbreiten\u201c.<\/p>\n<p style=\"text-align: justify;\">In dem Internetforum von\u00a0\u201eEchte Demokratie Jetzt\u201c\u00a0<a href=\"http:\/\/www.echte-demokratie-jetzt.de\/forum\/showthread.php?tid=252\">bewirbt ein Adminstrator au\u00dferdem<\/a>\u00a0\u201ekleine Parteien die man interessant finden kann\u201c. Er bewirbt konkret die\u00a0\u201ePartei der Vernunft\u201c, die anti-europ\u00e4ische Partei des Verschw\u00f6rungsideologen Oliver Janich, die sich an\u00a0der Demonstration in Berlin beteiligte.<\/p>\n<p style=\"text-align: justify;\">Die\u00a0Occupy-Bewegung\u00a0in Berlin bewirbt ihre diffusen Ziele ebenfalls auf verschiedenen Internetseiten. Hier wird zu den den Camping-Aktionen aufgerufen. Neben der Seite\u00a0\u201eAlex11\u2033, die auf den\u00a0ersten Campversuch am Alexanderplatz\u00a0zur\u00fcckgeht, an dem\u00a0verschiedene Verschw\u00f6rungsaktivisten\u00a0beteiligt waren, gibt es noch mehrere Internetseiten und eine Mailingliste zum Thema. Letztere ist durchaus am\u00fcsant. Eine Einzelperson verschickt beispielsweise ein Protokoll \u00fcber ein Plenum in ihrer Wohnung, an dem kein anderer Mensch teilgenommen hat.<\/p>\n<p style=\"text-align: justify;\">Auf meiner Reise durch das Internet entdecke ich auch den Blog\u00a0\u201eOccupyBerlin\u201c, auf dem \u00fcber aktuelle Entwicklungen rund um das Camp informiert wird. Hier wird dar\u00fcber\u00a0berichtet, dass sich eine\u00a0\u201e9\/11 Arbeitsgruppe\u201c\u00a0gebildet h\u00e4tte, in der \u00fcber den\u00a0\u201eamerikanische Imperialismus und seinen Krieg zum Terror\u201c\u00a0gesprochen wird.<\/p>\n<p style=\"text-align: justify;\">Auf der Internetseite wird darauf hingewiesen, dass die Versammlungen des Camps von\u00a0\u201eMitHerzTV\u201c\u00a0gefilmt\u00a0werden. Ein Blick in deren\u00a0<a href=\"http:\/\/www.youtube.com\/user\/mitHerzTv\">YouTube-Account\u00a0<\/a>verr\u00e4t einiges: Hier findet sich das bereits erw\u00e4hnte antisemitische\u00a0\u201eFabian der Goldschmidt\u201c-Video, Videos \u00fcber die angebliche \u201eBRD-GmbH\u201c\u00a0und andere verschw\u00f6rungsideologische Propaganda aus dem Milieu der Reichsb\u00fcrger.<\/p>\n<p style=\"text-align: justify;\">Kein Wunder, dass die esoterische Musikerin Nina Hagen, deren neues Album\u00a0\u201eVolksbeat\u201c\u00a0hei\u00dfen wird,\u00a0\u201eGr\u00fc\u00dfe und Unterst\u00fctzung\u201c an die Gruppe\u00a0\u201eAlex11\u2033\u00a0richtet. Sie droht:<\/p>\n<blockquote><p>Wir sind 99%! Wir sorgen f\u00fcr Gerechtigkeit und werden gerechte Volksurteile f\u00e4llen.<\/p><\/blockquote>\n<p style=\"text-align: justify;\">Es lie\u00dfen sich viele Inhalte finden, die aufzeigen, dass die Occupy-Gruppen ein ganz reales Problem mit antisemitischen, esoterischen und nationalistischen Inhalten haben. Diese finden auf den offiziellen Seiten dieses Milieus, die ich auf meiner Reise durch das Internet entdeckt habe.<\/p>\n<p style=\"text-align: justify;\">Dort k\u00fcndigen die\u00a0Occupy-Gruppen f\u00fcr Samstag, den 22.10.2011, neue M\u00e4rsche und Aktionen an. Unter anderem soll in Frankfurt, K\u00f6ln, Hamburg und Berlin demonstriert werden. Wahrscheinlich werden die Forderungen, die es auf den Internetseiten der Szene zu entdecken gibt, auch auf den Demonstrationen pr\u00e4sentiert werden. Alles andere w\u00e4re eine wirkliche \u00dcberraschung.<\/p>\n<div id=\"cmnt\" style=\"text-align: justify;\"><\/div>\n<div id=\"google-wrapper\" class=\"bs_advert\" style=\"text-align: justify;\"><\/div>\n<\/div>\n<a class=\"synved-social-button synved-social-button-share synved-social-size-32 synved-social-resolution-single synved-social-provider-facebook nolightbox\" data-provider=\"facebook\" target=\"_blank\" rel=\"nofollow\" title=\"Auf Facebook teilen\" href=\"https:\/\/www.facebook.com\/sharer.php?u=https%3A%2F%2Fferne-welten.com%2Findex.php%3Frest_route%3D%252Fwp%252Fv2%252Fposts%252F1285&#038;t=Die%20Internetseiten%20der%20%E2%80%9EEmp%C3%B6rten%E2%80%9C&#038;s=100&#038;p&#091;url&#093;=https%3A%2F%2Fferne-welten.com%2Findex.php%3Frest_route%3D%252Fwp%252Fv2%252Fposts%252F1285&#038;p&#091;images&#093;&#091;0&#093;=http%3A%2F%2Fferne-welten.com%2Fwp-content%2Fuploads%2F2017%2F04%2Fplutokraten.jpg&#038;p&#091;title&#093;=Die%20Internetseiten%20der%20%E2%80%9EEmp%C3%B6rten%E2%80%9C\" style=\"font-size: 0px;width:32px;height:32px;margin:0;margin-bottom:5px;margin-right:5px\"><img loading=\"lazy\" decoding=\"async\" alt=\"Facebook\" title=\"Auf Facebook teilen\" class=\"synved-share-image synved-social-image synved-social-image-share\" width=\"32\" height=\"32\" style=\"display: inline;width:32px;height:32px;margin: 0;padding: 0;border: none;box-shadow: none\" src=\"https:\/\/ferne-welten.com\/wp-content\/plugins\/social-media-feather\/synved-social\/addons\/extra-icons\/image\/social\/circle\/64x64\/facebook.png\" \/><\/a><a class=\"synved-social-button synved-social-button-share synved-social-size-32 synved-social-resolution-single synved-social-provider-twitter nolightbox\" data-provider=\"twitter\" target=\"_blank\" rel=\"nofollow\" title=\"Auf Twitter teilen\" href=\"https:\/\/twitter.com\/intent\/tweet?url=https%3A%2F%2Fferne-welten.com%2Findex.php%3Frest_route%3D%252Fwp%252Fv2%252Fposts%252F1285&#038;text=Hey%20check%20this%20out\" style=\"font-size: 0px;width:32px;height:32px;margin:0;margin-bottom:5px;margin-right:5px\"><img loading=\"lazy\" decoding=\"async\" alt=\"twitter\" title=\"Auf Twitter teilen\" class=\"synved-share-image synved-social-image synved-social-image-share\" width=\"32\" height=\"32\" style=\"display: inline;width:32px;height:32px;margin: 0;padding: 0;border: none;box-shadow: none\" src=\"https:\/\/ferne-welten.com\/wp-content\/plugins\/social-media-feather\/synved-social\/addons\/extra-icons\/image\/social\/circle\/64x64\/twitter.png\" \/><\/a><a class=\"synved-social-button synved-social-button-share synved-social-size-32 synved-social-resolution-single synved-social-provider-reddit nolightbox\" data-provider=\"reddit\" target=\"_blank\" rel=\"nofollow\" title=\"Auf Reddit teilen\" href=\"https:\/\/www.reddit.com\/submit?url=https%3A%2F%2Fferne-welten.com%2Findex.php%3Frest_route%3D%252Fwp%252Fv2%252Fposts%252F1285&#038;title=Die%20Internetseiten%20der%20%E2%80%9EEmp%C3%B6rten%E2%80%9C\" style=\"font-size: 0px;width:32px;height:32px;margin:0;margin-bottom:5px;margin-right:5px\"><img loading=\"lazy\" decoding=\"async\" alt=\"reddit\" title=\"Auf Reddit teilen\" class=\"synved-share-image synved-social-image synved-social-image-share\" width=\"32\" height=\"32\" style=\"display: inline;width:32px;height:32px;margin: 0;padding: 0;border: none;box-shadow: none\" src=\"https:\/\/ferne-welten.com\/wp-content\/plugins\/social-media-feather\/synved-social\/addons\/extra-icons\/image\/social\/circle\/64x64\/reddit.png\" \/><\/a><a class=\"synved-social-button synved-social-button-share synved-social-size-32 synved-social-resolution-single synved-social-provider-pinterest nolightbox\" data-provider=\"pinterest\" target=\"_blank\" rel=\"nofollow\" title=\"Auf Pinterest pinnen\" href=\"https:\/\/pinterest.com\/pin\/create\/button\/?url=https%3A%2F%2Fferne-welten.com%2Findex.php%3Frest_route%3D%252Fwp%252Fv2%252Fposts%252F1285&#038;media=http%3A%2F%2Fferne-welten.com%2Fwp-content%2Fuploads%2F2017%2F04%2Fplutokraten.jpg&#038;description=Die%20Internetseiten%20der%20%E2%80%9EEmp%C3%B6rten%E2%80%9C\" style=\"font-size: 0px;width:32px;height:32px;margin:0;margin-bottom:5px;margin-right:5px\"><img loading=\"lazy\" decoding=\"async\" alt=\"pinterest\" title=\"Auf Pinterest pinnen\" class=\"synved-share-image synved-social-image synved-social-image-share\" width=\"32\" height=\"32\" style=\"display: inline;width:32px;height:32px;margin: 0;padding: 0;border: none;box-shadow: none\" src=\"https:\/\/ferne-welten.com\/wp-content\/plugins\/social-media-feather\/synved-social\/addons\/extra-icons\/image\/social\/circle\/64x64\/pinterest.png\" \/><\/a><a class=\"synved-social-button synved-social-button-share synved-social-size-32 synved-social-resolution-single synved-social-provider-linkedin nolightbox\" data-provider=\"linkedin\" target=\"_blank\" rel=\"nofollow\" title=\"Auf Linkedin teilen\" href=\"https:\/\/www.linkedin.com\/shareArticle?mini=true&#038;url=https%3A%2F%2Fferne-welten.com%2Findex.php%3Frest_route%3D%252Fwp%252Fv2%252Fposts%252F1285&#038;title=Die%20Internetseiten%20der%20%E2%80%9EEmp%C3%B6rten%E2%80%9C\" style=\"font-size: 0px;width:32px;height:32px;margin:0;margin-bottom:5px;margin-right:5px\"><img loading=\"lazy\" decoding=\"async\" alt=\"linkedin\" title=\"Auf Linkedin teilen\" class=\"synved-share-image synved-social-image synved-social-image-share\" width=\"32\" height=\"32\" style=\"display: inline;width:32px;height:32px;margin: 0;padding: 0;border: none;box-shadow: none\" src=\"https:\/\/ferne-welten.com\/wp-content\/plugins\/social-media-feather\/synved-social\/addons\/extra-icons\/image\/social\/circle\/64x64\/linkedin.png\" \/><\/a><a class=\"synved-social-button synved-social-button-share synved-social-size-32 synved-social-resolution-single synved-social-provider-tumblr nolightbox\" data-provider=\"tumblr\" target=\"_blank\" rel=\"nofollow\" title=\"\u00dcber Tumblr teilen\" href=\"https:\/\/tumblr.com\/share?s=&#038;v=3&#038;t=Die%20Internetseiten%20der%20%E2%80%9EEmp%C3%B6rten%E2%80%9C&#038;u=https%3A%2F%2Fferne-welten.com%2Findex.php%3Frest_route%3D%252Fwp%252Fv2%252Fposts%252F1285\" style=\"font-size: 0px;width:32px;height:32px;margin:0;margin-bottom:5px;margin-right:5px\"><img loading=\"lazy\" decoding=\"async\" alt=\"tumblr\" title=\"\u00dcber Tumblr teilen\" class=\"synved-share-image synved-social-image synved-social-image-share\" width=\"32\" height=\"32\" style=\"display: inline;width:32px;height:32px;margin: 0;padding: 0;border: none;box-shadow: none\" src=\"https:\/\/ferne-welten.com\/wp-content\/plugins\/social-media-feather\/synved-social\/addons\/extra-icons\/image\/social\/circle\/64x64\/tumblr.png\" \/><\/a><a class=\"synved-social-button synved-social-button-share synved-social-size-32 synved-social-resolution-single synved-social-provider-mail nolightbox\" data-provider=\"mail\" rel=\"nofollow\" title=\"Link per Mail weiterleiten\" href=\"mailto:?subject=Die%20Internetseiten%20der%20%E2%80%9EEmp%C3%B6rten%E2%80%9C&#038;body=Hey%20check%20this%20out:%20https%3A%2F%2Fferne-welten.com%2Findex.php%3Frest_route%3D%252Fwp%252Fv2%252Fposts%252F1285\" style=\"font-size: 0px;width:32px;height:32px;margin:0;margin-bottom:5px\"><img loading=\"lazy\" decoding=\"async\" alt=\"mail\" title=\"Link per Mail weiterleiten\" class=\"synved-share-image synved-social-image synved-social-image-share\" width=\"32\" height=\"32\" style=\"display: inline;width:32px;height:32px;margin: 0;padding: 0;border: none;box-shadow: none\" src=\"https:\/\/ferne-welten.com\/wp-content\/plugins\/social-media-feather\/synved-social\/addons\/extra-icons\/image\/social\/circle\/64x64\/mail.png\" \/><\/a>","protected":false},"excerpt":{"rendered":"<p>Die\u00a0\u201eEmp\u00f6rten\u201c, die nach ihren\u00a0M\u00e4rschen am 15.10.2011\u00a0Zelte aufgebaut haben und in vielen St\u00e4dten der Bundesrepublik campieren, nutzen auch das Internet, um Forderungen zu entwerfen und gemeinsame Aktionen zu besprechen. Hier ist eine un\u00fcbersichtliche Struktur entstanden. Es gibt hunderte Facebook-Seiten, bei denen&#8230;<br \/><a class=\"read-more-button\" href=\"https:\/\/ferne-welten.com\/?p=1285\">Read more<\/a><\/p>\n","protected":false},"author":1,"featured_media":0,"comment_status":"open","ping_status":"open","sticky":false,"template":"","format":"standard","meta":{"footnotes":""},"categories":[79],"tags":[484,245,107,191,485,486,200,489,487,488,195,224,75],"class_list":["post-1285","post","type-post","status-publish","format-standard","hentry","category-mythen","tag-acampada","tag-alex11","tag-antisemitismus","tag-berlin","tag-edj","tag-frank-stegmaier","tag-frankfurt","tag-herztv","tag-neudeutschland","tag-nina-hagen","tag-occupy","tag-pdv","tag-reichsbuerger"],"_links":{"self":[{"href":"https:\/\/ferne-welten.com\/index.php?rest_route=\/wp\/v2\/posts\/1285","targetHints":{"allow":["GET"]}}],"collection":[{"href":"https:\/\/ferne-welten.com\/index.php?rest_route=\/wp\/v2\/posts"}],"about":[{"href":"https:\/\/ferne-welten.com\/index.php?rest_route=\/wp\/v2\/types\/post"}],"author":[{"embeddable":true,"href":"https:\/\/ferne-welten.com\/index.php?rest_route=\/wp\/v2\/users\/1"}],"replies":[{"embeddable":true,"href":"https:\/\/ferne-welten.com\/index.php?rest_route=%2Fwp%2Fv2%2Fcomments&post=1285"}],"version-history":[{"count":1,"href":"https:\/\/ferne-welten.com\/index.php?rest_route=\/wp\/v2\/posts\/1285\/revisions"}],"predecessor-version":[{"id":1287,"href":"https:\/\/ferne-welten.com\/index.php?rest_route=\/wp\/v2\/posts\/1285\/revisions\/1287"}],"wp:attachment":[{"href":"https:\/\/ferne-welten.com\/index.php?rest_route=%2Fwp%2Fv2%2Fmedia&parent=1285"}],"wp:term":[{"taxonomy":"category","embeddable":true,"href":"https:\/\/ferne-welten.com\/index.php?rest_route=%2Fwp%2Fv2%2Fcategories&post=1285"},{"taxonomy":"post_tag","embeddable":true,"href":"https:\/\/ferne-welten.com\/index.php?rest_route=%2Fwp%2Fv2%2Ftags&post=1285"}],"curies":[{"name":"wp","href":"https:\/\/api.w.org\/{rel}","templated":true}]}}