{"id":1291,"date":"2011-10-17T10:04:12","date_gmt":"2011-10-17T09:04:12","guid":{"rendered":"http:\/\/ferne-welten.com\/?p=1291"},"modified":"2017-04-30T10:10:00","modified_gmt":"2017-04-30T09:10:00","slug":"maersche-der-demokraten","status":"publish","type":"post","link":"https:\/\/ferne-welten.com\/?p=1291","title":{"rendered":"M\u00e4rsche der &#8222;Demokraten&#8220;"},"content":{"rendered":"<p style=\"text-align: justify;\">Mehrere tausend Menschen haben am Samstag, den 15.10.2011, in Berlin, Hamburg, Frankfurt und vielen anderen St\u00e4dten \u2013 im Rahmen einer\u00a0\u201eOccupy\u201c\u00a0Aktion \u2013 gegen die\u00a0\u201eMacht der Banken und Konzerne\u201c\u00a0protestiert. Als neugieriger Blogger habe ich die Demonstration in Berlin besucht: Hier sind an diesem Tag tausende deutsche Antikapitalisten, Heimatsch\u00fctzer, Verschw\u00f6rungsfans und antisemitische Zinskritiker zusammengekommen, die sich als die 99 Prozent bezeichnen.<\/p>\n<p style=\"text-align: justify;\"><!--more--><\/p>\n<p style=\"text-align: justify;\">Bereits am Vormittag haben sich einige Menschen am Brandenburger Tor versammelt. Dort hat ein vereinzelter Aktivist zu einer Aktion aufgerufen. Transparente sollen gemalt und ein Demonstrationszug in Empfang genommen werden. Etwa drei\u00dfig Menschen bilden einen Sitzkreis und meditieren f\u00fcr den\u00a0\u201eWeltfrieden\u201c. Direkt daneben wehen pal\u00e4stinensische Fahnen im blauen Himmel.\u00a0\u201eSolidarit\u00e4t mit den pal\u00e4stinensischen Gefangenen\u201c, ist auf einem\u00a0<a href=\"http:\/\/www.flickr.com\/photos\/preflexion\/6246239813\/in\/set-72157627899303866\">Transparent<\/a>, das gerade gemalt wird, zu lesen. Auf anderen Schildern sind andere Forderungen zu sehen:\u00a0\u201eZivilisiert den Kapitalismus\u201c, lautet\u00a0<a href=\"http:\/\/www.flickr.com\/photos\/preflexion\/6246761456\/in\/set-72157627899303866\/\">eine\u00a0<\/a>Forderung, die deutlich aufzeigt, dass viele Demonstranten nicht an die \u00dcberwindung des Kapitalismus denken. Man will ihn auf deutsche Weise zivilisieren. Dazu passen auch viele Schilder, die sich gegen die\u00a0\u201eBankster\u201crichten.\u00a0\u201eGegen die Geldgeier\u201c, hei\u00dft es hier beispielsweise.<\/p>\n<p style=\"text-align: justify;\">Au\u00dferdem scheint der f\u00fcr den\u00a0\u201eWeltfrieden\u201c\u00a0meditierende Kreis fest daran zu glauben, zu den 99 Prozent zu geh\u00f6ren, denen die restlichen 1 Prozent gegen\u00fcbergestellt werden, die f\u00fcr alles Unrecht der Welt verantwortlich seien. Von dieser vollkommen falschen Darstellung, die an Verschw\u00f6rungsideologie \u00fcber eine kleine Elite erinnert, die die Welt beherrschen w\u00fcrde, scheinen nicht nur diese Demonstranten \u00fcberzeugt zu sein.\u00a0\u201eEs geht um die allermeisten, die den Reichtum und die Macht einer winzigen Minderheit tagt\u00e4glich vermehren\u201c, behaupten Aktivisten auf einer Internetseite, auf der zur Demonstration mobilisiert wird.<\/p>\n<p style=\"text-align: justify;\">Sp\u00e4ter l\u00e4uft der Demonstrationszug durch die Hauptstadt. Vom Neptunbrunnen\u00a0ziehen die Demonstranten zum Reichstag. Es sind mehrere tausend Menschen, die sich auf den Weg gemacht haben. Das ist sicherlich nicht die gro\u00dfspurig angek\u00fcndigte\u00a0\u201eWeltrevolution\u201c, aber eine beachtliche Menge. Es w\u00e4re sch\u00f6n, wenn sie sich kritisch mit Nation und Kapital auseinandersetzen w\u00fcrden. Doch davon kann nicht die Rede sein. Schlie\u00dflich wird hier deutsche Geschichte geschrieben.<\/p>\n<p style=\"text-align: justify;\">Viele Demonstranten halten selbstgemalte Pappschilder in die Luft. Hier imaginieren sie sich\u00a0als die 99 Prozent, die von den 1 Prozent beherrscht und unterdr\u00fcckt werden. Vorneweg marschieren schwarz-gekleidete Autonome:\u00a0\u201eA-Anti-Anticapitalista\u201c,erschallt es w\u00fctend. Direkt dahinter ein\u00a0Schild, auf dem im Reichsb\u00fcrger-Jargon von der\u00a0\u201eBRD-GmbH\u201c\u00a0die Rede ist:\u00a0\u201eBRD-GmbH \u2013 Spalter, Hetzer &amp; Verbrecher\u201c. Mit der Rede von der\u00a0\u201eBRD-GmbH\u201c\u00a0versuchen Nazis und\u00a0\u201eReichsb\u00fcrger\u201c\u00a0die andauernde Existenz des\u00a0\u201eDeutschen Reiches\u201c\u00a0zu beweisen. Die Bundesrepublik Deutschland sei nur eine Gesellschaft mit beschr\u00e4nkter Haftung. Doch derartige Propaganda scheint hier niemanden zu st\u00f6ren.<\/p>\n<p style=\"text-align: justify;\">Allgegenw\u00e4rtig sind au\u00dferdem die Schilder einer Gruppe, die sich\u00a0\u201eAlex11\u2033\u00a0nennt. Deren Aktivisten haben vor einigen Monaten, in Anlehnung an die Proteste in \u00c4gypten, Spanien und Israel, den Versuch unternommen,\u00a0auf dem Alexanderplatz zu campieren. Auf ihrem Camp durften Verschw\u00f6rungsideologen, wie Georg\u00a0Berres, Propaganda verbreiten.\u00a0Einige Campteilnehmer faselten\u00a0mit Vorliebe von angeblichen\u00a0\u201eIlluminaten\u201c\u00a0und der\u00a0\u201eBRD-GmbH\u201c.<\/p>\n<p style=\"text-align: justify;\">Diese verschw\u00f6rungsideologische Deutung der Realit\u00e4t scheint ein Konsens innerhalb dieser Gruppierung zu sein. Au\u00dferdem verweigert man sich einer politischen Einordnung, was ebenfalls typisch f\u00fcr das Verschw\u00f6rungsmilieu ist:\u00a0\u201eWir sind weder rechts noch links, noch \u00f6ko oder liberal\u201c, behauptet die Gruppe. Sie ist mit einem eigenem Lautsprecherwagen vor Ort.<\/p>\n<p style=\"text-align: justify;\">Doch Verschw\u00f6rungsfans findet man \u00fcberall in der Demonstration: Viele sind an Schildern zu erkennen, auf denen die Schlagworte der Szene zu lesen sind. Hier ist von einer angeblichen\u00a0\u201eNeuen Weltordnung\u201c\u00a0die Rede. Hier wird gefordert, dass die Menschen\u00a0\u201eaufwachen\u201c\u00a0sollen. Man glaubt an eine geheime Elite, von der man beherrscht und unterdr\u00fcckt wird:\u00a0\u201eK\u00f6nigin Angela und Kaiser Barack von der M\u00e4chte gnaden\u201c, hei\u00dft es auf einem\u00a0anderen Schild. Auf einem\u00a0<a href=\"http:\/\/www.flickr.com\/photos\/preflexion\/6246243707\/in\/set-72157627899303866\">Transparent\u00a0<\/a>ist die Forderung nach einer Neu-Untersuchung der historischen Ereignisse des 11. Septembers 2001 zu entdecken.<\/p>\n<p style=\"text-align: justify;\">Auf einem anderen Plakat ist eine durchgestrichene Pyramide zu sehen, die Verschw\u00f6rungsideologen f\u00fcr ein Symbol der\u00a0\u201eIlluminaten\u201c\u00a0halten. Darunter ist eine Faust zu erkennen, die gegen ein Reptil gerichtet ist, das eine Weltkugel in ihren H\u00e4nden h\u00e4lt. Selbst diese\u00a0Verschw\u00f6rungsfans, die an eine mega-geheime\u00a0Reptilien-Verschw\u00f6rung\u00a0glauben, haben es also auf die Stra\u00dfen der Hauptstadt geschafft.<\/p>\n<p style=\"text-align: justify;\">Sie sind nicht alleine: Unter den tausenden Demonstranten befinden sich auch Aktivisten der antisemitischen\u00a0\u201eB\u00fcrgerrechtsbewegung Solidarit\u00e4t\u201c, die mit Schildern und Zeitungen ihre Propaganda betreiben. Das\u00a0sei\u00a0\u201esehr, sehr gut angekommen\u201c, behauptet die Gruppierung sp\u00e4ter im Internet.<\/p>\n<p style=\"text-align: justify;\">\u201eKeine EU-Diktatur\u201c, lautet derweil eine andere Forderung, die auf einem Schild zu lesen ist. Mit derartigen Konstruktionen von einer angeblichen Diktatur, die durch die Europ\u00e4ische Union entstehen w\u00fcrde, machen diese Demonstranten deutlich, dass sie an die wahnhafte Idee von der\u00a0\u201eEU-Diktatur\u201c\u00a0glauben, die im\u00a0rechtspopulistischen Milieu\u00a0und auch in der\u00a0verschw\u00f6rungsideologischen Szene\u00a0au\u00dferordentlich beliebt ist.<\/p>\n<p style=\"text-align: justify;\">Es ist die Sorge um den deutschen Nationalstaat, die diese Demonstranten umtreibt. Diese Sorge treibt sie letztendlich, mit lautstarken\u00a0\u201eWir sind das Volk\u201c-Rufen, vor den Reichstag. Die Aktivisten der rechtspopulistischen und strikt anti-europ\u00e4ischen Partei der Vernunft, um ihren\u00a0verschw\u00f6rungsideologischen Vorsitzenden Oliver Janich, d\u00fcrfte sich wohl gef\u00fchlt haben. Auch diese rechte kleine\u00a0Partei\u00a0beteiligt sich an den Protesten.<\/p>\n<p style=\"text-align: justify;\">Die Mehrheit der Demonstranten generiert sich als w\u00fctende Masse.\u00a0\u201eWir sind Systemrelevant \u2013 Das Volk\u201c, hei\u00dft es auf einem\u00a0<a href=\"http:\/\/www.flickr.com\/photos\/preflexion\/6246248171\/in\/set-72157627899303866\">Pappschild<\/a>, das ein Mensch vor sich hertr\u00e4gt.\u00a0\u201eWir sind das Volk\u201c, wird immer wieder gerufen. Einem Teil der Demonstranten scheint es wichtig zu sein, sich durch nationalistische Sprechch\u00f6re zu ihrem\u00a0\u201eVolk\u201c\u00a0zu bekennen.<\/p>\n<p style=\"text-align: justify;\">Au\u00dferdem werden antisemitische Pappschilder pr\u00e4sentiert.\u00a0\u201eKeine Schuldknechtschaft\u201c, hei\u00dft es beispielsweise auf einem Schild. Die Pappe wird vor dem Reichstag in die H\u00f6he gehalten. Hunderte k\u00f6nnen es sehen, niemand unternimmt etwas gegen derartige nationalsozialistische Phrasen, die urspr\u00fcnglich von der NSDAP verwendet wurden. Bereits die sprach davon, dass das\u00a0\u201edeutsche Volk immer tiefer in die Schuldknechtschaft der kreditgebenden internationalen Hochfinanz gef\u00fchrt\u201c\u00a0werden w\u00fcrde.<\/p>\n<p style=\"text-align: justify;\">Doch die meisten Forderungen der Demonstranten richten sich gegen die angebliche Macht des Geldes und der\u00a0\u201eBankster\u201c. Der Kapitalismus in seiner Totalit\u00e4t wird nicht benannt, von einer Kritik an Staat, Nation und Kapital sind die Demonstranten Lichtjahre entfernt.\u00a0<a href=\"http:\/\/www.flickr.com\/photos\/preflexion\/6246766656\/in\/set-72157627899303866\">\u201eDie Geldmacht presst uns in die Dose\u201c<\/a>,\u00a0<a href=\"http:\/\/www.flickr.com\/photos\/preflexion\/6246907798\/in\/set-72157627899303866\">\u201eFinanzmafia und Politiker ab in den Knast\u201c\u00a0<\/a>oder\u00a0<a href=\"http:\/\/www.flickr.com\/photos\/preflexion\/6246912474\/in\/set-72157627899303866\">\u201eSt\u00fcrzt die Dikatur der Banken\u201c\u00a0<\/a>kann man stattdessen lesen.<\/p>\n<p style=\"text-align: justify;\">Diese Forderungen gehen zumindest teilweise mit offenen Vernichtungsphantasien einher:\u00a0\u201eEine Welt ohne 1% ist n\u00f6tig\u201c, hei\u00dft es auf einem Pappschild, das an der Spitze der Demonstration pr\u00e4sentiert wird. Auf einem anderen Schild sind erh\u00e4ngte Menschen zu sehen. Offene Lynchphantasien sind zu entdecken. Unter einem Strick ist die Parole\u00a0\u201eAlternativlos\u201c\u00a0<a href=\"http:\/\/www.flickr.com\/photos\/preflexion\/6246918470\/in\/set-72157627899303866\">abgebildet<\/a>. Mit einer emanzipatorischen \u00dcberwindung des Kapitalismus haben diese Demonstranten nichts zu tun. Stattdessen wird hier wird das Ressentiment gegen die angebliche Elite auf die Stra\u00dfe getragen. Hier haben sich nationale Verschw\u00f6rungsfans und deutsche Heimatsch\u00fctzer versammelt.\u00a0\u201eTeilen statt spalten\u201c, hei\u00dft es auf einem\u00a0<a href=\"http:\/\/www.flickr.com\/photos\/preflexion\/6246919654\/in\/set-72157627899303866\">Plakat<\/a>.\u00a0\u201eWir sind das Volk\u201c, auf vielen Pappschilder<\/p>\n<p style=\"text-align: justify;\">Am Ende der Demonstration stehen sie vor dem Reichstag und halten eine Versammlung ab, mit der sie den 1 Prozent den Kampf ansagen und an ihre Volksvertreter appellieren wollen. Es handelt sich um eine Art Messe. Ein Sprecher spricht, die Menge spricht die S\u00e4tze in einem\u00a0<a href=\"http:\/\/www.youtube.com\/watch?v=gzufjZpUr7g\">monotonen Singsang<\/a>\u00a0nach. Zelte werden aufgebaut, die sp\u00e4ter von der Polizei zerst\u00f6rt werden. Die sitzenden Demonstranten werden durch die Cops weggetragen.\u00a0\u201eSchlussendlich entfernte man uns Menschen wie Vieh\u201c, jammert die Verschw\u00f6rungstruppe\u00a0\u201eAlex11\u2033\u00a0sp\u00e4ter. Was nach spontanen Protest aussieht, ist von langer Hand geplant. Eine Verschw\u00f6rungsaktivistin aus Berlin k\u00fcndigt bereits vor der Demonstration an:<\/p>\n<blockquote><p>800 Leute werden heute Nacht vor dem Reichstag schlafen! Bringt Zelte und Decken mit.<\/p><\/blockquote>\n<p style=\"text-align: justify;\">Nicht nur in Berlin wird demonstriert. In vielen deutschen St\u00e4dten kommt es an diesem denkw\u00fcrdigen Samstag zu Protesten der deutschen Wutb\u00fcrger. 5ooo Menscen treffen sich in Hamburg\u00a0<a href=\"https:\/\/plus.google.com\/u\/0\/photos\/101528264533186541575\/albums\/5663735477451643953\/5663739203372674594?hl=de\">unter einer amerikanische Fahne<\/a>, die mit Blutflecken \u00fcbers\u00e4t ist. Deutlicher l\u00e4sst sich das antiamerikanische Ressentiment, das viele Demonstranten auf die Stra\u00dfen treibt, nicht formulieren.<\/p>\n<p style=\"text-align: justify;\">Die Schilder, die hier in die H\u00f6he gehalten werden, unterschieden sich kaum von denjenigen, die es in Berlin zu sehen gibt. Die Bilder gleichen sich:\u00a0\u201eBring your Banker to your Henker\u201c, steht dort auf einem Plakat.\u00a0\u201eWir sind die Volkslobby\u201c, auf einem anderen.\u00a0\u201eV\u00f6lker Europas, B\u00fcrger von Hamburg! Ich fordere die Zerschlagung der Finanzaristokratie\u201c,\u00a0<a href=\"http:\/\/www.youtube.com\/watch?feature=player_embedded&amp;v=I8CgZ0iwL30%23!\">schreit\u00a0<\/a>ein Rentner dort durch das offene Mikrofon.<\/p>\n<p style=\"text-align: justify;\">In K\u00f6ln beteiligen sich antisemitische Verschw\u00f6rungsfans ebenfalls an der dortigen\u00a0\u201eOccupy\u201c\u00a0Demonstration. Dort nutzen sie die\u00a0<a href=\"http:\/\/www.youtube.com\/watch?v=-j1hyfWQSqo&amp;t=1m5s\">Aufmerksamkeit<\/a>, die ihren abstrusen Theorien entgegengebracht wird. In einem Interview mit einem lokalen Fernsehprogramm thematisieren sie das\u00a0\u201eprivate Zinsgeldsystem\u201c, hinter dem bestimmte\u00a0\u201eLeute\u201c\u00a0stehen, deren\u00a0\u201eNamen geheim\u201c\u00a0gehalten werden.<\/p>\n<p style=\"text-align: justify;\">In Frankfurt kommt es ebenfalls zu einem Marsch. Dort werden einige\u00a0Gegendemonstranten, die sich \u2013 mit einer amerikanischen Fahne und einem Schild, auf dem \u201eLest Marx\u201c\u00a0steht \u2013 unter die Demonstranten gemischt haben, vom\u00a0<a href=\"http:\/\/lavache.blogsport.de\/2011\/10\/16\/die-empoerten\/\">demonstrierenden deutschen Mob attackiert<\/a>.<\/p>\n<p style=\"text-align: justify;\">Auf diesem Marsch spricht unter anderem\u00a0Bernd Senf,\u00a0Anh\u00e4nger der strukturell antisemitischen Zinstheorien des Silvio Gesell. In seiner Rede spricht sich Senf gegen das\u00a0\u201eZinseszins-System\u201c\u00a0aus, das er als\u00a0\u201eKrebsgeschw\u00fcr\u201c\u00a0bezeichnet. Dieses angebliche System h\u00e4tte\u00a0\u201eganze L\u00e4nder in die Schuldenfalle\u201cgetrieben, nun w\u00fcrden\u00a0\u201einternationale Gl\u00e4ubiger\u201c\u00a0profitieren.<\/p>\n<p style=\"text-align: justify;\">Hier wird aber auch ein\u00a0<a href=\"http:\/\/lavache.blogsport.de\/images\/IMG_7788.jpg\">Schild\u00a0<\/a>in die H\u00f6he gereckt, das ein Zitat Henry Fords zeigt, der zu seinen Lebzeiten unter anderem f\u00fcr die Verbreitung der antisemitischen Hetzschrift\u00a0\u201eDie Protokolle der Weisen von Zion\u201c\u00a0verantwortlich war. Durch ein offenes Mikrofon gibt es dann die dazu passende Hetze, die von der nationalistischen und verschw\u00f6rungsideologischen Internetseite\u00a0\u201eWiderstand in Aktion\u201c\u00a0als\u00a0\u201eLichtblick\u201c\u00a0bezeichnet wird:<\/p>\n<blockquote><p>Es entwickelte sich ein richtiger Wettstreit der Meinungen und der verschiedenen L\u00f6sungsans\u00e4tze. Zwischen z.B. Silvio Gesells Freigeldanh\u00e4ngern und Leuten, die das ganze gleich wieder verworfen haben, zwischen Leuten die Tacheles bzgl. Rotschild, Rockefeller (\u2026) geredet haben.<\/p><\/blockquote>\n<p style=\"text-align: justify;\">Die Demonstrationen begeistern die deutsche Presse, die diese Erweckungsbewegung mit \u00fcbersch\u00e4umender Begeisterung begr\u00fcsst:\u00a0\u201eHunderttausende gegen das Kapital\u201c, frohlockt die TAZ. Die national-bolschewistische Junge Welt jubelt, dass sich\u00a0\u201edie Volksmassen\u201c\u00a0erhoben h\u00e4tten. Die BILD-Zeitung hat nackige Menschen vor dem Reichstag fotografiert:\u00a0\u201eDie nackte Wut auf die Banken\u201c, titelt sie nun. Maybrit Illner freut sich im ZDF:<\/p>\n<blockquote><p>Das ist eine richtige Volksbewegung geworden.<\/p><\/blockquote>\n<p style=\"text-align: justify;\">Der\u00a0Occupy-Aktivist Wolfram Siener wird nicht nur von Spiegel Online als\u00a0\u201echarismatische F\u00fchrungsfigur\u201c\u00a0gefeiert. Die Interviews, die er ansonsten f\u00fcr nationalistische Verschw\u00f6rungswebsites wie\u00a0\u201eInfokrieg.tv\u201c\u00a0gibt, spielen dort keine Rolle:\u00a0\u201eWir als Volk sind relativ weit gelenkt, also wir sind relativ weit zersplittert, jeder hat eigene Meinungen und sowas. Darum geht es. Es geht darum, dass zu beheben. (\u2026) Wir haben nur als Einheit eine Chance\u201c, sagt die\u00a0\u201echarismatische F\u00fchrungsfigur\u201c\u00a0im Interview.<\/p>\n<p style=\"text-align: justify;\">Es ist ein merkw\u00fcrdiger Drang nach einer deutschen Gemeinschaft, der von den Demonstranten praktiziert wird. Deutsche Medien reagieren mit Begeisterung; auch auf die F\u00fchrerfigur. Verschw\u00f6rungsideologische Konstruktionen, antisemitischen Forderungen und v\u00f6lkischen Parolen ergeben eine gef\u00e4hrliche Melange. Eins ist sicher: Es handelt sich um eine regressive deutsche Erweckungsbewegung, die mit ihren Vernichtungsphantasien begr\u00fcndete \u00c4ngste hervorruft.<\/p>\n\n\t\t<style type=\"text\/css\">\n\t\t\t#gallery-1 {\n\t\t\t\tmargin: auto;\n\t\t\t}\n\t\t\t#gallery-1 .gallery-item {\n\t\t\t\tfloat: left;\n\t\t\t\tmargin-top: 10px;\n\t\t\t\ttext-align: center;\n\t\t\t\twidth: 33%;\n\t\t\t}\n\t\t\t#gallery-1 img {\n\t\t\t\tborder: 2px solid #cfcfcf;\n\t\t\t}\n\t\t\t#gallery-1 .gallery-caption {\n\t\t\t\tmargin-left: 0;\n\t\t\t}\n\t\t\t\/* see gallery_shortcode() in wp-includes\/media.php *\/\n\t\t<\/style>\n\t\t<div id='gallery-1' class='gallery galleryid-1291 gallery-columns-3 gallery-size-thumbnail'><dl class='gallery-item'>\n\t\t\t<dt class='gallery-icon landscape'>\n\t\t\t\t<a href='https:\/\/ferne-welten.com\/?attachment_id=1293'><img loading=\"lazy\" decoding=\"async\" width=\"150\" height=\"150\" src=\"https:\/\/ferne-welten.com\/wp-content\/uploads\/2011\/10\/1pro1510-150x150.jpg\" class=\"attachment-thumbnail size-thumbnail\" alt=\"\" \/><\/a>\n\t\t\t<\/dt><\/dl><dl class='gallery-item'>\n\t\t\t<dt class='gallery-icon landscape'>\n\t\t\t\t<a href='https:\/\/ferne-welten.com\/?attachment_id=1303'><img loading=\"lazy\" decoding=\"async\" width=\"150\" height=\"150\" src=\"https:\/\/ferne-welten.com\/wp-content\/uploads\/2011\/10\/strick1510-150x150.jpg\" class=\"attachment-thumbnail size-thumbnail\" alt=\"\" \/><\/a>\n\t\t\t<\/dt><\/dl><dl class='gallery-item'>\n\t\t\t<dt class='gallery-icon landscape'>\n\t\t\t\t<a href='https:\/\/ferne-welten.com\/?attachment_id=1301'><img loading=\"lazy\" decoding=\"async\" width=\"150\" height=\"150\" src=\"https:\/\/ferne-welten.com\/wp-content\/uploads\/2011\/10\/schuld1510-150x150.jpg\" class=\"attachment-thumbnail size-thumbnail\" alt=\"\" \/><\/a>\n\t\t\t<\/dt><\/dl><br style=\"clear: both\" \/><dl class='gallery-item'>\n\t\t\t<dt class='gallery-icon landscape'>\n\t\t\t\t<a href='https:\/\/ferne-welten.com\/?attachment_id=1298'><img loading=\"lazy\" decoding=\"async\" width=\"150\" height=\"150\" src=\"https:\/\/ferne-welten.com\/wp-content\/uploads\/2011\/10\/laternen1510-150x150.jpg\" class=\"attachment-thumbnail size-thumbnail\" alt=\"\" \/><\/a>\n\t\t\t<\/dt><\/dl><dl class='gallery-item'>\n\t\t\t<dt class='gallery-icon landscape'>\n\t\t\t\t<a href='https:\/\/ferne-welten.com\/?attachment_id=1302'><img loading=\"lazy\" decoding=\"async\" width=\"150\" height=\"150\" src=\"https:\/\/ferne-welten.com\/wp-content\/uploads\/2011\/10\/srg-150x150.jpg\" class=\"attachment-thumbnail size-thumbnail\" alt=\"\" \/><\/a>\n\t\t\t<\/dt><\/dl><dl class='gallery-item'>\n\t\t\t<dt class='gallery-icon landscape'>\n\t\t\t\t<a href='https:\/\/ferne-welten.com\/?attachment_id=1305'><img loading=\"lazy\" decoding=\"async\" width=\"150\" height=\"150\" src=\"https:\/\/ferne-welten.com\/wp-content\/uploads\/2011\/10\/volk1510-150x150.jpg\" class=\"attachment-thumbnail size-thumbnail\" alt=\"\" \/><\/a>\n\t\t\t<\/dt><\/dl><br style=\"clear: both\" \/><dl class='gallery-item'>\n\t\t\t<dt class='gallery-icon landscape'>\n\t\t\t\t<a href='https:\/\/ferne-welten.com\/?attachment_id=1300'><img loading=\"lazy\" decoding=\"async\" width=\"150\" height=\"150\" src=\"https:\/\/ferne-welten.com\/wp-content\/uploads\/2011\/10\/nwo1510-150x150.jpg\" class=\"attachment-thumbnail size-thumbnail\" alt=\"\" \/><\/a>\n\t\t\t<\/dt><\/dl><dl class='gallery-item'>\n\t\t\t<dt class='gallery-icon landscape'>\n\t\t\t\t<a href='https:\/\/ferne-welten.com\/?attachment_id=1296'><img loading=\"lazy\" decoding=\"async\" width=\"150\" height=\"150\" src=\"https:\/\/ferne-welten.com\/wp-content\/uploads\/2011\/10\/brdgmbh1510-150x150.jpg\" class=\"attachment-thumbnail size-thumbnail\" alt=\"\" \/><\/a>\n\t\t\t<\/dt><\/dl><dl class='gallery-item'>\n\t\t\t<dt class='gallery-icon portrait'>\n\t\t\t\t<a href='https:\/\/ferne-welten.com\/?attachment_id=1297'><img loading=\"lazy\" decoding=\"async\" width=\"150\" height=\"150\" src=\"https:\/\/ferne-welten.com\/wp-content\/uploads\/2011\/10\/bso_1510-150x150.jpg\" class=\"attachment-thumbnail size-thumbnail\" alt=\"\" \/><\/a>\n\t\t\t<\/dt><\/dl><br style=\"clear: both\" \/><dl class='gallery-item'>\n\t\t\t<dt class='gallery-icon landscape'>\n\t\t\t\t<a href='https:\/\/ferne-welten.com\/?attachment_id=1294'><img loading=\"lazy\" decoding=\"async\" width=\"150\" height=\"150\" src=\"https:\/\/ferne-welten.com\/wp-content\/uploads\/2011\/10\/99pro1510-150x150.jpg\" class=\"attachment-thumbnail size-thumbnail\" alt=\"\" \/><\/a>\n\t\t\t<\/dt><\/dl><dl class='gallery-item'>\n\t\t\t<dt class='gallery-icon landscape'>\n\t\t\t\t<a href='https:\/\/ferne-welten.com\/?attachment_id=1304'><img loading=\"lazy\" decoding=\"async\" width=\"150\" height=\"150\" src=\"https:\/\/ferne-welten.com\/wp-content\/uploads\/2011\/10\/teilen1510-150x150.jpg\" class=\"attachment-thumbnail size-thumbnail\" alt=\"\" \/><\/a>\n\t\t\t<\/dt><\/dl><dl class='gallery-item'>\n\t\t\t<dt class='gallery-icon landscape'>\n\t\t\t\t<a href='https:\/\/ferne-welten.com\/?attachment_id=1295'><img loading=\"lazy\" decoding=\"async\" width=\"150\" height=\"150\" src=\"https:\/\/ferne-welten.com\/wp-content\/uploads\/2011\/10\/angela1510-1024x795-150x150.jpg\" class=\"attachment-thumbnail size-thumbnail\" alt=\"\" \/><\/a>\n\t\t\t<\/dt><\/dl><br style=\"clear: both\" \/><dl class='gallery-item'>\n\t\t\t<dt class='gallery-icon landscape'>\n\t\t\t\t<a href='https:\/\/ferne-welten.com\/?attachment_id=1299'><img loading=\"lazy\" decoding=\"async\" width=\"150\" height=\"150\" src=\"https:\/\/ferne-welten.com\/wp-content\/uploads\/2011\/10\/meditieren1510-150x150.jpg\" class=\"attachment-thumbnail size-thumbnail\" alt=\"\" \/><\/a>\n\t\t\t<\/dt><\/dl>\n\t\t\t<br style='clear: both' \/>\n\t\t<\/div>\n\n<a class=\"synved-social-button synved-social-button-share synved-social-size-32 synved-social-resolution-single synved-social-provider-facebook nolightbox\" data-provider=\"facebook\" target=\"_blank\" rel=\"nofollow\" title=\"Auf Facebook teilen\" href=\"https:\/\/www.facebook.com\/sharer.php?u=https%3A%2F%2Fferne-welten.com%2Findex.php%3Frest_route%3D%252Fwp%252Fv2%252Fposts%252F1291&#038;t=M%C3%A4rsche%20der%20%E2%80%9EDemokraten%E2%80%9C&#038;s=100&#038;p&#091;url&#093;=https%3A%2F%2Fferne-welten.com%2Findex.php%3Frest_route%3D%252Fwp%252Fv2%252Fposts%252F1291&#038;p&#091;images&#093;&#091;0&#093;=&#038;p&#091;title&#093;=M%C3%A4rsche%20der%20%E2%80%9EDemokraten%E2%80%9C\" style=\"font-size: 0px;width:32px;height:32px;margin:0;margin-bottom:5px;margin-right:5px\"><img loading=\"lazy\" decoding=\"async\" alt=\"Facebook\" title=\"Auf Facebook teilen\" class=\"synved-share-image synved-social-image synved-social-image-share\" width=\"32\" height=\"32\" style=\"display: inline;width:32px;height:32px;margin: 0;padding: 0;border: none;box-shadow: none\" src=\"https:\/\/ferne-welten.com\/wp-content\/plugins\/social-media-feather\/synved-social\/addons\/extra-icons\/image\/social\/circle\/64x64\/facebook.png\" \/><\/a><a class=\"synved-social-button synved-social-button-share synved-social-size-32 synved-social-resolution-single synved-social-provider-twitter nolightbox\" data-provider=\"twitter\" target=\"_blank\" rel=\"nofollow\" title=\"Auf Twitter teilen\" href=\"https:\/\/twitter.com\/intent\/tweet?url=https%3A%2F%2Fferne-welten.com%2Findex.php%3Frest_route%3D%252Fwp%252Fv2%252Fposts%252F1291&#038;text=Hey%20check%20this%20out\" style=\"font-size: 0px;width:32px;height:32px;margin:0;margin-bottom:5px;margin-right:5px\"><img loading=\"lazy\" decoding=\"async\" alt=\"twitter\" title=\"Auf Twitter teilen\" class=\"synved-share-image synved-social-image synved-social-image-share\" width=\"32\" height=\"32\" style=\"display: inline;width:32px;height:32px;margin: 0;padding: 0;border: none;box-shadow: none\" src=\"https:\/\/ferne-welten.com\/wp-content\/plugins\/social-media-feather\/synved-social\/addons\/extra-icons\/image\/social\/circle\/64x64\/twitter.png\" \/><\/a><a class=\"synved-social-button synved-social-button-share synved-social-size-32 synved-social-resolution-single synved-social-provider-reddit nolightbox\" data-provider=\"reddit\" target=\"_blank\" rel=\"nofollow\" title=\"Auf Reddit teilen\" href=\"https:\/\/www.reddit.com\/submit?url=https%3A%2F%2Fferne-welten.com%2Findex.php%3Frest_route%3D%252Fwp%252Fv2%252Fposts%252F1291&#038;title=M%C3%A4rsche%20der%20%E2%80%9EDemokraten%E2%80%9C\" style=\"font-size: 0px;width:32px;height:32px;margin:0;margin-bottom:5px;margin-right:5px\"><img loading=\"lazy\" decoding=\"async\" alt=\"reddit\" title=\"Auf Reddit teilen\" class=\"synved-share-image synved-social-image synved-social-image-share\" width=\"32\" height=\"32\" style=\"display: inline;width:32px;height:32px;margin: 0;padding: 0;border: none;box-shadow: none\" src=\"https:\/\/ferne-welten.com\/wp-content\/plugins\/social-media-feather\/synved-social\/addons\/extra-icons\/image\/social\/circle\/64x64\/reddit.png\" \/><\/a><a class=\"synved-social-button synved-social-button-share synved-social-size-32 synved-social-resolution-single synved-social-provider-pinterest nolightbox\" data-provider=\"pinterest\" target=\"_blank\" rel=\"nofollow\" title=\"Auf Pinterest pinnen\" href=\"https:\/\/pinterest.com\/pin\/create\/button\/?url=https%3A%2F%2Fferne-welten.com%2Findex.php%3Frest_route%3D%252Fwp%252Fv2%252Fposts%252F1291&#038;media=&#038;description=M%C3%A4rsche%20der%20%E2%80%9EDemokraten%E2%80%9C\" style=\"font-size: 0px;width:32px;height:32px;margin:0;margin-bottom:5px;margin-right:5px\"><img loading=\"lazy\" decoding=\"async\" alt=\"pinterest\" title=\"Auf Pinterest pinnen\" class=\"synved-share-image synved-social-image synved-social-image-share\" width=\"32\" height=\"32\" style=\"display: inline;width:32px;height:32px;margin: 0;padding: 0;border: none;box-shadow: none\" src=\"https:\/\/ferne-welten.com\/wp-content\/plugins\/social-media-feather\/synved-social\/addons\/extra-icons\/image\/social\/circle\/64x64\/pinterest.png\" \/><\/a><a class=\"synved-social-button synved-social-button-share synved-social-size-32 synved-social-resolution-single synved-social-provider-linkedin nolightbox\" data-provider=\"linkedin\" target=\"_blank\" rel=\"nofollow\" title=\"Auf Linkedin teilen\" href=\"https:\/\/www.linkedin.com\/shareArticle?mini=true&#038;url=https%3A%2F%2Fferne-welten.com%2Findex.php%3Frest_route%3D%252Fwp%252Fv2%252Fposts%252F1291&#038;title=M%C3%A4rsche%20der%20%E2%80%9EDemokraten%E2%80%9C\" style=\"font-size: 0px;width:32px;height:32px;margin:0;margin-bottom:5px;margin-right:5px\"><img loading=\"lazy\" decoding=\"async\" alt=\"linkedin\" title=\"Auf Linkedin teilen\" class=\"synved-share-image synved-social-image synved-social-image-share\" width=\"32\" height=\"32\" style=\"display: inline;width:32px;height:32px;margin: 0;padding: 0;border: none;box-shadow: none\" src=\"https:\/\/ferne-welten.com\/wp-content\/plugins\/social-media-feather\/synved-social\/addons\/extra-icons\/image\/social\/circle\/64x64\/linkedin.png\" \/><\/a><a class=\"synved-social-button synved-social-button-share synved-social-size-32 synved-social-resolution-single synved-social-provider-tumblr nolightbox\" data-provider=\"tumblr\" target=\"_blank\" rel=\"nofollow\" title=\"\u00dcber Tumblr teilen\" href=\"https:\/\/tumblr.com\/share?s=&#038;v=3&#038;t=M%C3%A4rsche%20der%20%E2%80%9EDemokraten%E2%80%9C&#038;u=https%3A%2F%2Fferne-welten.com%2Findex.php%3Frest_route%3D%252Fwp%252Fv2%252Fposts%252F1291\" style=\"font-size: 0px;width:32px;height:32px;margin:0;margin-bottom:5px;margin-right:5px\"><img loading=\"lazy\" decoding=\"async\" alt=\"tumblr\" title=\"\u00dcber Tumblr teilen\" class=\"synved-share-image synved-social-image synved-social-image-share\" width=\"32\" height=\"32\" style=\"display: inline;width:32px;height:32px;margin: 0;padding: 0;border: none;box-shadow: none\" src=\"https:\/\/ferne-welten.com\/wp-content\/plugins\/social-media-feather\/synved-social\/addons\/extra-icons\/image\/social\/circle\/64x64\/tumblr.png\" \/><\/a><a class=\"synved-social-button synved-social-button-share synved-social-size-32 synved-social-resolution-single synved-social-provider-mail nolightbox\" data-provider=\"mail\" rel=\"nofollow\" title=\"Link per Mail weiterleiten\" href=\"mailto:?subject=M%C3%A4rsche%20der%20%E2%80%9EDemokraten%E2%80%9C&#038;body=Hey%20check%20this%20out:%20https%3A%2F%2Fferne-welten.com%2Findex.php%3Frest_route%3D%252Fwp%252Fv2%252Fposts%252F1291\" style=\"font-size: 0px;width:32px;height:32px;margin:0;margin-bottom:5px\"><img loading=\"lazy\" decoding=\"async\" alt=\"mail\" title=\"Link per Mail weiterleiten\" class=\"synved-share-image synved-social-image synved-social-image-share\" width=\"32\" height=\"32\" style=\"display: inline;width:32px;height:32px;margin: 0;padding: 0;border: none;box-shadow: none\" src=\"https:\/\/ferne-welten.com\/wp-content\/plugins\/social-media-feather\/synved-social\/addons\/extra-icons\/image\/social\/circle\/64x64\/mail.png\" \/><\/a>","protected":false},"excerpt":{"rendered":"<p>Mehrere tausend Menschen haben am Samstag, den 15.10.2011, in Berlin, Hamburg, Frankfurt und vielen anderen St\u00e4dten \u2013 im Rahmen einer\u00a0\u201eOccupy\u201c\u00a0Aktion \u2013 gegen die\u00a0\u201eMacht der Banken und Konzerne\u201c\u00a0protestiert. Als neugieriger Blogger habe ich die Demonstration in Berlin besucht: Hier sind an&#8230;<br \/><a class=\"read-more-button\" href=\"https:\/\/ferne-welten.com\/?p=1291\">Read more<\/a><\/p>\n","protected":false},"author":1,"featured_media":0,"comment_status":"open","ping_status":"open","sticky":false,"template":"","format":"standard","meta":{"footnotes":""},"categories":[79],"tags":[484,245,191,493,366,402,200,147,480,195,494,423,44],"class_list":["post-1291","post","type-post","status-publish","format-standard","hentry","category-mythen","tag-acampada","tag-alex11","tag-berlin","tag-bernd-senf","tag-bild","tag-bueso","tag-frankfurt","tag-hamburg","tag-koeln","tag-occupy","tag-taz","tag-wolfram-siener","tag-zdf"],"_links":{"self":[{"href":"https:\/\/ferne-welten.com\/index.php?rest_route=\/wp\/v2\/posts\/1291","targetHints":{"allow":["GET"]}}],"collection":[{"href":"https:\/\/ferne-welten.com\/index.php?rest_route=\/wp\/v2\/posts"}],"about":[{"href":"https:\/\/ferne-welten.com\/index.php?rest_route=\/wp\/v2\/types\/post"}],"author":[{"embeddable":true,"href":"https:\/\/ferne-welten.com\/index.php?rest_route=\/wp\/v2\/users\/1"}],"replies":[{"embeddable":true,"href":"https:\/\/ferne-welten.com\/index.php?rest_route=%2Fwp%2Fv2%2Fcomments&post=1291"}],"version-history":[{"count":2,"href":"https:\/\/ferne-welten.com\/index.php?rest_route=\/wp\/v2\/posts\/1291\/revisions"}],"predecessor-version":[{"id":1306,"href":"https:\/\/ferne-welten.com\/index.php?rest_route=\/wp\/v2\/posts\/1291\/revisions\/1306"}],"wp:attachment":[{"href":"https:\/\/ferne-welten.com\/index.php?rest_route=%2Fwp%2Fv2%2Fmedia&parent=1291"}],"wp:term":[{"taxonomy":"category","embeddable":true,"href":"https:\/\/ferne-welten.com\/index.php?rest_route=%2Fwp%2Fv2%2Fcategories&post=1291"},{"taxonomy":"post_tag","embeddable":true,"href":"https:\/\/ferne-welten.com\/index.php?rest_route=%2Fwp%2Fv2%2Ftags&post=1291"}],"curies":[{"name":"wp","href":"https:\/\/api.w.org\/{rel}","templated":true}]}}