{"id":1307,"date":"2011-09-14T10:11:15","date_gmt":"2011-09-14T09:11:15","guid":{"rendered":"http:\/\/ferne-welten.com\/?p=1307"},"modified":"2017-04-30T10:13:16","modified_gmt":"2017-04-30T09:13:16","slug":"truther-von-der-npd","status":"publish","type":"post","link":"https:\/\/ferne-welten.com\/?p=1307","title":{"rendered":"Truther von der NPD"},"content":{"rendered":"<div class=\"content\">\n<p style=\"text-align: justify;\">Nicht nur die verschw\u00f6rungsideologische Szene betreibt eine Umdeutung der historischen Ereignisse des 11. Septembers 2001. Eine derartige Deutung der Realit\u00e4t liegt auch Nationalsozialisten am Herzen, die mit der deutschen Verschw\u00f6rungsszene den Hass auf die Vereinigten Staaten teilen. W\u00e4hrend die Einen am 10. September 2011 zu einem\u00a0Aufmarsch in Karlsruhe\u00a0mobilisierten, an dem sich circa vierhundert Verschw\u00f6rungsfans beteiligten, organisierten die Anderen am 10. Oktober 2011 eine\u00a0<a href=\"http:\/\/www.wochenblatt.de\/nachrichten\/schwandorf\/regionales\/Rechte-stoeren-Gedenkfeier;art1170,71545\">\u00e4hnliche Aktion<\/a>, auch wenn sich hier nur eine handvoll Teilnehmer einfand. \u201e9\/11 war ein Inside Job\u201c\u00a0wurde auf beiden Veranstaltungen skandiert.<\/p>\n<p style=\"text-align: justify;\"><!--more--><\/p>\n<p style=\"text-align: justify;\">Am 13. Oktober 2011 wurde im bayrischen Oberviechtach ein\u00a0Mahnmal\u00a0zur Ehren der Opfer des 11. Septembers 2001 eingeweiht. Der Bezirksverband Oberpfalz der Nationaldemokratischen Partei Deutschland (NPD) st\u00f6rte die Feier mit einem Transparent, um die\u00a0\u201eInside Job\u201c-L\u00fcge zu bewerben. Hier wurde die Nanothermit-Theorie, die von Verschw\u00f6rungsideologen wie\u00a0Niels Harrit\u00a0beworben wird, verbreitet:\u00a0\u201eBeide T\u00fcrme (\u2026) wurden gesprengt\u201c, lautete die Behauptung der Nationalsozialisten.<\/p>\n<p style=\"text-align: justify;\">Auf dem Transparent war eine anti-amerikanische Grafik zu sehen, die die Freiheitsstatue zeigt, deren Kopf durch einen Totenkopf ersetzt wurde. Daneben waren die Name angeblicher Experten zu lesen, die ebenfalls die Verschw\u00f6rungsl\u00fcgen zum 11. September 2001 bewerben. Hier fand sich beispielsweise der Name des amerikanischen Radiomoderators Alex Jones. Der ist ein nationalistischer Verschw\u00f6rungsideologe, der die NPD allerdings f\u00fcr eine\u00a0Erfindung des britischen Geheimdienstes\u00a0h\u00e4lt. Au\u00dferdem wurde unter anderem der\u00a0Schauspieler Charlie Sheen\u00a0und der fanatische Antisemit und Holocaustleugner Horst Mahler als prominente\u00a0\u201eBef\u00fcrworter\u201c\u00a0des Verschw\u00f6rungsirrsinns benannt.<\/p>\n<p style=\"text-align: justify;\">Des Weiteren fand sich der Name Alexander von B\u00fclow auf dem\u00a0Transparent, mit dem die Nazis die Feier st\u00f6rten. Hier handelt es sich um einen Irrtum, denn der 1901 verstorbene\u00a0<a href=\"http:\/\/de.wikipedia.org\/wiki\/Alexander_von_B%C3%BClow\">Geheimrat\u00a0<\/a>konnte den 11. September 2001 nicht umdeuten, selbst wenn er es gewollt h\u00e4tte. Die Nazis meinten wohl eher\u00a0Andreas von B\u00fclow, der der israelischen Regierung unterstellt\u00a0\u201evon den Anschlagspl\u00e4nen gewusst und nur ihre eigenen B\u00fcrger gewarnt zu haben\u201c.<\/p>\n<p style=\"text-align: justify;\">Die Nationalsozialisten wollten durch die St\u00f6rung der Feier\u00a0\u201everdeutlichen, dass das 9\/11-Denkmal hier nicht erw\u00fcnscht ist\u201c. In einem Bericht, der auf einer Internetseite der Nazi-Szene ver\u00f6ffentlicht wurde, ist au\u00dferdem von den\u00a0\u201ewirtschaftlichen und hegemonialen Interessen des amerikanischen Kapitals\u201c\u00a0die Rede, das f\u00fcr die Anschl\u00e4ge des 11. Septembers 2001 verantwortlich gemacht wird.<\/p>\n<p style=\"text-align: justify;\">Andere Verschw\u00f6rungsideologen, die sich ansonsten von den Nationalsozialisten abgrenzen, werden hier wahrscheinlich begeistert zustimmen. Schlie\u00dflich sind sie in ihrem Anti-Amerikanismus und der daraus resultierenden Verschw\u00f6rungstheorie zum 11. September 2001 mit jenen Nazis vereint, die ebenfalls eine verschw\u00f6rungsideologische Deutung der Realit\u00e4t betreiben.<\/p>\n<p style=\"text-align: justify;\">Die heutigen und vor allem die historischen Nationalsozialisten sahen sich durch eine angebliche j\u00fcdische Weltverschw\u00f6rung bedroht, die sie f\u00fcr den amerikanischen Kapitalismus und f\u00fcr den sowjetischen Bolschewismus verantwortlich machten. In den Vereinigten Staaten von Amerika imaginierten sie den Tod und die Zerst\u00f6rung. Das hat sich bis heute nicht ge\u00e4ndert. Der revisionistische Blick auf die terroristischen Anschl\u00e4ge vom 11. September ist aus dieser Perspektive nur konsequent.<\/p>\n<p style=\"text-align: justify;\">Mit dieser Umdeutung der historischen Ereignisse des 11. Septembers 2001 geht es den Nationalsozialisten von der NPD um eine Umdeutung der Geschichte. Dies betrifft nicht nur den 11. September, sondern auch andere historische Ereignisse: Wenn die USA f\u00fcr die m\u00f6rderischen Anschl\u00e4ge in Haftung genommen werden, kann man diesen Staat auch f\u00fcr andere Ereignisse \u2013 wie zum Beispiel den 2. Weltkrieg \u2013 verantwortlich machen. F\u00fcr diese Umdeutung\u00a0der Vergangenheit ist der 11. September 2001 ein Hebel, mit dem eine anti-amerikanische und letztendlich revisionistische Geschichtsschreibung vorangetrieben werden soll.<\/p>\n<p style=\"text-align: justify;\">Anderen Verschw\u00f6rungsfans und Verschw\u00f6rungsideologen mag es nicht um einen derartigen Ansatz gehen, doch auch sie befeuern diesen mit ihren\u00a0Kreideaktionen,\u00a0Aufm\u00e4rschen\u00a0und\u00a0Kongressen. Einige von ihnen w\u00fcrden im Stillen den Verschw\u00f6rungstheorien der NPD-Oberpfalz zustimmen. Die L\u00fcge vom\u00a0\u201eInside Job\u201c\u00a0ist schlie\u00dflich auch ein Anliegen der deutschen Verschw\u00f6rungsszene.<\/p>\n<div id=\"cmnt\" style=\"text-align: justify;\"><\/div>\n<div id=\"google-wrapper\" class=\"bs_advert\" style=\"text-align: justify;\"><\/div>\n<\/div>\n<p><!--more--><\/p>\n<a class=\"synved-social-button synved-social-button-share synved-social-size-32 synved-social-resolution-single synved-social-provider-facebook nolightbox\" data-provider=\"facebook\" target=\"_blank\" rel=\"nofollow\" title=\"Auf Facebook teilen\" href=\"https:\/\/www.facebook.com\/sharer.php?u=https%3A%2F%2Fferne-welten.com%2Findex.php%3Frest_route%3D%252Fwp%252Fv2%252Fposts%252F1307&#038;t=Truther%20von%20der%20NPD&#038;s=100&#038;p&#091;url&#093;=https%3A%2F%2Fferne-welten.com%2Findex.php%3Frest_route%3D%252Fwp%252Fv2%252Fposts%252F1307&#038;p&#091;images&#093;&#091;0&#093;=&#038;p&#091;title&#093;=Truther%20von%20der%20NPD\" style=\"font-size: 0px;width:32px;height:32px;margin:0;margin-bottom:5px;margin-right:5px\"><img loading=\"lazy\" decoding=\"async\" alt=\"Facebook\" title=\"Auf Facebook teilen\" class=\"synved-share-image synved-social-image synved-social-image-share\" width=\"32\" height=\"32\" style=\"display: inline;width:32px;height:32px;margin: 0;padding: 0;border: none;box-shadow: none\" src=\"https:\/\/ferne-welten.com\/wp-content\/plugins\/social-media-feather\/synved-social\/addons\/extra-icons\/image\/social\/circle\/64x64\/facebook.png\" \/><\/a><a class=\"synved-social-button synved-social-button-share synved-social-size-32 synved-social-resolution-single synved-social-provider-twitter nolightbox\" data-provider=\"twitter\" target=\"_blank\" rel=\"nofollow\" title=\"Auf Twitter teilen\" href=\"https:\/\/twitter.com\/intent\/tweet?url=https%3A%2F%2Fferne-welten.com%2Findex.php%3Frest_route%3D%252Fwp%252Fv2%252Fposts%252F1307&#038;text=Hey%20check%20this%20out\" style=\"font-size: 0px;width:32px;height:32px;margin:0;margin-bottom:5px;margin-right:5px\"><img loading=\"lazy\" decoding=\"async\" alt=\"twitter\" title=\"Auf Twitter teilen\" class=\"synved-share-image synved-social-image synved-social-image-share\" width=\"32\" height=\"32\" style=\"display: inline;width:32px;height:32px;margin: 0;padding: 0;border: none;box-shadow: none\" src=\"https:\/\/ferne-welten.com\/wp-content\/plugins\/social-media-feather\/synved-social\/addons\/extra-icons\/image\/social\/circle\/64x64\/twitter.png\" \/><\/a><a class=\"synved-social-button synved-social-button-share synved-social-size-32 synved-social-resolution-single synved-social-provider-reddit nolightbox\" data-provider=\"reddit\" target=\"_blank\" rel=\"nofollow\" title=\"Auf Reddit teilen\" href=\"https:\/\/www.reddit.com\/submit?url=https%3A%2F%2Fferne-welten.com%2Findex.php%3Frest_route%3D%252Fwp%252Fv2%252Fposts%252F1307&#038;title=Truther%20von%20der%20NPD\" style=\"font-size: 0px;width:32px;height:32px;margin:0;margin-bottom:5px;margin-right:5px\"><img loading=\"lazy\" decoding=\"async\" alt=\"reddit\" title=\"Auf Reddit teilen\" class=\"synved-share-image synved-social-image synved-social-image-share\" width=\"32\" height=\"32\" style=\"display: inline;width:32px;height:32px;margin: 0;padding: 0;border: none;box-shadow: none\" src=\"https:\/\/ferne-welten.com\/wp-content\/plugins\/social-media-feather\/synved-social\/addons\/extra-icons\/image\/social\/circle\/64x64\/reddit.png\" \/><\/a><a class=\"synved-social-button synved-social-button-share synved-social-size-32 synved-social-resolution-single synved-social-provider-pinterest nolightbox\" data-provider=\"pinterest\" target=\"_blank\" rel=\"nofollow\" title=\"Auf Pinterest pinnen\" href=\"https:\/\/pinterest.com\/pin\/create\/button\/?url=https%3A%2F%2Fferne-welten.com%2Findex.php%3Frest_route%3D%252Fwp%252Fv2%252Fposts%252F1307&#038;media=&#038;description=Truther%20von%20der%20NPD\" style=\"font-size: 0px;width:32px;height:32px;margin:0;margin-bottom:5px;margin-right:5px\"><img loading=\"lazy\" decoding=\"async\" alt=\"pinterest\" title=\"Auf Pinterest pinnen\" class=\"synved-share-image synved-social-image synved-social-image-share\" width=\"32\" height=\"32\" style=\"display: inline;width:32px;height:32px;margin: 0;padding: 0;border: none;box-shadow: none\" src=\"https:\/\/ferne-welten.com\/wp-content\/plugins\/social-media-feather\/synved-social\/addons\/extra-icons\/image\/social\/circle\/64x64\/pinterest.png\" \/><\/a><a class=\"synved-social-button synved-social-button-share synved-social-size-32 synved-social-resolution-single synved-social-provider-linkedin nolightbox\" data-provider=\"linkedin\" target=\"_blank\" rel=\"nofollow\" title=\"Auf Linkedin teilen\" href=\"https:\/\/www.linkedin.com\/shareArticle?mini=true&#038;url=https%3A%2F%2Fferne-welten.com%2Findex.php%3Frest_route%3D%252Fwp%252Fv2%252Fposts%252F1307&#038;title=Truther%20von%20der%20NPD\" style=\"font-size: 0px;width:32px;height:32px;margin:0;margin-bottom:5px;margin-right:5px\"><img loading=\"lazy\" decoding=\"async\" alt=\"linkedin\" title=\"Auf Linkedin teilen\" class=\"synved-share-image synved-social-image synved-social-image-share\" width=\"32\" height=\"32\" style=\"display: inline;width:32px;height:32px;margin: 0;padding: 0;border: none;box-shadow: none\" src=\"https:\/\/ferne-welten.com\/wp-content\/plugins\/social-media-feather\/synved-social\/addons\/extra-icons\/image\/social\/circle\/64x64\/linkedin.png\" \/><\/a><a class=\"synved-social-button synved-social-button-share synved-social-size-32 synved-social-resolution-single synved-social-provider-tumblr nolightbox\" data-provider=\"tumblr\" target=\"_blank\" rel=\"nofollow\" title=\"\u00dcber Tumblr teilen\" href=\"https:\/\/tumblr.com\/share?s=&#038;v=3&#038;t=Truther%20von%20der%20NPD&#038;u=https%3A%2F%2Fferne-welten.com%2Findex.php%3Frest_route%3D%252Fwp%252Fv2%252Fposts%252F1307\" style=\"font-size: 0px;width:32px;height:32px;margin:0;margin-bottom:5px;margin-right:5px\"><img loading=\"lazy\" decoding=\"async\" alt=\"tumblr\" title=\"\u00dcber Tumblr teilen\" class=\"synved-share-image synved-social-image synved-social-image-share\" width=\"32\" height=\"32\" style=\"display: inline;width:32px;height:32px;margin: 0;padding: 0;border: none;box-shadow: none\" src=\"https:\/\/ferne-welten.com\/wp-content\/plugins\/social-media-feather\/synved-social\/addons\/extra-icons\/image\/social\/circle\/64x64\/tumblr.png\" \/><\/a><a class=\"synved-social-button synved-social-button-share synved-social-size-32 synved-social-resolution-single synved-social-provider-mail nolightbox\" data-provider=\"mail\" rel=\"nofollow\" title=\"Link per Mail weiterleiten\" href=\"mailto:?subject=Truther%20von%20der%20NPD&#038;body=Hey%20check%20this%20out:%20https%3A%2F%2Fferne-welten.com%2Findex.php%3Frest_route%3D%252Fwp%252Fv2%252Fposts%252F1307\" style=\"font-size: 0px;width:32px;height:32px;margin:0;margin-bottom:5px\"><img loading=\"lazy\" decoding=\"async\" alt=\"mail\" title=\"Link per Mail weiterleiten\" class=\"synved-share-image synved-social-image synved-social-image-share\" width=\"32\" height=\"32\" style=\"display: inline;width:32px;height:32px;margin: 0;padding: 0;border: none;box-shadow: none\" src=\"https:\/\/ferne-welten.com\/wp-content\/plugins\/social-media-feather\/synved-social\/addons\/extra-icons\/image\/social\/circle\/64x64\/mail.png\" \/><\/a>","protected":false},"excerpt":{"rendered":"<p>Nicht nur die verschw\u00f6rungsideologische Szene betreibt eine Umdeutung der historischen Ereignisse des 11. Septembers 2001. Eine derartige Deutung der Realit\u00e4t liegt auch Nationalsozialisten am Herzen, die mit der deutschen Verschw\u00f6rungsszene den Hass auf die Vereinigten Staaten teilen. W\u00e4hrend die Einen&#8230;<br \/><a class=\"read-more-button\" href=\"https:\/\/ferne-welten.com\/?p=1307\">Read more<\/a><\/p>\n","protected":false},"author":1,"featured_media":0,"comment_status":"open","ping_status":"open","sticky":false,"template":"","format":"standard","meta":{"footnotes":""},"categories":[359,79],"tags":[417,497,496,209,495],"class_list":["post-1307","post","type-post","status-publish","format-standard","hentry","category-eiskaltland","category-mythen","tag-417","tag-ales-jones","tag-horst-mahler","tag-npd","tag-oberviechtach"],"_links":{"self":[{"href":"https:\/\/ferne-welten.com\/index.php?rest_route=\/wp\/v2\/posts\/1307","targetHints":{"allow":["GET"]}}],"collection":[{"href":"https:\/\/ferne-welten.com\/index.php?rest_route=\/wp\/v2\/posts"}],"about":[{"href":"https:\/\/ferne-welten.com\/index.php?rest_route=\/wp\/v2\/types\/post"}],"author":[{"embeddable":true,"href":"https:\/\/ferne-welten.com\/index.php?rest_route=\/wp\/v2\/users\/1"}],"replies":[{"embeddable":true,"href":"https:\/\/ferne-welten.com\/index.php?rest_route=%2Fwp%2Fv2%2Fcomments&post=1307"}],"version-history":[{"count":1,"href":"https:\/\/ferne-welten.com\/index.php?rest_route=\/wp\/v2\/posts\/1307\/revisions"}],"predecessor-version":[{"id":1308,"href":"https:\/\/ferne-welten.com\/index.php?rest_route=\/wp\/v2\/posts\/1307\/revisions\/1308"}],"wp:attachment":[{"href":"https:\/\/ferne-welten.com\/index.php?rest_route=%2Fwp%2Fv2%2Fmedia&parent=1307"}],"wp:term":[{"taxonomy":"category","embeddable":true,"href":"https:\/\/ferne-welten.com\/index.php?rest_route=%2Fwp%2Fv2%2Fcategories&post=1307"},{"taxonomy":"post_tag","embeddable":true,"href":"https:\/\/ferne-welten.com\/index.php?rest_route=%2Fwp%2Fv2%2Ftags&post=1307"}],"curies":[{"name":"wp","href":"https:\/\/api.w.org\/{rel}","templated":true}]}}