{"id":1309,"date":"2011-09-13T10:15:46","date_gmt":"2011-09-13T09:15:46","guid":{"rendered":"http:\/\/ferne-welten.com\/?p=1309"},"modified":"2017-04-30T10:19:24","modified_gmt":"2017-04-30T09:19:24","slug":"die-rede-des-christoph-hoerstel","status":"publish","type":"post","link":"https:\/\/ferne-welten.com\/?p=1309","title":{"rendered":"Die Rede des Christoph H\u00f6rstel"},"content":{"rendered":"<p style=\"text-align: justify;\">An einer Demonstration der Verschw\u00f6rungsfans, bei der das M\u00e4rchen von der Sprengung des World Trade Centers in die \u00d6ffentlichkeit getragen wurde, nahmen am 10.09.2011 zwischen vier- und f\u00fcnfhundert Menschen teil.\u00a0Hier kamen Ver\u00adschw\u00f6\u00adrungs\u00adfans, Chem\u00adtrail-\u200bIdeologen und Sekten-\u200bMitglieder zusammen, um gegen die USA zu demonstrieren.<\/p>\n<p style=\"text-align: justify;\">Doch es gab auch noch andere Inhalte. Beispielweise wurden Verschw\u00f6rungstheorien der \u201eFreunde von Rechts\u201c\u00a0begierig aufgegriffen, Es wurde gegen eine\u00a0\u201eZicke\u201c\u00a0von der S\u00fcddeutschen Zeitung angeredet. Au\u00dferdem wurden die\u00a0\u201eunterdr\u00fcckten V\u00f6lker\u201c\u00a0glorifiziert.<\/p>\n<p style=\"text-align: justify;\"><!--more--><\/p>\n<p style=\"text-align: justify;\">Journalisten\u00a0wurden als\u00a0\u201ekleine Arschl\u00f6cher\u201c\u00a0bezeichnet, die vom\u00a0\u201egr\u00f6\u00dften Arschloch im Betrieb\u201c\u00a0angef\u00fchrt werden w\u00fcrden. Hier war von einer\u00a0\u201everdammt kleinen Clique\u201c\u00a0die Rede, der eine ungeheure Macht nachgesagt wurde. Des Weiteren wurde vor dem Impfen, Viagra und Essen aus dem Supermarkt gewarnt. Dabei wurden wurden neue\u00a0\u201eVerbrechen\u201c\u00a0aufgedeckt, denen sich kein Mensch entziehen k\u00f6nne.<\/p>\n<p style=\"text-align: justify;\">Diese Inhalte stammen\u00a0aus der Rede Christoph H\u00f6rstels. Er\u00a0ist Anf\u00fchrer einer Organisation namens\u00a0\u201eNeue Mitte\u201c. In der Vergangenheit trat H\u00f6rstel \u00a0mit dem iranischen Botschafter, Ali Reza Scheikh Attar, auf einer\u00a0Werbeveranstaltung\u00a0des iranischen Regimes auf. Mit dem Querfrontler J\u00fcrgen Els\u00e4sser mobilisierte H\u00f6rstel\u00a0zu einem Aufmarsch vor dem Reichstag, der sich gegen Israel richtete. Auf dem antisemitischen\u00a0\u201eAl-Quds-Tag\u201c, am 27. August 2011 in Berlin, hielt H\u00f6rstel ebenfalls eine Rede.<\/p>\n<p style=\"text-align: justify;\">In seiner halbst\u00fcndigen Rede auf der Demonstration zum 11. September 2001 deckte H\u00f6rstel fast alle Inhalte der deutschen Verschw\u00f6rungsideologie ab. Daf\u00fcr gab es von den versammelten Verschw\u00f6rungsfans begeisterte Zurufe und ausf\u00fchrlichen Beifall. Weil die Rede noch deutlicher macht, f\u00fcr welche Inhalte die organisierte deutsche Verschw\u00f6rungsszene steht, wird sie hier in Ausz\u00fcgen dokumentiert. Lassen wir also Christoph H\u00f6rstel zu Wort kommen, der mit seiner Rede die versammelten Verschw\u00f6rungsfans begeisterte:<\/p>\n<p style=\"text-align: justify;\"><a href=\"http:\/\/ferne-welten.com\/wp-content\/uploads\/2017\/04\/hrstel_2.jpg\"><img loading=\"lazy\" decoding=\"async\" class=\"aligncenter size-full wp-image-1310\" src=\"http:\/\/ferne-welten.com\/wp-content\/uploads\/2017\/04\/hrstel_2.jpg\" alt=\"\" width=\"650\" height=\"795\" srcset=\"https:\/\/ferne-welten.com\/wp-content\/uploads\/2017\/04\/hrstel_2.jpg 650w, https:\/\/ferne-welten.com\/wp-content\/uploads\/2017\/04\/hrstel_2-245x300.jpg 245w, https:\/\/ferne-welten.com\/wp-content\/uploads\/2017\/04\/hrstel_2-327x400.jpg 327w\" sizes=\"auto, (max-width: 650px) 100vw, 650px\" \/><\/a><\/p>\n<p style=\"text-align: justify;\"><strong>\u00dcber \u201eFreunde von Rechts\u201c:<\/strong><\/p>\n<blockquote><p>(\u2026) Denn was ist so eine NATO-Regierung? Das ist eine Verbrecherbande, mit angeschlossenem Propagandaapparat [Zurufe: Richtig so! Jawohl! Terroristen!]. Nat\u00fcrlich, wenn man in Afghanistan beteiligt war, so wie ich, da fragt man sich, was sage ich zum zehnj\u00e4hrigen Jubil\u00e4um, zu diesem Massenmord, ver\u00fcbt durch amerikanische Dienstellen, mit willigen Leuten von au\u00dferhalb (\u2026). Ist das etwa die die einzige Kriegsl\u00fcge der Vereinigten Staaten von Amerika? Um Gottes Willen! Wir fangen 1898 an, ihr Lieben [Zuruf: Genau!]! (\u2026) Seit 1898 wird gelogen: Da kommen unsere Freunde von Rechts, die mit den seltsamen Stiefeln und den kurzen Haaren, und weisen auf 1916 hin, auf dieses Schiff namens Lu\u00adsi\u00adta\u00adnia. Ihr Lieben, recht habt ihr! Das war auch eine ge\u00adzink\u00adte Sauerei. (\u2026) Da ging das weiter. Ich will jetzt nicht durch diese hundert (\u2026) Jahre l\u00fcgen gehen, weil es mich langweilt! Und weil es immer der gleiche Mist ist (\u2026)! Da werden wenige fett und die anderen sterben und bleiben arm (\u2026).<\/p><\/blockquote>\n<p style=\"text-align: justify;\"><strong>\u00a0\u00dcber die\u00a0\u201eZicke\u201c\u00a0und die\u00a0\u201ewestliche Wertegemeinschaft\u201c:<\/strong><\/p>\n<blockquote><p>Es ist einfach peinlich, wenn eine Redakteurin der S\u00fcddeutschen Zeitung ein Buch \u00fcber Terror schreibt, jetzt habe ich den Namen der Zicke vergessen [Beifall], ist auch egal (\u2026). Was steht da drin? Da gibt es so b\u00f6se Hassprediger \u00fcberall (\u2026). So ein Zeug hat der St\u00fcrmer geschrieben, da wurde auf Rassenmerkmale hingewiesen (\u2026). Das eine Thema muss ja sein, die USA l\u00fcgen seit \u00fcber 110 Jahren. Das m\u00fcssen wir uns merken und 9\/11 ist einfach nur eine j\u00fcngere L\u00fcge. Es hat seit dem auch ein paar andere gegeben: Es musste dringend der Irak abger\u00e4umt werden (Zuruf: Libyen!). Genau! Vielen Dank f\u00fcrs Stichwort. Ich wollte eben drauf kommen. (\u2026) Wenn behauptet wird, wir seien ja eine westliche Wertegemeinschaft, Nein! Das ist eine westliche Verbrecherbande, die sich unter verschiedenem Namen zusammengetan hat und dieser Wertegemeinschaft werde ich nie angeh\u00f6ren [Beifall].<\/p><\/blockquote>\n<p style=\"text-align: justify;\"><strong>\u00dcber\u00a0\u201eV\u00f6lker\u201c\u00a0&amp; Westerwelle:<\/strong><\/p>\n<blockquote><p>(\u2026) Aber worum ich weine, das ist die Unabh\u00e4ngigkeit dieser V\u00f6lker (\u2026). Das ist die Verarmung ganzer V\u00f6lker, weltweit. (\u2026) Hier hast du liebes Washington, wir schenken euch, druckt noch mehr von euren beschissenen Dollars, zwingt sie den anderen V\u00f6lkern zur Verwendung auf. Denn das w\u00e4re der n\u00e4chste Schritt gewesen von Gaddafi, wie durch den Iran, dass er einfach so, ich will mal sagen, W\u00e4hrungsm\u00e4\u00dfig etwas umsattelt. (\u2026)\u00a0Weg vom Dollar (\u2026). Das kann man gleich von hier aus verk\u00fcnden: Staats- und Regierungschefs, die sowas vorhaben, die leben nicht lange! Wie lange hat denn Herr Westerwelle (\u2026) im Amt als Parteichef der FDP \u00fcberlebt, nachdem er gewagt hat, sich der Stimme zu enthalten im Sicherheitsrat (\u2026), als sich die NATO einen Freibrief zum Massenmord geholt hat? Sieben Tage! Sieben Tage hat er noch im Amt gelebt [Beifall]!<\/p><\/blockquote>\n<p style=\"text-align: justify;\"><strong>\u00dcber Journalisten:<\/strong><\/p>\n<blockquote><p>Da rufen wir unsere kleinen Arschl\u00f6cher an, bei der S\u00fcddeutschen Zeitung, bei der FAZ, bei der ARD (\u2026.). Stichwort Chefredakteur. Man sollte mal eigentlich mal diese Sprache, Chefredakteur, das w\u00fcrde ich eigentlich gerne ins Deutsche \u00fcbersetzen: Das gr\u00f6\u00dfte Arschloch im Betrieb! Das mieseste Schwein, das wir hier sehen [Beifall, Jubel, Zuruf: Ja! ]. Denn das ist deren Job: Beschei\u00dfe die Bev\u00f6lkerung [Zuruf: T\u00e4uschung der Bev\u00f6lkerung]. T\u00e4uschung der Bev\u00f6lkerung, v\u00f6llig korrekt [Zuruf: Arglistig!]. Und zwar nicht nur so vereinzelt oder mal aus Versehen, sondern als Prinzip, das ist das Arbeitsprinzip. Immer daran erinnern: Verbrecherbande mit angeschlossenem Propagandaapparat. (\u2026)<\/p><\/blockquote>\n<p style=\"text-align: justify;\"><strong>\u00dcber eine\u00a0\u201ekleine Clique\u201c,\u00a0\u201eHochverrat\u201c\u00a0und\u00a0Selbstentz\u00fcndung:<\/strong><\/p>\n<blockquote><p>Es wird der Tag kommen, weil ich da gerade so einen netten Polizisten mit orangener Weste sehe (\u2026), es wird der Tag kommen, da sind wir so viele, dass die Regierung sich bedroht f\u00fchlt und dann wird sie ihnen befehlen, auf uns zu schie\u00dfen, obwohl wir keine Waffen haben [Beifall, Jubel]. (\u2026) Einfach nur durch (\u2026) friedliches, freundliches, wohlmeinendes Dasein [Zuruf: Durch die Wahrheit!]. Genau! Denn davor f\u00fcrchten sie sich! Gutes Stichwort! Vor der Wahrheit! Zu solchen Reden muss man sich eigentlich gar nicht vorbereiten, ich kriegt die Stichw\u00f6rter zugerufen [Gel\u00e4chter]. Es geht ja sowieso von selbst, weil einen dieser \u00c4rger auffrisst. Was kann man denn noch tun? Soll man sich anz\u00fcnden vor diesem Schei\u00df-Reichstag, in dem sowieso nur abgestimmt wird, was Washington genehmigt [Beifall, Zurufe: Genau!].<\/p>\n<p>(\u2026) Der alte Professor Hamer (\u2026), der spricht eben tats\u00e4chlich von Hochverrat. Was ist Hochverrat? (\u2026) Nun ja, wenn man so ein Land v\u00f6llig pleite macht und raubt seine Bev\u00f6lkerung aus, dann muss man an dieses Wort denken. Und der Hamer, der hat nicht wie der H\u00f6rstel gesagt, das grenzt an Hochverrat. Der hat gesagt, das ist Hochverrat. Gut, der ist ein paar Jahre \u00e4lter, den wird man nicht so schnell in den Knast setzen, bei mir versucht man das mit anderen Methoden (\u2026).<\/p>\n<p>Das nicht so lustige am Hochverrat ist, nach geltendem Gesetz (\u2026) ist auch die Vorbereitung strafbar. Man k\u00f6nnte also auf der Grundlage des jetzt geltendes Gesetzes diese Truppe da oben drankriegen. Aber wer macht das? Wer wagt das? Keiner in diesem Land hat die Courage in diesem System, in dem sie alle stecken und verdienen gut [Zuruf: Polizei!]. Polizei? (\u2026) Ansonsten droht nur das, was ich vorher beschrieben habe. Wenn wir zu viele werden, wenn diese Herrschaft droht zu st\u00fcrzen, dann wird geschossen werden (\u2026) [Zuruf: Lissabon-Vertrag].<\/p>\n<p>(\u2026) Europa ist was schickes! Europa ist eine Unterdr\u00fcckungsmaschine f\u00fcr die Leute und in deren Interesse, die daran verdienen [Beifall]. Der Skandal ist nicht mehr 9\/11! Der Skandal ist die allgemeine, weltweite Rechtsbeugung durch eine ganz verdammt kleine Clique [Beifall, Zuruf: Freimaurer!] (\u2026).<\/p><\/blockquote>\n<p style=\"text-align: justify;\"><strong>\u00dcber Impfen und Hom\u00f6opathie:<\/strong><\/p>\n<blockquote><p>Vogelgrippe, Schweinegrippe (\u2026)! Sagenhaft, wie das schon, ich w\u00fcrde sagen, mit einer konzentrierten Aktion, hochgesp\u00fclt wird in den Medien! (\u2026) Vor allen Dingen unsere vorsichtigen, vorausschauenden, wohlmeinenden Regierungen, die dann im hundert Millionen Euro Stil die Impfdosen einkaufen, die dann von einer etwas weiser gewordenen Bev\u00f6lkerung immer weniger konsumiert werden, so dass sie heute vergammeln, weil kein Mensch sie wieder zur\u00fcckkauft [Panischer Zuruf: Wir haben die bezahlt, wir haben die bezahlt]. Und sie sind bezahlt, v\u00f6llig korrekt! \u00dcbrigens, von welchem Geld [Zuruf: Von unserem!]. Ja! Von eurem! (\u2026) Wollen wir doch mal fragen ob die Herren in den Streifenwagen sich haben impfen lassen. Ich hoffe nicht [Gel\u00e4chter].<\/p>\n<p>Wir sollten doch mal gucken, wie das demn\u00e4chst wird, nicht dass wir hier fr\u00f6hlich vom Platze schreiten und sind dann \u00fcberrascht, dass der H\u00f6rstel uns davor nicht gewarnt hat. Ich hab vier kleine Kinder. Sechs Jahre und drunter, herzlich eingeladen mich daranzukriegen daf\u00fcr. (\u2026) Es wird der Tag kommen, da d\u00fcrfen meine Kinder nicht mehr in den Kindergarten, weil wir sie mit diesem Schei\u00df nicht voll impfen lassen [Beifall, Zurufe: Ja! Genau!] (\u2026). Und weil wir auch diese zehnfach Pr\u00e4parate (\u2026) nicht anwenden [Zuruf: Verbrecher!] (\u2026). Und dann ist es auch gesundheitsvertr\u00e4glich und f\u00fchrt nicht zu Dauersch\u00e4den bei kleinen Kindern. Denn unser Gesundheitssystem ist nat\u00fcrlich auch so eine Wortperversion. Das einzige was da gesund ist, ist die Kasse, aber nicht eure (\u2026) [Beifall]. Wir waren mal in Deutschland f\u00fchrend in der Hom\u00f6opathie, weltweit. Wir waren unheimlich gut in einer echten, menschenfreundlichen, weil gesundheitsaufbauenden Medizin. Das ist verloren. Wir sind einfach nur noch ein Mitschwimmer im Verbrechersystem der Pharma-Konzerne [Zurufe: Genau, Ja]. (\u2026)<\/p><\/blockquote>\n<p style=\"text-align: justify;\"><strong>\u00dcber Viagra und Lebensmittel:<\/strong><\/p>\n<blockquote><p>Viagra ist nicht f\u00fcr jeden gut. Ich kann nur sagen: So ein Mist! Muss mann doch nicht nehmen, wir sind wir denn (\u2026). Dann werde\u2018 ich halt \u00e4lter, dann bin ich nicht mehr so toll im Bett. Gott, wenn das der Grund ist, warum meine Frau bei mir bleibt, ist es vielleicht der falsche. Lass uns doch ehrlich bleiben: Wir sind so gemacht, so sind wir gut gemacht. Da muss niemand an den ausfallenden Haaren rum schrauben, irgendwelche komischen Wellness-Drogen verabreichen und mich mit Chemie gepufferten Lebensmitteln vollpumpen [Beifall]. Dieser M\u00fcll, den man bei Aldi kaufen kann oder bei Lidl oder wie die alle hei\u00dfen [Zurufe: Gift! Gift]. In gro\u00dfen Teilen Gift! (\u2026)!<\/p><\/blockquote>\n<p style=\"text-align: justify;\"><strong>\u00dcber Fasern als Verbrechen:<\/strong><\/p>\n<blockquote><p>Mir geht der Stoff nicht aus. Was sind denn diese komischen kleinen F\u00e4serchen [Zurufe: Fieberfaser, Polymer]. Nein. Wie hei\u00dft denn dieses Material? Wir lassen das Thema jetzt fallen [Zuruf: Asbest]. Das war mal, jetzt gibt es eben was neues und das ist Nanotechnologie! Nanotechnologie? Was sagen die Bundes\u00e4mter dazu? Sie warnen, die Folgen seien noch nicht erforscht. Das ist sozusagen die Formulierung von Hosenschei\u00dfern daf\u00fcr, dass die deutsche \u00dcbersetzung hei\u00dft: Um Gottes Willen! Doch keine Nano-beschichtete Schokolade [Zurufe: B\u00e4h!] und keine Nano-beschichteten Socken. Dieses Zeug geht n\u00e4mlich ab von den Stoffen, geht n\u00e4mlich ab von den Stoffen mit denen es irgendwie verklebt ist, geht durch das Abwasser unserer Waschmaschine in die Fl\u00fcsse und wird von Leuten aufgenommen wie ihr, die wissen dass das Mist ist, aber die k\u00f6nnen gar nichts anderes machen, weil es das einzige Wasser ist, dass sie kriegen von den Stadtwerken. So funktioniert das. Ein neuerliches Verbrechen [Beifall!]. (\u2026)<\/p><\/blockquote>\n<p style=\"text-align: justify;\"><strong>\u00dcber den 11. September, Amerika und den Iran:<\/strong><\/p>\n<blockquote>\n<p style=\"text-align: justify;\">\u00a0Was ist jetzt 9\/11? (\u2026) Das Lostreten eines weltweiten Krieges. Das \u2013 ich will mal sagen \u2013 planm\u00e4\u00dfige, systematische Diskriminieren einer ganzen Religion [Zuruf: Yes We Can]. Genau: Yes We Can, sagen die Amerikaner. Und wir sagen: No! You can\u2018t! You will never! Wir werden mehr! Wir werden uns das nicht gefallen lassen! Wir lassen uns nicht bel\u00fcgen [Beifall]. (\u2026) Wer glaubt Verbrechern? Nur Dumme oder Verbrecher! Die n\u00e4chste Hasskampagne machen wir nicht mehr mit, egal wen sie betrifft. Und wir sind gerecht. Assad ist ein Diktator, ja, sein System ist unerfreulich. Es w\u00e4re schon wenn er das \u00e4ndert. (\u2026) Und ein anderer Grund, warum ich Angst habe, dass ein amerikah\u00f6riges Regime demn\u00e4chst in Damaskus sagt was Sache ist, das ist der Iran. Denn wenn Syrien f\u00e4llt, ist der Iran dran. Und eines kann ich euch versichern: Dieses Land wird sich wehren [Beifall Zuruf: Genau!]. Da muss man schon eine Menge Schwarzbrot essen als Westler, um dieses Land anzugreifen [Gel\u00e4chter].<\/p>\n<p style=\"text-align: justify;\">Und ich wei\u00df heute gar nicht, ob ich mit iranischen Freunden \u00fcbereinstimmen soll und sagen: Lass sie doch mal probieren, je eher st\u00fcrzen sie [Gel\u00e4chter]. Oder ob ich sagen soll: Jaja, das ist sehr sexy so ein Spruch und ein paar lachen auch, aber ich denke an die Uranbomben, die da fallen [Beifall, Zuruf: Ganz Genau]. Und verdammt nochmal, seit vierzig Jahren werden die angewendet und keine Sau sagt etwas! Weder die Kirche, noch die Regierung, noch die Gewerkschaft [Lauter Beifall]. (\u2026)<\/p>\n<p style=\"text-align: justify;\">Wenn ich von heute etwas sagen will, dann sag ich: Ich freu mich, dass ich hier bei euch sein konnte. Von Herzen gehen meine besten W\u00fcnsche an die V\u00f6lker die wir unterdr\u00fccken, bombardieren, foltern, bevormunden, ausrauben und so weiter. Heute am Jahrestag, der Morgen stattfinden wird, von 9\/11 [Langanhaltender lautstarker Beifall]. Weitermachen! Nie aufh\u00f6ren! Egal was es ist! (\u2026) Danke [Zuschauer_innen: Wir sind das Volk, wir sind das Volk!].<\/p>\n<\/blockquote>\n<a class=\"synved-social-button synved-social-button-share synved-social-size-32 synved-social-resolution-single synved-social-provider-facebook nolightbox\" data-provider=\"facebook\" target=\"_blank\" rel=\"nofollow\" title=\"Auf Facebook teilen\" href=\"https:\/\/www.facebook.com\/sharer.php?u=https%3A%2F%2Fferne-welten.com%2Findex.php%3Frest_route%3D%252Fwp%252Fv2%252Fposts%252F1309&#038;t=Die%20Rede%20des%20Christoph%20H%C3%B6rstel&#038;s=100&#038;p&#091;url&#093;=https%3A%2F%2Fferne-welten.com%2Findex.php%3Frest_route%3D%252Fwp%252Fv2%252Fposts%252F1309&#038;p&#091;images&#093;&#091;0&#093;=http%3A%2F%2Fferne-welten.com%2Fwp-content%2Fuploads%2F2017%2F04%2Fhrstel_2.jpg&#038;p&#091;title&#093;=Die%20Rede%20des%20Christoph%20H%C3%B6rstel\" style=\"font-size: 0px;width:32px;height:32px;margin:0;margin-bottom:5px;margin-right:5px\"><img loading=\"lazy\" decoding=\"async\" alt=\"Facebook\" title=\"Auf Facebook teilen\" class=\"synved-share-image synved-social-image synved-social-image-share\" width=\"32\" height=\"32\" style=\"display: inline;width:32px;height:32px;margin: 0;padding: 0;border: none;box-shadow: none\" src=\"https:\/\/ferne-welten.com\/wp-content\/plugins\/social-media-feather\/synved-social\/addons\/extra-icons\/image\/social\/circle\/64x64\/facebook.png\" \/><\/a><a class=\"synved-social-button synved-social-button-share synved-social-size-32 synved-social-resolution-single synved-social-provider-twitter nolightbox\" data-provider=\"twitter\" target=\"_blank\" rel=\"nofollow\" title=\"Auf Twitter teilen\" href=\"https:\/\/twitter.com\/intent\/tweet?url=https%3A%2F%2Fferne-welten.com%2Findex.php%3Frest_route%3D%252Fwp%252Fv2%252Fposts%252F1309&#038;text=Hey%20check%20this%20out\" style=\"font-size: 0px;width:32px;height:32px;margin:0;margin-bottom:5px;margin-right:5px\"><img loading=\"lazy\" decoding=\"async\" alt=\"twitter\" title=\"Auf Twitter teilen\" class=\"synved-share-image synved-social-image synved-social-image-share\" width=\"32\" height=\"32\" style=\"display: inline;width:32px;height:32px;margin: 0;padding: 0;border: none;box-shadow: none\" src=\"https:\/\/ferne-welten.com\/wp-content\/plugins\/social-media-feather\/synved-social\/addons\/extra-icons\/image\/social\/circle\/64x64\/twitter.png\" \/><\/a><a class=\"synved-social-button synved-social-button-share synved-social-size-32 synved-social-resolution-single synved-social-provider-reddit nolightbox\" data-provider=\"reddit\" target=\"_blank\" rel=\"nofollow\" title=\"Auf Reddit teilen\" href=\"https:\/\/www.reddit.com\/submit?url=https%3A%2F%2Fferne-welten.com%2Findex.php%3Frest_route%3D%252Fwp%252Fv2%252Fposts%252F1309&#038;title=Die%20Rede%20des%20Christoph%20H%C3%B6rstel\" style=\"font-size: 0px;width:32px;height:32px;margin:0;margin-bottom:5px;margin-right:5px\"><img loading=\"lazy\" decoding=\"async\" alt=\"reddit\" title=\"Auf Reddit teilen\" class=\"synved-share-image synved-social-image synved-social-image-share\" width=\"32\" height=\"32\" style=\"display: inline;width:32px;height:32px;margin: 0;padding: 0;border: none;box-shadow: none\" src=\"https:\/\/ferne-welten.com\/wp-content\/plugins\/social-media-feather\/synved-social\/addons\/extra-icons\/image\/social\/circle\/64x64\/reddit.png\" \/><\/a><a class=\"synved-social-button synved-social-button-share synved-social-size-32 synved-social-resolution-single synved-social-provider-pinterest nolightbox\" data-provider=\"pinterest\" target=\"_blank\" rel=\"nofollow\" title=\"Auf Pinterest pinnen\" href=\"https:\/\/pinterest.com\/pin\/create\/button\/?url=https%3A%2F%2Fferne-welten.com%2Findex.php%3Frest_route%3D%252Fwp%252Fv2%252Fposts%252F1309&#038;media=http%3A%2F%2Fferne-welten.com%2Fwp-content%2Fuploads%2F2017%2F04%2Fhrstel_2.jpg&#038;description=Die%20Rede%20des%20Christoph%20H%C3%B6rstel\" style=\"font-size: 0px;width:32px;height:32px;margin:0;margin-bottom:5px;margin-right:5px\"><img loading=\"lazy\" decoding=\"async\" alt=\"pinterest\" title=\"Auf Pinterest pinnen\" class=\"synved-share-image synved-social-image synved-social-image-share\" width=\"32\" height=\"32\" style=\"display: inline;width:32px;height:32px;margin: 0;padding: 0;border: none;box-shadow: none\" src=\"https:\/\/ferne-welten.com\/wp-content\/plugins\/social-media-feather\/synved-social\/addons\/extra-icons\/image\/social\/circle\/64x64\/pinterest.png\" \/><\/a><a class=\"synved-social-button synved-social-button-share synved-social-size-32 synved-social-resolution-single synved-social-provider-linkedin nolightbox\" data-provider=\"linkedin\" target=\"_blank\" rel=\"nofollow\" title=\"Auf Linkedin teilen\" href=\"https:\/\/www.linkedin.com\/shareArticle?mini=true&#038;url=https%3A%2F%2Fferne-welten.com%2Findex.php%3Frest_route%3D%252Fwp%252Fv2%252Fposts%252F1309&#038;title=Die%20Rede%20des%20Christoph%20H%C3%B6rstel\" style=\"font-size: 0px;width:32px;height:32px;margin:0;margin-bottom:5px;margin-right:5px\"><img loading=\"lazy\" decoding=\"async\" alt=\"linkedin\" title=\"Auf Linkedin teilen\" class=\"synved-share-image synved-social-image synved-social-image-share\" width=\"32\" height=\"32\" style=\"display: inline;width:32px;height:32px;margin: 0;padding: 0;border: none;box-shadow: none\" src=\"https:\/\/ferne-welten.com\/wp-content\/plugins\/social-media-feather\/synved-social\/addons\/extra-icons\/image\/social\/circle\/64x64\/linkedin.png\" \/><\/a><a class=\"synved-social-button synved-social-button-share synved-social-size-32 synved-social-resolution-single synved-social-provider-tumblr nolightbox\" data-provider=\"tumblr\" target=\"_blank\" rel=\"nofollow\" title=\"\u00dcber Tumblr teilen\" href=\"https:\/\/tumblr.com\/share?s=&#038;v=3&#038;t=Die%20Rede%20des%20Christoph%20H%C3%B6rstel&#038;u=https%3A%2F%2Fferne-welten.com%2Findex.php%3Frest_route%3D%252Fwp%252Fv2%252Fposts%252F1309\" style=\"font-size: 0px;width:32px;height:32px;margin:0;margin-bottom:5px;margin-right:5px\"><img loading=\"lazy\" decoding=\"async\" alt=\"tumblr\" title=\"\u00dcber Tumblr teilen\" class=\"synved-share-image synved-social-image synved-social-image-share\" width=\"32\" height=\"32\" style=\"display: inline;width:32px;height:32px;margin: 0;padding: 0;border: none;box-shadow: none\" src=\"https:\/\/ferne-welten.com\/wp-content\/plugins\/social-media-feather\/synved-social\/addons\/extra-icons\/image\/social\/circle\/64x64\/tumblr.png\" \/><\/a><a class=\"synved-social-button synved-social-button-share synved-social-size-32 synved-social-resolution-single synved-social-provider-mail nolightbox\" data-provider=\"mail\" rel=\"nofollow\" title=\"Link per Mail weiterleiten\" href=\"mailto:?subject=Die%20Rede%20des%20Christoph%20H%C3%B6rstel&#038;body=Hey%20check%20this%20out:%20https%3A%2F%2Fferne-welten.com%2Findex.php%3Frest_route%3D%252Fwp%252Fv2%252Fposts%252F1309\" style=\"font-size: 0px;width:32px;height:32px;margin:0;margin-bottom:5px\"><img loading=\"lazy\" decoding=\"async\" alt=\"mail\" title=\"Link per Mail weiterleiten\" class=\"synved-share-image synved-social-image synved-social-image-share\" width=\"32\" height=\"32\" style=\"display: inline;width:32px;height:32px;margin: 0;padding: 0;border: none;box-shadow: none\" src=\"https:\/\/ferne-welten.com\/wp-content\/plugins\/social-media-feather\/synved-social\/addons\/extra-icons\/image\/social\/circle\/64x64\/mail.png\" \/><\/a>","protected":false},"excerpt":{"rendered":"<p>An einer Demonstration der Verschw\u00f6rungsfans, bei der das M\u00e4rchen von der Sprengung des World Trade Centers in die \u00d6ffentlichkeit getragen wurde, nahmen am 10.09.2011 zwischen vier- und f\u00fcnfhundert Menschen teil.\u00a0Hier kamen Ver\u00adschw\u00f6\u00adrungs\u00adfans, Chem\u00adtrail-\u200bIdeologen und Sekten-\u200bMitglieder zusammen, um gegen die USA&#8230;<br \/><a class=\"read-more-button\" href=\"https:\/\/ferne-welten.com\/?p=1309\">Read more<\/a><\/p>\n","protected":false},"author":1,"featured_media":0,"comment_status":"open","ping_status":"open","sticky":false,"template":"","format":"standard","meta":{"footnotes":""},"categories":[79],"tags":[417,267,197,499,498],"class_list":["post-1309","post","type-post","status-publish","format-standard","hentry","category-mythen","tag-417","tag-assad","tag-christoph-hoerstel","tag-impfen","tag-karlsruhe"],"_links":{"self":[{"href":"https:\/\/ferne-welten.com\/index.php?rest_route=\/wp\/v2\/posts\/1309","targetHints":{"allow":["GET"]}}],"collection":[{"href":"https:\/\/ferne-welten.com\/index.php?rest_route=\/wp\/v2\/posts"}],"about":[{"href":"https:\/\/ferne-welten.com\/index.php?rest_route=\/wp\/v2\/types\/post"}],"author":[{"embeddable":true,"href":"https:\/\/ferne-welten.com\/index.php?rest_route=\/wp\/v2\/users\/1"}],"replies":[{"embeddable":true,"href":"https:\/\/ferne-welten.com\/index.php?rest_route=%2Fwp%2Fv2%2Fcomments&post=1309"}],"version-history":[{"count":1,"href":"https:\/\/ferne-welten.com\/index.php?rest_route=\/wp\/v2\/posts\/1309\/revisions"}],"predecessor-version":[{"id":1311,"href":"https:\/\/ferne-welten.com\/index.php?rest_route=\/wp\/v2\/posts\/1309\/revisions\/1311"}],"wp:attachment":[{"href":"https:\/\/ferne-welten.com\/index.php?rest_route=%2Fwp%2Fv2%2Fmedia&parent=1309"}],"wp:term":[{"taxonomy":"category","embeddable":true,"href":"https:\/\/ferne-welten.com\/index.php?rest_route=%2Fwp%2Fv2%2Fcategories&post=1309"},{"taxonomy":"post_tag","embeddable":true,"href":"https:\/\/ferne-welten.com\/index.php?rest_route=%2Fwp%2Fv2%2Ftags&post=1309"}],"curies":[{"name":"wp","href":"https:\/\/api.w.org\/{rel}","templated":true}]}}