{"id":1312,"date":"2011-10-13T10:19:43","date_gmt":"2011-10-13T09:19:43","guid":{"rendered":"http:\/\/ferne-welten.com\/?p=1312"},"modified":"2017-04-30T10:20:55","modified_gmt":"2017-04-30T09:20:55","slug":"aufmarsch-gegen-die-usa","status":"publish","type":"post","link":"https:\/\/ferne-welten.com\/?p=1312","title":{"rendered":"Aufmarsch gegen die USA"},"content":{"rendered":"<p style=\"text-align: justify;\">Am 10. September 2011 versammelten sich mehrere hundert Menschen in Karlsruhe, um f\u00fcr\u00a0\u201edie Opfer und die Wahrheit\u201c\u00a0auf die Stra\u00dfe zu gehen. Es handelte sich um eine Aktion von organisierten\u00a0\u201eTruthern\u201c\u00a0und\u00a0\u201eInfokriegern\u201c, die die historischen Ereignisse des 11. Septembers 2001 umdeuten.<\/p>\n<p style=\"text-align: justify;\"><!--more--><\/p>\n<p style=\"text-align: justify;\">Die terroristischen Anschl\u00e4ge seien nicht durch fanatische Mitglieder al-Qaidas ausgef\u00fchrt worden, sondern in Wirklichkeit das Werk einer Verschw\u00f6rung gewesen. Diese Verschw\u00f6rung wird wahlweise der amerikanischen Regierung oder gar dem israelische Geheimdienst Mossad angelastet, die f\u00fcr den\u00a0\u201eInside Job\u201c\u00a0verantwortlich gemacht werden.<\/p>\n<p style=\"text-align: justify;\">Am 10. September 2011 war die Verschw\u00f6rungsszene in Karlsruhe unterwegs und stellten ihre wachsende Handlungsf\u00e4higkeit unter Beweis.\u00a0Zwischen vier- und f\u00fcnfhundert Menschen beteiligten sich an dem Aufmarsch. F\u00fcr diese Manifestation des deutschen Irrationalismus hatte die\u00a0Verschw\u00f6rungsszene\u00a0seit Monaten\u00a0mobilisiert. Es gab verschiedene Videos, mit denen Organisatoren und Teilnehmer \u2013 wie die\u00a0\u201eDie Bandbreite\u201c \u2013\u00a0f\u00fcr den Aufmarsch warben. Mobilisiert wurde \u00fcber den\u00a0esoterischen und verschw\u00f6rungstheoretischen\u00a0Kopp-Verlag.\u00a0Eva Herman bewarb den Aufmarsch in den\u00a0Kopp-Nachrichten.<\/p>\n<p style=\"text-align: justify;\">Die Demonstration war bereits am Montag, den 24. Februar 2011 angemeldet worden.\u00a0Organisiert\u00a0wurde sie von einem\u00a0\u201eStammtisch\u201c\u00a0aus Karlsruhe, der sich an den Internetseiten\u00a0\u201eThe Real Stories\u201c\u00a0und\u00a0\u201eAlles Schall und Rauch\u201c\u00a0orientiert. In diesem\u00a0\u201eStammtisch\u201c\u00a0sind deutsche Kleinb\u00fcrger organisiert, die eine organisatorische Vernetzung des verschw\u00f6rungstheoretischen Milieus betreiben. Auf der Demonstration in Karlsruhe kam die Verschw\u00f6rungsszene zusammen, um ihre krude Version der\u00a0\u201eWahrheit\u201c\u00a0zu bewerben.<\/p>\n<p style=\"text-align: justify;\">Auf Plakaten war von einer\u00a0\u201ekontrollierten Sprengung\u201c\u00a0die Rede. Die Verschw\u00f6rungsfans behaupten, dass die World-Trade-Center durch eine Sprengung zerst\u00f6rt wurden, was den \u201eInside Job\u201c darstellt, von dem die Anh\u00e4nger dieser Verschw\u00f6rungstheorie halluzinieren.\u00a0\u201e9\/11 was an Inside Job\u201c, hie\u00df es auf einem Transparent. Auf Plakaten wurden 49 tote Bundeswehrsoldaten erw\u00e4hnt, die\u00a0\u201ef\u00fcr die L\u00fcge von den 19 Teppichmesser-Terroristen\u201c\u00a0gestorben seien.\u00a0\u201eUS-Terror weltweit\u201c, hie\u00df es auf einem anderen Plakat, das den Lautsprecherwagen zierte.<\/p>\n<p style=\"text-align: justify;\">Hier wurde nicht den dreitausend Menschen gedacht, die am 11. September 2001 aufgrund der Angriffe durch al-Quida starben. Die Zahl der Opfer wurde dreist nach unten korrigiert. Au\u00dferdem wurden sie zu Opfern eines\u00a0\u201eUS-Terrors\u201c\u00a0gemacht, der auch die Toten in Afghanistan und dem Irak umfassen w\u00fcrde. Der Anchorman sagte:<\/p>\n<blockquote><p>Wir gedenken den 2000 Opfern in New York und den Millionen Opfern der illegalen Angriffskriege in Afghanistan und Irak.<\/p><\/blockquote>\n<p style=\"text-align: justify;\">Der Redner\u00a0appellierte auch an die Gef\u00fchle der Deutschen:\u00a0\u201eEs kann nicht sein, dass gerade wir als Deutsche an zwei illegalen Angriffskriegen beteiligt\u201c\u00a0sind, jammerte der Anchorman:\u00a0\u201eUnsere deutschen Soldaten sterben f\u00fcr diese L\u00fcge\u201c, br\u00fcllte er.<\/p>\n<p style=\"text-align: justify;\">An dem Aufmarsch beteiligten sich Mitglieder der sogenannten\u00a0\u201eAnti Genozid Bewegung\u201c, einer\u00a0Vorfeldorganisation\u00a0der Sekte\u00a0\u201eOrganische Christus-Generation\u201c\u00a0des Ivo Sasek. Diese sieht in der Anwendung von RFID-Transpondern die Anzeichen eines bevorstehenden Massenmordes an Christen.<\/p>\n<p style=\"text-align: justify;\">Andere Teilnehmer_innen des Aufmarsches gaben einen Einblick in ihr anti-amerikanisches Weltbild:<\/p>\n<blockquote><p>Das war inszeniert, Amerika hat schon immer seine Krieg erlogen. (\u2026) Die haben das Ziel die ganze Welt zu terrorisieren.<\/p><\/blockquote>\n<p style=\"text-align: justify;\">So\u00a0sprach ein Teilnehmer in eine Kamera. Es geht eben nicht nur um den 11. September 2001, sondern um ein Weltbild, das in den USA alles B\u00f6se verortet und diese f\u00fcr alle Kriege und den weltweiten Terrorismus verantwortlich macht.<\/p>\n<p style=\"text-align: justify;\">Der Aufmarsch dieser Verschw\u00f6rungsfans, deren Triebkraft ein unb\u00e4ndiger Hass auf die Vereinigten Staaten von Amerika darstellt, wurde nicht nur vom S\u00fcdwestrundfunk (SWR) gefilmt, die\u00a0einen mehr als unkritischen Bericht fabrizierten. Berichte gibt es von einer\u00a0\u201eChemtrail-Petition\u201c-Seite, auf der die Behauptung aufgestellt wird, dass es angebliche\u00a0\u201eChemtrails\u201c\u00a0g\u00e4be, die aus Flugzeugen verspr\u00fcht werden, um die Menschen zu vergiften.<\/p>\n<p style=\"text-align: justify;\">Auch \u00fcber Karlsruhe seien\u00a0\u201eChemTrails in kleiner Dosierung und das \u00fcber den ganzen Tag hinweg verspr\u00fcht\u201c\u00a0worden, behaupten die\u00a0\u201eChemtrail\u201c-Ideologen. Au\u00dferdem gibt es einen Video-Bericht von\u00a0\u201eInfokrieger-News\u201c. Der Verantwortliche dieser Internetseite, der\u00a0\u201eInfokrieger\u201c\u00a0Jens\u00a0Blecker\u00a0hielt auf einer Zwischenkundgebung eine Rede. Im Nachhinein erfreut sich Blecker an dem Umstand, dass der Aufmarsch\u00a0\u201esauber und ruhig\u201c\u00a0ablief.<\/p>\n<p style=\"text-align: justify;\">Als weiterer Redner war\u00a0Christoph H\u00f6rstel\u00a0eingeladen worden, der mit seiner Kleinst-Organisation\u00a0\u201eNeue Mitte\u201c\u00a0in der Vergangenheit unter anderem\u00a0Aufm\u00e4rsche gegen Israel\u00a0veranstaltete. In der Gr\u00fcndung dieses Staates sieht H\u00f6rstel einen\u00a0\u201eblutigen Akt kolonial Ungerechtigkeit\u201c. Israel sei ein\u00a0\u201erassistischer unterdr\u00fcckerischer Staat\u201c, gegen den die pal\u00e4stinensischen Organisationen ein\u00a0\u201eRecht auf Gegenwehr\u201c\u00a0aus\u00fcben w\u00fcrden.<\/p>\n<p style=\"text-align: justify;\">Die FAZ bezeichnet H\u00f6rstel als\u00a0\u201eumtriebigen Lobbyisten\u201c\u00a0der Taliban in Deutschland. Au\u00dferdem bet\u00e4tigt sich H\u00f6rstel als Propagandist des iranischen Regimes. Der deutsche Jubelperser trat beispielsweise auf einer Veranstaltung mit dem iranischen Botschafter, dem\u00a0<a href=\"http:\/\/freeirannow.wordpress.com\/2009\/11\/02\/morderisch\/\">Schl\u00e4chter\u00a0<\/a>Ali Reza Scheikh Attar,\u00a0<a href=\"http:\/\/de.stopthebomb.net\/kempinski-konferenz.html\">in Hamburg auf<\/a>.<\/p>\n<p style=\"text-align: justify;\">Christoph H\u00f6rstels\u00a0Rede in Karlsruhe\u00a0richtete sich gegen die\u00a0\u201eNATO-Regierung\u201c, einer\u00a0\u201eVerbrecherbande mit angeschlossenen Propagandaapparat\u201c, die einen\u00a0\u201eMassenmord\u201c\u00a0ver\u00fcbt h\u00e4tte. Er zog eine historische Linie, bei der er allerhand historische Ereignisse benutzte, um das Bild einer riesigen US-Verschw\u00f6rung zu propagieren. Dabei berief sich H\u00f6rstel auch auf\u00a0\u201eunsere Freunde von Rechts\u201c, denen er zustimmte:<\/p>\n<blockquote><p>Seit 1898 wird gelogen. Da kommen unsere Freunde von Rechts, die mit den seltsamen Stiefeln und den kurzen Haaren und weisen auf 1916 hin, auf dieses Schiff namens Lusitania. Ihr Lieben! Recht habt ihr! Das war auch eine gezinkte Sauerei!<\/p><\/blockquote>\n<p style=\"text-align: justify;\">Nach dieser Werbung f\u00fcr die\u00a0<a href=\"http:\/\/de.wikipedia.org\/wiki\/RMS_Lusitania#Theorien_zur_Vors.C3.A4tzlichkeit\">Lusitania-Verschw\u00f6rungstheorie<\/a>\u00a0\u00fcbersprang H\u00f6rstel allerdings einige Jahrzehnte, er wolle nicht\u00a0\u201eauf die ganzen L\u00fcgen\u201c\u00a0eingehen.<\/p>\n<p style=\"text-align: justify;\">Doch aus so wurde deutlich, dass H\u00f6rstel ein Jahrhundert der Verschw\u00f6rungen entwirft, f\u00fcr das er die USA verantwortlich macht. In der Konsequenz fordert H\u00f6rstel ein Neubewertung dieses Jahrhunderts ein und betreibt damit einen Geschichtsrevisionismus, der darauf hinausl\u00e4uft, s\u00e4mtliche Ereignisse des zwanzigsten Jahrhunderts verschw\u00f6rungstheoretisch zu verkl\u00e4ren.<\/p>\n<p style=\"text-align: justify;\">Musikalisch wurde der Aufmarsch von der\u00a0Band\u00a0\u201eDie Bandbreite\u201c\u00a0und von dem\u00a0Rapper\u00a0\u201eKilez More\u201c\u00a0begleitet. Diese traten nicht nur auf der Demonstration auf, sondern ihre Lieder erschallten in Rotation aus dem Lautsprecherwagen. Hier wurde\u00a0\u201eWas ist los in diesem Land\u201c\u00a0gespielt. In diesem Lied der Band\u00a0\u201eDie Bandbreite\u201c\u00a0wird gegen\u00a0\u201everhurte Politiker\u201c,\u00a0\u201eDekadenz\u201c\u00a0und\u00a0\u201eBonzen\u201c\u00a0angesungen. Das Video zum Lied zeigt eine Fla\u00adsche Zy\u00adklon B , w\u00e4h\u00adrend der S\u00e4n\u00adger von einem\u00a0\u201eV\u00f6l\u00adker\u00admord\u201c\u00a0in Af\u00adgha\u00adnis\u00adtan singt. Auf diese Art und Weise wird die Ver\u00adnich\u00adtung der J\u00fc\u00addin\u00adnen und Juden re\u00adla\u00adti\u00adviert und mit dem Vor\u00adge\u00adhen der NATO auf eine Stufe ge\u00adsetzt.<\/p>\n<p style=\"text-align: justify;\">Au\u00dferdem gab die Band das Lied\u00a0\u201eSelbst Gemacht\u201c\u00a0zum Besten. Mit dem Lied zieht die Band eine verschw\u00f6rungsideologische Kontinuit\u00e4t vom Angriff auf Pearl Harbour, bei dem die USA angeblich\u00a0\u201eeigene Leute geopfert\u201c\u00a0h\u00e4tten, bis zu den Anschl\u00e4gen auf das World Trade Center. Dieser Anschlag sei ebenfalls\u00a0\u201eSelbst Gemacht\u201c\u00a0gewesen. Die angeblichen T\u00e4ter h\u00e4tten\u00a0\u201edabei an das Geld gedacht\u201c.<\/p>\n<p style=\"text-align: justify;\">Die Demonstration endete mit diesen musikalischen Beitr\u00e4gen. Im Anschluss an den Aufmarsch war eine After-Show-Party im Restaurant\u00a0\u201eWalhalla\u201c\u00a0angek\u00fcndigt, in dem der organisierende\u00a0\u201eStammtisch\u201c\u00a0auch ansonsten zusammenkommt.<\/p>\n<p style=\"text-align: justify;\">Der Aufmarsch stellte einen geistigen Abgrund dar, dem sich die deutsche Verschw\u00f6rungsszene ergeben hat. Hier kamen Verschw\u00f6rungsfans, Chemtrail-Ideologen und Sekten-Mitglieder zusammen, um gegen die USA zu hetzen. Hier wurde an deutsche Gef\u00fchle appelliert, hier wurden die USA zu den eigentlichen Terroristen gemacht. Hier wurde ein Jahrhundert der Verschw\u00f6rungen propagiert, mit dem auch Kriege wie der zweite Weltkrieg umgedeutet werden k\u00f6nnen.<\/p>\n<p style=\"text-align: justify;\">Es ist eine revisionistische und deutsche Anklage\u00a0gegen die USA, die von den Verschw\u00f6rungsfans formuliert wird. Der Aufmarsch dieser deutschen Verschw\u00f6rungsfans soll im n\u00e4chsten Jahr erneut stattfinden. Dann d\u00fcrften wiederum hunderte Verschw\u00f6rungsfans zusammenkommen, um gemeinsam gegen die USA zu marschieren.<\/p>\n<a class=\"synved-social-button synved-social-button-share synved-social-size-32 synved-social-resolution-single synved-social-provider-facebook nolightbox\" data-provider=\"facebook\" target=\"_blank\" rel=\"nofollow\" title=\"Auf Facebook teilen\" href=\"https:\/\/www.facebook.com\/sharer.php?u=https%3A%2F%2Fferne-welten.com%2Findex.php%3Frest_route%3D%252Fwp%252Fv2%252Fposts%252F1312&#038;t=Aufmarsch%20gegen%20die%20USA&#038;s=100&#038;p&#091;url&#093;=https%3A%2F%2Fferne-welten.com%2Findex.php%3Frest_route%3D%252Fwp%252Fv2%252Fposts%252F1312&#038;p&#091;images&#093;&#091;0&#093;=&#038;p&#091;title&#093;=Aufmarsch%20gegen%20die%20USA\" style=\"font-size: 0px;width:32px;height:32px;margin:0;margin-bottom:5px;margin-right:5px\"><img loading=\"lazy\" decoding=\"async\" alt=\"Facebook\" title=\"Auf Facebook teilen\" class=\"synved-share-image synved-social-image synved-social-image-share\" width=\"32\" height=\"32\" style=\"display: inline;width:32px;height:32px;margin: 0;padding: 0;border: none;box-shadow: none\" src=\"https:\/\/ferne-welten.com\/wp-content\/plugins\/social-media-feather\/synved-social\/addons\/extra-icons\/image\/social\/circle\/64x64\/facebook.png\" \/><\/a><a class=\"synved-social-button synved-social-button-share synved-social-size-32 synved-social-resolution-single synved-social-provider-twitter nolightbox\" data-provider=\"twitter\" target=\"_blank\" rel=\"nofollow\" title=\"Auf Twitter teilen\" href=\"https:\/\/twitter.com\/intent\/tweet?url=https%3A%2F%2Fferne-welten.com%2Findex.php%3Frest_route%3D%252Fwp%252Fv2%252Fposts%252F1312&#038;text=Hey%20check%20this%20out\" style=\"font-size: 0px;width:32px;height:32px;margin:0;margin-bottom:5px;margin-right:5px\"><img loading=\"lazy\" decoding=\"async\" alt=\"twitter\" title=\"Auf Twitter teilen\" class=\"synved-share-image synved-social-image synved-social-image-share\" width=\"32\" height=\"32\" style=\"display: inline;width:32px;height:32px;margin: 0;padding: 0;border: none;box-shadow: none\" src=\"https:\/\/ferne-welten.com\/wp-content\/plugins\/social-media-feather\/synved-social\/addons\/extra-icons\/image\/social\/circle\/64x64\/twitter.png\" \/><\/a><a class=\"synved-social-button synved-social-button-share synved-social-size-32 synved-social-resolution-single synved-social-provider-reddit nolightbox\" data-provider=\"reddit\" target=\"_blank\" rel=\"nofollow\" title=\"Auf Reddit teilen\" href=\"https:\/\/www.reddit.com\/submit?url=https%3A%2F%2Fferne-welten.com%2Findex.php%3Frest_route%3D%252Fwp%252Fv2%252Fposts%252F1312&#038;title=Aufmarsch%20gegen%20die%20USA\" style=\"font-size: 0px;width:32px;height:32px;margin:0;margin-bottom:5px;margin-right:5px\"><img loading=\"lazy\" decoding=\"async\" alt=\"reddit\" title=\"Auf Reddit teilen\" class=\"synved-share-image synved-social-image synved-social-image-share\" width=\"32\" height=\"32\" style=\"display: inline;width:32px;height:32px;margin: 0;padding: 0;border: none;box-shadow: none\" src=\"https:\/\/ferne-welten.com\/wp-content\/plugins\/social-media-feather\/synved-social\/addons\/extra-icons\/image\/social\/circle\/64x64\/reddit.png\" \/><\/a><a class=\"synved-social-button synved-social-button-share synved-social-size-32 synved-social-resolution-single synved-social-provider-pinterest nolightbox\" data-provider=\"pinterest\" target=\"_blank\" rel=\"nofollow\" title=\"Auf Pinterest pinnen\" href=\"https:\/\/pinterest.com\/pin\/create\/button\/?url=https%3A%2F%2Fferne-welten.com%2Findex.php%3Frest_route%3D%252Fwp%252Fv2%252Fposts%252F1312&#038;media=&#038;description=Aufmarsch%20gegen%20die%20USA\" style=\"font-size: 0px;width:32px;height:32px;margin:0;margin-bottom:5px;margin-right:5px\"><img loading=\"lazy\" decoding=\"async\" alt=\"pinterest\" title=\"Auf Pinterest pinnen\" class=\"synved-share-image synved-social-image synved-social-image-share\" width=\"32\" height=\"32\" style=\"display: inline;width:32px;height:32px;margin: 0;padding: 0;border: none;box-shadow: none\" src=\"https:\/\/ferne-welten.com\/wp-content\/plugins\/social-media-feather\/synved-social\/addons\/extra-icons\/image\/social\/circle\/64x64\/pinterest.png\" \/><\/a><a class=\"synved-social-button synved-social-button-share synved-social-size-32 synved-social-resolution-single synved-social-provider-linkedin nolightbox\" data-provider=\"linkedin\" target=\"_blank\" rel=\"nofollow\" title=\"Auf Linkedin teilen\" href=\"https:\/\/www.linkedin.com\/shareArticle?mini=true&#038;url=https%3A%2F%2Fferne-welten.com%2Findex.php%3Frest_route%3D%252Fwp%252Fv2%252Fposts%252F1312&#038;title=Aufmarsch%20gegen%20die%20USA\" style=\"font-size: 0px;width:32px;height:32px;margin:0;margin-bottom:5px;margin-right:5px\"><img loading=\"lazy\" decoding=\"async\" alt=\"linkedin\" title=\"Auf Linkedin teilen\" class=\"synved-share-image synved-social-image synved-social-image-share\" width=\"32\" height=\"32\" style=\"display: inline;width:32px;height:32px;margin: 0;padding: 0;border: none;box-shadow: none\" src=\"https:\/\/ferne-welten.com\/wp-content\/plugins\/social-media-feather\/synved-social\/addons\/extra-icons\/image\/social\/circle\/64x64\/linkedin.png\" \/><\/a><a class=\"synved-social-button synved-social-button-share synved-social-size-32 synved-social-resolution-single synved-social-provider-tumblr nolightbox\" data-provider=\"tumblr\" target=\"_blank\" rel=\"nofollow\" title=\"\u00dcber Tumblr teilen\" href=\"https:\/\/tumblr.com\/share?s=&#038;v=3&#038;t=Aufmarsch%20gegen%20die%20USA&#038;u=https%3A%2F%2Fferne-welten.com%2Findex.php%3Frest_route%3D%252Fwp%252Fv2%252Fposts%252F1312\" style=\"font-size: 0px;width:32px;height:32px;margin:0;margin-bottom:5px;margin-right:5px\"><img loading=\"lazy\" decoding=\"async\" alt=\"tumblr\" title=\"\u00dcber Tumblr teilen\" class=\"synved-share-image synved-social-image synved-social-image-share\" width=\"32\" height=\"32\" style=\"display: inline;width:32px;height:32px;margin: 0;padding: 0;border: none;box-shadow: none\" src=\"https:\/\/ferne-welten.com\/wp-content\/plugins\/social-media-feather\/synved-social\/addons\/extra-icons\/image\/social\/circle\/64x64\/tumblr.png\" \/><\/a><a class=\"synved-social-button synved-social-button-share synved-social-size-32 synved-social-resolution-single synved-social-provider-mail nolightbox\" data-provider=\"mail\" rel=\"nofollow\" title=\"Link per Mail weiterleiten\" href=\"mailto:?subject=Aufmarsch%20gegen%20die%20USA&#038;body=Hey%20check%20this%20out:%20https%3A%2F%2Fferne-welten.com%2Findex.php%3Frest_route%3D%252Fwp%252Fv2%252Fposts%252F1312\" style=\"font-size: 0px;width:32px;height:32px;margin:0;margin-bottom:5px\"><img loading=\"lazy\" decoding=\"async\" alt=\"mail\" title=\"Link per Mail weiterleiten\" class=\"synved-share-image synved-social-image synved-social-image-share\" width=\"32\" height=\"32\" style=\"display: inline;width:32px;height:32px;margin: 0;padding: 0;border: none;box-shadow: none\" src=\"https:\/\/ferne-welten.com\/wp-content\/plugins\/social-media-feather\/synved-social\/addons\/extra-icons\/image\/social\/circle\/64x64\/mail.png\" \/><\/a>","protected":false},"excerpt":{"rendered":"<p>Am 10. September 2011 versammelten sich mehrere hundert Menschen in Karlsruhe, um f\u00fcr\u00a0\u201edie Opfer und die Wahrheit\u201c\u00a0auf die Stra\u00dfe zu gehen. Es handelte sich um eine Aktion von organisierten\u00a0\u201eTruthern\u201c\u00a0und\u00a0\u201eInfokriegern\u201c, die die historischen Ereignisse des 11. Septembers 2001 umdeuten.<\/p>\n","protected":false},"author":1,"featured_media":0,"comment_status":"open","ping_status":"open","sticky":false,"template":"","format":"standard","meta":{"footnotes":""},"categories":[359,79],"tags":[500,217,197,230,498,231,501],"class_list":["post-1312","post","type-post","status-publish","format-standard","hentry","category-eiskaltland","category-mythen","tag-anti-genozid-bewegung","tag-bandbreite","tag-christoph-hoerstel","tag-jens-blecker","tag-karlsruhe","tag-kilez-more","tag-sasek"],"_links":{"self":[{"href":"https:\/\/ferne-welten.com\/index.php?rest_route=\/wp\/v2\/posts\/1312","targetHints":{"allow":["GET"]}}],"collection":[{"href":"https:\/\/ferne-welten.com\/index.php?rest_route=\/wp\/v2\/posts"}],"about":[{"href":"https:\/\/ferne-welten.com\/index.php?rest_route=\/wp\/v2\/types\/post"}],"author":[{"embeddable":true,"href":"https:\/\/ferne-welten.com\/index.php?rest_route=\/wp\/v2\/users\/1"}],"replies":[{"embeddable":true,"href":"https:\/\/ferne-welten.com\/index.php?rest_route=%2Fwp%2Fv2%2Fcomments&post=1312"}],"version-history":[{"count":1,"href":"https:\/\/ferne-welten.com\/index.php?rest_route=\/wp\/v2\/posts\/1312\/revisions"}],"predecessor-version":[{"id":1313,"href":"https:\/\/ferne-welten.com\/index.php?rest_route=\/wp\/v2\/posts\/1312\/revisions\/1313"}],"wp:attachment":[{"href":"https:\/\/ferne-welten.com\/index.php?rest_route=%2Fwp%2Fv2%2Fmedia&parent=1312"}],"wp:term":[{"taxonomy":"category","embeddable":true,"href":"https:\/\/ferne-welten.com\/index.php?rest_route=%2Fwp%2Fv2%2Fcategories&post=1312"},{"taxonomy":"post_tag","embeddable":true,"href":"https:\/\/ferne-welten.com\/index.php?rest_route=%2Fwp%2Fv2%2Ftags&post=1312"}],"curies":[{"name":"wp","href":"https:\/\/api.w.org\/{rel}","templated":true}]}}