{"id":1314,"date":"2011-09-08T10:21:40","date_gmt":"2011-09-08T09:21:40","guid":{"rendered":"http:\/\/ferne-welten.com\/?p=1314"},"modified":"2017-04-30T10:25:45","modified_gmt":"2017-04-30T09:25:45","slug":"hetze-hass-propaganda","status":"publish","type":"post","link":"https:\/\/ferne-welten.com\/?p=1314","title":{"rendered":"Hetze, Hass &#038; Propaganda"},"content":{"rendered":"<p style=\"text-align: justify;\">Die Monatszeitschrift\u00a0\u201eRotfuchs\u201c, die sich als\u00a0\u201eunabh\u00e4ngige kommunistisch-sozialistische Zeitschrift f\u00fcr Politik und Wirtschaft, Kultur und Wissenschaft\u201c\u00a0beschreibt, betreibt eine offensive Verkl\u00e4rung der Vergangenheit. Die Autoren der Zeitschrift haben ein Problem mit\u00a0\u201eIntellektuellen\u201c,\u00a0\u201eCowboys\u201c, Israel sowie angeblichen\u00a0\u201eParasiten\u201c. Dabei geh\u00f6rt eine deutschnationale Verkl\u00e4rung der Deutschen Demokratischen Republik zum guten Ton.<\/p>\n<p style=\"text-align: justify;\"><!--more--><\/p>\n<div class=\"content\">\n<p style=\"text-align: justify;\">In jeder Ausgabe dieser Zeitschrift finden sich Artikel, mit denen die Geschichte des\u00a0\u201eanderen Deutschlands\u201c\u00a0aufgegriffen und glorifiziert wird. Der\u00a0\u201eArbeiter und Bauernstaat\u201c\u00a0h\u00e4tte\u00a0\u201emit dem planm\u00e4\u00dfigen Aufbau der sozialistischen Gesellschaft begonnen\u201c, hei\u00dft es in einem Leitartikel. Deswegen ist man\u00a0\u201estolz darauf B\u00fcrger der DDR gewesen zu sein, des besten Deutschland das es bisher gab\u201c\u00a0(Nr. 8, 09\/98). Die\u00a0\u201eAnnexion\u201c\u00a0durch die Bundesrepublik sei ein\u00a0\u201eschwerer Verlust f\u00fcr Deutschland\u201c\u00a0gewesen (Nr. 11, 12\/98). Schlie\u00dflich sei ein\u00a0\u201eLand der t\u00e4glichen Geborgenheit\u201c\u00a0verloren gegangen.<\/p>\n<p style=\"text-align: justify;\"><a href=\"http:\/\/ferne-welten.com\/wp-content\/uploads\/2017\/04\/rotfuchs2.png\"><img loading=\"lazy\" decoding=\"async\" class=\"aligncenter size-full wp-image-1315\" src=\"http:\/\/ferne-welten.com\/wp-content\/uploads\/2017\/04\/rotfuchs2.png\" alt=\"\" width=\"493\" height=\"119\" srcset=\"https:\/\/ferne-welten.com\/wp-content\/uploads\/2017\/04\/rotfuchs2.png 493w, https:\/\/ferne-welten.com\/wp-content\/uploads\/2017\/04\/rotfuchs2-300x72.png 300w\" sizes=\"auto, (max-width: 493px) 100vw, 493px\" \/><\/a><\/p>\n<p style=\"text-align: justify;\">Diese Geborgenheit m\u00f6chte der\u00a0\u201eRotfuchs\u201c\u00a0bieten. Er wirbt mit\u00a0\u201eN\u00e4he, W\u00e4rme, Verwurzelung\u201c\u00a0und\u201eGeborgenheit\u201c\u00a0(Nr. 73, 02\/2004). Diese Angebot nutzen nach eigenen Angaben 25.000 st\u00e4ndige Leser_innen. Damit geh\u00f6re man\u00a0\u201ezu den tonangebenden und Ma\u00dfst\u00e4be setzenden linken Publikationen in Deutschland\u201c, behauptet der\u00a0\u201eRotfuchs\u201c\u00a0(Nr. 100, 05\/2006).<\/p>\n<p style=\"text-align: justify;\"><strong>Gegen \u201eParasiten\u201c<\/strong><\/p>\n<p style=\"text-align: justify;\">Parteipolitisch steht der Rotfuchs fast ganz alleine da. Die Linkspartei sei sozialdemokratisch, die\u00a0Deutsche Kommunistische Partei\u00a0revisionistisch und auch die anderen K-Gruppen erf\u00fcllen nicht das, was der\u201eRotfuchs\u201c\u00a0von echten\u00a0\u201eKommunisten-Sozialisten\u201c\u00a0erwartet.<\/p>\n<p style=\"text-align: justify;\">Die Partei die Linke wurde schon zu PDS-Zeiten als Partei des\u00a0\u201eantimarxistischen Revisionismus\u201c\u00a0(Nr. 25, 02\/2000) angegriffen. Die Aufgabe der Zeitung sei es\u00a0\u201eRevisionisten in der Arbeiterbewegung und Opportunisten unter den Linken beharrlich zu attackieren\u201c\u00a0(Nr. 31, 08\/2000). Gemeint sind hier eigentlich alle anderen Linken, die die plumpe Nostalgie und die unkritische Huldigung der DDR nicht mitmachen wollen. Radikale Linke werden mit dem Verweis auf Lenin und dessen Buch\u00a0\u201eDer \u201alinke Radikalismus\u2018 \u2013 die Kinderkrankheit im Kommunismus\u201c\u00a0abgewatscht. Die Redaktion des\u00a0\u201eRotfuchs\u201c\u00a0sieht in vielen Personen aus dem linken Spektrum den Feind und formuliert auch daher ein\u00a0\u201eFeindbild\u201c.<\/p>\n<p style=\"text-align: justify;\">Besonders die Gruppe\u00a0\u201ekleinb\u00fcrgerlicher Intellektueller\u201c, gemeint\u00a0ist\u00a0Gregor Gysi, wird ein ums andere Mal angegriffen. Innerhalb linker Parteistrukturen sieht der\u201eRotfuchs\u201c\u00a0gar eine\u00a0\u201e\u201af\u00fcnfte Kolonne\u2018 bestehen\u201c\u00a0(Nr. 65, 06\/2003). Von den\u00a0\u201eIntellektuellen\u201c\u00a0und der\u201eKolonne\u201c\u00a0f\u00fchlt sich der\u00a0\u201eRotfuchs\u201c\u00a0ganz besonders bedroht. Schlie\u00dflich w\u00fcrde\u00a0\u201eder Gegner\u201c\u00a0sich der\u201egezielten Zersetzung\u201c\u00a0und\u00a0\u201eder Unterwanderung\u201c\u00a0bedienen (Nr. 95, 12\/2005). So\u00a0bedient man immer wieder ein antiintellektuelles Ressentiment.<\/p>\n<p style=\"text-align: justify;\">Die heutige Nationalsozialisten seien keine\u00a0\u201eHauptgefahr\u201c, belehrt der\u00a0\u201eRotfuchs\u201c\u00a0seine Leser. Die wirkliche Gefahr seien die\u00a0\u201eFaschisierer\u201c, die sich\u00a0\u201eeloquent geben\u201c\u00a0und\u00a0\u201eTennis und Golf\u201c\u00a0spielen (Nr. 46, 09\/2001):\u00a0\u201eDer heutige Faschismus tr\u00e4gt Nadelstreifen und ist in den b\u00fcrgerlichen Parteien verankert\u201c(Nr. 86, 03\/2005), behauptet der\u00a0\u201eRotfuchs\u201c. Jeder einzelne Politiker sei jedoch nur ein\u00a0\u201eStrohmann der eigentlichen Regisseure\u201c\u00a0(Nr. 96, 01\/2006). Diesen\u00a0\u201eAusbeutern und Parasiten\u201c\u00a0hat man den Kampf angesagt.<\/p>\n<p style=\"text-align: justify;\">Es ist die Sprache des personifizierten Antikapitalismus, die vom\u00a0\u201eRotfuchs\u201c\u00a0genutzt\u00a0wird. Das\u00a0<a href=\"http:\/\/jungle-world.com\/artikel\/2011\/28\/43608.html\">erinnert\u00a0<\/a>an antisemitische Karikaturen aus den zwanziger Jahren des letzten Jahrhunderts, die auch in den Presseerzeugnissen der Kommunistischen Partei Deutschlands zu finden waren:\u00a0\u201eAuf der Titelseite zeigte die Rote Fahne 1925 einen muskul\u00f6sen Arbeiter, der mit nacktem Oberk\u00f6rper in einer Fabriklandschaft steht. In seinen kr\u00e4ftigen H\u00e4nden h\u00e4lt er zwei kleine, dickliche Menschen, durch ihre Kleidung als Industriekapitalist und Gro\u00dfgrundbesitzer zu erkennen. Daneben ist zu lesen: \u201aEntfernt die Parasiten. W\u00e4hlt Kommunisten\u2018\u201c.\u00a0\u00c4hnliche Karikaturen finden sich auch im\u00a0\u201eRotfuchs\u201c. Dort sind dickb\u00e4uchige Kapitalisten zu sehen, die sich am Leid der Arbeiter_innen laben.<\/p>\n<p style=\"text-align: justify;\">Im\u00a0\u201eRotfuchs\u201c\u00a0finden sich Theorien \u00fcber die Einwanderung, die als Tat der\u00a0\u201eKapitalisten\u201cgedeutet wird. Dort wird zwar beklagt, dass\u00a0\u201epolitische Migranten schroff\u201c\u00a0zur\u00fcckgewiesen werden. Anderseits spricht man aber von\u00a0\u201e\u201aMenschenstr\u00f6men\u2018\u201c, die nach Deutschland geholt werden w\u00fcrden:\u00a0\u201eMan denke nur an die massenhafte Aufnahme albanischer UCK-Terroristen (\u2026) und die Zuwanderung fragw\u00fcrdiger ukrainischer Antragsteller\u201c, hei\u00dft es im\u00a0\u201eRotfuchs\u201c\u00a0(Nr. 87, 04\/2005). Statt f\u00fcr\u00a0\u201eZuwanderung\u201c\u00a0durch Ukrainer erw\u00e4rmt man sich im\u00a0\u201eRotfuchs\u201c\u00a0eher f\u00fcr die\u00a0\u201eVolkstribune\u201c\u00a0Lateinamerikas. Das\u00a0\u201eanfeuernde Beispiel solcher Pers\u00f6nlichkeiten wie Venezuelas Pr\u00e4sidenten Hugo Chavez (\u2026), Bolivens Evo Morales, der die indianische Komponente einbringt (\u2026)\u201c\u00a0sei von\u00a0\u201ehohem Wert\u201c, lobt die Zeitschrift (Nr. 110, 03\/2007).<\/p>\n<p style=\"text-align: justify;\"><strong>Gegen \u201eCowboys\u201c<\/strong><\/p>\n<p style=\"text-align: justify;\">Au\u00dfenpolitisch erf\u00fcllt die Zeitschrift jedes Klischee, so dass man bei einigen Artikeln geneigt ist, an Satire zu glauben. Doch die antiamerikanische und antiisraelische Hetze ist durchaus ernst gemeint. Washington sei das\u00a0\u201eMekka der Manipulierung\u201c, das an der Spitze der\u00a0\u201eFaschisierer\u201c\u00a0stehen w\u00fcrden. \u00dcberhaupt werden\u00a0\u201edie V\u00f6lker des Westens von Erpressern regiert\u201c, die dem 11. September 2001 als Fanal genutzt h\u00e4tten. Dabei sei der Terroranschlag auf das World Trade Center doch\u00a0\u201evermutlich vom eigenen Geheimdienst \u201aangeregt\u201c\u00a0worden, behauptet der \u201eRotfuchs\u201c (Nr. 130, 11\/2008) und vergleicht diesen Terroranschlag immer wieder mit dem Reichstagsbrand.<\/p>\n<p style=\"text-align: justify;\">Im\u00a0\u201eRotfuchs\u201c\u00a0finden sich allerdings auch noch andere Verschw\u00f6rungstheorien. Der damalige Pr\u00e4sident John F. Kennedy sei\u00a0\u201ewohl vom eigenen Geheimdienst erschossen\u201c\u00a0worden, weil er die Macht der Banken brechen wollte, hei\u00dft es in einem verschw\u00f6rungstheoretischen Text, der von den\u00a0\u201eRothschilds und Rockefellers\u201c\u00a0spricht und mit dieser Chiffre einen strukturellen Antisemitismus betreibt (Nr. 125, 06\/2008).<\/p>\n<p style=\"text-align: justify;\">\u201eSie\u201c\u00a0w\u00fcrden\u00a0\u201eihre L\u00fcge vom \u201aAngriff auf Amerika\u2018\u201c\u00a0dazu benutzen Kriege zu f\u00fchren (Nr. 47, 12\/2001), deswegen m\u00fcssen\u00a0\u201esie\u201c\u00a0vor ein Kriegsgericht gestellt werden, fordert der\u00a0\u201eRotfuchs\u201c. Diese Phantasie, die amerikanischen Politiker_innen vor einem Gerichtshof zu verurteilen, findet sich oftmals in dieser Zeitschrift, die amerikanische Politiker_innen immer wieder in die N\u00e4he zum Nationalsozialismus r\u00fcckt:\u00a0\u201eWer (\u2026) den Erstschlag propagiert, geh\u00f6rt ge\u00e4chtet und gerichtet. N\u00fcrnberg l\u00e4sst gr\u00fc\u00dfen\u201c\u00a0(Nr. 59, 12\/2002).<\/p>\n<p style=\"text-align: justify;\">Hinter den amerikanischen Politikern verortet der\u00a0\u201eRotfuchs\u201c\u00a0jedoch ganz andere:\u00a0\u201eHinter ihnen stehen jene, die Amerika tats\u00e4chlich regieren. Sie verfolgen einen diabolischen Plan zur Erorberung der Welt\u201c\u00a0(Nr. 61, 02\/2003). Der Au\u00dfenpolitik der USA werden\u00a0\u201efaschistische Z\u00fcge\u201c\u00a0unterstellt, die es\u00a0\u201eseit Hitler\u201c\u00a0nicht mehr gegeben h\u00e4tte.<\/p>\n<p style=\"text-align: justify;\">Nicht nur w\u00e4hrend des Irakkriegs wurde das Feindbild des\u00a0\u201eCowboys aus Texas\u201c, des \u201eGeisteskranken\u201c George W. Bush, aufgegriffen, der\u00a0\u201ein die Zwangsjacke\u201c\u00a0geh\u00f6re, weil er\u00a0\u201eim Geiste Hitlers\u201c\u00a0agieren w\u00fcrde (Nr. 63, 04\/2003).<\/p>\n<p style=\"text-align: justify;\">Vergebliche Hoffnung setzte der\u00a0\u201eRotfuchs\u201c\u00a0damals zun\u00e4chst in der irakischen Armee, die\u00a0\u201etapfer und ausdauernd ihre Heimat, ihr Volk gegen\u201c\u00a0die\u00a0\u201eInvasoren\u201c\u00a0verteidigte. Man verdammte den \u201eAbschaum der Auslandsiraker\u201c, die sich als\u00a0\u201eCIA-Marionetten\u201c\u00a0zur Verf\u00fcgung stellen w\u00fcrde und konstatierte befriedigt:\u00a0\u201eNie war der Hass auf die Regierenden der Vereinigten Staaten so gro\u00df\u201c\u00a0(Nr. 64, 05\/2003).<\/p>\n<p style=\"text-align: justify;\">Der Hass auf die Vereinigten Staaten f\u00fchrt beim\u00a0\u201eRotfuchs\u201c\u00a0dazu, dass man sich mit allen Regimes verbunden f\u00fchlt, die den USA den geistigen Krieg erkl\u00e4rt haben. Fr\u00fcher war es der Irak, heute ist es das antisemitische Regime im Iran, in das Hoffnungen gesetzt werden.<\/p>\n<p style=\"text-align: justify;\">Die Iraker sah man bereits 2004 ganz besonders bedroht. Die\u00a0Giftgasopfer des Baath-Regimes\u00a0um Saddam Hussein spielten keine Rolle. Schlie\u00dflich geht es in der Zeitung um einen unb\u00e4ndigen Hass auf die Vereinigten Staaten, der diesem Staat alles zutraut. Damals sprach man von dem von\u00a0\u201eAusrottung bedrohten irakische Volk\u201c. Damals halluzinierte der\u00a0\u201eRotfuchs\u201c\u00a0von der Gefahr eines Angriffs der USA auf den Iran, Nordkorea und Kuba durch\u00a0\u201edie Kriegsbesessenen in Washington\u201c\u00a0(Nr. 83, 12\/2004).<\/p>\n<p style=\"text-align: justify;\">Das ist nicht eingetreten, weil die Behauptungen des\u201eRotfuchs\u201c\u00a0aus einer paranoiden Angst vor den USA entsprungen sind, die diesem Staat einen Drang nach Weltherrschaft und Vernichtung unterstellt.<\/p>\n<p style=\"text-align: justify;\">Pr\u00e4sident Obama hielt man zun\u00e4chst zugute, dass er auf die\u00a0\u201eCowboyrhetorik\u201c\u00a0verzichten w\u00fcrde. Allerdings nahm es der \u201eRotfuchs\u201c\u00a0ihm \u00fcbel, dass er in der\u00a0\u201eKernfrage des Nahostkonflikts (\u2026) nichts Greifbares, nichts Neues\u201c\u00a0geboten h\u00e4tte (Nr. 139, 08\/2009). Etwaige Sympathien hat Obama allerdings mit dem Tod Osama bin Ladens verspielt. In einem Artikel wurde die Behauptung aufgestellt, dass\u00a0\u201edie T\u00f6tung von Menschen in den USA offenbar einen ganz besonderen Grundwert darstellt\u201c\u00a0(Nr. 163, 08\/2011). W\u00e4hrend die Opfer des islamistischen Anschlags auf das World Trade Center im\u00a0\u201eRotfuchs\u201c\u00a0kein Mitleid erwarten durften, wurde Osama bin Ladens Tod\u00a0ganz deutsch\u00a0betrauert.<\/p>\n<p style=\"text-align: justify;\"><strong>Gegen Israel<\/strong><\/p>\n<p style=\"text-align: justify;\">Kriege beklagt die Zeitschrift immer dann, wenn sie von sogenannten\u00a0\u201eimperialistischen Staaten\u201c\u00a0gef\u00fchrt werden. Das Vorgehen der russischen Armee in Tschetschenien spielt beispielsweise keine Rolle. Andere Kriegsparteien werden sogar mit Sympathie bedacht.<\/p>\n<p style=\"text-align: justify;\">Diese vermeintlichen Friedensfreunde haben mit Kriegen kein Problem, solange sie von den richtigen Gruppen und Staaten gef\u00fchrt werden. So finden sich im\u00a0\u201eRotfuchs\u201c\u00a0auch immer wieder Huldigungen des\u00a0\u201epal\u00e4stinensischen Volkes\u201c\u00a0und seiner Organisationen.<\/p>\n<p style=\"text-align: justify;\">Vor allem das Vorgehen der israelischen Armee ist seit Jahren Anlass f\u00fcr andauernde Hetze. Es ist\u00a0das Bild\u00a0\u201edes alles niedertrampelnden, auf territoriale Expansion und v\u00f6lkische Homogenit\u00e4t setzenden Israeli\u201c, das vom\u00a0\u201eRotfuchs\u201c\u00a0propagiert wird.<\/p>\n<p style=\"text-align: justify;\">Grunds\u00e4tzlich ist von\u00a0\u201eTel Aviv\u201c\u00a0die Rede, weil Jerusalem f\u00fcr den\u00a0\u201eRotfuchs\u201c\u00a0nicht die Hauptstadt des israelischen Staates ist.\u00a0\u201eTel Aviv\u201c\u00a0w\u00fcrde einen \u201eAusrottungskrieg gegen die Pal\u00e4stinenser\u201c\u00a0f\u00fchren. Die israelische Regierung sei f\u00fcr den grassierenden Antisemitismus verantwortlich, nicht nur weil\u00a0\u201eseine reihenweise niedergem\u00e4hten Opfer Reihenweise semitische Araber\u201c\u00a0seien, sondern weil sie mit\u00a0\u201eihrem Blutbad\u201c\u00a0die\u00a0\u201eschlimmste antisemitische Welle seit Jahren ausgel\u00f6st\u201c\u00a0h\u00e4tten (Nr. 51, 04\/2002).<\/p>\n<p style=\"text-align: justify;\">Hier wird einerseits die dumpfe Propaganda, auch bei Araber_innen\u00a0\u201ehandele es sich um Semiten\u201c, deswegen sei das Vorgehen der israelischen Regierung antisemitisch, aufgew\u00e4rmt. Andererseits reproduziert der\u00a0\u201eRotfuchs\u201c\u00a0das antisemitische Klischee, das J\u00fcdinnen und Juden f\u00fcr den Antisemitismus verantwortlich macht, indem das Handeln der israelischen Regierung als letztendlicher Ausl\u00f6ser f\u00fcr Hakenkreuze auf j\u00fcdischen Friedh\u00f6fen oder Brandstiftungen auf Synagogen gedeutet wird.<\/p>\n<p style=\"text-align: justify;\">Die Situation der\u00a0\u201ePal\u00e4stinenser\u201c\u00a0wird ein ums andere Mal mit der Situation der J\u00fcdinnen und Juden in Nazi-Deutschland gleichgesetzt:\u00a0\u201eSeit 40 Jahren sind die pal\u00e4stinensischen B\u00fcrger f\u00fcr Tel Aviv Freiwild \u2013 wie die Juden unter Hitler\u201c\u00a0(Nr. 124, 05\/2008). Ein H\u00f6hepunkt dieser Hetze ist sicherlich eine \u00dcberschrift, die dem israelischen Staat einen\u00a0\u201eAmoklauf\u201c\u00a0unterstellt:\u00a0\u201eIsraels antisemitischer Amoklauf im Ghetto Gaza\u201c, hei\u00dft es in einer Rotfuchsausgabe aus dem Jahr 2009 (Nr. 133, 02\/2009).<\/p>\n<p style=\"text-align: justify;\">Dem\u00a0\u201epal\u00e4stinensischen Volk\u201c\u00a0und der Hamas gilt dagegen s\u00e4mtliche Sympathie des\u00a0\u201eRotfuchs\u201c:\u00a0\u201eDie Hamas ist nicht das Monster, das man uns permanent einreden will. Sie ist eine rechtskonservative, aber legitime Partei, die auf korrekte Weise gew\u00e4hlt wurde\u201c. Diese antisemitische Organisation wird zu einem\u201estrategischen Verb\u00fcndeten\u201c\u00a0im\u00a0\u201eKampf gegen Besatzung\u201c. \u201eIch \u00fcbe Solidarit\u00e4t mit der Hamas\u201c, schreibt ein\u00a0\u201eRotfuchs\u201c-Autor stolz im Jahr 2010 (Nr. 154, 11\/2010).<\/p>\n<p style=\"text-align: justify;\">Die industrielle Vernichtung der J\u00fcdinnen und Juden wird wiederum mit dem Verweis auf andere Opfer relativer:\u00a0\u201eWer das Wesen des deutschen Faschismus auf den mit dem Wort Holocaust umschriebene Genozid an j\u00fcdischen Menschen einengt, verschweigt die weitaus umfassendere Barbarei des Hitlerfaschismus. Fast 25 Millionen Sowjetb\u00fcrger, Millionen Polen, Sinti und Roma fielen dem W\u00fcten der deutschen Faschisten zum Opfer\u201c, hei\u00dft es in einem Rotfuchs-Artikel (Nr. 135, 04\/09) Der israelische Staat wird als\u00a0\u201evon den USA aus gesteuerter Hort des j\u00fcdischen Monopolkapitals\u201c\u00a0bezeichnet. Diese antisemitische Legende vom\u00a0\u201ej\u00fcdischen Monopolkapital\u201c\u00a0wird auch im Rotfuchs aufgew\u00e4rmt. Dort findet sich viel unverhohlenere antisemitische Hetze.<\/p>\n<p style=\"text-align: justify;\"><strong>Gegen\u00a0\u201edie Rotschilds\u201c<\/strong><\/p>\n<p style=\"text-align: justify;\">Es seien die Banken gewesen, die\u00a0\u201edurch die Rothschilds kontrolliert\u201c\u00a0werden, die die\u00a0\u201eFederal Reserve Bank\u201c\u00a0in den USA geschaffen h\u00e4tten, hei\u00dft es beispielsweise in einem Artikel, der sich der Rothschilds bedient, um mit dieser Chiffre antisemitische Hetze zu betreiben (Nr 129, 10\/2008).In der neuesten Ausgabe (Nr. 164, 09\/2011) der\u00a0\u201elinken\u201c\u00a0Monatszeitschrift\u00a0\u201eRotfuchs\u201c\u00a0erreicht diese antisemitische Hetze einen weiteren H\u00f6hepunkt.<\/p>\n<p style=\"text-align: justify;\">Im\u00a0Leitartikel schreibt der Chefredakteur Klaus Steininger, von dem eine Vielzahl der hier zitierten Artikel stammt, einen weiteren Beitrag, dessen Antisemitismus offensichtlich ist. Es geht mal wieder um\u00a0\u201edie Rothschilds\u201c, die von Antisemiten oftmals herangezogen werden, wenn es darum geht die angebliche j\u00fcdische Macht zu beschreiben.<\/p>\n<p style=\"text-align: justify;\">Auch die Nationalsozialisten nutzten diesen Namen, um eine \u00fcble antisemitische Hetze zu betreiben. Davon zeugen unter anderem\u00a0verschiedene\u00a0Propaganda-Filme. Die Nationalsozialisten nutzten diesen Namen, um auf ein angebliches\u00a0\u201ej\u00fcdisches Finanzkapital\u201c\u00a0hinzuweisen:\u00a0\u201eDas Haus Rothschild ist nur ein Beispiel f\u00fcr die Taktik der Juden, das Netz ihres finanziellen Einflusses \u00fcber die arbeitende Menschheit zu spannen\u201c, hei\u00dft es in dem\u00a0antisemitischen Hetzfilm\u00a0\u201eDer ewige Jude\u201c,<\/p>\n<p style=\"text-align: justify;\">Bis heute erfreuen sich\u00a0derartige Verschw\u00f6rungstheorien, die den Rothschilds eine ungeheure Macht nachsagen einer ebenso ungeheuren Beliebtheit.\u00a0\u201eDie Rothschilds\u201c, die es in dieser Form nie gab, werden von Antisemiten verschiedenster Couleur herangezogen, um antisemitische Verschw\u00f6rungstheorien zu propagieren.<\/p>\n<p style=\"text-align: justify;\">Im\u00a0\u201eRotfuchs\u201c-Beitrag werden\u00a0\u201edie Rothschilds\u201c\u00a0als Kr\u00e4fte beschrieben, die f\u00fcr den weltweiten Kapitalismus verantwortlich gemacht werden: Dieser\u00a0\u201eClan\u201c,\u00a0\u201eder bis 1901 in Deutschland operierte und dann von London und Paris aus die koloniale Expansion Englands und Frankreichs vorantrieb, war und ist das Kapital selbst\u201c, hei\u00dft es gleich zu Beginn des Beitrags. Der\u00a0\u201eClan\u201c\u00a0dient als absolute Personifizierung des Kapitals. Der\u00a0\u201eRotfuchs\u201c-Chefredakteur beschreibt also eine j\u00fcdische Familie als\u00a0\u201edas Kapital selbst\u201c\u00a0und betreibt auf diese Art und Weise eine ungeheurere Hetze, die an die Propaganda der Nationalsozialisten erinnert.<\/p>\n<p style=\"text-align: justify;\">Diese Hetze erinnert allerdings auch an die Propaganda der Kommunistischen Partei Deutschlands, die in den zwanziger Jahren des letzten Jahrhunderts gegen das\u00a0\u201eJudenkapital\u201c\u00a0hetzte.\u00a0\u201eSie rufen auf gegen das Judenkapital, meine Herren? Wer gegen das Judenkapital aufruft, meine Herren, ist schon Klassenk\u00e4mpfer, auch wenn er es nicht wei\u00df. Sie sind gegen das Judenkapital und wollen die B\u00f6rsenjobber niederk\u00e4mpfen. Recht so. Tretet die Judenkapitalisten nieder, h\u00e4ngt sie an die Laterne, zertrampelt sie\u201c, hetzte das ZK-Mitglied Ruth Fischer am 25. Juli 1923 in einer Versammlung, an der auch v\u00f6lkische Kommilitonen teilnahmen.<\/p>\n<p style=\"text-align: justify;\">In dieser Tradition des\u00a0\u201elinken\u201c\u00a0Antisemitismus steht auch Klaus Steininger und sein\u00a0\u201eRotfuchs\u201c, in dem \u201edie Rothschilds\u201c\u00a0tats\u00e4chlich\u00a0\u201eals das Kapital selbst\u201c\u00a0beschrieben werden. Er geht allerdings noch \u00fcber diesen\u00a0\u201elinken\u201c\u00a0Antisemitismus hinaus. Ruth Fischer fragte am Ende ihrer Rede\u00a0\u201ewie stehen Sie zu den Gro\u00dfkapitalisten, den Stinnes, Kl\u00f6ckner?\u201c. Klaus Steininger erw\u00e4hnt keine anderen\u00a0\u201eGro\u00dfkapitalisten\u201c, sondern behauptet, dass es\u201edie Rothschilds\u201c\u00a0seien, die\u00a0\u201edas Kapital selbst\u201c\u00a0sind.<\/p>\n<p style=\"text-align: justify;\">In dem Artikel finden sich alle Versatzst\u00fccke, f\u00fcr die der\u00a0\u201eRotfuchs\u201c\u00a0in den vergangenen Jahren stand. \u201eAuschwitz war kein \u201adeutscher Genozid\u2018, sondern eine Ausgeburt der faschistischen Herrschaftsform des Kapitalismus\u201c, hei\u00dft es dort beispielsweise. Dort findet sich auch ein plumper Antiamerikanismus, der das\u00a0Massaker im vietnamnesischen My Lai\u00a0als\u00a0\u201eAmoklauf vertierter S\u00f6ldner im Dienste des Monopolkapitals der Vereinigten Staaten\u201c\u00a0darstellt.<\/p>\n<p style=\"text-align: justify;\">In seinem Artikel wiederholt Steininger die Behauptung,\u00a0\u201eda\u00df Araber \u2013 also auch die durch Israel drangsalierten und in Gaza ghettoisierten Pal\u00e4stinenser \u2013 wie die Juden Semiten sind\u201c\u00a0und zieht die Schlussfolgerung:\u00a0\u201eDie fanatischsten Antisemiten findet man derzeit im Kabinett Netanjahu\u201c.\u00a0\u201eDas, was in und um Gaza geschieht, ist daher ein antisemitisches Verbrechen\u201c, behauptet Steininger. Er endet mit der Verschw\u00f6rungstheorie von einer\u00a0\u201eprozionistischen Israel-Lobby\u201c\u00a0in der Partei die Linke, bei der der\u00a0\u201eBerliner USBotschafter\u201c\u00a0seine\u00a0\u201eHand im Spiel gehabt haben k\u00f6nnte\u201c. Der Artikel gipfelt der Aufforderung,\u00a0\u201edie entschlossene Attacke auf die Rothschilds\u201c\u00a0zu f\u00fchren.<\/p>\n<p style=\"text-align: justify;\">Es ist ein offener Antisemitismus, der den Leser_innen aus dem\u00a0\u201eRotfuchs\u201c entgegen schreit. Wenn diese \u00fcble Zeitschrift wirklich zu den\u00a0\u201etonangebenden und Ma\u00dfst\u00e4be setzenden linken Publikationen in Deutschland\u201c\u00a0geh\u00f6rt, wie es die Macher des Blattes behaupten, steht es mehr als schlecht um die die Linke. Sie ist dann vor allem Deutsch, dass hei\u00dft antisemitisch und antiamerikanisch.<\/p>\n<p style=\"text-align: justify;\">Hier sind\u00a0\u201eZerfallstendenzen\u201c\u00a0<a href=\"http:\/\/schule.judentum.de\/nationalsozialismus\/adorno.htm\">erkennbar<\/a>, die \u201edicht unter der Oberfl\u00e4che des geordneten, zivilisatorischen Lebens, \u00e4u\u00dferst weit fortgeschritten\u201c\u00a0sind. Der offene Antisemitismus, die Forderung\u00a0\u201edie entschlossene Attacke auf die Rothschilds\u201c\u00a0zu f\u00fchren, verr\u00e4t einiges \u00fcber den Zustand dieser deutschen Linken, der man \u2013 nicht nur aber vor allem aus diesem Grund \u2013 nur mit Feindseligkeit begegnen kann. Der\u00a0\u201eRotfuchs\u201c\u00a0steht jeder emanzipatorischen Entwicklung im Wege und ist nicht Teil der L\u00f6sung, sondern Teil des Problems, das sich Deutschland nennt.<\/p>\n<div id=\"cmnt\" style=\"text-align: justify;\"><\/div>\n<div id=\"google-wrapper\" class=\"bs_advert\" style=\"text-align: justify;\"><\/div>\n<\/div>\n<a class=\"synved-social-button synved-social-button-share synved-social-size-32 synved-social-resolution-single synved-social-provider-facebook nolightbox\" data-provider=\"facebook\" target=\"_blank\" rel=\"nofollow\" title=\"Auf Facebook teilen\" href=\"https:\/\/www.facebook.com\/sharer.php?u=https%3A%2F%2Fferne-welten.com%2Findex.php%3Frest_route%3D%252Fwp%252Fv2%252Fposts%252F1314&#038;t=Hetze%2C%20Hass%20%26%20Propaganda&#038;s=100&#038;p&#091;url&#093;=https%3A%2F%2Fferne-welten.com%2Findex.php%3Frest_route%3D%252Fwp%252Fv2%252Fposts%252F1314&#038;p&#091;images&#093;&#091;0&#093;=http%3A%2F%2Fferne-welten.com%2Fwp-content%2Fuploads%2F2017%2F04%2Frotfuchs2.png&#038;p&#091;title&#093;=Hetze%2C%20Hass%20%26%20Propaganda\" style=\"font-size: 0px;width:32px;height:32px;margin:0;margin-bottom:5px;margin-right:5px\"><img loading=\"lazy\" decoding=\"async\" alt=\"Facebook\" title=\"Auf Facebook teilen\" class=\"synved-share-image synved-social-image synved-social-image-share\" width=\"32\" height=\"32\" style=\"display: inline;width:32px;height:32px;margin: 0;padding: 0;border: none;box-shadow: none\" src=\"https:\/\/ferne-welten.com\/wp-content\/plugins\/social-media-feather\/synved-social\/addons\/extra-icons\/image\/social\/circle\/64x64\/facebook.png\" \/><\/a><a class=\"synved-social-button synved-social-button-share synved-social-size-32 synved-social-resolution-single synved-social-provider-twitter nolightbox\" data-provider=\"twitter\" target=\"_blank\" rel=\"nofollow\" title=\"Auf Twitter teilen\" href=\"https:\/\/twitter.com\/intent\/tweet?url=https%3A%2F%2Fferne-welten.com%2Findex.php%3Frest_route%3D%252Fwp%252Fv2%252Fposts%252F1314&#038;text=Hey%20check%20this%20out\" style=\"font-size: 0px;width:32px;height:32px;margin:0;margin-bottom:5px;margin-right:5px\"><img loading=\"lazy\" decoding=\"async\" alt=\"twitter\" title=\"Auf Twitter teilen\" class=\"synved-share-image synved-social-image synved-social-image-share\" width=\"32\" height=\"32\" style=\"display: inline;width:32px;height:32px;margin: 0;padding: 0;border: none;box-shadow: none\" src=\"https:\/\/ferne-welten.com\/wp-content\/plugins\/social-media-feather\/synved-social\/addons\/extra-icons\/image\/social\/circle\/64x64\/twitter.png\" \/><\/a><a class=\"synved-social-button synved-social-button-share synved-social-size-32 synved-social-resolution-single synved-social-provider-reddit nolightbox\" data-provider=\"reddit\" target=\"_blank\" rel=\"nofollow\" title=\"Auf Reddit teilen\" href=\"https:\/\/www.reddit.com\/submit?url=https%3A%2F%2Fferne-welten.com%2Findex.php%3Frest_route%3D%252Fwp%252Fv2%252Fposts%252F1314&#038;title=Hetze%2C%20Hass%20%26%20Propaganda\" style=\"font-size: 0px;width:32px;height:32px;margin:0;margin-bottom:5px;margin-right:5px\"><img loading=\"lazy\" decoding=\"async\" alt=\"reddit\" title=\"Auf Reddit teilen\" class=\"synved-share-image synved-social-image synved-social-image-share\" width=\"32\" height=\"32\" style=\"display: inline;width:32px;height:32px;margin: 0;padding: 0;border: none;box-shadow: none\" src=\"https:\/\/ferne-welten.com\/wp-content\/plugins\/social-media-feather\/synved-social\/addons\/extra-icons\/image\/social\/circle\/64x64\/reddit.png\" \/><\/a><a class=\"synved-social-button synved-social-button-share synved-social-size-32 synved-social-resolution-single synved-social-provider-pinterest nolightbox\" data-provider=\"pinterest\" target=\"_blank\" rel=\"nofollow\" title=\"Auf Pinterest pinnen\" href=\"https:\/\/pinterest.com\/pin\/create\/button\/?url=https%3A%2F%2Fferne-welten.com%2Findex.php%3Frest_route%3D%252Fwp%252Fv2%252Fposts%252F1314&#038;media=http%3A%2F%2Fferne-welten.com%2Fwp-content%2Fuploads%2F2017%2F04%2Frotfuchs2.png&#038;description=Hetze%2C%20Hass%20%26%20Propaganda\" style=\"font-size: 0px;width:32px;height:32px;margin:0;margin-bottom:5px;margin-right:5px\"><img loading=\"lazy\" decoding=\"async\" alt=\"pinterest\" title=\"Auf Pinterest pinnen\" class=\"synved-share-image synved-social-image synved-social-image-share\" width=\"32\" height=\"32\" style=\"display: inline;width:32px;height:32px;margin: 0;padding: 0;border: none;box-shadow: none\" src=\"https:\/\/ferne-welten.com\/wp-content\/plugins\/social-media-feather\/synved-social\/addons\/extra-icons\/image\/social\/circle\/64x64\/pinterest.png\" \/><\/a><a class=\"synved-social-button synved-social-button-share synved-social-size-32 synved-social-resolution-single synved-social-provider-linkedin nolightbox\" data-provider=\"linkedin\" target=\"_blank\" rel=\"nofollow\" title=\"Auf Linkedin teilen\" href=\"https:\/\/www.linkedin.com\/shareArticle?mini=true&#038;url=https%3A%2F%2Fferne-welten.com%2Findex.php%3Frest_route%3D%252Fwp%252Fv2%252Fposts%252F1314&#038;title=Hetze%2C%20Hass%20%26%20Propaganda\" style=\"font-size: 0px;width:32px;height:32px;margin:0;margin-bottom:5px;margin-right:5px\"><img loading=\"lazy\" decoding=\"async\" alt=\"linkedin\" title=\"Auf Linkedin teilen\" class=\"synved-share-image synved-social-image synved-social-image-share\" width=\"32\" height=\"32\" style=\"display: inline;width:32px;height:32px;margin: 0;padding: 0;border: none;box-shadow: none\" src=\"https:\/\/ferne-welten.com\/wp-content\/plugins\/social-media-feather\/synved-social\/addons\/extra-icons\/image\/social\/circle\/64x64\/linkedin.png\" \/><\/a><a class=\"synved-social-button synved-social-button-share synved-social-size-32 synved-social-resolution-single synved-social-provider-tumblr nolightbox\" data-provider=\"tumblr\" target=\"_blank\" rel=\"nofollow\" title=\"\u00dcber Tumblr teilen\" href=\"https:\/\/tumblr.com\/share?s=&#038;v=3&#038;t=Hetze%2C%20Hass%20%26%20Propaganda&#038;u=https%3A%2F%2Fferne-welten.com%2Findex.php%3Frest_route%3D%252Fwp%252Fv2%252Fposts%252F1314\" style=\"font-size: 0px;width:32px;height:32px;margin:0;margin-bottom:5px;margin-right:5px\"><img loading=\"lazy\" decoding=\"async\" alt=\"tumblr\" title=\"\u00dcber Tumblr teilen\" class=\"synved-share-image synved-social-image synved-social-image-share\" width=\"32\" height=\"32\" style=\"display: inline;width:32px;height:32px;margin: 0;padding: 0;border: none;box-shadow: none\" src=\"https:\/\/ferne-welten.com\/wp-content\/plugins\/social-media-feather\/synved-social\/addons\/extra-icons\/image\/social\/circle\/64x64\/tumblr.png\" \/><\/a><a class=\"synved-social-button synved-social-button-share synved-social-size-32 synved-social-resolution-single synved-social-provider-mail nolightbox\" data-provider=\"mail\" rel=\"nofollow\" title=\"Link per Mail weiterleiten\" href=\"mailto:?subject=Hetze%2C%20Hass%20%26%20Propaganda&#038;body=Hey%20check%20this%20out:%20https%3A%2F%2Fferne-welten.com%2Findex.php%3Frest_route%3D%252Fwp%252Fv2%252Fposts%252F1314\" style=\"font-size: 0px;width:32px;height:32px;margin:0;margin-bottom:5px\"><img loading=\"lazy\" decoding=\"async\" alt=\"mail\" title=\"Link per Mail weiterleiten\" class=\"synved-share-image synved-social-image synved-social-image-share\" width=\"32\" height=\"32\" style=\"display: inline;width:32px;height:32px;margin: 0;padding: 0;border: none;box-shadow: none\" src=\"https:\/\/ferne-welten.com\/wp-content\/plugins\/social-media-feather\/synved-social\/addons\/extra-icons\/image\/social\/circle\/64x64\/mail.png\" \/><\/a>","protected":false},"excerpt":{"rendered":"<p>Die Monatszeitschrift\u00a0\u201eRotfuchs\u201c, die sich als\u00a0\u201eunabh\u00e4ngige kommunistisch-sozialistische Zeitschrift f\u00fcr Politik und Wirtschaft, Kultur und Wissenschaft\u201c\u00a0beschreibt, betreibt eine offensive Verkl\u00e4rung der Vergangenheit. Die Autoren der Zeitschrift haben ein Problem mit\u00a0\u201eIntellektuellen\u201c,\u00a0\u201eCowboys\u201c, Israel sowie angeblichen\u00a0\u201eParasiten\u201c. Dabei geh\u00f6rt eine deutschnationale Verkl\u00e4rung der Deutschen Demokratischen Republik&#8230;<br \/><a class=\"read-more-button\" href=\"https:\/\/ferne-welten.com\/?p=1314\">Read more<\/a><\/p>\n","protected":false},"author":1,"featured_media":0,"comment_status":"open","ping_status":"open","sticky":false,"template":"","format":"standard","meta":{"footnotes":""},"categories":[79],"tags":[417,303,107,504,287,502,295,503],"class_list":["post-1314","post","type-post","status-publish","format-standard","hentry","category-mythen","tag-417","tag-anti-amerikanismus","tag-antisemitismus","tag-ddr","tag-israel","tag-klaus-steininger","tag-kpd","tag-rotfuchs"],"_links":{"self":[{"href":"https:\/\/ferne-welten.com\/index.php?rest_route=\/wp\/v2\/posts\/1314","targetHints":{"allow":["GET"]}}],"collection":[{"href":"https:\/\/ferne-welten.com\/index.php?rest_route=\/wp\/v2\/posts"}],"about":[{"href":"https:\/\/ferne-welten.com\/index.php?rest_route=\/wp\/v2\/types\/post"}],"author":[{"embeddable":true,"href":"https:\/\/ferne-welten.com\/index.php?rest_route=\/wp\/v2\/users\/1"}],"replies":[{"embeddable":true,"href":"https:\/\/ferne-welten.com\/index.php?rest_route=%2Fwp%2Fv2%2Fcomments&post=1314"}],"version-history":[{"count":1,"href":"https:\/\/ferne-welten.com\/index.php?rest_route=\/wp\/v2\/posts\/1314\/revisions"}],"predecessor-version":[{"id":1316,"href":"https:\/\/ferne-welten.com\/index.php?rest_route=\/wp\/v2\/posts\/1314\/revisions\/1316"}],"wp:attachment":[{"href":"https:\/\/ferne-welten.com\/index.php?rest_route=%2Fwp%2Fv2%2Fmedia&parent=1314"}],"wp:term":[{"taxonomy":"category","embeddable":true,"href":"https:\/\/ferne-welten.com\/index.php?rest_route=%2Fwp%2Fv2%2Fcategories&post=1314"},{"taxonomy":"post_tag","embeddable":true,"href":"https:\/\/ferne-welten.com\/index.php?rest_route=%2Fwp%2Fv2%2Ftags&post=1314"}],"curies":[{"name":"wp","href":"https:\/\/api.w.org\/{rel}","templated":true}]}}