{"id":1320,"date":"2011-09-05T10:45:21","date_gmt":"2011-09-05T09:45:21","guid":{"rendered":"http:\/\/ferne-welten.com\/?p=1320"},"modified":"2017-04-30T10:46:17","modified_gmt":"2017-04-30T09:46:17","slug":"democrazy","status":"publish","type":"post","link":"https:\/\/ferne-welten.com\/?p=1320","title":{"rendered":"Democrazy"},"content":{"rendered":"<p style=\"text-align: justify;\">Das\u00a0vorerst beendete Camp auf dem Alexanderplatz\u00a0sorgt f\u00fcr Schlagzeilen. Ob in der\u00a0<a href=\"http:\/\/www.taz.de\/Berlin-ist-Madrid-\/!76844\/\">TAZ<\/a>, im\u00a0<a href=\"http:\/\/www.tagesspiegel.de\/berlin\/protest-camper-rufen-zu-neuer-kundgebung-auf\/4546954.html\">Tagesspiegel\u00a0<\/a>oder in dem\u00a0ARD Boulevard-Magazin Brisant: die\u00a0Medien\u00a0berichten einf\u00fchlsam vom Polizeieinsatz gegen die Demonstranten, die sich an einer Kopie der spanischen Proteste versuchten und eine\u00a0\u201eZeltstadt\u201c errichten wollten.<\/p>\n<p style=\"text-align: justify;\"><!--more--><\/p>\n<p style=\"text-align: justify;\">Dies scheiterte aus Mangel an Teilnehmern, auch wenn die Camper einen Polizeieinsatz als Grund verorten. Am 26.08 kam es, nach einem\u00a0\u201eZeltmarsch\u201c\u00a0vom Brandenburger Tor zum Alexanderplatz, zu einem\u00a0Polizeieinsatz, in dessen Folge sieben Demonstranten in Gewahrsam genommen wurden. Diese h\u00e4tten gegen die Demonstrationsauflagen versto\u00dfen und seien einem Platzverweis nicht nachgekommen.<\/p>\n<p style=\"text-align: justify;\">Einer der\u00a0Demonstranten wurde bei dem Polizeieinsatz von einem Cop geschlagen, was aufgenommen wurde. Weil die Videos \u00fcber YouTube verbreitet wurden und sich die Unterst\u00fctzer der Demonstration daranmachten, virtuelle Dienstaufsichtsbeschwerden zu verfassen, ermittelt das Landeskriminalamt\u00a0\u201emit Hochdruck\u201c\u00a0gegen den Polizisten.<\/p>\n<p style=\"text-align: justify;\">Die\u00a0Aktivisten nutzen dieses Ereignis, um f\u00fcr ihr Camp zu werben. Sie gaben flei\u00dfig Interviews:\u00a0\u201eWie hei\u00dft es so sch\u00f6n: Wir brauchen Einigkeit. (\u2026) Einigkeit und Recht und Freiheit f\u00fcr unser Land\u201c, sagte beispielsweise ein Teilnehmer nach der Polizeiaktion auf dem Alexanderplatz:<\/p>\n<blockquote><p>Wir d\u00fcrfen nicht vergessen was passiert. In Tunesien sterben Kinder (\u2026). In Libyen, was da abgeht, wenn die NATO da mit Bomben anr\u00fcckt. Ob Gaddafi ein guter oder schlechter Mann ist, kann ich nicht beurteilen. (\u2026) Ob Adolf Hitler jetzt gut oder schlecht war, da will ich \u00fcberhaupt nicht dr\u00fcber reden. Schei\u00df doch drauf! Ich bin f\u00fcr alle Menschen.<\/p><\/blockquote>\n<p style=\"text-align: justify;\">Ein anderer Teilnehmer\u00a0behauptete, bei der Polizeiaktion habe es sich um ein\u00a0\u201eMarionettentheater der Bilderberger\u201c\u00a0gehandelt. Er warnte vor der\u00a0\u201eNeuen Weltordnung\u201c,\u00a0sprach von\u00a0\u201eGehirnw\u00e4sche\u201c\u00a0und zitierte Hitler. Hinter\u00a0den Bilderberger-Treffen\u00a0vermuten Verschw\u00f6rungsideologen eine geheime\u00a0\u201eElite\u201c, die die\u00a0angebliche\u00a0\u201eNeue Weltordnung\u201c\u00a0durchsetzen wolle und die f\u00fcr alle vermeintlichen oder tats\u00e4chlichen \u00dcbel verantwortlich gemacht wird.<\/p>\n<p style=\"text-align: justify;\">Was die Ziele ihrer\u00a0\u201eBewegung\u201c\u00a0angeht, halten sich die Camper, die nicht zum Campen gekommen sind, weiterhin bedeckt. Man ist ganz idealistisch f\u00fcr\u00a0\u201eechte Demokratie\u201c\u00a0und bezeichnet das Camp als\u00a0\u201eSymbol f\u00fcr einen basisdemokratischen Aufbruch\u201c.<\/p>\n<p style=\"text-align: justify;\">Hier geht es um eine merkw\u00fcrdige Einigkeit, die unabh\u00e4ngig von den politischen Ansichten der Teilnehmer umgesetzt werden soll. Die\u00a0ideologischen Positionen der Teilnehmer spielen\u00a0\u201ekeine Rolle\u201c. Man ist f\u00fcr alles offen,\u00a0\u201esolange die Menschenrechte f\u00fcr alle Teilnehmer G\u00fcltigkeit haben\u201c. Wohl auch daher hat man kein Problem mit der Teilnahme der obskursten Verschw\u00f6rungsfans. \u201eVerb\u00e4nde, Initiativen oder Parteien sind hingegen nicht zugelassen. Mitglieder derselben schon, solange sich alle auf Augenh\u00f6he begegnen\u201c.<\/p>\n<p style=\"text-align: justify;\">Au\u00dferdem wird\u00a0\u201edas Volk\u201c\u00a0als Gegenspieler zur repr\u00e4sentativen Demokratie in Stellung gebracht. Die Organisatoren pflegen einen vollkommen unkritischen Bezug zu \u201eVolk\u201c\u00a0oder\u00a0\u201eNation\u201c. Es f\u00e4llt ihnen schwer sich von rassistischen, antisemitischen und nationalistischen Ideologien eindeutig abzugrenzen.<\/p>\n<p style=\"text-align: justify;\">Das\u00a0<a href=\"http:\/\/www.echte-demokratie-jetzt-hamburg.de\/2011\/08\/07\/hamburger-manifest\/\">Manifest\u00a0<\/a>des Hamburger Ablegers von\u00a0\u201eEchte Demokratie Jetzt\u201c\u00a0, das rassistische und nationalistische Ideen verurteilt, wurde zwar in den letzten Tagen ins Internet gestellt, doch auch kontrovers diskutiert. Es sei\u00a0\u201erecht holprig\u201c, merkt ein Aktivist an. Einige Aktivisten scheinen bereit, zumindest in der \u00d6ffentlichkeit auf die wirrsten Verschw\u00f6rungstheorien zu verzichten.<\/p>\n<p style=\"text-align: justify;\">Weil man sich der guten Presse bewusst ist, will man sich dieser nur ungern verderben. Ein Adminstrator einer\u00a0\u201eAcampada\u201c-Facebook-Gruppe, der ebenfalls im Camp aktiv war,\u00a0schrieb\u00a0dort:<\/p>\n<blockquote><p>Bitte keine VT auf der Demo!Du kannst gerne \u00fcber Uranmunition o.\u00e4. aufkl\u00e4ren, aber bitte nichts so umstrittenes!Die EDJ muss seri\u00f6s auftreten, denkt daran!<\/p><\/blockquote>\n<p style=\"text-align: justify;\">Das ist verwunderlich. Schlie\u00dflich sind im\u00a0Berliner Ableger von\u00a0\u201eEchter Demokratie Jetzt\u201c\u00a0(EDJ) Aktivisten aus der\u00a0\u201eTruther-\u201c\u00a0und\u00a0\u201eInfokriegerszene\u201c\u00a0aktiv. Das bemerkte man bereits\u00a0in der Woche vor dem Polizeieinsatz: Auf dem Alexanderplatz hielt beispielsweise der Verschw\u00f6rungsgl\u00e4ubige Georg\u00a0Berres, der sich auch\u00a0\u201eJesus Urlauber\u201c\u00a0nennt,\u00a0eine Rede.<\/p>\n<p style=\"text-align: justify;\">Berres ist ein Verschw\u00f6rungstheoretiker, der davon ausgeht, dass die Bundesrepublik nur eine Firma, eine GmbH, sei. Das m\u00f6chte Berres unter anderem mit einem Blick auf den Personalausweis entdeckt haben. Er glaubt, dass das Personal im Wort Personalausweis beweisen w\u00fcrde, dass die B\u00fcrger der Bundesrepublik lediglich Angestellte jener GmbH seien. Berres\u00a0gibt sich als Botschafter eines Pseudo-Staates namens\u00a0\u201eTerrania\u201c\u00a0aus und debattiert<a href=\"http:\/\/www.youtube.com\/watch?v=wffFI6rmWYY&amp;feature=BFa&amp;%23038;list=PLBCA25B3BE0C60E03&amp;%23038;lf=player_embedded\">\u00a0gerne mit Polizisten \u00fcber diesen Umstand<\/a>. Die Bundesrepublik bezeichnet\u00a0Berres als\u00a0\u201ebesetzte Zone\u201c. Auf dem Camp warb er f\u00fcr\u00a0\u201eFreie Energien\u201c\u00a0und warnte vor einer\u00a0\u201eNeuen Weltordnung\u201c. Er war dort nicht alleine. Unter den Aktivisten finden sich weitere Verschw\u00f6rungsfans.<\/p>\n<p style=\"text-align: justify;\">Viele Personen aus dem verschw\u00f6rungsidelogischen Milieu bewerben die n\u00e4chsten angek\u00fcndigten Aktionen oder k\u00fcndigen gleich ihre Teilnahme an. Ein Beispiel, dass diese Unterst\u00fctzung aufzeigt, ist ein Video des\u00a0\u201eInfokriegers\u201c\u00a0Dennis R., der einen YouTube-Kanal betreibt, auf dem er angebliche Beweise f\u00fcr Wettermanipulationen oder die\u00a0\u201eBRD-GmbH\u201c\u00a0zur Verf\u00fcgung stellt.<\/p>\n<p style=\"text-align: justify;\">Sein neuestes Video hat er auf der heimischen Toilette aufgenommen. Von dort telefoniert R. mit dem B\u00fcrgertelefon der Polizei in Berlin, um den\u00a0\u201eStaatsterrorismus\u201cder\u00a0\u201eBRD-GmbH\u201c\u00a0anzukreiden. Er spricht von den\u00a0\u201eBundesbereinigungsgesetzen\u201c, einer Konstruktion, die im Milieu der Kommissarischen Reichsregierungen oftmals benutzt wird, um die angebliche Illegitimit\u00e4t der Bundesrepublik aufzuzeigen.<\/p>\n<p style=\"text-align: justify;\">\u201eAll diese rechtswidrigen Handlungen der einzelnen Bundesregierungen des nichtselbst\u00e4ndigen Subjekts (Bundesrepublik Deutschland) seit 1990 bleiben nat\u00fcrlich auch den restlichen Vertragspartnern des 2+4 Vertrages nicht verborgen, was am 23.11.2007 die Alliierten zum 2. Bundesbereinigungsgesetz veranlasste, wo in Artikel 4 (Gesetz zur Bereinigung des Besatzungsrechts) das Besatzungsrecht wieder vollst\u00e4ndig hergestellt wurde\u201c, behauptet beispielsweise der\u00a0Reichsb\u00fcrger Peter Fr\u00fchwald, auf den diese Argumentation ma\u00dfgeblich zur\u00fcckgeht und die auf zahlreichen Internetseite zu finden ist, auf denen von der Existenz des Deutschen Reich getr\u00e4umt wird.<\/p>\n<p style=\"text-align: justify;\">Eine andere Form der Unterst\u00fctzung kann durch eine Unterschrift auf eine\u00a0<a href=\"http:\/\/www.petitiononline.com\/mod_perl\/signed.cgi?alexpl\">virtuelle Liste<\/a>\u00a0geleistet werden, auf der knapp siebenhundert Unterschriften zu finden sind. Ganz besonders stolz sind die\u00a0\u201eAcampada\u201c-Aktivisten auf die Unterschrift von Dr. Sabine Schiffer, die\u00a0<a href=\"http:\/\/www.ksta.de\/html\/artikel\/1262688277997.shtml\">das\u00a0\u201eseltsame\u201c\u00a0Institut f\u00fcr Medienverantwortung<\/a>\u00a0leitet. Sie steht in dieser Funktion beispielsweise dem Auslandssender des iranischen Regimes,\u00a0IRIB, f\u00fcr Interviews zur Verf\u00fcgung. Mit ihrem Essay\u00a0\u201eKonspiration auf dem Kunstrasen \u2013 Refraiming 9\/11\u2033\u00a0arbeitet sie an einer Verkl\u00e4rung der historischen Tatsachen des 11. Septembers 2001.<\/p>\n<p style=\"text-align: justify;\">Neben weiteren Unterzeichnern, unter anderem aus den Niederungen der Partei Die Linke und Attac, findet sich dort auch Helmut Krause, der ein\u00a0\u201eQuerdenkerforum\u201c\u00a0betreibt und einen Verfassungsentwurf geschrieben hat, der das Grundgesetz abl\u00f6sen soll. Sein Projekt\u00a0bewarb\u00a0der Anwalt auch auf dem\u00a0\u201eFestival der kritischen Masse\u201c\u00a0in Berlin, diesem Fest\u00a0von\u00a0\u201eTruthern\u201c und \u201eInfokriegern\u201c.<\/p>\n<p style=\"text-align: justify;\">Ansonsten finden sich dort die Unterschriften von einigen Einzelpersonen, die aus der verschw\u00f6rungsideologischen Szene stammen. Da w\u00e4re zum Beispiel Enrico P., der sich unter\u00a0\u201eSelbstverwaltung\u201c\u00a0gestellt hat. In einem Schreiben an den Papst spricht er von einem\u00a0\u201ebestehenden Weltkrieg\u201c\u00a0durch die Alliierten, die die\u00a0\u201eBRD-GmbH\u201c\u00a0geschaffen h\u00e4tten. Enrico P. spricht von einer unter\u00a0\u201eFeindkontrolle\u201c\u00a0stehenden\u00a0\u201eFremdverwaltung\u201c. Derartige Unterschriften k\u00f6nnen ein Indiz daf\u00fcr sein, in welchen Spektrum die\u00a0Bewegung mit Begeisterung begr\u00fc\u00dft wird.<\/p>\n<p style=\"text-align: justify;\">Das mag auch an den Allmachtsphantasien liegen, die in den Erkl\u00e4rungen von\u00a0Echte Demokratie Jetzt aus\u00a0Berlin zu finden sind. Die\u00a0\u201eheftigen und aggressiven Repressalien der Ordnungskr\u00e4fte, die wir in der letzten Woche erfahren und erleiden mussten, zeigen uns mehr als deutlich, was f\u00fcr eine gef\u00e4hrliche Ausstrahlung diese Initiative auf unser derzeitiges staatliches System hat\u201c, hei\u00dft es in einer Stellungnahme.\u00a0\u201eWas seit dem 20. August 2011 zu beobachten ist, ist der endg\u00fcltige Sargnagel eines gescheiterten Gesellschaftssystems, kurz bevor es zu Grabe getragen wird\u201c, lautet die Einsch\u00e4tzung eines Teilnehmers.<\/p>\n<p style=\"text-align: justify;\">Man inszeniert sich als Gegenelite, wie wahnwitzig dieser Anspruch angesichts von zwanzig regelm\u00e4\u00dfigen Teilnehmern auch ist. Am Freitag, den 02.09.2011, kam es zu einem weiteren Zeltmarsch, an dem sich etwa f\u00fcnfzig Menschen beteiligten. Zu einem richtigen Camp auf dem Alexanderplatz ist es allerdings bis heute nicht mehr gekommen, daf\u00fcr reichte die Teilnehmerzahl schlicht nicht aus.<\/p>\n<p style=\"text-align: justify;\">Damit d\u00fcrfte die Campingfreunde von\u00a0\u201eEchte Demokratie Jetzt\u201c\u00a0mit ihrer\u00a0\u201edeutschen Revolution\u201c\u00a0gescheitert sein, auch wenn die Aktivisten\u00a0diesen Umstand noch nicht wahrhaben wollen.<\/p>\n<a class=\"synved-social-button synved-social-button-share synved-social-size-32 synved-social-resolution-single synved-social-provider-facebook nolightbox\" data-provider=\"facebook\" target=\"_blank\" rel=\"nofollow\" title=\"Auf Facebook teilen\" href=\"https:\/\/www.facebook.com\/sharer.php?u=https%3A%2F%2Fferne-welten.com%2Findex.php%3Frest_route%3D%252Fwp%252Fv2%252Fposts%252F1320&#038;t=Democrazy&#038;s=100&#038;p&#091;url&#093;=https%3A%2F%2Fferne-welten.com%2Findex.php%3Frest_route%3D%252Fwp%252Fv2%252Fposts%252F1320&#038;p&#091;images&#093;&#091;0&#093;=&#038;p&#091;title&#093;=Democrazy\" style=\"font-size: 0px;width:32px;height:32px;margin:0;margin-bottom:5px;margin-right:5px\"><img loading=\"lazy\" decoding=\"async\" alt=\"Facebook\" title=\"Auf Facebook teilen\" class=\"synved-share-image synved-social-image synved-social-image-share\" width=\"32\" height=\"32\" style=\"display: inline;width:32px;height:32px;margin: 0;padding: 0;border: none;box-shadow: none\" src=\"https:\/\/ferne-welten.com\/wp-content\/plugins\/social-media-feather\/synved-social\/addons\/extra-icons\/image\/social\/circle\/64x64\/facebook.png\" \/><\/a><a class=\"synved-social-button synved-social-button-share synved-social-size-32 synved-social-resolution-single synved-social-provider-twitter nolightbox\" data-provider=\"twitter\" target=\"_blank\" rel=\"nofollow\" title=\"Auf Twitter teilen\" href=\"https:\/\/twitter.com\/intent\/tweet?url=https%3A%2F%2Fferne-welten.com%2Findex.php%3Frest_route%3D%252Fwp%252Fv2%252Fposts%252F1320&#038;text=Hey%20check%20this%20out\" style=\"font-size: 0px;width:32px;height:32px;margin:0;margin-bottom:5px;margin-right:5px\"><img loading=\"lazy\" decoding=\"async\" alt=\"twitter\" title=\"Auf Twitter teilen\" class=\"synved-share-image synved-social-image synved-social-image-share\" width=\"32\" height=\"32\" style=\"display: inline;width:32px;height:32px;margin: 0;padding: 0;border: none;box-shadow: none\" src=\"https:\/\/ferne-welten.com\/wp-content\/plugins\/social-media-feather\/synved-social\/addons\/extra-icons\/image\/social\/circle\/64x64\/twitter.png\" \/><\/a><a class=\"synved-social-button synved-social-button-share synved-social-size-32 synved-social-resolution-single synved-social-provider-reddit nolightbox\" data-provider=\"reddit\" target=\"_blank\" rel=\"nofollow\" title=\"Auf Reddit teilen\" href=\"https:\/\/www.reddit.com\/submit?url=https%3A%2F%2Fferne-welten.com%2Findex.php%3Frest_route%3D%252Fwp%252Fv2%252Fposts%252F1320&#038;title=Democrazy\" style=\"font-size: 0px;width:32px;height:32px;margin:0;margin-bottom:5px;margin-right:5px\"><img loading=\"lazy\" decoding=\"async\" alt=\"reddit\" title=\"Auf Reddit teilen\" class=\"synved-share-image synved-social-image synved-social-image-share\" width=\"32\" height=\"32\" style=\"display: inline;width:32px;height:32px;margin: 0;padding: 0;border: none;box-shadow: none\" src=\"https:\/\/ferne-welten.com\/wp-content\/plugins\/social-media-feather\/synved-social\/addons\/extra-icons\/image\/social\/circle\/64x64\/reddit.png\" \/><\/a><a class=\"synved-social-button synved-social-button-share synved-social-size-32 synved-social-resolution-single synved-social-provider-pinterest nolightbox\" data-provider=\"pinterest\" target=\"_blank\" rel=\"nofollow\" title=\"Auf Pinterest pinnen\" href=\"https:\/\/pinterest.com\/pin\/create\/button\/?url=https%3A%2F%2Fferne-welten.com%2Findex.php%3Frest_route%3D%252Fwp%252Fv2%252Fposts%252F1320&#038;media=&#038;description=Democrazy\" style=\"font-size: 0px;width:32px;height:32px;margin:0;margin-bottom:5px;margin-right:5px\"><img loading=\"lazy\" decoding=\"async\" alt=\"pinterest\" title=\"Auf Pinterest pinnen\" class=\"synved-share-image synved-social-image synved-social-image-share\" width=\"32\" height=\"32\" style=\"display: inline;width:32px;height:32px;margin: 0;padding: 0;border: none;box-shadow: none\" src=\"https:\/\/ferne-welten.com\/wp-content\/plugins\/social-media-feather\/synved-social\/addons\/extra-icons\/image\/social\/circle\/64x64\/pinterest.png\" \/><\/a><a class=\"synved-social-button synved-social-button-share synved-social-size-32 synved-social-resolution-single synved-social-provider-linkedin nolightbox\" data-provider=\"linkedin\" target=\"_blank\" rel=\"nofollow\" title=\"Auf Linkedin teilen\" href=\"https:\/\/www.linkedin.com\/shareArticle?mini=true&#038;url=https%3A%2F%2Fferne-welten.com%2Findex.php%3Frest_route%3D%252Fwp%252Fv2%252Fposts%252F1320&#038;title=Democrazy\" style=\"font-size: 0px;width:32px;height:32px;margin:0;margin-bottom:5px;margin-right:5px\"><img loading=\"lazy\" decoding=\"async\" alt=\"linkedin\" title=\"Auf Linkedin teilen\" class=\"synved-share-image synved-social-image synved-social-image-share\" width=\"32\" height=\"32\" style=\"display: inline;width:32px;height:32px;margin: 0;padding: 0;border: none;box-shadow: none\" src=\"https:\/\/ferne-welten.com\/wp-content\/plugins\/social-media-feather\/synved-social\/addons\/extra-icons\/image\/social\/circle\/64x64\/linkedin.png\" \/><\/a><a class=\"synved-social-button synved-social-button-share synved-social-size-32 synved-social-resolution-single synved-social-provider-tumblr nolightbox\" data-provider=\"tumblr\" target=\"_blank\" rel=\"nofollow\" title=\"\u00dcber Tumblr teilen\" href=\"https:\/\/tumblr.com\/share?s=&#038;v=3&#038;t=Democrazy&#038;u=https%3A%2F%2Fferne-welten.com%2Findex.php%3Frest_route%3D%252Fwp%252Fv2%252Fposts%252F1320\" style=\"font-size: 0px;width:32px;height:32px;margin:0;margin-bottom:5px;margin-right:5px\"><img loading=\"lazy\" decoding=\"async\" alt=\"tumblr\" title=\"\u00dcber Tumblr teilen\" class=\"synved-share-image synved-social-image synved-social-image-share\" width=\"32\" height=\"32\" style=\"display: inline;width:32px;height:32px;margin: 0;padding: 0;border: none;box-shadow: none\" src=\"https:\/\/ferne-welten.com\/wp-content\/plugins\/social-media-feather\/synved-social\/addons\/extra-icons\/image\/social\/circle\/64x64\/tumblr.png\" \/><\/a><a class=\"synved-social-button synved-social-button-share synved-social-size-32 synved-social-resolution-single synved-social-provider-mail nolightbox\" data-provider=\"mail\" rel=\"nofollow\" title=\"Link per Mail weiterleiten\" href=\"mailto:?subject=Democrazy&#038;body=Hey%20check%20this%20out:%20https%3A%2F%2Fferne-welten.com%2Findex.php%3Frest_route%3D%252Fwp%252Fv2%252Fposts%252F1320\" style=\"font-size: 0px;width:32px;height:32px;margin:0;margin-bottom:5px\"><img loading=\"lazy\" decoding=\"async\" alt=\"mail\" title=\"Link per Mail weiterleiten\" class=\"synved-share-image synved-social-image synved-social-image-share\" width=\"32\" height=\"32\" style=\"display: inline;width:32px;height:32px;margin: 0;padding: 0;border: none;box-shadow: none\" src=\"https:\/\/ferne-welten.com\/wp-content\/plugins\/social-media-feather\/synved-social\/addons\/extra-icons\/image\/social\/circle\/64x64\/mail.png\" \/><\/a>","protected":false},"excerpt":{"rendered":"<p>Das\u00a0vorerst beendete Camp auf dem Alexanderplatz\u00a0sorgt f\u00fcr Schlagzeilen. Ob in der\u00a0TAZ, im\u00a0Tagesspiegel\u00a0oder in dem\u00a0ARD Boulevard-Magazin Brisant: die\u00a0Medien\u00a0berichten einf\u00fchlsam vom Polizeieinsatz gegen die Demonstranten, die sich an einer Kopie der spanischen Proteste versuchten und eine\u00a0\u201eZeltstadt\u201c errichten wollten.<\/p>\n","protected":false},"author":1,"featured_media":0,"comment_status":"open","ping_status":"open","sticky":false,"template":"","format":"standard","meta":{"footnotes":""},"categories":[88],"tags":[484,191,428,509,215],"class_list":["post-1320","post","type-post","status-publish","format-standard","hentry","category-dorfkritik","tag-acampada","tag-berlin","tag-georg-berres","tag-helmut-krause","tag-sabine-schiffer"],"_links":{"self":[{"href":"https:\/\/ferne-welten.com\/index.php?rest_route=\/wp\/v2\/posts\/1320","targetHints":{"allow":["GET"]}}],"collection":[{"href":"https:\/\/ferne-welten.com\/index.php?rest_route=\/wp\/v2\/posts"}],"about":[{"href":"https:\/\/ferne-welten.com\/index.php?rest_route=\/wp\/v2\/types\/post"}],"author":[{"embeddable":true,"href":"https:\/\/ferne-welten.com\/index.php?rest_route=\/wp\/v2\/users\/1"}],"replies":[{"embeddable":true,"href":"https:\/\/ferne-welten.com\/index.php?rest_route=%2Fwp%2Fv2%2Fcomments&post=1320"}],"version-history":[{"count":2,"href":"https:\/\/ferne-welten.com\/index.php?rest_route=\/wp\/v2\/posts\/1320\/revisions"}],"predecessor-version":[{"id":1322,"href":"https:\/\/ferne-welten.com\/index.php?rest_route=\/wp\/v2\/posts\/1320\/revisions\/1322"}],"wp:attachment":[{"href":"https:\/\/ferne-welten.com\/index.php?rest_route=%2Fwp%2Fv2%2Fmedia&parent=1320"}],"wp:term":[{"taxonomy":"category","embeddable":true,"href":"https:\/\/ferne-welten.com\/index.php?rest_route=%2Fwp%2Fv2%2Fcategories&post=1320"},{"taxonomy":"post_tag","embeddable":true,"href":"https:\/\/ferne-welten.com\/index.php?rest_route=%2Fwp%2Fv2%2Ftags&post=1320"}],"curies":[{"name":"wp","href":"https:\/\/api.w.org\/{rel}","templated":true}]}}