{"id":1325,"date":"2011-08-27T10:50:25","date_gmt":"2011-08-27T09:50:25","guid":{"rendered":"http:\/\/ferne-welten.com\/?p=1325"},"modified":"2017-04-30T10:52:37","modified_gmt":"2017-04-30T09:52:37","slug":"zeltlager-auf-dem-alexanderplatz","status":"publish","type":"post","link":"https:\/\/ferne-welten.com\/?p=1325","title":{"rendered":"Zeltlager auf dem Alexanderplatz"},"content":{"rendered":"<div class=\"content\">\n<p style=\"text-align: justify;\">Seitdem vergangenen Wochenende campen einige Menschen auf dem Alexanderplatz in Berlin. Sie wollen sich an einer Kopie der\u00a0<a href=\"http:\/\/jungle-world.com\/artikel\/2011\/24\/43386.html\">Proteste in Spanien<\/a>\u00a0versuchen. W\u00e4hrend sich dort\u00a0mehr als 150000 Menschen an den Protesten beteiligten, blieb es in Berlin deutlich ruhiger.<\/p>\n<p style=\"text-align: justify;\"><!--more--><\/p>\n<p style=\"text-align: justify;\">Zwar beteiligten sich mehrere hundert Menschen am Freitag, den 19.08.2011, an einer\u00a0Party\u00a0mit Stra\u00dfenkunst und\u00a0\u201eKiss-In\u201c; doch als im Anschluss ein kleiner Teil des Platz besetzt wurde, hielt sich die Zahl der Camper_innen in \u00fcberschaubaren Grenzen. Zwischen 30 und 50 Menschen beteiligten sich hier am\u00a0\u201eAcampada Berlin\u201c. In einer\u00a0Facebook-Gruppe\u00a0fanden sich allerdings mehr als 1000 Menschen zusammen, die nun als spammende Masse auftreten, um Medien und Menschenrechtsorganisationen, sowie Polizei und Politiker_innen anzuschreiben.<\/p>\n<p style=\"text-align: justify;\">Man wolle sich mit den\u00a0\u201egr\u00f6\u00dften Sternen dieser Bewegung\u201c\u00a0verbinden und auf dem Alexanderplatz campen, um\u00a0\u201edas wahre Gef\u00fchl der Revolution\u201c\u00a0in der Praxis zu erleben. Dabei hofften die Teilnehmer_innnen, die sich der idealistischen\u00a0\u201eEchte Demokratie Jetzt\u201c-Bewegung zugeh\u00f6rig f\u00fchlen, auf eine breite Unterst\u00fctzung durch die Berliner_innen. Die Forderungen blieben allerdings \u00e4u\u00dferst diffus.<\/p>\n<p style=\"text-align: justify;\">Man wolle \u201eechte Demokratie\u201c, hie\u00df es in einem Aufruf. Als Hashtag bei Twitter w\u00e4hlten einige Teilnehmer_innen dennoch das K\u00fcrzel\u00a0\u201e#Germanrevolution\u201c. Ansonsten inszenierten sich die Camper_innen\u00a0\u201efriedlich, fr\u00f6hlich, revolution\u00e4r, life und in Farbe!\u201c\u00a0.<\/p>\n<p style=\"text-align: justify;\">Au\u00dferdem forderten die Camper_innen immer wieder\u00a0\u201eZelte, Farben, Planen und Sach oder Geld Spenden\u201c.\u00a0Dabei \u00fcbersahen sie allerdings die T\u00fccken des deutschen Versammlungsrechts. Die Zelte sollten bereits am Sonntag, den 21.08.2011, wieder abgebaut werden. Es blieb bei einer zeltlosen Dauerkundgebung, die f\u00fcr eine ganze Woche angemeldet wurde. Schnell war von\u00a0\u201eR\u00e4umung\u201c\u00a0die Rede.<\/p>\n<p style=\"text-align: justify;\">Polizeibeamte durften in den folgenden Tagen Zelte abbauen, w\u00e4hrend die kleine Schar an Demonstrant_innen Wind und Wetter trotzte. Andere Teilnehmer ergingen sich derweil in merkw\u00fcrdigen Phantasien: Mit der \u00dcbernahme des Herzen Europas, der Stadt Berlin, k\u00f6nne man die ganze Welt kontrollieren, tr\u00e4umte ein Teilnehmer in seiner deutschnationalen Gro\u00dfmachtsphantasie sinngem\u00e4\u00df.<\/p>\n<p style=\"text-align: justify;\">Unter den Demonstrant_innen befinden sich bis zum heutigen Tag verschiedene Verschw\u00f6rungsfans. Georg Berres, der auf den Spitznamen\u00a0\u201eBauchi\u201c\u00a0h\u00f6rt, hielt beispielsweise eine ausf\u00fchrliche Rede. Berres ist Betreiber mehrerer Internetprojekte und ein Verantwortlicher des selbsternannten\u00a0Staates \u201eTerrania\u201c, f\u00fcr den er als\u00a0\u201eBotschafter\u201c\u00a0fungiert. Das Projekt erinnert an \u00e4hnliche Projekte aus der rechten Szene.<\/p>\n<p style=\"text-align: justify;\">Wie die\u00a0\u201eKommisarischen Reichsregierungen\u201c\u00a0(KRR) bezeichnet Georg Berres die Bundesrepublik als\u201eGmbH\u201c. Wie die\u00a0\u201eReichsregierungen\u201c\u00a0verspricht Berres seinen Anh\u00e4ngern eigene Identit\u00e4tsdokumente, eigene Autokennzeichen sowie Steuerersparnisse und eine weltweite\u00a0\u201ediplomatische Immunit\u00e4t\u201c.<\/p>\n<p style=\"text-align: justify;\">In seiner\u00a0Rede auf dem Alexanderplatz\u00a0warb Berres f\u00fcr\u00a0\u201eFreie Energie\u201c, eine in\u00a0verschw\u00f6rungstheoretischen und esoterischen Kreisen beliebte Behauptung\u00a0\u00fcber eine angebliche Energieform, mit der man auf fossile und regenerative Energien verzichtet k\u00f6nne. Au\u00dferdem warnte Berres vor einer\u00a0\u201eNeuen Weltordnung\u201c\u00a0und propagierte damit eine Verschw\u00f6rungstheorie, die von der Existenz einer mysteri\u00f6sen Organisationen ausgeht, die nach der Beherrschung der gesamten Welt streben.<\/p>\n<p style=\"text-align: justify;\">Im anschlie\u00dfenden Gespr\u00e4ch warb Berres f\u00fcr die Zusammenarbeit mit Nazis:<\/p>\n<blockquote><p>\u200eDa kriege ich die Krise, wenn irgendwelche Linken nicht mit mir zusammenarbeiten wollen, weil ich mit Rechten zusammenarbeite. Das sind Menschen f\u00fcr mich.<\/p><\/blockquote>\n<p style=\"text-align: justify;\">Berres ist nicht der einzige Verschw\u00f6rungstheoretiker der das Camp auf dem Alexanderplatz unterst\u00fctzt. Die Organisator_innen des verschw\u00f6rungstheoretischen\u00a0\u201eDie Kritische Masse Festivals\u201c sprechen sich ebenfalls f\u00fcr das Camp auf dem Alexanderplatz aus. Auf dem Festival, das in diesem Jahr in die zweite Runde ging, treten zahlreiche\u00a0Musiker\u00a0auf, die f\u00fcr den\u00a0Soundtrack der\u00a0\u201eTruther\u201c verantwortlich sind.<\/p>\n<p style=\"text-align: justify;\">Auf\u00a0der Facebook-Seite des Camps finden sich andere Verschw\u00f6rungstheorien. So ist dort beispielsweise ein revisionistisches Flugblatt zum Libyen-Krieg\u00a0zu finden,\u00a0mit dem die haltlose Behauptung aufgestellt wird, dass eine\u00a0\u201eNachbildung von Tripolis in Katar entdeckt\u201c\u00a0worden sei. Die Erst\u00fcrmung der libyschen Hauptstadt sei in einem\u00a0Filmstudio\u00a0entstanden. Gaddafi solle\u00a0\u201evernichtet\u201c\u00a0werden. Wer das nicht glauben wolle, solle sich in Erinnerung rufen, was\u00a0\u201ein Dresden und dem vietnamesischen Dorf My Lai geschehen ist\u201c, hei\u00dft es in dem\u00a0Flugblatt.<\/p>\n<p style=\"text-align: justify;\">Das Camp auf dem Alexanderplatz wird von\u00a0zahlreichen Internetseiten der verschw\u00f6rungstheoretischen Szene beworben. Hier ist von einer\u00a0\u201efriedlichen deutschen Protestbewegung\u201c\u00a0die Rede, die von\u00a0\u201eden Herrschenden\u201c bedroht wird. Ob die\u00a0\u201eInfokrieger\u201c\u00a0aus Greifswald, das\u00a0\u201eInfonetzwerk\u201c\u00a0aus Berlin oder der \u201eKnastplanet\u201c\u00a0aus Hamburg: Die Verschw\u00f6rungs-Szene solidarisiert sich mit dem Camp auf dem Alexanderplatz.<\/p>\n<p style=\"text-align: justify;\">Solidarit\u00e4t gab es auch von anderen Organisationen, denen man zugute halten muss, dass ihnen der Charakter dieser Versammlung vielleicht nicht bewusst gewesen ist. Der Pressesprecher der\u00a0\u201eFreien W\u00e4hler L\u00f6rrach\u201c\u00a0verglich das Camp auf dem Alexanderplatz mit den Protesten gegen Stuttgart 21:\u00a0\u201eAuf dem Alexanderplatz findet der letzte verzweifelte Versuch statt, Einfluss auf die Politik zu nehmen\u201c, hie\u00df es in einem O<a href=\"http:\/\/pastebin.com\/P0qz6Cvn\">ffenen Brief\u00a0<\/a>an die Polizeigewerkschaft, den der Pressesprecher allerdings als Privatperson verfasst haben will. Die Globalisierungskritiker von Attac\u00a0forderten\u00a0die Polizei auf, das Camp am Alexanderplatz zuzulassen. In der TAZ und im\u00a0<a href=\"http:\/\/www.tagesspiegel.de\/berlin\/ohne-camp-keine-raeumung\/4541364.html\">Tagesspiegel\u00a0<\/a>fanden sich wohlwollende Berichte \u00fcber das Camp.\u00a0\u201eBerlin ist Madrid\u201c, hie\u00df es\u00a0<a href=\"http:\/\/www.taz.de\/Berlin-ist-Madrid-\/!76844\/\">hier<\/a>.<\/p>\n<p style=\"text-align: justify;\">Am Freitag, den 26.08.2011, versuchten die Teilnehmer_innen dem Camp neuen Schwung zu verleihen, nachdem zuletzt nur noch ein verlorenes H\u00e4ufchen von 20 Menschen auf dem Alexanderplatz ausharrte. Sie riefen zu einem\u00a0\u201eMarsch der Zelte\u201c\u00a0auf. Vom Brandenburger Tor wolle man mit aufgebauten Zelten zum Alexanderplatz marschieren und dort das Camp fortsetzen.<\/p>\n<p style=\"text-align: justify;\">Etwa 50 Menschen kamen zur Demonstration. Diejenigen, die am Alexanderplatz in ihre Zelte schl\u00fcpften, wurden von einer Polizeieinheit in Gewahrsam genommen. Die Veranstalter_innen sprechen von sieben Ingewahrsamnahmen durch die Polizei. Diese\u00a0hat\u00a0nun\u201eein Ermittlungsverfahren wegen K\u00f6rperverletzung im Amt eingeleitet\u201c, weil in einem Youtube-Video zu sehen ist, wie ein Beamter einen Demonstranten schl\u00e4gt.<\/p>\n<p style=\"text-align: justify;\">Im Internet lecken die Teilnehmer_innen und die Unterst\u00fctzer_innen ihre Wunden. Hier wird der\u00a0Polizeieinsatz\u00a0mit den Zust\u00e4nden in der DDR verglichen. Hier ist von\u00a0\u201ema\u00dfloser Brutalit\u00e4t\u201c\u00a0und\u00a0\u201emassiven Polizeieins\u00e4tzen\u201c\u00a0die Rede. Es sei die Polizei gewesen, die\u00a0\u201edas Messer ins Herz der Demokratie\u201c\u00a0gesto\u00dfen h\u00e4tte, hei\u00dft es auf der Facebook-Seite der Camper_innen.<\/p>\n<p style=\"text-align: justify;\">\u201eSolange die Amis das verbieten, wird hier \u00fcberhaupt nichts passieren\u201c, klagt ein Teilnehmer. Ein weiterer Teilnehmer erl\u00e4utert, dass sich die Polizei\u00a0\u201eauch nicht an Gesetze\u201c\u00a0halten w\u00fcrden: Diese w\u00fcrde n\u00e4mlich nicht mehr geben,\u00a0\u201edenn seit den 2 Bereinigungsgesetzen, ist diese GmbH eigentlich nur noch Verwalter und die Bullen, sind ihre Wachmanschaft\u201c.<\/p>\n<p style=\"text-align: justify;\">Es ist ein verschw\u00f6rungstheoretischer und antiamerikanischer Jargon, der von diesen Teilnehmer_innen des Camps gepflegt wird und mit dem sie den Polizeieinsatz erkl\u00e4ren wollen. Dieser Jargon l\u00e4sst sich auch auf der Diskussionseite von\u00a0\u201eEchte Demokratie Jetzt\u201c\u00a0entdecken. Dort findet sich beispielsweise\u00a0Werbung\u00a0f\u00fcr den\u00a0verschw\u00f6rungsideologischen Kopp-Verlag, die von den Adminstratoren nicht entfernt wird.<\/p>\n<p style=\"text-align: justify;\">Auf der offiziellen Internetseite findet sich mittlerweile eine Erkl\u00e4rung der Veranstalter_innen. Dort wird die mehr als optimistische Behauptung aufgestellt, dass das\u00a0\u201ejetzige Gesellschaftssystem\u201c\u00a0am Ende w\u00e4re. Verschw\u00f6rungstheoretisch hei\u00dft es weiter, dass\u00a0\u201evon einigen Positionen offensichtlich die Befehle gegeben\u201c werden, die\u00a0\u201ein diesem Zusammenhang stehende Menschenansammlungen \u2013 gleich wie friedlich \u2013 im Keim zu ersticken.\u201c<\/p>\n<p style=\"text-align: justify;\">Trotz dieser Bef\u00fcrchtung wollen einige Camper_innen in jedem Fall weiter machen. So wird das H\u00e4ufchen der Demonstrant_innen eventuell noch ein paar Wochen auf dem Alexanderplatz zu sehen sein, bis die\u00a0\u201edeutsche Revolution\u201c\u00a0so sang- und klanglos enden wird, wie sie begonnen hat<\/p>\n<div id=\"cmnt\" style=\"text-align: justify;\"><\/div>\n<div id=\"google-wrapper\" class=\"bs_advert\" style=\"text-align: justify;\"><\/div>\n<\/div>\n<p><!--more--><\/p>\n<a class=\"synved-social-button synved-social-button-share synved-social-size-32 synved-social-resolution-single synved-social-provider-facebook nolightbox\" data-provider=\"facebook\" target=\"_blank\" rel=\"nofollow\" title=\"Auf Facebook teilen\" href=\"https:\/\/www.facebook.com\/sharer.php?u=https%3A%2F%2Fferne-welten.com%2Findex.php%3Frest_route%3D%252Fwp%252Fv2%252Fposts%252F1325&#038;t=Zeltlager%20auf%20dem%20Alexanderplatz&#038;s=100&#038;p&#091;url&#093;=https%3A%2F%2Fferne-welten.com%2Findex.php%3Frest_route%3D%252Fwp%252Fv2%252Fposts%252F1325&#038;p&#091;images&#093;&#091;0&#093;=&#038;p&#091;title&#093;=Zeltlager%20auf%20dem%20Alexanderplatz\" style=\"font-size: 0px;width:32px;height:32px;margin:0;margin-bottom:5px;margin-right:5px\"><img loading=\"lazy\" decoding=\"async\" alt=\"Facebook\" title=\"Auf Facebook teilen\" class=\"synved-share-image synved-social-image synved-social-image-share\" width=\"32\" height=\"32\" style=\"display: inline;width:32px;height:32px;margin: 0;padding: 0;border: none;box-shadow: none\" src=\"https:\/\/ferne-welten.com\/wp-content\/plugins\/social-media-feather\/synved-social\/addons\/extra-icons\/image\/social\/circle\/64x64\/facebook.png\" \/><\/a><a class=\"synved-social-button synved-social-button-share synved-social-size-32 synved-social-resolution-single synved-social-provider-twitter nolightbox\" data-provider=\"twitter\" target=\"_blank\" rel=\"nofollow\" title=\"Auf Twitter teilen\" href=\"https:\/\/twitter.com\/intent\/tweet?url=https%3A%2F%2Fferne-welten.com%2Findex.php%3Frest_route%3D%252Fwp%252Fv2%252Fposts%252F1325&#038;text=Hey%20check%20this%20out\" style=\"font-size: 0px;width:32px;height:32px;margin:0;margin-bottom:5px;margin-right:5px\"><img loading=\"lazy\" decoding=\"async\" alt=\"twitter\" title=\"Auf Twitter teilen\" class=\"synved-share-image synved-social-image synved-social-image-share\" width=\"32\" height=\"32\" style=\"display: inline;width:32px;height:32px;margin: 0;padding: 0;border: none;box-shadow: none\" src=\"https:\/\/ferne-welten.com\/wp-content\/plugins\/social-media-feather\/synved-social\/addons\/extra-icons\/image\/social\/circle\/64x64\/twitter.png\" \/><\/a><a class=\"synved-social-button synved-social-button-share synved-social-size-32 synved-social-resolution-single synved-social-provider-reddit nolightbox\" data-provider=\"reddit\" target=\"_blank\" rel=\"nofollow\" title=\"Auf Reddit teilen\" href=\"https:\/\/www.reddit.com\/submit?url=https%3A%2F%2Fferne-welten.com%2Findex.php%3Frest_route%3D%252Fwp%252Fv2%252Fposts%252F1325&#038;title=Zeltlager%20auf%20dem%20Alexanderplatz\" style=\"font-size: 0px;width:32px;height:32px;margin:0;margin-bottom:5px;margin-right:5px\"><img loading=\"lazy\" decoding=\"async\" alt=\"reddit\" title=\"Auf Reddit teilen\" class=\"synved-share-image synved-social-image synved-social-image-share\" width=\"32\" height=\"32\" style=\"display: inline;width:32px;height:32px;margin: 0;padding: 0;border: none;box-shadow: none\" src=\"https:\/\/ferne-welten.com\/wp-content\/plugins\/social-media-feather\/synved-social\/addons\/extra-icons\/image\/social\/circle\/64x64\/reddit.png\" \/><\/a><a class=\"synved-social-button synved-social-button-share synved-social-size-32 synved-social-resolution-single synved-social-provider-pinterest nolightbox\" data-provider=\"pinterest\" target=\"_blank\" rel=\"nofollow\" title=\"Auf Pinterest pinnen\" href=\"https:\/\/pinterest.com\/pin\/create\/button\/?url=https%3A%2F%2Fferne-welten.com%2Findex.php%3Frest_route%3D%252Fwp%252Fv2%252Fposts%252F1325&#038;media=&#038;description=Zeltlager%20auf%20dem%20Alexanderplatz\" style=\"font-size: 0px;width:32px;height:32px;margin:0;margin-bottom:5px;margin-right:5px\"><img loading=\"lazy\" decoding=\"async\" alt=\"pinterest\" title=\"Auf Pinterest pinnen\" class=\"synved-share-image synved-social-image synved-social-image-share\" width=\"32\" height=\"32\" style=\"display: inline;width:32px;height:32px;margin: 0;padding: 0;border: none;box-shadow: none\" src=\"https:\/\/ferne-welten.com\/wp-content\/plugins\/social-media-feather\/synved-social\/addons\/extra-icons\/image\/social\/circle\/64x64\/pinterest.png\" \/><\/a><a class=\"synved-social-button synved-social-button-share synved-social-size-32 synved-social-resolution-single synved-social-provider-linkedin nolightbox\" data-provider=\"linkedin\" target=\"_blank\" rel=\"nofollow\" title=\"Auf Linkedin teilen\" href=\"https:\/\/www.linkedin.com\/shareArticle?mini=true&#038;url=https%3A%2F%2Fferne-welten.com%2Findex.php%3Frest_route%3D%252Fwp%252Fv2%252Fposts%252F1325&#038;title=Zeltlager%20auf%20dem%20Alexanderplatz\" style=\"font-size: 0px;width:32px;height:32px;margin:0;margin-bottom:5px;margin-right:5px\"><img loading=\"lazy\" decoding=\"async\" alt=\"linkedin\" title=\"Auf Linkedin teilen\" class=\"synved-share-image synved-social-image synved-social-image-share\" width=\"32\" height=\"32\" style=\"display: inline;width:32px;height:32px;margin: 0;padding: 0;border: none;box-shadow: none\" src=\"https:\/\/ferne-welten.com\/wp-content\/plugins\/social-media-feather\/synved-social\/addons\/extra-icons\/image\/social\/circle\/64x64\/linkedin.png\" \/><\/a><a class=\"synved-social-button synved-social-button-share synved-social-size-32 synved-social-resolution-single synved-social-provider-tumblr nolightbox\" data-provider=\"tumblr\" target=\"_blank\" rel=\"nofollow\" title=\"\u00dcber Tumblr teilen\" href=\"https:\/\/tumblr.com\/share?s=&#038;v=3&#038;t=Zeltlager%20auf%20dem%20Alexanderplatz&#038;u=https%3A%2F%2Fferne-welten.com%2Findex.php%3Frest_route%3D%252Fwp%252Fv2%252Fposts%252F1325\" style=\"font-size: 0px;width:32px;height:32px;margin:0;margin-bottom:5px;margin-right:5px\"><img loading=\"lazy\" decoding=\"async\" alt=\"tumblr\" title=\"\u00dcber Tumblr teilen\" class=\"synved-share-image synved-social-image synved-social-image-share\" width=\"32\" height=\"32\" style=\"display: inline;width:32px;height:32px;margin: 0;padding: 0;border: none;box-shadow: none\" src=\"https:\/\/ferne-welten.com\/wp-content\/plugins\/social-media-feather\/synved-social\/addons\/extra-icons\/image\/social\/circle\/64x64\/tumblr.png\" \/><\/a><a class=\"synved-social-button synved-social-button-share synved-social-size-32 synved-social-resolution-single synved-social-provider-mail nolightbox\" data-provider=\"mail\" rel=\"nofollow\" title=\"Link per Mail weiterleiten\" href=\"mailto:?subject=Zeltlager%20auf%20dem%20Alexanderplatz&#038;body=Hey%20check%20this%20out:%20https%3A%2F%2Fferne-welten.com%2Findex.php%3Frest_route%3D%252Fwp%252Fv2%252Fposts%252F1325\" style=\"font-size: 0px;width:32px;height:32px;margin:0;margin-bottom:5px\"><img loading=\"lazy\" decoding=\"async\" alt=\"mail\" title=\"Link per Mail weiterleiten\" class=\"synved-share-image synved-social-image synved-social-image-share\" width=\"32\" height=\"32\" style=\"display: inline;width:32px;height:32px;margin: 0;padding: 0;border: none;box-shadow: none\" src=\"https:\/\/ferne-welten.com\/wp-content\/plugins\/social-media-feather\/synved-social\/addons\/extra-icons\/image\/social\/circle\/64x64\/mail.png\" \/><\/a>","protected":false},"excerpt":{"rendered":"<p>Seitdem vergangenen Wochenende campen einige Menschen auf dem Alexanderplatz in Berlin. Sie wollen sich an einer Kopie der\u00a0Proteste in Spanien\u00a0versuchen. W\u00e4hrend sich dort\u00a0mehr als 150000 Menschen an den Protesten beteiligten, blieb es in Berlin deutlich ruhiger.<\/p>\n","protected":false},"author":1,"featured_media":0,"comment_status":"open","ping_status":"open","sticky":false,"template":"","format":"standard","meta":{"footnotes":""},"categories":[359,79],"tags":[484,303,246,191,515,516,428,147,517,518],"class_list":["post-1325","post","type-post","status-publish","format-standard","hentry","category-eiskaltland","category-mythen","tag-acampada","tag-anti-amerikanismus","tag-attac","tag-berlin","tag-brd-gmbh","tag-freien-waehler-loerrach","tag-georg-berres","tag-hamburg","tag-infonetzwerk-berlin","tag-knastplanet"],"_links":{"self":[{"href":"https:\/\/ferne-welten.com\/index.php?rest_route=\/wp\/v2\/posts\/1325","targetHints":{"allow":["GET"]}}],"collection":[{"href":"https:\/\/ferne-welten.com\/index.php?rest_route=\/wp\/v2\/posts"}],"about":[{"href":"https:\/\/ferne-welten.com\/index.php?rest_route=\/wp\/v2\/types\/post"}],"author":[{"embeddable":true,"href":"https:\/\/ferne-welten.com\/index.php?rest_route=\/wp\/v2\/users\/1"}],"replies":[{"embeddable":true,"href":"https:\/\/ferne-welten.com\/index.php?rest_route=%2Fwp%2Fv2%2Fcomments&post=1325"}],"version-history":[{"count":1,"href":"https:\/\/ferne-welten.com\/index.php?rest_route=\/wp\/v2\/posts\/1325\/revisions"}],"predecessor-version":[{"id":1326,"href":"https:\/\/ferne-welten.com\/index.php?rest_route=\/wp\/v2\/posts\/1325\/revisions\/1326"}],"wp:attachment":[{"href":"https:\/\/ferne-welten.com\/index.php?rest_route=%2Fwp%2Fv2%2Fmedia&parent=1325"}],"wp:term":[{"taxonomy":"category","embeddable":true,"href":"https:\/\/ferne-welten.com\/index.php?rest_route=%2Fwp%2Fv2%2Fcategories&post=1325"},{"taxonomy":"post_tag","embeddable":true,"href":"https:\/\/ferne-welten.com\/index.php?rest_route=%2Fwp%2Fv2%2Ftags&post=1325"}],"curies":[{"name":"wp","href":"https:\/\/api.w.org\/{rel}","templated":true}]}}