{"id":1345,"date":"2011-08-06T11:08:37","date_gmt":"2011-08-06T10:08:37","guid":{"rendered":"http:\/\/ferne-welten.com\/?p=1345"},"modified":"2017-04-30T11:10:36","modified_gmt":"2017-04-30T10:10:36","slug":"offensive-verschwoerungsmythen","status":"publish","type":"post","link":"https:\/\/ferne-welten.com\/?p=1345","title":{"rendered":"Offensive Verschw\u00f6rungsmythen"},"content":{"rendered":"<p style=\"text-align: justify;\">n der aktuelle Ausgabe der\u00a0\u201emarxistisch-leninistischen\u201c\u00a0Kleinzeitschrift\u00a0\u201eOffensiv\u201c\u00a0findet sich ein Text des Juristen\u00a0<a href=\"http:\/\/de.wikipedia.org\/wiki\/Erich_Buchholz_(Jurist)\">Erich Buchholz<\/a>, der sich mit dem Tod des Osama bin Laden besch\u00e4ftigt.\u00a0Dort\u00a0propagiert Buchholz Verschw\u00f6rungstheorien \u00fcber den Tod des Massenm\u00f6rders und betreibt eine antiamerikanische Stimmungsmache, die in der\u00a0\u201eOffensiv\u201c, die das faktische Organ einer Gruppe namens\u00a0\u201eKommunistische Initiative\u201c\u00a0ist, zum guten Ton geh\u00f6rt.<\/p>\n<p style=\"text-align: justify;\"><!--more--><\/p>\n<p style=\"text-align: justify;\">Buchholz stellt in seinem Pamphlet fest, dass auch Osama Bin Laden\u00a0\u201eein Mensch\u201c\u00a0gewesen w\u00e4re, dem\u00a0\u201eein Recht auf Leben\u201c\u00a0zugestanden werden m\u00fcsse. Der\u00a0\u201eUS-Administration\u201c\u00a0wirft Buchholz \u201eeine schwere Verletzung des ersten und wichtigsten Menschenrechts\u201c, das\u00a0Recht auf Leben, vor. Osama Bin Laden, der dieses Recht auf Leben mehr als 3000 Menschen absprach, indem er seine Kommandos in das World-Trade-Center fliegen lie\u00df, scheint\u00a0f\u00fcr Buchholz wichtiger als die Opfer dieses Anschlags, die er mit keinem Wort erw\u00e4hnt.<\/p>\n<p style=\"text-align: justify;\">Erich Buchholz sieht in dem Tod des Osama Bin Ladens eine schwere Menschenrechtsverletzung und erregt sich dar\u00fcber, dass die Bundeskanzlerin\u00a0\u201ediesen kaltbl\u00fctigen Mord \u00f6ffentlich begr\u00fc\u00dft und sich dar\u00fcber freut\u201c:\u00a0\u201eDas ist ungeheuerlich\u201c, emp\u00f6rt sich\u00a0Buchholz.\u00a0\u201eMit dieser \u00c4u\u00dferung hat sie nicht nur Millionen Deutscher entt\u00e4uscht und verletzt\u201c, konstatiert der Jurist.<\/p>\n<p style=\"text-align: justify;\">Es sind die Deutschen und ihre Verletzungen, die dem Juristen anscheinend am Herzen liegen. Er unterstellt der amerikanischen Regierung des Weiteren, dass sie durch die\u00a0\u201eHinrichtung\u201c\u00a0ein\u00a0\u201eordentliches gerichtliches Verfahren gegen ihn\u00a0von vornherein f\u00fcr alle Zeit unm\u00f6glich\u201c\u00a0machen wollten.\u00a0\u201eSolches ist beispiellos\u201c, w\u00fctet Buchholz.<\/p>\n<p style=\"text-align: justify;\">Nachdem Buchholz auf diese Art und Weise die angeblichen Gef\u00fchle der Deutschen beschrieben hat, die durch die Tat und die Reaktion der Angela Merkel verletzt worden seien, wird es f\u00fcr Buchholz Zeit, die verschw\u00f6rungstheoretische Karte zu z\u00fccken, die auch in seinem Milieu so beliebt ist.<\/p>\n<p style=\"text-align: justify;\">Er behauptet, dass die amerikanische Regierung Bin Laden get\u00f6tet habe, um\u00a0\u201cnicht genehme Zusammenh\u00e4nge und Hintergr\u00fcnde\u201c\u00a0zu verschweigen. Schlie\u00dflich ginge es um\u00a0\u201edie Hintergr\u00fcnde und Erm\u00f6glichung der bis heute im Dunklen gelassenen Vorg\u00e4nge vom 11. Spetember 2001\u2033. Gerade in Buchholz Zusammenh\u00e4ngen wird die Verschw\u00f6rungstheorie kolportiert, dass die Anschl\u00e4ge vom 11. September 2001 durch ma\u00dfgebliche Teile der\u00a0\u201eUS-Administration\u201c\u00a0erst erm\u00f6glicht worden w\u00e4re, weil diese ein Interesse an den Anschl\u00e4gen gehabt h\u00e4tte, um den\u00a0\u201eKrieg gegen den Terror\u201c\u00a0zu f\u00fchren.<\/p>\n<p style=\"text-align: justify;\">Doch Buchholz spinnt auch um den Tod des Terroristen eine Verschw\u00f6rungstheorie, die er in der\u201eOffensiv\u201c\u00a0kolportiert. Er behauptet, dass der Aufenthaltsort des Osama Bin Ladens schon lange bekannt gewesen sei. Dass man ihn erst jetzt finden konnte,\u00a0\u201egeh\u00f6rt in die Sammlung der \u00fcblichen Ammenm\u00e4rchen der Geheimdienste, vor allem des CIA\u201c, schreibt Buchholz. In Wahrheit ginge es um \u201einnen- und au\u00dfenpolitische Erw\u00e4gungen\u201c, behauptet Buchholz, um den Bogen zu Angela Merkel zu spannen:<\/p>\n<blockquote><p>Vor allem passt die unverz\u00fcgliche, geradezu vorlaute Begr\u00fc\u00dfung dieses verbrecheichne Unternehmens durch die Bundskanzlerin, um den \u201aSchulterschluss\u2018 zu den USA zu bekunden, in das innen- und au\u00dfenpolitische Kalk\u00fcl sowohl der USA wie der BRD.<\/p><\/blockquote>\n<p style=\"text-align: justify;\">Dies sei\u00a0\u201everr\u00e4terisch und entlarvend\u201c, behauptet Buchholz. Bin Laden ist f\u00fcr Buchholz also gestorben, weil er die angebliche Warheit \u00fcber den 11. September 2001 berichten konnte und weil die amerikanische Regierung auf diese Art und Weise den \u201eSchulterschluss\u201c\u00a0mit der deutschen Regierung \u00fcben wollte.<\/p>\n<p style=\"text-align: justify;\">Diese gedanklichen Verdrehungen kolportiert Buchholz in der aktuellen Ausgabe der\u00a0\u201eOffensiv\u201c. Ansonsten ver\u00f6ffentlichte der gelernte DDR-Jurist seine Texte im\u00a0\u201eKai Homilius Verlag\u201c, in dem verschw\u00f6rungsideologische B\u00fccher wie die\u00a0\u201ePearl Harbour L\u00fcge\u201c\u00a0erscheinen. Verantwortlich f\u00fcr diese B\u00fccher ist der konservative Autor Jan von Flocken, der dort auch Machwerke wie\u00a0\u201eUnser tausendj\u00e4hriges Reich\u201c\u00a0ver\u00f6ffentlichte und in der rechten\u00a0\u201eJungen Freiheit\u201c\u00a0publiziert. Im\u00a0\u201eKai Homilius Verlag\u201c, der die Texte des Erich Buchholz publiziert, erscheint auch die\u00a0\u201eCompact\u201c-Zeitschrift des\u00a0\u201eLinksnationalisten\u201c\u00a0J\u00fcrgen Els\u00e4sser.<\/p>\n<p style=\"text-align: justify;\">Erich Buchholz steht \u00a0verschw\u00f6rungsideologischen Internetportalen wie\u00a0\u201eNuoViso.TV\u201c\u00a0zur Verf\u00fcgung, das Filme wie\u00a0\u201eDie neue Feldordnung \u2013 den Kornkreisen auf der Spur\u201c\u00a0ver\u00f6ffentlicht. Dort trifft er im Interview auf\u00a0Michael Vogt, der mit seinem revisionistischen Film \u00fcber Rudolf He\u00df traurige Bekanntheit erlangte.<\/p>\n<p style=\"text-align: justify;\">Der Jurist\u00a0scheint mit derartigen Personen allerdings ebenso wenig ein Problem zu haben, wie mit verschw\u00f6rungsideologischen Internetportalen. Er steht sowohl diesen Internetportalen als auch\u00a0\u201emarxistisch-leninistischen\u201c-Publikationen wie der\u00a0\u201eOffensiv\u201c\u00a0zur Verf\u00fcgungen, um Verschw\u00f6rungstheorien zu propagieren.<\/p>\n<p style=\"text-align: justify;\">Buchholz fungiert als Bindeglied zwischen offener Verschw\u00f6rungsideologie und linken Zeitschriften, in denen ebenfalls verschw\u00f6rungsideologische Versatzst\u00fccke zu finden sind. Ihnen ist ein Antiamerikanismus gemein, der in dem Glauben gipfelt, dass die amerikanischen Institutionen eine unglaubliche Macht besitzen w\u00fcrden, die sie zur jeder Schandtat bef\u00e4higt.<\/p>\n<a class=\"synved-social-button synved-social-button-share synved-social-size-32 synved-social-resolution-single synved-social-provider-facebook nolightbox\" data-provider=\"facebook\" target=\"_blank\" rel=\"nofollow\" title=\"Auf Facebook teilen\" href=\"https:\/\/www.facebook.com\/sharer.php?u=https%3A%2F%2Fferne-welten.com%2Findex.php%3Frest_route%3D%252Fwp%252Fv2%252Fposts%252F1345&#038;t=Offensive%20Verschw%C3%B6rungsmythen&#038;s=100&#038;p&#091;url&#093;=https%3A%2F%2Fferne-welten.com%2Findex.php%3Frest_route%3D%252Fwp%252Fv2%252Fposts%252F1345&#038;p&#091;images&#093;&#091;0&#093;=&#038;p&#091;title&#093;=Offensive%20Verschw%C3%B6rungsmythen\" style=\"font-size: 0px;width:32px;height:32px;margin:0;margin-bottom:5px;margin-right:5px\"><img loading=\"lazy\" decoding=\"async\" alt=\"Facebook\" title=\"Auf Facebook teilen\" class=\"synved-share-image synved-social-image synved-social-image-share\" width=\"32\" height=\"32\" style=\"display: inline;width:32px;height:32px;margin: 0;padding: 0;border: none;box-shadow: none\" src=\"https:\/\/ferne-welten.com\/wp-content\/plugins\/social-media-feather\/synved-social\/addons\/extra-icons\/image\/social\/circle\/64x64\/facebook.png\" \/><\/a><a class=\"synved-social-button synved-social-button-share synved-social-size-32 synved-social-resolution-single synved-social-provider-twitter nolightbox\" data-provider=\"twitter\" target=\"_blank\" rel=\"nofollow\" title=\"Auf Twitter teilen\" href=\"https:\/\/twitter.com\/intent\/tweet?url=https%3A%2F%2Fferne-welten.com%2Findex.php%3Frest_route%3D%252Fwp%252Fv2%252Fposts%252F1345&#038;text=Hey%20check%20this%20out\" style=\"font-size: 0px;width:32px;height:32px;margin:0;margin-bottom:5px;margin-right:5px\"><img loading=\"lazy\" decoding=\"async\" alt=\"twitter\" title=\"Auf Twitter teilen\" class=\"synved-share-image synved-social-image synved-social-image-share\" width=\"32\" height=\"32\" style=\"display: inline;width:32px;height:32px;margin: 0;padding: 0;border: none;box-shadow: none\" src=\"https:\/\/ferne-welten.com\/wp-content\/plugins\/social-media-feather\/synved-social\/addons\/extra-icons\/image\/social\/circle\/64x64\/twitter.png\" \/><\/a><a class=\"synved-social-button synved-social-button-share synved-social-size-32 synved-social-resolution-single synved-social-provider-reddit nolightbox\" data-provider=\"reddit\" target=\"_blank\" rel=\"nofollow\" title=\"Auf Reddit teilen\" href=\"https:\/\/www.reddit.com\/submit?url=https%3A%2F%2Fferne-welten.com%2Findex.php%3Frest_route%3D%252Fwp%252Fv2%252Fposts%252F1345&#038;title=Offensive%20Verschw%C3%B6rungsmythen\" style=\"font-size: 0px;width:32px;height:32px;margin:0;margin-bottom:5px;margin-right:5px\"><img loading=\"lazy\" decoding=\"async\" alt=\"reddit\" title=\"Auf Reddit teilen\" class=\"synved-share-image synved-social-image synved-social-image-share\" width=\"32\" height=\"32\" style=\"display: inline;width:32px;height:32px;margin: 0;padding: 0;border: none;box-shadow: none\" src=\"https:\/\/ferne-welten.com\/wp-content\/plugins\/social-media-feather\/synved-social\/addons\/extra-icons\/image\/social\/circle\/64x64\/reddit.png\" \/><\/a><a class=\"synved-social-button synved-social-button-share synved-social-size-32 synved-social-resolution-single synved-social-provider-pinterest nolightbox\" data-provider=\"pinterest\" target=\"_blank\" rel=\"nofollow\" title=\"Auf Pinterest pinnen\" href=\"https:\/\/pinterest.com\/pin\/create\/button\/?url=https%3A%2F%2Fferne-welten.com%2Findex.php%3Frest_route%3D%252Fwp%252Fv2%252Fposts%252F1345&#038;media=&#038;description=Offensive%20Verschw%C3%B6rungsmythen\" style=\"font-size: 0px;width:32px;height:32px;margin:0;margin-bottom:5px;margin-right:5px\"><img loading=\"lazy\" decoding=\"async\" alt=\"pinterest\" title=\"Auf Pinterest pinnen\" class=\"synved-share-image synved-social-image synved-social-image-share\" width=\"32\" height=\"32\" style=\"display: inline;width:32px;height:32px;margin: 0;padding: 0;border: none;box-shadow: none\" src=\"https:\/\/ferne-welten.com\/wp-content\/plugins\/social-media-feather\/synved-social\/addons\/extra-icons\/image\/social\/circle\/64x64\/pinterest.png\" \/><\/a><a class=\"synved-social-button synved-social-button-share synved-social-size-32 synved-social-resolution-single synved-social-provider-linkedin nolightbox\" data-provider=\"linkedin\" target=\"_blank\" rel=\"nofollow\" title=\"Auf Linkedin teilen\" href=\"https:\/\/www.linkedin.com\/shareArticle?mini=true&#038;url=https%3A%2F%2Fferne-welten.com%2Findex.php%3Frest_route%3D%252Fwp%252Fv2%252Fposts%252F1345&#038;title=Offensive%20Verschw%C3%B6rungsmythen\" style=\"font-size: 0px;width:32px;height:32px;margin:0;margin-bottom:5px;margin-right:5px\"><img loading=\"lazy\" decoding=\"async\" alt=\"linkedin\" title=\"Auf Linkedin teilen\" class=\"synved-share-image synved-social-image synved-social-image-share\" width=\"32\" height=\"32\" style=\"display: inline;width:32px;height:32px;margin: 0;padding: 0;border: none;box-shadow: none\" src=\"https:\/\/ferne-welten.com\/wp-content\/plugins\/social-media-feather\/synved-social\/addons\/extra-icons\/image\/social\/circle\/64x64\/linkedin.png\" \/><\/a><a class=\"synved-social-button synved-social-button-share synved-social-size-32 synved-social-resolution-single synved-social-provider-tumblr nolightbox\" data-provider=\"tumblr\" target=\"_blank\" rel=\"nofollow\" title=\"\u00dcber Tumblr teilen\" href=\"https:\/\/tumblr.com\/share?s=&#038;v=3&#038;t=Offensive%20Verschw%C3%B6rungsmythen&#038;u=https%3A%2F%2Fferne-welten.com%2Findex.php%3Frest_route%3D%252Fwp%252Fv2%252Fposts%252F1345\" style=\"font-size: 0px;width:32px;height:32px;margin:0;margin-bottom:5px;margin-right:5px\"><img loading=\"lazy\" decoding=\"async\" alt=\"tumblr\" title=\"\u00dcber Tumblr teilen\" class=\"synved-share-image synved-social-image synved-social-image-share\" width=\"32\" height=\"32\" style=\"display: inline;width:32px;height:32px;margin: 0;padding: 0;border: none;box-shadow: none\" src=\"https:\/\/ferne-welten.com\/wp-content\/plugins\/social-media-feather\/synved-social\/addons\/extra-icons\/image\/social\/circle\/64x64\/tumblr.png\" \/><\/a><a class=\"synved-social-button synved-social-button-share synved-social-size-32 synved-social-resolution-single synved-social-provider-mail nolightbox\" data-provider=\"mail\" rel=\"nofollow\" title=\"Link per Mail weiterleiten\" href=\"mailto:?subject=Offensive%20Verschw%C3%B6rungsmythen&#038;body=Hey%20check%20this%20out:%20https%3A%2F%2Fferne-welten.com%2Findex.php%3Frest_route%3D%252Fwp%252Fv2%252Fposts%252F1345\" style=\"font-size: 0px;width:32px;height:32px;margin:0;margin-bottom:5px\"><img loading=\"lazy\" decoding=\"async\" alt=\"mail\" title=\"Link per Mail weiterleiten\" class=\"synved-share-image synved-social-image synved-social-image-share\" width=\"32\" height=\"32\" style=\"display: inline;width:32px;height:32px;margin: 0;padding: 0;border: none;box-shadow: none\" src=\"https:\/\/ferne-welten.com\/wp-content\/plugins\/social-media-feather\/synved-social\/addons\/extra-icons\/image\/social\/circle\/64x64\/mail.png\" \/><\/a>","protected":false},"excerpt":{"rendered":"<p>n der aktuelle Ausgabe der\u00a0\u201emarxistisch-leninistischen\u201c\u00a0Kleinzeitschrift\u00a0\u201eOffensiv\u201c\u00a0findet sich ein Text des Juristen\u00a0Erich Buchholz, der sich mit dem Tod des Osama bin Laden besch\u00e4ftigt.\u00a0Dort\u00a0propagiert Buchholz Verschw\u00f6rungstheorien \u00fcber den Tod des Massenm\u00f6rders und betreibt eine antiamerikanische Stimmungsmache, die in der\u00a0\u201eOffensiv\u201c, die das faktische Organ&#8230;<br \/><a class=\"read-more-button\" href=\"https:\/\/ferne-welten.com\/?p=1345\">Read more<\/a><\/p>\n","protected":false},"author":1,"featured_media":0,"comment_status":"open","ping_status":"open","sticky":false,"template":"","format":"standard","meta":{"footnotes":""},"categories":[79],"tags":[417,533,534,532],"class_list":["post-1345","post","type-post","status-publish","format-standard","hentry","category-mythen","tag-417","tag-erich-buchholz","tag-michael-vogt","tag-offensiv"],"_links":{"self":[{"href":"https:\/\/ferne-welten.com\/index.php?rest_route=\/wp\/v2\/posts\/1345","targetHints":{"allow":["GET"]}}],"collection":[{"href":"https:\/\/ferne-welten.com\/index.php?rest_route=\/wp\/v2\/posts"}],"about":[{"href":"https:\/\/ferne-welten.com\/index.php?rest_route=\/wp\/v2\/types\/post"}],"author":[{"embeddable":true,"href":"https:\/\/ferne-welten.com\/index.php?rest_route=\/wp\/v2\/users\/1"}],"replies":[{"embeddable":true,"href":"https:\/\/ferne-welten.com\/index.php?rest_route=%2Fwp%2Fv2%2Fcomments&post=1345"}],"version-history":[{"count":1,"href":"https:\/\/ferne-welten.com\/index.php?rest_route=\/wp\/v2\/posts\/1345\/revisions"}],"predecessor-version":[{"id":1346,"href":"https:\/\/ferne-welten.com\/index.php?rest_route=\/wp\/v2\/posts\/1345\/revisions\/1346"}],"wp:attachment":[{"href":"https:\/\/ferne-welten.com\/index.php?rest_route=%2Fwp%2Fv2%2Fmedia&parent=1345"}],"wp:term":[{"taxonomy":"category","embeddable":true,"href":"https:\/\/ferne-welten.com\/index.php?rest_route=%2Fwp%2Fv2%2Fcategories&post=1345"},{"taxonomy":"post_tag","embeddable":true,"href":"https:\/\/ferne-welten.com\/index.php?rest_route=%2Fwp%2Fv2%2Ftags&post=1345"}],"curies":[{"name":"wp","href":"https:\/\/api.w.org\/{rel}","templated":true}]}}