{"id":1347,"date":"2011-07-26T11:10:54","date_gmt":"2011-07-26T10:10:54","guid":{"rendered":"http:\/\/ferne-welten.com\/?p=1347"},"modified":"2017-04-30T11:13:18","modified_gmt":"2017-04-30T10:13:18","slug":"terror-verschwoerungstheorien","status":"publish","type":"post","link":"https:\/\/ferne-welten.com\/?p=1347","title":{"rendered":"Terror &#038; Verschw\u00f6rungstheorien"},"content":{"rendered":"<div class=\"content\">\n<p style=\"text-align: justify;\">Die m\u00f6rderischen Anschl\u00e4gen in Oslo und auf der Insel Ut\u00f8ya wurden von Verschw\u00f6rungsideologen in der ganzen Welt aufgegriffen, um ihre Theorien \u00fcber die Taten zu propagieren. Dass der mutma\u00dfliche T\u00e4ter, Anders Behring Breivik, zun\u00e4chst zur Bombe und dann zur Waffe griff, um mehr als 70 Menschen zu ermorden, die an einem Camp der Jugendorganisation der norwegischen Sozialdemokraten teilgenommen hatten, interessierte zun\u00e4chst nur am Rande.<\/p>\n<p style=\"text-align: justify;\"><!--more--><\/p>\n<p style=\"text-align: justify;\">Es wurde nach Hinterm\u00e4nnern, Ufos und Sprengstoff gesucht. Es m\u00fcsse sich einfach um eine so genannte\u00a0\u201eFalse Flag\u201c-Aktion, eine Aktion unter falscher Flagge, die von m\u00e4chtigen Institutionen begangen worden sei, gehandelt haben. Diese Idee geistert durch die K\u00f6pfen der Verschw\u00f6rungsfans, die nun im Internet nach Beweisen fahnden und jede noch so absurde Behauptung benutzen, um ihre Theorien zu propagieren. Je nach ideologischer Perspektive werden mit diesen Verschw\u00f6rungstheorien andere T\u00e4ter oder\u00a0geheimnisvolle Hintermenschen\u00a0ausgemacht, die f\u00fcr die verachtenswerten Taten verantwortlich sein sollen.<\/p>\n<p style=\"text-align: justify;\">Das nationalistische\u00a0<a href=\"http:\/\/npd-blog.info\/2011\/07\/24\/massaker-marketing-manifest-1516\/\">Manifest\u00a0<\/a>des T\u00e4ters, Anders Behring Breivik, der auf mehr als\u00a01500 Seiten seine m\u00f6rderischen Taten mit Paranoia vor einem allumfassenden\u00a0\u201eKultur-Marxismus\u201c\u00a0und einem\u00a0\u201eMultikulturalismus\u201c\u00a0begr\u00fcndete, wird dabei oftmals ignoriert. Stattdessen wird von einer Tat durch Geheimdienste oder anderen geheimnisvollen Gruppen halluziniert.<\/p>\n<p style=\"text-align: justify;\">Dass der T\u00e4ter selbst verschw\u00f6rungsideologische Vorsatzst\u00fcckchen propagierte, er\u00a0\u201ezeitgen\u00f6ssischen Rechtsradikalismus mit altbekannten Verschw\u00f6rungen\u201c\u00a0<a href=\"http:\/\/teilnahmebedingungen.blogsport.de\/2011\/07\/26\/der-verrueckte-und-israel\/\">kompilierte<\/a>, spielt im Diskurs der Verschw\u00f6rungsszene eben sowenig eine Rolle, wie die antisemitische Tendenzen des T\u00e4ters, die sich in seinem Manifest offenbaren. Behring Breivik\u00a0<a href=\"http:\/\/schlamassel.blogsport.de\/2011\/07\/25\/das-rechte-engagement-gegen-antisemitismus-am-beispiel-des-moerders-von-oslo\/\">sprach dort unter anderem davon<\/a>, dass\u00a0\u201edie Vereinigten Staaten von Amerika mit sechs Millionen Juden (\u2026) wirklich ein betr\u00e4chtliches Judenproblem\u201c\u00a0h\u00e4tten.<\/p>\n<p style=\"text-align: justify;\">Verschw\u00f6rungsideologen interessieren sich nur am Rande f\u00fcr den mutma\u00dflichen T\u00e4ter und seine Motivation. Schlie\u00dflich glauben sie, hinter dem T\u00e4ter eine viel umfangreiche Verschw\u00f6rung entdeckt zu haben. Das geht sogar so weit, dass der T\u00e4ter zum Opfer dieser angeblichen Verschw\u00f6rung gemacht wird. Verschiedene Verschw\u00f6rungsideologen sprechen von geheimen Gehirnw\u00e4sche-Programmen,\u00a0\u201eMind Control\u201c\u00a0genannt, denen der T\u00e4ter angeblich zum Opfer gefallen sei.<\/p>\n<p style=\"text-align: justify;\"><a href=\"http:\/\/de.wikipedia.org\/wiki\/Alex_Jones\">Alex Jones<\/a>, ein verschw\u00f6rungsideologischer Radiomoderator\u00a0aus den USA, spricht beispielsweise von einer\u00a0\u201eFalse-Flag\u201c\u00a0Aktion, durchgef\u00fchrt von einer\u00a0\u201eWhite al-qaeda\u201c, die durch amerikanische Institutionen gelenkt werden w\u00fcrde. Auf diesem Weg sollen die\u00a0\u201epatriotischen\u201c\u00a0Gegner einer \u201eNeue Weltordnung\u201c\u00a0diskreditiert werden, glaubt der dieser wichtige Stichwortgeber der organisierten Verschw\u00f6rungsideologie.<\/p>\n<p style=\"text-align: justify;\">Mit der Tat, die f\u00fcr Alex Jones unter falscher Flagge durchgef\u00fchrt wurde, sollen jene nationalistischen Verschw\u00f6rungstheoretiker diskreditiert werden, die sich f\u00fcr Nationalstaaten und gegen Migrant_innen aussprechen w\u00fcrden. Dass Anders Behring Breivik nicht nur\u00a0<a href=\"http:\/\/npd-blog.info\/2011\/07\/23\/norwegen-mutmaslicher-tater-war-bei-der-fortschrittspartei\/\">Mitglied einer rechtspopulistischen Partei<\/a>, sondern auch Mitglied einer Freimaurer-Loge war, ist nicht nur f\u00fcr Alex Jones\u00a0ein weiteres Indiz, mit dem die Verschw\u00f6rungstheorie gebastelt wird.<\/p>\n<p style=\"text-align: justify;\">Derartige Theorien propagiert nicht nur Alex Jones auf seiner Seite\u00a0\u201eInfowars.com\u201c, sondern auch sein Kompagnon Paul Watson. Dieser\u00a0<a href=\"http:\/\/anonym.to\/?http:\/\/www.infowars.com\/oslo-terror-whose-agenda-does-it-serve\/\">stellt dort<\/a>\u00a0unter anderem die Verschw\u00f6rungstheorie auf, dass Norwegen gestraft worden sei, weil es sich in die\u00a0\u201eAgenda\u201c\u00a0der\u00a0\u201eNew World Order\u201c\u00a0einmischte. Weil Norwegen einen pal\u00e4stinensischen Staat bef\u00fcrwortete, sei es das Opfer des Anschlags geworden. Diese antisemitische Theorie erfreut sich einer ungeheuren Beliebtheit und wird auf zahlreichen Internetseiten der Verschw\u00f6rungsszene propagiert.<\/p>\n<p style=\"text-align: justify;\">\u201eSkywatch Bretten\u201c, ein anonymes Webblog, berichtet ebenfalls \u00fcber den Umstand, dass Anders Behring Breivik Mitglied in einer Freimaurer-Loge war. Au\u00dferdem hat der Autor des Blogs eine blau-wei\u00dfe Krawatte des T\u00e4ters untersucht:\u00a0\u201eUnd wer kennt sich besser mit der Schuld aus als Blau\/Weis? Niemand\u201c,\u00a0schreibt der Autor dieser Versch\u00f6rungsseite. Der Verantwortliche dieses Blogs betreibt einen besonders obskuren Antisemitismus, der \u00fcber die Farbe einer Krawatte funktioniert.<\/p>\n<p style=\"text-align: justify;\">Hier wird der antisemitische Furor vieler Verschw\u00f6rungsfans deutlich. Weil der T\u00e4ter auf einem Foto eine blau-wei\u00dfe Krawatte trug, wird Israel f\u00fcr die Taten verantwortlich gemacht. Weil sich Norwegen angeblich hinter den entstehenden pal\u00e4stinensischen Staat stellen w\u00fcrde, k\u00f6nne nur der israelische Geheimdienst Mossad f\u00fcr die Taten verantwortlich sein.<\/p>\n<p style=\"text-align: justify;\">\u201eWiderstand in Aktion\u201c, ein Blog des nationalistischen und verschw\u00f6rungsideologischen Stammtischs der Internetseite\u00a0\u201eAlles Schall und Rauch\u201c\u00a0vermutet,\u00a0\u201edass es Explosionen, Verpuffungen oder was auch immer\u201c\u00a0gegeben haben k\u00f6nnte. Ein\u00a0\u201eKlarer Fall: Staatsterror!\u201c. Denn:\u00a0\u201edie Sache stinkt nach Mindcontrol!\u201c\u00a0Zumindest f\u00fcr die Betreiber der Verschw\u00f6rungsinternetseite.<\/p>\n<p style=\"text-align: justify;\">Auf der ebenfalls verschw\u00f6rungsideologischen Internetseite\u00a0\u201eInfokrieger-News\u201c\u00a0kommentieren\u00a0verschiedene Verschw\u00f6rungsfans die schrecklichen Geschehnisse: Sie pl\u00e4dieren dort daf\u00fcr\u00a0\u201edie Schuldigen beim Mossad oder bei den Franzosen zu suchen\u201c. Weil Norwegen das Bestreben der pal\u00e4stinensischen Organisationen nach einem eigenen Staat unterst\u00fctzt h\u00e4tte, sei dieses Land nun Ziel eines Anschlags geworden, lautet auch hier die Begr\u00fcndung f\u00fcr die Verschw\u00f6rungstheorie, deren Grundlage der Hass auf Israel und seine angebliche Macht und Machenschaften sein d\u00fcrfte.<\/p>\n<p style=\"text-align: justify;\">Ein anderer Verschw\u00f6rungsfan will in dem Ort des Massakers, der Insel Ut\u00f8ya, eine\u00a0\u201ePyramide\u201c\u00a0erkannt haben. F\u00fcr ihn und andere Verschw\u00f6rungsgl\u00e4ubige sind derartige Symbole das Zeichen der geheimen Weltverschw\u00f6rung, die sie f\u00fcr die Anschl\u00e4ge verantwortlich machen. In jedem Fall sei der Anschlag\u00a0\u201edeffintiv vom Mossad inziniert\u201c. Andere Nutzer dieser Verschw\u00f6rungsplattform machten allerdings andere Geheimdienste der angeblichen\u00a0\u201eEliten\u201c\u00a0f\u00fcr die Morde verantwortlich.<\/p>\n<p style=\"text-align: justify;\">Nicht nur hier ist von angeblichen Gehirnw\u00e4sche-Projekten die Rede. Wie in\u00a0<a href=\"http:\/\/www.txf.net\/eg\/epi101.shtml\">einer Folge<\/a>\u00a0der Serie\u00a0\u201eAkte X\u201c\u00a0oder der Handlung des Computerspiels\u00a0\u201eCall of Duty: Black Ops\u201c\u00a0wird die Behauptung aufgestellt, dass der Attent\u00e4ter einer Gehirnw\u00e4sche durch CIA oder Mossad zum Opfer gefallen sei und deswegen seine Taten ver\u00fcbt habe.<\/p>\n<p style=\"text-align: justify;\">In eine \u00e4hnliche Richtung geht eine Sendung der nationalistischen Verschw\u00f6rungs-Website\u00a0\u201eInfokrieg TV\u201c. In einer Radiosendung versucht dessen Betreiber, Alexander Benesch, den T\u00e4ter zum Teil einer Verschw\u00f6rung zu machen, hinter der er ehemalige Gladio-Strukturen vermutete. Au\u00dferdem zieht er, wie viele andere Verschw\u00f6rungsideologen auch, einen Zusammenhang zu dem Attentat in Oklahoma City. Dort sprengte Timothy McVeigh am 19. April 1995 einen Van im Murrah Federal Building in die Luft. Dabei starben 168 Menschen. Bis heute behaupten verschiedene Verschw\u00f6rungsideogen, dass es sich hierbei um eine Verschw\u00f6rung der geheimen\u00a0\u201eElite\u201c\u00a0gehandelt habe, die den T\u00e4ter benutzte.<\/p>\n<p style=\"text-align: justify;\">Auf diese Art und Weise leugnen Verschw\u00f6rungsideologen die ideologischen Hintergr\u00fcnde der Anschl\u00e4ge.\u00a0\u201e\u201aRechter Terror\u2018 unter falscher Flagge\u201c\u00a0hei\u00dft es\u00a0beispielsweise\u00a0auf der Internetseite\u00a0\u201eInfokrieg TV\u201c. Die Melange aus Nationalismus, Rassismus und der Hass auf die Moderne, die in beiden F\u00e4llen eine Ursache f\u00fcr die Taten gewesen sein k\u00f6nnte, wird beiseite geschoben. Aus dem rechten Terror wird eine\u00a0\u201eBedrohung\u201c\u00a0gemacht, die\u00a0\u201enur Schreckgespenst und Werkzeug der Bundesregierung\u201c\u00a0sei,\u00a0\u201eum eine patriotische und globalismusfeindliche Str\u00f6mung im Land zu diskreditieren\u201c.<\/p>\n<p style=\"text-align: justify;\">Stattdessen wird ein ein Konstrukt propagiert, dass von der angeblichen Existenz einer mega-geheimen\u201eElite\u201c\u00a0ausgeht, die so wahnsinnig-m\u00e4chtig sein muss, dass sie derartige Komplotte arrangieren kann, ohne das es die\u00a0\u201eschlafende\u201c\u00a0Mehrheit der Menschheit \u00fcberhaupt mitbekommt.<\/p>\n<p style=\"text-align: justify;\">Verschw\u00f6rungsideologen schreiben in diesem Zusammenhang oftmals von einer israelischen Aktion. Dies zeigt den Antisemitismus vieler Verschw\u00f6rungstheorien deutlich auf. Diesem Antisemitismus f\u00fchlt sich wohl auch der\u00a0Reptoloiden-Theoretiker David Icke\u00a0verpflichtet, der auf seiner Internetseite verschiedene Texte aus der Szene\u00a0<a href=\"http:\/\/anonym.to\/?http:\/\/www.davidicke.com\/headlines\/51243-multiple-terrorist-bombings-in-oslo-norway--signature-of-mossad-false-flag-al-qaeda-terror-attack\">ver\u00f6ffentlichte<\/a>, in denen die Behauptung aufgestellt wird, es handele sich um eine Aktion des israelischen Geheimdienstes Mossad, weil sich Norwegen hinter den entstehenden pal\u00e4stinensischen Staat stellen w\u00fcrde. Mit dieser wahnhaften Theorie haben viele Verschw\u00f6rungsideologen ihr Motiv gefunden, das sie nun immer wieder verwenden, um einen angeblichen Zusammenhang zwischen den Attentaten und dem israelischen Geheimdienst zu konstruieren.<\/p>\n<p style=\"text-align: justify;\">So weit will der Kopp-Verlag, der esoterische, populistische und verschw\u00f6rungsideologische Machwerke ver\u00f6ffentlicht, dann doch nicht gehen. Er\u00a0erw\u00e4hnt den israelischen Staat nur am Rande. Allerdings wird in einem Artikel der Nachrichtenabteilung des Verlages die Frage aufgeworfen, ob nicht\u00a0\u201ewestliche M\u00e4chte\u201c\u00a0f\u00fcr die Anschl\u00e4ge verantwortlich seien,\u00a0\u201eweil Norwegen sich f\u00fcr einen unabh\u00e4ngigen Pal\u00e4stinenserstaat stark machen will\u201c. In einem weiteren Artikel spricht der Verschw\u00f6rungsideologe\u00a0Webster Tarpley\u00a0bereits in der \u00dcberschrift von\u00a0\u201eTerroranschl\u00e4gen in Norwegen unter falscher Flagge\u201c.<\/p>\n<p style=\"text-align: justify;\">Nicht nur auf derartigen Internetseiten bl\u00fchen die Verschw\u00f6rungstheorien: Auf der\u00a0antisemitischen Internetseite\u00a0\u201eMuslim Markt\u201c\u00a0werden Verschw\u00f6rungsmythen gesponnen:\u00a0\u201eDer inzwischen als angeblicher Einzelt\u00e4ter vorgestellte Rechtsradikale war sicherlich vieles, aber ganz sicher kein Einzelt\u00e4ter. Und die Hinterm\u00e4nner d\u00fcrften das Land \u2013 wohin auch immer \u2013 schon l\u00e4ngt verlassen haben\u201c, hei\u00dft es\u00a0dort, um ebenfalls auf die drohende Anerkennung eines pal\u00e4stinensischen Staates, durch die Regierung Norwegens, hinzuweisen.<\/p>\n<p style=\"text-align: justify;\">Verschw\u00f6rungstheorien finden sich eben nicht nur auf den Internetseiten der Szene, auf denen derartige Ideen am ungehemmtesten propagiert werden, sondern auch auf verschiedenen anderen Internetseiten, die die Ereignisse ebenfalls verkl\u00e4ren.<\/p>\n<p style=\"text-align: justify;\">Viele verschw\u00f6rungstheoretische Vorsatzst\u00fcckchen finden sich beispielsweise auf den Internetseiten, die durch ihre rassistische Hetze gegen Muslime auf sich aufmerksam machen. Zum Beispiel in den Kommentaren der Internetseite\u00a0\u201ePolitically Incorrect\u201c, die\u00a0<a href=\"http:\/\/anonym.to\/?http:\/\/www.pi-news.net\/2011\/07\/fall-anders-b-eine-konservative-katastrophe\/\">einr\u00e4umt<\/a>, dass die Texte des Anders Behring Breivik\u00a0\u201egro\u00dfenteils Dinge\u201c\u00a0seien,\u00a0\u201edie auch in diesem Forum stehen k\u00f6nnten\u201c. Dort hei\u00dft es in den Kommentaren beispielsweise:<\/p>\n<blockquote><p>Es riecht hier so unangenehm stark nach False-Flag, dass ich das Fenster aufrei\u00dfen m\u00f6chte.<\/p><\/blockquote>\n<p style=\"text-align: justify;\">In weiteren Kommentaren, die vom dortigen deutschen Mob produziert werden, gibt es einige, die mit der Verschw\u00f6rungsideologie arbeiten, um die Zusammenh\u00e4nge zwischen der eigenen menschenverachtenden Ideologie und der Tat zu verschleiern. Hier sprechen einige Kommentatoren davon, dass\u00a0\u201ees stinkt\u201c. Die bereits erw\u00e4hnte Mitgliedschaft des Anders Behring Breivik in einer Gruppe der Freimaurer wird bem\u00fcht:<\/p>\n<blockquote><p>Dann hatte er den Auftrag von der Loge. Laut viele B\u00fcchern schw\u00f6ren die Hochgradmaurer auf den Koran.<\/p><\/blockquote>\n<p style=\"text-align: justify;\">Au\u00dferdem wird von\u00a0\u201egewissen Kreisen\u201c\u00a0geraunt, die ein\u00a0\u201eInteresse\u201c\u00a0an den Anschl\u00e4gen gehabt h\u00e4tten.<\/p>\n<p style=\"text-align: justify;\">Fast schon putzig erscheint, angesichts des geschilderten verschw\u00f6rungsideologischen Wahns, mit dem die Geschehnisse verkl\u00e4rt werden, ein Hinweis des bereits erw\u00e4hnten\u00a0Kopp-Verlags. Hier weist Udo Ulfkotte auf ein\u00a0Video\u00a0hin, das ein Ufo in der Hauptstadt Oslo zeigen soll.\u00a0\u201eSelbst eine renommierte Wirtschaftszeitung berichtet, unmittelbar nach der Bombenexplosion in Oslo sei \u00fcber dem Regierungsviertel ein Ufo gesichtet worden\u201c, behauptet der Rechtspopulist.<\/p>\n<p style=\"text-align: justify;\">Au\u00dferirdische sind f\u00fcr die Taten verantwortlich. Auch so kann man\u00a0einen mutma\u00dflichen T\u00e4ter und seine Ideologie entlasten. Lustiger als die wahnhafte Ideen von der T\u00e4terschaft durch\u00a0\u201ewestliche M\u00e4chte\u201c\u00a0oder gar den israelischen Geheimdienst Mossad ist diese krude Behauptung allemal.<\/p>\n<div id=\"cmnt\" style=\"text-align: justify;\"><\/div>\n<div id=\"google-wrapper\" class=\"bs_advert\" style=\"text-align: justify;\"><\/div>\n<\/div>\n<p><!--more--><\/p>\n<a class=\"synved-social-button synved-social-button-share synved-social-size-32 synved-social-resolution-single synved-social-provider-facebook nolightbox\" data-provider=\"facebook\" target=\"_blank\" rel=\"nofollow\" title=\"Auf Facebook teilen\" href=\"https:\/\/www.facebook.com\/sharer.php?u=https%3A%2F%2Fferne-welten.com%2Findex.php%3Frest_route%3D%252Fwp%252Fv2%252Fposts%252F1347&#038;t=Terror%20%26%20Verschw%C3%B6rungstheorien&#038;s=100&#038;p&#091;url&#093;=https%3A%2F%2Fferne-welten.com%2Findex.php%3Frest_route%3D%252Fwp%252Fv2%252Fposts%252F1347&#038;p&#091;images&#093;&#091;0&#093;=&#038;p&#091;title&#093;=Terror%20%26%20Verschw%C3%B6rungstheorien\" style=\"font-size: 0px;width:32px;height:32px;margin:0;margin-bottom:5px;margin-right:5px\"><img loading=\"lazy\" decoding=\"async\" alt=\"Facebook\" title=\"Auf Facebook teilen\" class=\"synved-share-image synved-social-image synved-social-image-share\" width=\"32\" height=\"32\" style=\"display: inline;width:32px;height:32px;margin: 0;padding: 0;border: none;box-shadow: none\" src=\"https:\/\/ferne-welten.com\/wp-content\/plugins\/social-media-feather\/synved-social\/addons\/extra-icons\/image\/social\/circle\/64x64\/facebook.png\" \/><\/a><a class=\"synved-social-button synved-social-button-share synved-social-size-32 synved-social-resolution-single synved-social-provider-twitter nolightbox\" data-provider=\"twitter\" target=\"_blank\" rel=\"nofollow\" title=\"Auf Twitter teilen\" href=\"https:\/\/twitter.com\/intent\/tweet?url=https%3A%2F%2Fferne-welten.com%2Findex.php%3Frest_route%3D%252Fwp%252Fv2%252Fposts%252F1347&#038;text=Hey%20check%20this%20out\" style=\"font-size: 0px;width:32px;height:32px;margin:0;margin-bottom:5px;margin-right:5px\"><img loading=\"lazy\" decoding=\"async\" alt=\"twitter\" title=\"Auf Twitter teilen\" class=\"synved-share-image synved-social-image synved-social-image-share\" width=\"32\" height=\"32\" style=\"display: inline;width:32px;height:32px;margin: 0;padding: 0;border: none;box-shadow: none\" src=\"https:\/\/ferne-welten.com\/wp-content\/plugins\/social-media-feather\/synved-social\/addons\/extra-icons\/image\/social\/circle\/64x64\/twitter.png\" \/><\/a><a class=\"synved-social-button synved-social-button-share synved-social-size-32 synved-social-resolution-single synved-social-provider-reddit nolightbox\" data-provider=\"reddit\" target=\"_blank\" rel=\"nofollow\" title=\"Auf Reddit teilen\" href=\"https:\/\/www.reddit.com\/submit?url=https%3A%2F%2Fferne-welten.com%2Findex.php%3Frest_route%3D%252Fwp%252Fv2%252Fposts%252F1347&#038;title=Terror%20%26%20Verschw%C3%B6rungstheorien\" style=\"font-size: 0px;width:32px;height:32px;margin:0;margin-bottom:5px;margin-right:5px\"><img loading=\"lazy\" decoding=\"async\" alt=\"reddit\" title=\"Auf Reddit teilen\" class=\"synved-share-image synved-social-image synved-social-image-share\" width=\"32\" height=\"32\" style=\"display: inline;width:32px;height:32px;margin: 0;padding: 0;border: none;box-shadow: none\" src=\"https:\/\/ferne-welten.com\/wp-content\/plugins\/social-media-feather\/synved-social\/addons\/extra-icons\/image\/social\/circle\/64x64\/reddit.png\" \/><\/a><a class=\"synved-social-button synved-social-button-share synved-social-size-32 synved-social-resolution-single synved-social-provider-pinterest nolightbox\" data-provider=\"pinterest\" target=\"_blank\" rel=\"nofollow\" title=\"Auf Pinterest pinnen\" href=\"https:\/\/pinterest.com\/pin\/create\/button\/?url=https%3A%2F%2Fferne-welten.com%2Findex.php%3Frest_route%3D%252Fwp%252Fv2%252Fposts%252F1347&#038;media=&#038;description=Terror%20%26%20Verschw%C3%B6rungstheorien\" style=\"font-size: 0px;width:32px;height:32px;margin:0;margin-bottom:5px;margin-right:5px\"><img loading=\"lazy\" decoding=\"async\" alt=\"pinterest\" title=\"Auf Pinterest pinnen\" class=\"synved-share-image synved-social-image synved-social-image-share\" width=\"32\" height=\"32\" style=\"display: inline;width:32px;height:32px;margin: 0;padding: 0;border: none;box-shadow: none\" src=\"https:\/\/ferne-welten.com\/wp-content\/plugins\/social-media-feather\/synved-social\/addons\/extra-icons\/image\/social\/circle\/64x64\/pinterest.png\" \/><\/a><a class=\"synved-social-button synved-social-button-share synved-social-size-32 synved-social-resolution-single synved-social-provider-linkedin nolightbox\" data-provider=\"linkedin\" target=\"_blank\" rel=\"nofollow\" title=\"Auf Linkedin teilen\" href=\"https:\/\/www.linkedin.com\/shareArticle?mini=true&#038;url=https%3A%2F%2Fferne-welten.com%2Findex.php%3Frest_route%3D%252Fwp%252Fv2%252Fposts%252F1347&#038;title=Terror%20%26%20Verschw%C3%B6rungstheorien\" style=\"font-size: 0px;width:32px;height:32px;margin:0;margin-bottom:5px;margin-right:5px\"><img loading=\"lazy\" decoding=\"async\" alt=\"linkedin\" title=\"Auf Linkedin teilen\" class=\"synved-share-image synved-social-image synved-social-image-share\" width=\"32\" height=\"32\" style=\"display: inline;width:32px;height:32px;margin: 0;padding: 0;border: none;box-shadow: none\" src=\"https:\/\/ferne-welten.com\/wp-content\/plugins\/social-media-feather\/synved-social\/addons\/extra-icons\/image\/social\/circle\/64x64\/linkedin.png\" \/><\/a><a class=\"synved-social-button synved-social-button-share synved-social-size-32 synved-social-resolution-single synved-social-provider-tumblr nolightbox\" data-provider=\"tumblr\" target=\"_blank\" rel=\"nofollow\" title=\"\u00dcber Tumblr teilen\" href=\"https:\/\/tumblr.com\/share?s=&#038;v=3&#038;t=Terror%20%26%20Verschw%C3%B6rungstheorien&#038;u=https%3A%2F%2Fferne-welten.com%2Findex.php%3Frest_route%3D%252Fwp%252Fv2%252Fposts%252F1347\" style=\"font-size: 0px;width:32px;height:32px;margin:0;margin-bottom:5px;margin-right:5px\"><img loading=\"lazy\" decoding=\"async\" alt=\"tumblr\" title=\"\u00dcber Tumblr teilen\" class=\"synved-share-image synved-social-image synved-social-image-share\" width=\"32\" height=\"32\" style=\"display: inline;width:32px;height:32px;margin: 0;padding: 0;border: none;box-shadow: none\" src=\"https:\/\/ferne-welten.com\/wp-content\/plugins\/social-media-feather\/synved-social\/addons\/extra-icons\/image\/social\/circle\/64x64\/tumblr.png\" \/><\/a><a class=\"synved-social-button synved-social-button-share synved-social-size-32 synved-social-resolution-single synved-social-provider-mail nolightbox\" data-provider=\"mail\" rel=\"nofollow\" title=\"Link per Mail weiterleiten\" href=\"mailto:?subject=Terror%20%26%20Verschw%C3%B6rungstheorien&#038;body=Hey%20check%20this%20out:%20https%3A%2F%2Fferne-welten.com%2Findex.php%3Frest_route%3D%252Fwp%252Fv2%252Fposts%252F1347\" style=\"font-size: 0px;width:32px;height:32px;margin:0;margin-bottom:5px\"><img loading=\"lazy\" decoding=\"async\" alt=\"mail\" title=\"Link per Mail weiterleiten\" class=\"synved-share-image synved-social-image synved-social-image-share\" width=\"32\" height=\"32\" style=\"display: inline;width:32px;height:32px;margin: 0;padding: 0;border: none;box-shadow: none\" src=\"https:\/\/ferne-welten.com\/wp-content\/plugins\/social-media-feather\/synved-social\/addons\/extra-icons\/image\/social\/circle\/64x64\/mail.png\" \/><\/a>","protected":false},"excerpt":{"rendered":"<p>Die m\u00f6rderischen Anschl\u00e4gen in Oslo und auf der Insel Ut\u00f8ya wurden von Verschw\u00f6rungsideologen in der ganzen Welt aufgegriffen, um ihre Theorien \u00fcber die Taten zu propagieren. Dass der mutma\u00dfliche T\u00e4ter, Anders Behring Breivik, zun\u00e4chst zur Bombe und dann zur Waffe&#8230;<br \/><a class=\"read-more-button\" href=\"https:\/\/ferne-welten.com\/?p=1347\">Read more<\/a><\/p>\n","protected":false},"author":1,"featured_media":0,"comment_status":"open","ping_status":"open","sticky":false,"template":"","format":"standard","meta":{"footnotes":""},"categories":[79],"tags":[395,189,107,418,535,264,229,536,85,274,541,537,538,539,540,134,542,345],"class_list":["post-1347","post","type-post","status-publish","format-standard","hentry","category-mythen","tag-alex-jones","tag-alles-schall-und-rauch","tag-antisemitismus","tag-breivik","tag-david-icke","tag-infokrieg-tv","tag-infokrieger-news","tag-infowars","tag-kopp","tag-muslim-markt","tag-oslo","tag-paul-watson","tag-politically-incorrect","tag-skywatch-bretten","tag-udo-ulfkotte","tag-ufo","tag-ufos","tag-webster-tarpley"],"_links":{"self":[{"href":"https:\/\/ferne-welten.com\/index.php?rest_route=\/wp\/v2\/posts\/1347","targetHints":{"allow":["GET"]}}],"collection":[{"href":"https:\/\/ferne-welten.com\/index.php?rest_route=\/wp\/v2\/posts"}],"about":[{"href":"https:\/\/ferne-welten.com\/index.php?rest_route=\/wp\/v2\/types\/post"}],"author":[{"embeddable":true,"href":"https:\/\/ferne-welten.com\/index.php?rest_route=\/wp\/v2\/users\/1"}],"replies":[{"embeddable":true,"href":"https:\/\/ferne-welten.com\/index.php?rest_route=%2Fwp%2Fv2%2Fcomments&post=1347"}],"version-history":[{"count":1,"href":"https:\/\/ferne-welten.com\/index.php?rest_route=\/wp\/v2\/posts\/1347\/revisions"}],"predecessor-version":[{"id":1348,"href":"https:\/\/ferne-welten.com\/index.php?rest_route=\/wp\/v2\/posts\/1347\/revisions\/1348"}],"wp:attachment":[{"href":"https:\/\/ferne-welten.com\/index.php?rest_route=%2Fwp%2Fv2%2Fmedia&parent=1347"}],"wp:term":[{"taxonomy":"category","embeddable":true,"href":"https:\/\/ferne-welten.com\/index.php?rest_route=%2Fwp%2Fv2%2Fcategories&post=1347"},{"taxonomy":"post_tag","embeddable":true,"href":"https:\/\/ferne-welten.com\/index.php?rest_route=%2Fwp%2Fv2%2Ftags&post=1347"}],"curies":[{"name":"wp","href":"https:\/\/api.w.org\/{rel}","templated":true}]}}