{"id":1350,"date":"2011-06-22T11:14:15","date_gmt":"2011-06-22T10:14:15","guid":{"rendered":"http:\/\/ferne-welten.com\/?p=1350"},"modified":"2017-04-30T11:16:08","modified_gmt":"2017-04-30T10:16:08","slug":"gestaendnis-eines-antizionisten","status":"publish","type":"post","link":"https:\/\/ferne-welten.com\/?p=1350","title":{"rendered":"Gest\u00e4ndnis eines Antizionisten"},"content":{"rendered":"<div class=\"content\">\n<p style=\"text-align: justify;\">Der Verschw\u00f6rungsideologe und Antizionist Elias Davidsson ist ein Mensch, dessen Thesen in einem gewissen Spektrum der deutschen Linken gerne aufgegriffen werden. Die Texte des Komponisten werden benutzt, um gegen Israel und die USA zu hetzen. Man findet diese Texte auf der Internetseite der \u201eNeuen Rheinischen Zeitung\u201c\u00a0oder den Seiten der\u00a0\u201eKommunistischen Initiative\u201c.<\/p>\n<p style=\"text-align: justify;\"><!--more--><\/p>\n<p style=\"text-align: justify;\">Elias Davidsson sucht andere Verantwortliche f\u00fcr den 11. September 2001 und viele andere terroristische Anschl\u00e4ge. F\u00fcr diese Ereignisse macht der Verschw\u00f6rungsfan verschiedene Geheimdienste und George W. Bush verantwortlich.<\/p>\n<p style=\"text-align: justify;\">Seine Thesen propagiert Davidsson nicht nur im Internet, sondern\u00a0auch auf Veranstaltungen, wie zum Beispiel am 09. Oktober 2009 im\u00a0\u201eClub Voltaire\u201c\u00a0in Frankfurt. Dort trat er f\u00fcr die Verschw\u00f6rungsfans von der Gruppe\u00a0\u201eArbeiterfotografie\u201c\u00a0auf, die nach dem Erdbeben in Japan von einer\u00a0geheimen Erdbebenwaffe halluzinierten\u00a0und die ansonsten\u00a0Propaganda f\u00fcr das iranische Regime\u00a0betreiben.<\/p>\n<p style=\"text-align: justify;\">Am heutigen Freitag wird der Komponist Davidsson f\u00fcr die MLPD-Vorfeldorganisation\u00a0\u201eSolidarit\u00e4t International\u201c\u00a0und den Stammtisch von\u00a0\u201eAlles Schall und Rauch\u201c\u00a0die einschl\u00e4gige Verschw\u00f6rungspropaganda betreiben. Er wird, gemeinsam mit der\u00a0Verschw\u00f6rungsband\u00a0\u201eDie Bandbreite\u201c, in Duisburg\u00a0<a href=\"http:\/\/www.facebook.com\/event.php?eid=212340335478925\">auftreten<\/a>. Zur Band, die\u00a0\u201eAntideutsche\u201c\u00a0als\u00a0\u201eFaschos\u201c\u00a0und\u00a0\u201ePal\u00e4stina\u201c\u00a0als\u00a0\u201eParadies am Mittelmeer\u201c\u00a0bezeichnet, besitzt Davidsson ein ganz besonderes, inniges Verh\u00e4ltnis. Er verteidigt diese auch in einem\u00a0aktuellen Jubel-Youtube-Interview.<\/p>\n<p style=\"text-align: justify;\">Elias Davidsson gibt gerne ausf\u00fchrliche Interviews. Zum Beispiel f\u00fcr die\u00a0<a href=\"http:\/\/de.wikipedia.org\/wiki\/Muslim-Markt\">Internetseite\u00a0\u201eMuslim Markt\u201c<\/a>, die eine unverhohlene Propaganda f\u00fcr das iranische Regime betreibt. Auf dieser Website, die von Yavuz \u00d6zoguz aus Delmenhorst betrieben wird, relativiert Davidsson die NS-Propaganda eines Julius Streicher:<\/p>\n<blockquote><p>Doch der Propagandaapparat von Julius Streicher w\u00fcrde heute als bescheiden betrachtet werden verglichen mit dem Ausma\u00df des heutigen Propagandaapparates gegen den Islam, der ganze Erdteile \u00fcberdeckt und von Hollywood unterst\u00fctzt wird.<\/p><\/blockquote>\n<p style=\"text-align: justify;\">Nach ganz Rechts kennt Davidsson keine Ber\u00fchrungs\u00e4ngste. Am 28. November 2009 trat er vor der Burschenschaft\u00a0\u201eNormannia-Niebelungen\u201c\u00a0in Bielefeld auf. Im Nachhinein rechtfertigte er seinen Auftritt mit einem\u00a0ausf\u00fchrlichen Offenen Brief. Er\u00a0rief zu einer Querfront zwischen Links und Rechts auf:<\/p>\n<blockquote><p>Ich habe diese Ausf\u00fchrungen aus meinem Ged\u00e4chnis so gut wie m\u00f6glich gemacht und hoffe dass diese zu einer gr\u00f6\u00dferer Bereitschaft unter deutschen Linke beitragen wird, sich auch mit traditionellen Rechte zusammenzuarbeiten (\u2026). Unsere Feinde befinden sich nicht bei den Skinhead Nazis oder bei Randgruppen der Konservativen sondern sitzen im Bundestag (\u2026) wo sie die Beteiligung Deutschlands in einem Angriffskrieg (\u2026) unterst\u00fctzen, und eng mit zwei Schurkenstaaten wirtschaftlich, milit\u00e4risch, polizeilich und geheimdienstlich zusammenarbeiten (USA und Israel). Wir sollten nicht die Zusammenarbeit mit den Burschschaften gegen dieser unheiligen Allianz vernachl\u00e4ssigen.<\/p><\/blockquote>\n<p style=\"text-align: justify;\">Davidssons neuesten Text ist daher nur konsequent. Der Komponist bezeichnet sich nun, in einem Text, der unter anderem in der Zeitschrift\u00a0\u201eDer Semit\u201c\u00a0ver\u00f6ffentlicht\u00a0wurde, als\u00a0\u201eradikalen Antisemiten\u201c. Er\u00a0entstellt die Bedeutung dieses Begriffes bis zur Unkenntlichkeit:<\/p>\n<blockquote><p>Die Bedeutung des Begriffes \u201aAntisemit\u2018 hat in den letzten Jahren einen signifikanten Wandel durchgemacht. Es gab eine Zeit, als dieser Begriff sich auf diejenigen bezog, die Juden verachteten. Sp\u00e4ter bezog sich der Begriff auf jene, die den Mythos einer j\u00fcdischen Weltverschw\u00f6rung verbreiteten. Heute wird der Vorwurf \u201aAntisemit\u2018 von den herrschenden Eliten genutzt, um Menschenrechtsaktivisten fertigzumachen, die sich f\u00fcr gleiche Rechte f\u00fcr Juden, Christen und Muslime einsetzen, das R\u00fcckkehrrecht der pal\u00e4stinensischen Fl\u00fcchtlinge in ihre Heimat fordern sowie die Vision eines gemeinsamen demokratischen Staates f\u00fcr Pal\u00e4stinenser und Israelis fordern. Das Wort \u201aAntisemit\u2018, das urspr\u00fcnglich eine negative und b\u00f6sartige Bedeutung hatte, verweist jetzt auf positive und sehr lebenswerte Haltungen (\u2026). Ich bin ein radikaler Antisemit und stolz darauf.<\/p><\/blockquote>\n<p style=\"text-align: justify;\">Der Text findet sich, in englischer Fassung, auf zahlreichen Internetseiten der Israel-Hasser. So zum Beispiel auf den\u00a0Seiten des\u00a0\u201eInstitut f\u00fcr Pal\u00e4stinakunde\u201c\u00a0aus Bonn. Davidsson bezeichnet sich nun als Antisemit. Ein Umstand, auf den der Verschw\u00f6rungstheoretiker sogar stolz ist. Diese Selbstbezeichnung wird gewisse Gruppen, die sich dem linken Spektrum zuordnen, nicht davon abhalten, Davidsson eine B\u00fchne zu bereiten.<\/p>\n<div id=\"cmnt\" style=\"text-align: justify;\"><\/div>\n<div id=\"google-wrapper\" class=\"bs_advert\" style=\"text-align: justify;\"><\/div>\n<\/div>\n<p><!--more--><\/p>\n<a class=\"synved-social-button synved-social-button-share synved-social-size-32 synved-social-resolution-single synved-social-provider-facebook nolightbox\" data-provider=\"facebook\" target=\"_blank\" rel=\"nofollow\" title=\"Auf Facebook teilen\" href=\"https:\/\/www.facebook.com\/sharer.php?u=https%3A%2F%2Fferne-welten.com%2Findex.php%3Frest_route%3D%252Fwp%252Fv2%252Fposts%252F1350&#038;t=Gest%C3%A4ndnis%20eines%20Antizionisten&#038;s=100&#038;p&#091;url&#093;=https%3A%2F%2Fferne-welten.com%2Findex.php%3Frest_route%3D%252Fwp%252Fv2%252Fposts%252F1350&#038;p&#091;images&#093;&#091;0&#093;=&#038;p&#091;title&#093;=Gest%C3%A4ndnis%20eines%20Antizionisten\" style=\"font-size: 0px;width:32px;height:32px;margin:0;margin-bottom:5px;margin-right:5px\"><img loading=\"lazy\" decoding=\"async\" alt=\"Facebook\" title=\"Auf Facebook teilen\" class=\"synved-share-image synved-social-image synved-social-image-share\" width=\"32\" height=\"32\" style=\"display: inline;width:32px;height:32px;margin: 0;padding: 0;border: none;box-shadow: none\" src=\"https:\/\/ferne-welten.com\/wp-content\/plugins\/social-media-feather\/synved-social\/addons\/extra-icons\/image\/social\/circle\/64x64\/facebook.png\" \/><\/a><a class=\"synved-social-button synved-social-button-share synved-social-size-32 synved-social-resolution-single synved-social-provider-twitter nolightbox\" data-provider=\"twitter\" target=\"_blank\" rel=\"nofollow\" title=\"Auf Twitter teilen\" href=\"https:\/\/twitter.com\/intent\/tweet?url=https%3A%2F%2Fferne-welten.com%2Findex.php%3Frest_route%3D%252Fwp%252Fv2%252Fposts%252F1350&#038;text=Hey%20check%20this%20out\" style=\"font-size: 0px;width:32px;height:32px;margin:0;margin-bottom:5px;margin-right:5px\"><img loading=\"lazy\" decoding=\"async\" alt=\"twitter\" title=\"Auf Twitter teilen\" class=\"synved-share-image synved-social-image synved-social-image-share\" width=\"32\" height=\"32\" style=\"display: inline;width:32px;height:32px;margin: 0;padding: 0;border: none;box-shadow: none\" src=\"https:\/\/ferne-welten.com\/wp-content\/plugins\/social-media-feather\/synved-social\/addons\/extra-icons\/image\/social\/circle\/64x64\/twitter.png\" \/><\/a><a class=\"synved-social-button synved-social-button-share synved-social-size-32 synved-social-resolution-single synved-social-provider-reddit nolightbox\" data-provider=\"reddit\" target=\"_blank\" rel=\"nofollow\" title=\"Auf Reddit teilen\" href=\"https:\/\/www.reddit.com\/submit?url=https%3A%2F%2Fferne-welten.com%2Findex.php%3Frest_route%3D%252Fwp%252Fv2%252Fposts%252F1350&#038;title=Gest%C3%A4ndnis%20eines%20Antizionisten\" style=\"font-size: 0px;width:32px;height:32px;margin:0;margin-bottom:5px;margin-right:5px\"><img loading=\"lazy\" decoding=\"async\" alt=\"reddit\" title=\"Auf Reddit teilen\" class=\"synved-share-image synved-social-image synved-social-image-share\" width=\"32\" height=\"32\" style=\"display: inline;width:32px;height:32px;margin: 0;padding: 0;border: none;box-shadow: none\" src=\"https:\/\/ferne-welten.com\/wp-content\/plugins\/social-media-feather\/synved-social\/addons\/extra-icons\/image\/social\/circle\/64x64\/reddit.png\" \/><\/a><a class=\"synved-social-button synved-social-button-share synved-social-size-32 synved-social-resolution-single synved-social-provider-pinterest nolightbox\" data-provider=\"pinterest\" target=\"_blank\" rel=\"nofollow\" title=\"Auf Pinterest pinnen\" href=\"https:\/\/pinterest.com\/pin\/create\/button\/?url=https%3A%2F%2Fferne-welten.com%2Findex.php%3Frest_route%3D%252Fwp%252Fv2%252Fposts%252F1350&#038;media=&#038;description=Gest%C3%A4ndnis%20eines%20Antizionisten\" style=\"font-size: 0px;width:32px;height:32px;margin:0;margin-bottom:5px;margin-right:5px\"><img loading=\"lazy\" decoding=\"async\" alt=\"pinterest\" title=\"Auf Pinterest pinnen\" class=\"synved-share-image synved-social-image synved-social-image-share\" width=\"32\" height=\"32\" style=\"display: inline;width:32px;height:32px;margin: 0;padding: 0;border: none;box-shadow: none\" src=\"https:\/\/ferne-welten.com\/wp-content\/plugins\/social-media-feather\/synved-social\/addons\/extra-icons\/image\/social\/circle\/64x64\/pinterest.png\" \/><\/a><a class=\"synved-social-button synved-social-button-share synved-social-size-32 synved-social-resolution-single synved-social-provider-linkedin nolightbox\" data-provider=\"linkedin\" target=\"_blank\" rel=\"nofollow\" title=\"Auf Linkedin teilen\" href=\"https:\/\/www.linkedin.com\/shareArticle?mini=true&#038;url=https%3A%2F%2Fferne-welten.com%2Findex.php%3Frest_route%3D%252Fwp%252Fv2%252Fposts%252F1350&#038;title=Gest%C3%A4ndnis%20eines%20Antizionisten\" style=\"font-size: 0px;width:32px;height:32px;margin:0;margin-bottom:5px;margin-right:5px\"><img loading=\"lazy\" decoding=\"async\" alt=\"linkedin\" title=\"Auf Linkedin teilen\" class=\"synved-share-image synved-social-image synved-social-image-share\" width=\"32\" height=\"32\" style=\"display: inline;width:32px;height:32px;margin: 0;padding: 0;border: none;box-shadow: none\" src=\"https:\/\/ferne-welten.com\/wp-content\/plugins\/social-media-feather\/synved-social\/addons\/extra-icons\/image\/social\/circle\/64x64\/linkedin.png\" \/><\/a><a class=\"synved-social-button synved-social-button-share synved-social-size-32 synved-social-resolution-single synved-social-provider-tumblr nolightbox\" data-provider=\"tumblr\" target=\"_blank\" rel=\"nofollow\" title=\"\u00dcber Tumblr teilen\" href=\"https:\/\/tumblr.com\/share?s=&#038;v=3&#038;t=Gest%C3%A4ndnis%20eines%20Antizionisten&#038;u=https%3A%2F%2Fferne-welten.com%2Findex.php%3Frest_route%3D%252Fwp%252Fv2%252Fposts%252F1350\" style=\"font-size: 0px;width:32px;height:32px;margin:0;margin-bottom:5px;margin-right:5px\"><img loading=\"lazy\" decoding=\"async\" alt=\"tumblr\" title=\"\u00dcber Tumblr teilen\" class=\"synved-share-image synved-social-image synved-social-image-share\" width=\"32\" height=\"32\" style=\"display: inline;width:32px;height:32px;margin: 0;padding: 0;border: none;box-shadow: none\" src=\"https:\/\/ferne-welten.com\/wp-content\/plugins\/social-media-feather\/synved-social\/addons\/extra-icons\/image\/social\/circle\/64x64\/tumblr.png\" \/><\/a><a class=\"synved-social-button synved-social-button-share synved-social-size-32 synved-social-resolution-single synved-social-provider-mail nolightbox\" data-provider=\"mail\" rel=\"nofollow\" title=\"Link per Mail weiterleiten\" href=\"mailto:?subject=Gest%C3%A4ndnis%20eines%20Antizionisten&#038;body=Hey%20check%20this%20out:%20https%3A%2F%2Fferne-welten.com%2Findex.php%3Frest_route%3D%252Fwp%252Fv2%252Fposts%252F1350\" style=\"font-size: 0px;width:32px;height:32px;margin:0;margin-bottom:5px\"><img loading=\"lazy\" decoding=\"async\" alt=\"mail\" title=\"Link per Mail weiterleiten\" class=\"synved-share-image synved-social-image synved-social-image-share\" width=\"32\" height=\"32\" style=\"display: inline;width:32px;height:32px;margin: 0;padding: 0;border: none;box-shadow: none\" src=\"https:\/\/ferne-welten.com\/wp-content\/plugins\/social-media-feather\/synved-social\/addons\/extra-icons\/image\/social\/circle\/64x64\/mail.png\" \/><\/a>","protected":false},"excerpt":{"rendered":"<p>Der Verschw\u00f6rungsideologe und Antizionist Elias Davidsson ist ein Mensch, dessen Thesen in einem gewissen Spektrum der deutschen Linken gerne aufgegriffen werden. Die Texte des Komponisten werden benutzt, um gegen Israel und die USA zu hetzen. Man findet diese Texte auf&#8230;<br \/><a class=\"read-more-button\" href=\"https:\/\/ferne-welten.com\/?p=1350\">Read more<\/a><\/p>\n","protected":false},"author":1,"featured_media":0,"comment_status":"open","ping_status":"open","sticky":false,"template":"","format":"standard","meta":{"footnotes":""},"categories":[79],"tags":[543,107,548,545,547,546,199,544,274],"class_list":["post-1350","post","type-post","status-publish","format-standard","hentry","category-mythen","tag-antisemit","tag-antisemitismus","tag-bielefeld","tag-bonn","tag-burschenschaft","tag-der-semit","tag-elias-davidsson","tag-instituts-fuer-palaestinakunde","tag-muslim-markt"],"_links":{"self":[{"href":"https:\/\/ferne-welten.com\/index.php?rest_route=\/wp\/v2\/posts\/1350","targetHints":{"allow":["GET"]}}],"collection":[{"href":"https:\/\/ferne-welten.com\/index.php?rest_route=\/wp\/v2\/posts"}],"about":[{"href":"https:\/\/ferne-welten.com\/index.php?rest_route=\/wp\/v2\/types\/post"}],"author":[{"embeddable":true,"href":"https:\/\/ferne-welten.com\/index.php?rest_route=\/wp\/v2\/users\/1"}],"replies":[{"embeddable":true,"href":"https:\/\/ferne-welten.com\/index.php?rest_route=%2Fwp%2Fv2%2Fcomments&post=1350"}],"version-history":[{"count":1,"href":"https:\/\/ferne-welten.com\/index.php?rest_route=\/wp\/v2\/posts\/1350\/revisions"}],"predecessor-version":[{"id":1351,"href":"https:\/\/ferne-welten.com\/index.php?rest_route=\/wp\/v2\/posts\/1350\/revisions\/1351"}],"wp:attachment":[{"href":"https:\/\/ferne-welten.com\/index.php?rest_route=%2Fwp%2Fv2%2Fmedia&parent=1350"}],"wp:term":[{"taxonomy":"category","embeddable":true,"href":"https:\/\/ferne-welten.com\/index.php?rest_route=%2Fwp%2Fv2%2Fcategories&post=1350"},{"taxonomy":"post_tag","embeddable":true,"href":"https:\/\/ferne-welten.com\/index.php?rest_route=%2Fwp%2Fv2%2Ftags&post=1350"}],"curies":[{"name":"wp","href":"https:\/\/api.w.org\/{rel}","templated":true}]}}