{"id":1352,"date":"2011-07-20T11:16:33","date_gmt":"2011-07-20T10:16:33","guid":{"rendered":"http:\/\/ferne-welten.com\/?p=1352"},"modified":"2017-04-30T11:20:53","modified_gmt":"2017-04-30T10:20:53","slug":"in-bremen-hetzt-es-sich-gut","status":"publish","type":"post","link":"https:\/\/ferne-welten.com\/?p=1352","title":{"rendered":"In Bremen hetzt es sich gut"},"content":{"rendered":"<p style=\"text-align: justify;\">In Bremen nutzen verschiedene Organisationen jede Gelegenheit, um gegen Israel mobil zu machen. Nach der Erst\u00fcrmung der Gaza-Flottille im Jahr 2010,\u00a0marschierte\u00a0beispielsweise am 05.\u200b06.\u200b2010 ein breites antisemitisches B\u00fcndnis gegen den israelischen Staat. Dort waren nicht nur die Fahnen der Hamas zu sehen, sondern auch israelische Flaggen, die mit einem Hakenkreuz und der Aufschrift\u00a0\u201eDevil\u201c\u00a0versehen waren.\u00a0\u201eIsrael ist das Problem \u2013 Pal\u00e4stina die L\u00f6sung\u201c, hie\u00df es auf einem Transparent, das von Aktivisten des\u00a0\u201eBremer Friedensforums\u201c\u00a0getragen wurde.<\/p>\n<p style=\"text-align: justify;\"><!--more--><\/p>\n<p style=\"text-align: justify;\">Auch ohne Gaza-Flottille gibt es verschiedene Organisationen, die sich dem Kampf gegen Israel verschrieben haben. Da w\u00e4re zum Beispiel\u00a0<a href=\"http:\/\/partyzionist.blogsport.eu\/tag\/bremer-friedensforum\/\">das\u00a0\u201eBremer Friedensforum\u201c<\/a>\u00a0und der\u00a0\u201eArbeitskreis Nord-S\u00fcd\u201c, die durch eine\u00a0<a href=\"http:\/\/www.mut-gegen-rechte-gewalt.de\/debatte\/kommentare\/bremer-linke-wollen-israel-durch-boykott-reinigen7654\/\">obskure Boykott-Kampagne<\/a>\u00a0gegen israelische Waren auf sich aufmerksam machen.<\/p>\n<p style=\"text-align: justify;\">So standen die vermeintlichen Friedensfreunde am 10.03.2011 vor einem Supermarkt in Bremen. Sie hatten sich mit Sandwich-Plakaten ausgestattet, auf denen zum Boykott israelischer Waren aufgerufen wurde. Diese antisemitische Aktion, die in einer\u00a0<a href=\"http:\/\/www.juedische-allgemeine.de\/article\/view\/id\/9948\">eindeutigen Tradtionslinie\u00a0<\/a>steht, richtete sich unter anderem gegen den Verkauf von\u00a0\u201eDatteln, Blumen, Trauben, Kr\u00e4uter, Cherry-Tomaten, Gurken, Paprikas, Avocados, Peperoni und Zitrusfr\u00fcchte\u201c, den\u00a0\u201eWassersprudelbeh\u00e4lter Soda-Club\u201c\u00a0und die\u00a0\u201eProdukte der Kosmetikfirma Ahava, die Salze, Mineralien und Schlamm aus dem Toten Meer verarbeitet\u201c.<\/p>\n<div id=\"attachment_1353\" style=\"width: 660px\" class=\"wp-caption aligncenter\"><a href=\"http:\/\/ferne-welten.com\/wp-content\/uploads\/2017\/04\/anti_is4.jpg\"><img loading=\"lazy\" decoding=\"async\" aria-describedby=\"caption-attachment-1353\" class=\"wp-image-1353 size-full\" src=\"http:\/\/ferne-welten.com\/wp-content\/uploads\/2017\/04\/anti_is4.jpg\" alt=\"\" width=\"650\" height=\"433\" srcset=\"https:\/\/ferne-welten.com\/wp-content\/uploads\/2017\/04\/anti_is4.jpg 650w, https:\/\/ferne-welten.com\/wp-content\/uploads\/2017\/04\/anti_is4-300x200.jpg 300w, https:\/\/ferne-welten.com\/wp-content\/uploads\/2017\/04\/anti_is4-600x400.jpg 600w\" sizes=\"auto, (max-width: 650px) 100vw, 650px\" \/><\/a><p id=\"caption-attachment-1353\" class=\"wp-caption-text\">Aufmarsch am 05.06.2010<\/p><\/div>\n<p style=\"text-align: justify;\">Hier demonstrierten deutsche Friedensfreunde gegen Waren, die mit dem Label\u00a0\u201eMade in Israel\u201c\u00a0versehen sind. Selbst die angeblichen Friedensfreunde f\u00fchlten sich angesichts dieser Boykott-Aktion an die antisemitischen Aktionen der Nationalsozialisten erinnert, die in den drei\u00dfiger Jahren des letzten Jahrhunderts, ebenfalls mit Sandwich-Plakaten ausgestattet, gegen j\u00fcdische Gesch\u00e4fte aufmarschierten.<\/p>\n<p style=\"text-align: justify;\">\u201eBoykottaktionen gegen israelische Waren k\u00f6nnten leicht in den Ruch der verh\u00e4ngnisvollen Aufforderung der Nazis \u201aKauft nicht bei Juden!\u2018 kommen\u201c,\u00a0<a href=\"http:\/\/anonym.to\/?http:\/\/www.palaestina-portal.eu\/Stimmen_deutsch\/strohmeyer_arn_bremer_friedensfreunde_boykott_gegen_fruechte_aus_israel.htm\">schrieb\u00a0<\/a>das\u00a0\u201eBremer Friedensforum\u201c\u00a0in ihrem Aufruf. Doch weil sich die Friedensfreunde\u00a0\u201eder Verantwortung der Deutschen gegen\u00fcber den Juden\u201c\u00a0bewusst waren, sie also den deutschen\u00a0<a href=\"http:\/\/www.comlink.de\/cl-hh\/m.blumentritt\/agr28.htm\">Bew\u00e4hrungshelfer\u00a0<\/a>f\u00fcr den israelischen Staat geben wollten, mobilisierten sie trotz alledem zum gro\u00dfen Israel-Boykott. Dieser sollte erst enden, wenn Israel\u00a0\u201eseine v\u00f6lkerrechtswidrige Politik aufgibt und die Besatzung beendet\u201c. Auf Kritik an ihrer Politikreagieren die angeblichen Friedensfreunde auf die \u00fcbliche Weise: Sie sprechen von einer\u00a0\u201eKampagne\u201c, f\u00fcr die sie\u00a0\u201eAntideutsche\u201c\u00a0verantwortlich machen.<\/p>\n<p style=\"text-align: justify;\">Am vergangenen Samstag, den 16.07.2011, standen die Israel-Feinde allerdings vor keinem Supermarkt, sondern vor dem Bremer Dom in der Innenstadt. Das Thema war mal wieder der Israel-Boykott. Auf Plakaten, Transparenten und mit Flugbl\u00e4ttern hetzten die Teilnehmer_innen gegen den israelischen Staat.<\/p>\n<p style=\"text-align: justify;\">\u201eFree Palestine\u201c\u00a0hie\u00df es auf einem Transparent.\u00a0\u201eDie Politik des israelischen Staates gef\u00e4hrdet Israels Existenz\u201c, auf einem obligatorischen Sandwich-Plakat, das von einem der etwa 20 Teilnehmer getragen wurde. Mit\u00a0Flugbl\u00e4ttern mobilisierten die angeblichen Friedensfreunde zum weiteren Israel-Boykott.<\/p>\n<p style=\"text-align: justify;\">Hier standen sie also: Antisemiten, die mit der Phrase vom Frieden durch den Boykott gegen Israel mobil machen. Es hetzt sich gut in Bremen. Auch daher werden sie es wieder tun. Vor irgendeinem Supermarkt oder vor dem Dom in der Hansestadt Bremen, um gegen den Verkauf von\u00a0\u201eDatteln, Blumen, Trauben, Kr\u00e4uter, Cherry-Tomaten, Gurken, Paprikas, Avocados, Peperoni und Zitrusfr\u00fcchte\u201c\u00a0aus Israel zu protestieren.<\/p>\n\n\t\t<style type=\"text\/css\">\n\t\t\t#gallery-1 {\n\t\t\t\tmargin: auto;\n\t\t\t}\n\t\t\t#gallery-1 .gallery-item {\n\t\t\t\tfloat: left;\n\t\t\t\tmargin-top: 10px;\n\t\t\t\ttext-align: center;\n\t\t\t\twidth: 33%;\n\t\t\t}\n\t\t\t#gallery-1 img {\n\t\t\t\tborder: 2px solid #cfcfcf;\n\t\t\t}\n\t\t\t#gallery-1 .gallery-caption {\n\t\t\t\tmargin-left: 0;\n\t\t\t}\n\t\t\t\/* see gallery_shortcode() in wp-includes\/media.php *\/\n\t\t<\/style>\n\t\t<div id='gallery-1' class='gallery galleryid-1352 gallery-columns-3 gallery-size-medium'><dl class='gallery-item'>\n\t\t\t<dt class='gallery-icon landscape'>\n\t\t\t\t<a href='https:\/\/ferne-welten.com\/?attachment_id=1355'><img loading=\"lazy\" decoding=\"async\" width=\"300\" height=\"225\" src=\"https:\/\/ferne-welten.com\/wp-content\/uploads\/2011\/07\/boy3-300x225.jpg\" class=\"attachment-medium size-medium\" alt=\"\" aria-describedby=\"gallery-1-1355\" srcset=\"https:\/\/ferne-welten.com\/wp-content\/uploads\/2011\/07\/boy3-300x225.jpg 300w, https:\/\/ferne-welten.com\/wp-content\/uploads\/2011\/07\/boy3-533x400.jpg 533w, https:\/\/ferne-welten.com\/wp-content\/uploads\/2011\/07\/boy3.jpg 650w\" sizes=\"auto, (max-width: 300px) 100vw, 300px\" \/><\/a>\n\t\t\t<\/dt>\n\t\t\t\t<dd class='wp-caption-text gallery-caption' id='gallery-1-1355'>\n\t\t\t\tIsrael Boykott in Bremen (I)\n\t\t\t\t<\/dd><\/dl><dl class='gallery-item'>\n\t\t\t<dt class='gallery-icon landscape'>\n\t\t\t\t<a href='https:\/\/ferne-welten.com\/?attachment_id=1356'><img loading=\"lazy\" decoding=\"async\" width=\"300\" height=\"225\" src=\"https:\/\/ferne-welten.com\/wp-content\/uploads\/2011\/07\/boy4-300x225.jpg\" class=\"attachment-medium size-medium\" alt=\"\" aria-describedby=\"gallery-1-1356\" srcset=\"https:\/\/ferne-welten.com\/wp-content\/uploads\/2011\/07\/boy4-300x225.jpg 300w, https:\/\/ferne-welten.com\/wp-content\/uploads\/2011\/07\/boy4-533x400.jpg 533w, https:\/\/ferne-welten.com\/wp-content\/uploads\/2011\/07\/boy4.jpg 650w\" sizes=\"auto, (max-width: 300px) 100vw, 300px\" \/><\/a>\n\t\t\t<\/dt>\n\t\t\t\t<dd class='wp-caption-text gallery-caption' id='gallery-1-1356'>\n\t\t\t\tIsrael Boykott in Bremen (II)\n\t\t\t\t<\/dd><\/dl><dl class='gallery-item'>\n\t\t\t<dt class='gallery-icon landscape'>\n\t\t\t\t<a href='https:\/\/ferne-welten.com\/?attachment_id=1357'><img loading=\"lazy\" decoding=\"async\" width=\"300\" height=\"225\" src=\"https:\/\/ferne-welten.com\/wp-content\/uploads\/2011\/07\/boy5-300x225.jpg\" class=\"attachment-medium size-medium\" alt=\"\" aria-describedby=\"gallery-1-1357\" srcset=\"https:\/\/ferne-welten.com\/wp-content\/uploads\/2011\/07\/boy5-300x225.jpg 300w, https:\/\/ferne-welten.com\/wp-content\/uploads\/2011\/07\/boy5-533x400.jpg 533w, https:\/\/ferne-welten.com\/wp-content\/uploads\/2011\/07\/boy5.jpg 650w\" sizes=\"auto, (max-width: 300px) 100vw, 300px\" \/><\/a>\n\t\t\t<\/dt>\n\t\t\t\t<dd class='wp-caption-text gallery-caption' id='gallery-1-1357'>\n\t\t\t\tIsrael Boykott in Bremen (III)\n\t\t\t\t<\/dd><\/dl><br style=\"clear: both\" \/>\n\t\t<\/div>\n\n<p style=\"text-align: justify;\">\n<a class=\"synved-social-button synved-social-button-share synved-social-size-32 synved-social-resolution-single synved-social-provider-facebook nolightbox\" data-provider=\"facebook\" target=\"_blank\" rel=\"nofollow\" title=\"Auf Facebook teilen\" href=\"https:\/\/www.facebook.com\/sharer.php?u=https%3A%2F%2Fferne-welten.com%2Findex.php%3Frest_route%3D%252Fwp%252Fv2%252Fposts%252F1352&#038;t=In%20Bremen%20hetzt%20es%20sich%20gut&#038;s=100&#038;p&#091;url&#093;=https%3A%2F%2Fferne-welten.com%2Findex.php%3Frest_route%3D%252Fwp%252Fv2%252Fposts%252F1352&#038;p&#091;images&#093;&#091;0&#093;=http%3A%2F%2Fferne-welten.com%2Fwp-content%2Fuploads%2F2017%2F04%2Fanti_is4.jpg&#038;p&#091;title&#093;=In%20Bremen%20hetzt%20es%20sich%20gut\" style=\"font-size: 0px;width:32px;height:32px;margin:0;margin-bottom:5px;margin-right:5px\"><img loading=\"lazy\" decoding=\"async\" alt=\"Facebook\" title=\"Auf Facebook teilen\" class=\"synved-share-image synved-social-image synved-social-image-share\" width=\"32\" height=\"32\" style=\"display: inline;width:32px;height:32px;margin: 0;padding: 0;border: none;box-shadow: none\" src=\"https:\/\/ferne-welten.com\/wp-content\/plugins\/social-media-feather\/synved-social\/addons\/extra-icons\/image\/social\/circle\/64x64\/facebook.png\" \/><\/a><a class=\"synved-social-button synved-social-button-share synved-social-size-32 synved-social-resolution-single synved-social-provider-twitter nolightbox\" data-provider=\"twitter\" target=\"_blank\" rel=\"nofollow\" title=\"Auf Twitter teilen\" href=\"https:\/\/twitter.com\/intent\/tweet?url=https%3A%2F%2Fferne-welten.com%2Findex.php%3Frest_route%3D%252Fwp%252Fv2%252Fposts%252F1352&#038;text=Hey%20check%20this%20out\" style=\"font-size: 0px;width:32px;height:32px;margin:0;margin-bottom:5px;margin-right:5px\"><img loading=\"lazy\" decoding=\"async\" alt=\"twitter\" title=\"Auf Twitter teilen\" class=\"synved-share-image synved-social-image synved-social-image-share\" width=\"32\" height=\"32\" style=\"display: inline;width:32px;height:32px;margin: 0;padding: 0;border: none;box-shadow: none\" src=\"https:\/\/ferne-welten.com\/wp-content\/plugins\/social-media-feather\/synved-social\/addons\/extra-icons\/image\/social\/circle\/64x64\/twitter.png\" \/><\/a><a class=\"synved-social-button synved-social-button-share synved-social-size-32 synved-social-resolution-single synved-social-provider-reddit nolightbox\" data-provider=\"reddit\" target=\"_blank\" rel=\"nofollow\" title=\"Auf Reddit teilen\" href=\"https:\/\/www.reddit.com\/submit?url=https%3A%2F%2Fferne-welten.com%2Findex.php%3Frest_route%3D%252Fwp%252Fv2%252Fposts%252F1352&#038;title=In%20Bremen%20hetzt%20es%20sich%20gut\" style=\"font-size: 0px;width:32px;height:32px;margin:0;margin-bottom:5px;margin-right:5px\"><img loading=\"lazy\" decoding=\"async\" alt=\"reddit\" title=\"Auf Reddit teilen\" class=\"synved-share-image synved-social-image synved-social-image-share\" width=\"32\" height=\"32\" style=\"display: inline;width:32px;height:32px;margin: 0;padding: 0;border: none;box-shadow: none\" src=\"https:\/\/ferne-welten.com\/wp-content\/plugins\/social-media-feather\/synved-social\/addons\/extra-icons\/image\/social\/circle\/64x64\/reddit.png\" \/><\/a><a class=\"synved-social-button synved-social-button-share synved-social-size-32 synved-social-resolution-single synved-social-provider-pinterest nolightbox\" data-provider=\"pinterest\" target=\"_blank\" rel=\"nofollow\" title=\"Auf Pinterest pinnen\" href=\"https:\/\/pinterest.com\/pin\/create\/button\/?url=https%3A%2F%2Fferne-welten.com%2Findex.php%3Frest_route%3D%252Fwp%252Fv2%252Fposts%252F1352&#038;media=http%3A%2F%2Fferne-welten.com%2Fwp-content%2Fuploads%2F2017%2F04%2Fanti_is4.jpg&#038;description=In%20Bremen%20hetzt%20es%20sich%20gut\" style=\"font-size: 0px;width:32px;height:32px;margin:0;margin-bottom:5px;margin-right:5px\"><img loading=\"lazy\" decoding=\"async\" alt=\"pinterest\" title=\"Auf Pinterest pinnen\" class=\"synved-share-image synved-social-image synved-social-image-share\" width=\"32\" height=\"32\" style=\"display: inline;width:32px;height:32px;margin: 0;padding: 0;border: none;box-shadow: none\" src=\"https:\/\/ferne-welten.com\/wp-content\/plugins\/social-media-feather\/synved-social\/addons\/extra-icons\/image\/social\/circle\/64x64\/pinterest.png\" \/><\/a><a class=\"synved-social-button synved-social-button-share synved-social-size-32 synved-social-resolution-single synved-social-provider-linkedin nolightbox\" data-provider=\"linkedin\" target=\"_blank\" rel=\"nofollow\" title=\"Auf Linkedin teilen\" href=\"https:\/\/www.linkedin.com\/shareArticle?mini=true&#038;url=https%3A%2F%2Fferne-welten.com%2Findex.php%3Frest_route%3D%252Fwp%252Fv2%252Fposts%252F1352&#038;title=In%20Bremen%20hetzt%20es%20sich%20gut\" style=\"font-size: 0px;width:32px;height:32px;margin:0;margin-bottom:5px;margin-right:5px\"><img loading=\"lazy\" decoding=\"async\" alt=\"linkedin\" title=\"Auf Linkedin teilen\" class=\"synved-share-image synved-social-image synved-social-image-share\" width=\"32\" height=\"32\" style=\"display: inline;width:32px;height:32px;margin: 0;padding: 0;border: none;box-shadow: none\" src=\"https:\/\/ferne-welten.com\/wp-content\/plugins\/social-media-feather\/synved-social\/addons\/extra-icons\/image\/social\/circle\/64x64\/linkedin.png\" \/><\/a><a class=\"synved-social-button synved-social-button-share synved-social-size-32 synved-social-resolution-single synved-social-provider-tumblr nolightbox\" data-provider=\"tumblr\" target=\"_blank\" rel=\"nofollow\" title=\"\u00dcber Tumblr teilen\" href=\"https:\/\/tumblr.com\/share?s=&#038;v=3&#038;t=In%20Bremen%20hetzt%20es%20sich%20gut&#038;u=https%3A%2F%2Fferne-welten.com%2Findex.php%3Frest_route%3D%252Fwp%252Fv2%252Fposts%252F1352\" style=\"font-size: 0px;width:32px;height:32px;margin:0;margin-bottom:5px;margin-right:5px\"><img loading=\"lazy\" decoding=\"async\" alt=\"tumblr\" title=\"\u00dcber Tumblr teilen\" class=\"synved-share-image synved-social-image synved-social-image-share\" width=\"32\" height=\"32\" style=\"display: inline;width:32px;height:32px;margin: 0;padding: 0;border: none;box-shadow: none\" src=\"https:\/\/ferne-welten.com\/wp-content\/plugins\/social-media-feather\/synved-social\/addons\/extra-icons\/image\/social\/circle\/64x64\/tumblr.png\" \/><\/a><a class=\"synved-social-button synved-social-button-share synved-social-size-32 synved-social-resolution-single synved-social-provider-mail nolightbox\" data-provider=\"mail\" rel=\"nofollow\" title=\"Link per Mail weiterleiten\" href=\"mailto:?subject=In%20Bremen%20hetzt%20es%20sich%20gut&#038;body=Hey%20check%20this%20out:%20https%3A%2F%2Fferne-welten.com%2Findex.php%3Frest_route%3D%252Fwp%252Fv2%252Fposts%252F1352\" style=\"font-size: 0px;width:32px;height:32px;margin:0;margin-bottom:5px\"><img loading=\"lazy\" decoding=\"async\" alt=\"mail\" title=\"Link per Mail weiterleiten\" class=\"synved-share-image synved-social-image synved-social-image-share\" width=\"32\" height=\"32\" style=\"display: inline;width:32px;height:32px;margin: 0;padding: 0;border: none;box-shadow: none\" src=\"https:\/\/ferne-welten.com\/wp-content\/plugins\/social-media-feather\/synved-social\/addons\/extra-icons\/image\/social\/circle\/64x64\/mail.png\" \/><\/a>","protected":false},"excerpt":{"rendered":"<p>In Bremen nutzen verschiedene Organisationen jede Gelegenheit, um gegen Israel mobil zu machen. Nach der Erst\u00fcrmung der Gaza-Flottille im Jahr 2010,\u00a0marschierte\u00a0beispielsweise am 05.\u200b06.\u200b2010 ein breites antisemitisches B\u00fcndnis gegen den israelischen Staat. Dort waren nicht nur die Fahnen der Hamas zu&#8230;<br \/><a class=\"read-more-button\" href=\"https:\/\/ferne-welten.com\/?p=1352\">Read more<\/a><\/p>\n","protected":false},"author":1,"featured_media":0,"comment_status":"open","ping_status":"open","sticky":false,"template":"","format":"standard","meta":{"footnotes":""},"categories":[359],"tags":[107,286,166,287],"class_list":["post-1352","post","type-post","status-publish","format-standard","hentry","category-eiskaltland","tag-antisemitismus","tag-bds","tag-bremen","tag-israel"],"_links":{"self":[{"href":"https:\/\/ferne-welten.com\/index.php?rest_route=\/wp\/v2\/posts\/1352","targetHints":{"allow":["GET"]}}],"collection":[{"href":"https:\/\/ferne-welten.com\/index.php?rest_route=\/wp\/v2\/posts"}],"about":[{"href":"https:\/\/ferne-welten.com\/index.php?rest_route=\/wp\/v2\/types\/post"}],"author":[{"embeddable":true,"href":"https:\/\/ferne-welten.com\/index.php?rest_route=\/wp\/v2\/users\/1"}],"replies":[{"embeddable":true,"href":"https:\/\/ferne-welten.com\/index.php?rest_route=%2Fwp%2Fv2%2Fcomments&post=1352"}],"version-history":[{"count":2,"href":"https:\/\/ferne-welten.com\/index.php?rest_route=\/wp\/v2\/posts\/1352\/revisions"}],"predecessor-version":[{"id":1358,"href":"https:\/\/ferne-welten.com\/index.php?rest_route=\/wp\/v2\/posts\/1352\/revisions\/1358"}],"wp:attachment":[{"href":"https:\/\/ferne-welten.com\/index.php?rest_route=%2Fwp%2Fv2%2Fmedia&parent=1352"}],"wp:term":[{"taxonomy":"category","embeddable":true,"href":"https:\/\/ferne-welten.com\/index.php?rest_route=%2Fwp%2Fv2%2Fcategories&post=1352"},{"taxonomy":"post_tag","embeddable":true,"href":"https:\/\/ferne-welten.com\/index.php?rest_route=%2Fwp%2Fv2%2Ftags&post=1352"}],"curies":[{"name":"wp","href":"https:\/\/api.w.org\/{rel}","templated":true}]}}