{"id":1361,"date":"2011-07-09T11:23:15","date_gmt":"2011-07-09T10:23:15","guid":{"rendered":"http:\/\/ferne-welten.com\/?p=1361"},"modified":"2017-04-30T11:30:38","modified_gmt":"2017-04-30T10:30:38","slug":"nazis-im-weltall","status":"publish","type":"post","link":"https:\/\/ferne-welten.com\/?p=1361","title":{"rendered":"Nazis im Weltall"},"content":{"rendered":"<p style=\"text-align: justify;\">Manchmal kommen die Nazis mit\u00a0\u201eReichsflugscheiben\u201c\u00a0aus dem Erdinneren. Es ist kaum zu glauben, aber es gibt tats\u00e4chlich Menschen, die behaupten, dass sich die ehemalige Elite der Nationalsozialisten nach 1945 in der Antarktis angesiedelt h\u00e4tte. Nach dieser wahnhaften Verschw\u00f6rungstheorie haben sich die Nazis 1945 in der Antarktis,\u00a0im sogenannten\u00a0\u201eNeuschwabenland\u201c,\u00a0niedergelassen. Sie f\u00fchren von dort einen Krieg gegen die Alliierten.<\/p>\n<p style=\"text-align: justify;\"><!--more--><\/p>\n<p style=\"text-align: justify;\">Kein Wunder, dass solch eine Idee, die an schlechte Science Fiction erinnert, literarisch aufgegriffen wurde, um einer deutschen Leserschaft einen v\u00f6lkisch-braunen Mythos zu pr\u00e4sentieren. Inbesondere der schweizerische\u00a0\u201eUnitall\u201c-Verlag, ein Ableger des deutschen\u00a0\u201eHans-Joachim-Bernt-Verlages\u201c, der die recht bekannte\u00a0<a href=\"http:\/\/www.youtube.com\/watch?v=XnXc33z5D5I\">Science Fiction-Serie\u00a0\u201ePerry Rhodan\u201c<\/a>\u00a0vertreibt, macht mit solch brauner Science Fiction auf sich aufmerksam.<\/p>\n<p style=\"text-align: justify;\">Ein Beispiel w\u00e4re die\u00a0<a href=\"http:\/\/eisberg.blogsport.de\/2010\/11\/16\/mit-rassereinheit-gegen-die-alien-infiltration-die-scifi-buchreihe-stahlfront\/\">teilweise indizierte Romanreihe\u00a0\u201eStahlfront\u201c<\/a>. In diesem Machwerk werden die Abenteuer des ehemaligen BND-Mannes Magnus Wittmann geschildert, der sich nach einem Erweckungserlebnis in einer Art Weltkrieg wiederfindet, den die\u00a0\u201eArier\u201c\u00a0aus dem Eis gegen b\u00f6sartige Aliens f\u00fchren. Diese bedienen sich bestimmter Menschen, Amerikaner und J\u00fcdinnen und Juden, um durch diese eine Ver\u00e4nderung der Erdatmosph\u00e4re hervorzurufen. Letztendlich wollen die Aliens angenehmere Lebensbedingungen auf der Erde schaffen, um den Planeten zu kolonialisieren.<\/p>\n<p style=\"text-align: center;\"><a href=\"http:\/\/ferne-welten.com\/wp-content\/uploads\/2011\/07\/stahlfront.jpg\"><img loading=\"lazy\" decoding=\"async\" class=\"aligncenter size-full wp-image-1364\" src=\"http:\/\/ferne-welten.com\/wp-content\/uploads\/2011\/07\/stahlfront.jpg\" alt=\"\" width=\"200\" height=\"309\" srcset=\"https:\/\/ferne-welten.com\/wp-content\/uploads\/2011\/07\/stahlfront.jpg 200w, https:\/\/ferne-welten.com\/wp-content\/uploads\/2011\/07\/stahlfront-194x300.jpg 194w\" sizes=\"auto, (max-width: 200px) 100vw, 200px\" \/><\/a><\/p>\n<p style=\"text-align: justify;\">Der Held dieser plumpen Nazi-Propaganda k\u00e4mpft mit den\u00a0\u201eThule-Truppen\u201c: Das sind\u00a0\u201eSuper-Nazis vom S\u00fcdpol\u201c\u00a0(<a href=\"http:\/\/www.spiegel.de\/kultur\/literatur\/0,1518,628488,00.html\">Spiegel<\/a>). In selbstgebauten Ufos, den\u00a0\u201eReichsflugscheiben\u201c, bek\u00e4mpfen sie sowohl die finsteren Au\u00dferirdischen als auch ihre irdischen Handlanger_innen. Diese Science Fiction Reihe stellt eine Aneinanderreihung plumper, rassistischer Vorurteile und kaum verklausulierter antisemitischer Hetze dar. Zwischendurch wird das Machwerk durch uns\u00e4gliche sexistische Zuschreibungen unterbrochen. All das wie geschaffen f\u00fcr Nazis und f\u00fcr jene, die mit solchen Gedankengut sympathisieren. Aber auch andere deutsche Reaktion\u00e4re, die von einer geheimen Armee der deutschen \u00dcbermenschen tr\u00e4umen, d\u00fcrften diesen Stoff mit gro\u00dfer Freude erlesen.<\/p>\n<div class=\"content\">\n<p style=\"text-align: justify;\">Was auf der einen Seite als pseudolitararische Auseinandersetzung daherkommt, ist auf der anderen Seite eine im Internet verbreitete Verschw\u00f6rungstheorie, die tats\u00e4chlich davon ausgeht, dass die Nazis in der Antarktis, im\u00a0\u201eNeuschwabenland\u201c, eine neue Heimat gefunden haben und von dort den Zweiten\u00a0Weltkrieg fortsetzen.<\/p>\n<p style=\"text-align: justify;\">Die Propagandisten vom\u00a0\u201eNeuschwabenland\u201c\u00a0haben ein Gebilde geschaffen, mit dem sie tats\u00e4chlich die Behauptung aufstellen, dass die Nachfahren der Nazis und sogar Adolf Hitler h\u00f6chstpers\u00f6nlich im eiskalten Eis \u00fcberwintern w\u00fcrden, um von dort den Zweiten Krieg fortzuf\u00fchren, der auf diese Art und Weise noch immer nicht verloren ist.<\/p>\n<p style=\"text-align: justify;\">Solche Phantasien wurden bereits kurz nach der milit\u00e4rischen Zerschlagung des Nationalsozialismus kolportiert. So propagierte der argentinische Journalist Ladislas Szabo am 16. Juli 1945 in der\u00a0\u201eLa Critica\u201c\u00a0<a href=\"http:\/\/www.scienceblogs.de\/frischer-wind\/2010\/04\/neuschwabenland-hitlers-basis-in-der-antarktis-als-beispiel-fur-moderne-mythenbildung.php\">erstmals die Vorstellung<\/a>\u00a0einer Flucht Hitlers in die Antarktis:<\/p>\n<blockquote><p>Die Geschichte erwies sich als so erfolgreich, dass sie von zahlreichen Zeitungen \u00fcbernommen wurde, von denen die meisten sie allerdings sp\u00e4ter widerriefen. Als am 17. August 1945 ein weiteres deutsches U-Boot \u2013 U 977 \u2013 in Mar del Plata auftauchte, war Szabo endg\u00fcltig von der Richtigkeit seiner Thesen \u00fcberzeugt und machte sich daran, ein Buch zu verfassen, welches den Grundstein aller sp\u00e4teren Verschw\u00f6rungstheorien um Neuschwabenland bilden sollte: \u201aHitler est\u00e1 vivo\u2018 (Hitler ist am Leben) erschien 1947 im argentinischen Tabano-Verlag und wurde \u00fcber Nacht zu einem Bestseller der Verschw\u00f6rungsliteratur.<\/p><\/blockquote>\n<p style=\"text-align: justify;\">Die krude Verschw\u00f6rungstheorie von den Nazis in der Antarktis erfreut sich in braun-esoterischen Kreisen einer ungeheuren Beliebtheit. Nach der deutschen Niederlage 1945 versuchten sich verschiedene Ideologen des Nationalsozialismus an einer esoterischen, religi\u00f6sen Deutung: Adolf Hitler und der ihn umgebende F\u00fchrungszirkel wurden als mystische Macht geschildert, die den Krieg \u00fcberlebt h\u00e4tten. Diese w\u00fcrden Ufos und Geheimbasen besitzen und den zweiten Weltkrieg bis zur herbeigesehnten Wiederkehr des\u00a0\u201eReiches\u201c\u00a0fortf\u00fchren.<\/p>\n<p style=\"text-align: justify;\">Verantwortlich f\u00fcr derartige Theorien war unter anderem der chilenische Nationalsozialist\u00a0<a href=\"http:\/\/de.wikipedia.org\/wiki\/Miguel_Serrano\">Miguel Serrano<\/a>, der einen\u00a0<a href=\"http:\/\/www.heise.de\/tp\/artikel\/34\/34930\/1.html\">esoterischen Science Fiction Cocktail<\/a>\u00a0propagierte:<\/p>\n<blockquote><p>Exoterisch gesehen hat das Dritte Reich den Zweiten Weltkrieg verloren, doch auf der feinstofflichen Ebene geht der Kampf bis heute weiter. Es ist nicht nur ein Kampf zwischen Menschen, sondern auch zwischen \u00fcberzeitlichen M\u00e4chten. Geheime Obere benutzten und benutzen Adolf Hitler im Kampf des Lichts gegen die Finsternis, der seinen Ursprung auf anderen Planeten hat. Die Arier stammen urspr\u00fcnglich nicht von der Erde. Ihre Vorfahren sind wei\u00dfe G\u00f6tter, die bei der Schwarzen Sonne lebten, die vielleicht sogar in einer anderen Dimension liegt (\u2026). Adolf Hitler ist nicht tot. Er lebt und k\u00e4mpft im Inneren der Erde (\u2026), dessen Eingang in der Antarktis ist. Inzwischen ist er vielleicht sogar per UFO im Weltall verschwunden.<\/p><\/blockquote>\n<p style=\"text-align: justify;\">So propagieren verschiedene Nazis und andere Verschw\u00f6rungsgl\u00e4ubige bis heute nicht nur die Existenz von Nazis in der Antarktis, sondern berichten auch von\u00a0\u201eReichsflugscheiben\u201c\u00a0und anderen geheimen Flugobjekten, mit denen sie Ufo-Sichtungen erkl\u00e4ren.<\/p>\n<p style=\"text-align: justify;\">Im Rahmen der\u00a0\u201eHohle Erde\u201c-Theorie\u00a0wird behauptet, dass sich unter der Antarktis riesige unterirdische H\u00f6hlen befinden w\u00fcrden, die von den Nachfahren der historischen Nationalsozialisten bewohnbar gemacht worden w\u00e4ren. Verschiedene Verschw\u00f6rungsideologen, wie zum Beispiel der antisemitische Autor\u00a0\u201eJan van Helsing\u201c\u00a0(eigentlich:\u00a0Udo Holey) behaupten sogar, dass die Nordpol-Nazis Kontakte zu au\u00dferirdischen\u00a0\u201eAriern\u201c\u00a0pflegen w\u00fcrden.<\/p>\n<p style=\"text-align: justify;\">In seinem 1997 erschienen Machwerk\u00a0\u201eUnternehmen Aldebaran\u201c\u00a0halluzinierte Holey von einem geheimen Kontakt zwischen der nationalsozialistischer SS und Au\u00dferirdischen vom Planeten Aldebaran. Au\u00dferdem reicherte er sein Werk durch umfangreichere Bez\u00fcge auf NS-Ufos und auf geheime Basen in der Antarktis an.<\/p>\n<p style=\"text-align: justify;\">Derartige Theorien finden sich in verschiedenen Formen auf zahlreichen Internetseiten. Die erw\u00e4hnte Roman-Reihe\u00a0\u201eStahlfront\u201c\u00a0stellt nur eine entsprechende Fortf\u00fchrung dieser wahnhaften Verschw\u00f6rungstheorien dar. In beiden F\u00e4llen kommen die Nazis auch aus dem Weltall; in geheimen\u201eReichsflugscheiben\u201c\u00a0und mit besten Kontakten zu au\u00dferirdischen Nazi-Wesen vom Planeten Aldebaran.<\/p>\n<div id=\"cmnt\" style=\"text-align: justify;\"><\/div>\n<div id=\"google-wrapper\" class=\"bs_advert\" style=\"text-align: justify;\"><\/div>\n<\/div>\n<a class=\"synved-social-button synved-social-button-share synved-social-size-32 synved-social-resolution-single synved-social-provider-facebook nolightbox\" data-provider=\"facebook\" target=\"_blank\" rel=\"nofollow\" title=\"Auf Facebook teilen\" href=\"https:\/\/www.facebook.com\/sharer.php?u=https%3A%2F%2Fferne-welten.com%2Findex.php%3Frest_route%3D%252Fwp%252Fv2%252Fposts%252F1361&#038;t=Nazis%20im%20Weltall&#038;s=100&#038;p&#091;url&#093;=https%3A%2F%2Fferne-welten.com%2Findex.php%3Frest_route%3D%252Fwp%252Fv2%252Fposts%252F1361&#038;p&#091;images&#093;&#091;0&#093;=http%3A%2F%2Fferne-welten.com%2Fwp-content%2Fuploads%2F2011%2F07%2Fstahlfront.jpg&#038;p&#091;title&#093;=Nazis%20im%20Weltall\" style=\"font-size: 0px;width:32px;height:32px;margin:0;margin-bottom:5px;margin-right:5px\"><img loading=\"lazy\" decoding=\"async\" alt=\"Facebook\" title=\"Auf Facebook teilen\" class=\"synved-share-image synved-social-image synved-social-image-share\" width=\"32\" height=\"32\" style=\"display: inline;width:32px;height:32px;margin: 0;padding: 0;border: none;box-shadow: none\" src=\"https:\/\/ferne-welten.com\/wp-content\/plugins\/social-media-feather\/synved-social\/addons\/extra-icons\/image\/social\/circle\/64x64\/facebook.png\" \/><\/a><a class=\"synved-social-button synved-social-button-share synved-social-size-32 synved-social-resolution-single synved-social-provider-twitter nolightbox\" data-provider=\"twitter\" target=\"_blank\" rel=\"nofollow\" title=\"Auf Twitter teilen\" href=\"https:\/\/twitter.com\/intent\/tweet?url=https%3A%2F%2Fferne-welten.com%2Findex.php%3Frest_route%3D%252Fwp%252Fv2%252Fposts%252F1361&#038;text=Hey%20check%20this%20out\" style=\"font-size: 0px;width:32px;height:32px;margin:0;margin-bottom:5px;margin-right:5px\"><img loading=\"lazy\" decoding=\"async\" alt=\"twitter\" title=\"Auf Twitter teilen\" class=\"synved-share-image synved-social-image synved-social-image-share\" width=\"32\" height=\"32\" style=\"display: inline;width:32px;height:32px;margin: 0;padding: 0;border: none;box-shadow: none\" src=\"https:\/\/ferne-welten.com\/wp-content\/plugins\/social-media-feather\/synved-social\/addons\/extra-icons\/image\/social\/circle\/64x64\/twitter.png\" \/><\/a><a class=\"synved-social-button synved-social-button-share synved-social-size-32 synved-social-resolution-single synved-social-provider-reddit nolightbox\" data-provider=\"reddit\" target=\"_blank\" rel=\"nofollow\" title=\"Auf Reddit teilen\" href=\"https:\/\/www.reddit.com\/submit?url=https%3A%2F%2Fferne-welten.com%2Findex.php%3Frest_route%3D%252Fwp%252Fv2%252Fposts%252F1361&#038;title=Nazis%20im%20Weltall\" style=\"font-size: 0px;width:32px;height:32px;margin:0;margin-bottom:5px;margin-right:5px\"><img loading=\"lazy\" decoding=\"async\" alt=\"reddit\" title=\"Auf Reddit teilen\" class=\"synved-share-image synved-social-image synved-social-image-share\" width=\"32\" height=\"32\" style=\"display: inline;width:32px;height:32px;margin: 0;padding: 0;border: none;box-shadow: none\" src=\"https:\/\/ferne-welten.com\/wp-content\/plugins\/social-media-feather\/synved-social\/addons\/extra-icons\/image\/social\/circle\/64x64\/reddit.png\" \/><\/a><a class=\"synved-social-button synved-social-button-share synved-social-size-32 synved-social-resolution-single synved-social-provider-pinterest nolightbox\" data-provider=\"pinterest\" target=\"_blank\" rel=\"nofollow\" title=\"Auf Pinterest pinnen\" href=\"https:\/\/pinterest.com\/pin\/create\/button\/?url=https%3A%2F%2Fferne-welten.com%2Findex.php%3Frest_route%3D%252Fwp%252Fv2%252Fposts%252F1361&#038;media=http%3A%2F%2Fferne-welten.com%2Fwp-content%2Fuploads%2F2011%2F07%2Fstahlfront.jpg&#038;description=Nazis%20im%20Weltall\" style=\"font-size: 0px;width:32px;height:32px;margin:0;margin-bottom:5px;margin-right:5px\"><img loading=\"lazy\" decoding=\"async\" alt=\"pinterest\" title=\"Auf Pinterest pinnen\" class=\"synved-share-image synved-social-image synved-social-image-share\" width=\"32\" height=\"32\" style=\"display: inline;width:32px;height:32px;margin: 0;padding: 0;border: none;box-shadow: none\" src=\"https:\/\/ferne-welten.com\/wp-content\/plugins\/social-media-feather\/synved-social\/addons\/extra-icons\/image\/social\/circle\/64x64\/pinterest.png\" \/><\/a><a class=\"synved-social-button synved-social-button-share synved-social-size-32 synved-social-resolution-single synved-social-provider-linkedin nolightbox\" data-provider=\"linkedin\" target=\"_blank\" rel=\"nofollow\" title=\"Auf Linkedin teilen\" href=\"https:\/\/www.linkedin.com\/shareArticle?mini=true&#038;url=https%3A%2F%2Fferne-welten.com%2Findex.php%3Frest_route%3D%252Fwp%252Fv2%252Fposts%252F1361&#038;title=Nazis%20im%20Weltall\" style=\"font-size: 0px;width:32px;height:32px;margin:0;margin-bottom:5px;margin-right:5px\"><img loading=\"lazy\" decoding=\"async\" alt=\"linkedin\" title=\"Auf Linkedin teilen\" class=\"synved-share-image synved-social-image synved-social-image-share\" width=\"32\" height=\"32\" style=\"display: inline;width:32px;height:32px;margin: 0;padding: 0;border: none;box-shadow: none\" src=\"https:\/\/ferne-welten.com\/wp-content\/plugins\/social-media-feather\/synved-social\/addons\/extra-icons\/image\/social\/circle\/64x64\/linkedin.png\" \/><\/a><a class=\"synved-social-button synved-social-button-share synved-social-size-32 synved-social-resolution-single synved-social-provider-tumblr nolightbox\" data-provider=\"tumblr\" target=\"_blank\" rel=\"nofollow\" title=\"\u00dcber Tumblr teilen\" href=\"https:\/\/tumblr.com\/share?s=&#038;v=3&#038;t=Nazis%20im%20Weltall&#038;u=https%3A%2F%2Fferne-welten.com%2Findex.php%3Frest_route%3D%252Fwp%252Fv2%252Fposts%252F1361\" style=\"font-size: 0px;width:32px;height:32px;margin:0;margin-bottom:5px;margin-right:5px\"><img loading=\"lazy\" decoding=\"async\" alt=\"tumblr\" title=\"\u00dcber Tumblr teilen\" class=\"synved-share-image synved-social-image synved-social-image-share\" width=\"32\" height=\"32\" style=\"display: inline;width:32px;height:32px;margin: 0;padding: 0;border: none;box-shadow: none\" src=\"https:\/\/ferne-welten.com\/wp-content\/plugins\/social-media-feather\/synved-social\/addons\/extra-icons\/image\/social\/circle\/64x64\/tumblr.png\" \/><\/a><a class=\"synved-social-button synved-social-button-share synved-social-size-32 synved-social-resolution-single synved-social-provider-mail nolightbox\" data-provider=\"mail\" rel=\"nofollow\" title=\"Link per Mail weiterleiten\" href=\"mailto:?subject=Nazis%20im%20Weltall&#038;body=Hey%20check%20this%20out:%20https%3A%2F%2Fferne-welten.com%2Findex.php%3Frest_route%3D%252Fwp%252Fv2%252Fposts%252F1361\" style=\"font-size: 0px;width:32px;height:32px;margin:0;margin-bottom:5px\"><img loading=\"lazy\" decoding=\"async\" alt=\"mail\" title=\"Link per Mail weiterleiten\" class=\"synved-share-image synved-social-image synved-social-image-share\" width=\"32\" height=\"32\" style=\"display: inline;width:32px;height:32px;margin: 0;padding: 0;border: none;box-shadow: none\" src=\"https:\/\/ferne-welten.com\/wp-content\/plugins\/social-media-feather\/synved-social\/addons\/extra-icons\/image\/social\/circle\/64x64\/mail.png\" \/><\/a>","protected":false},"excerpt":{"rendered":"<p>Manchmal kommen die Nazis mit\u00a0\u201eReichsflugscheiben\u201c\u00a0aus dem Erdinneren. Es ist kaum zu glauben, aber es gibt tats\u00e4chlich Menschen, die behaupten, dass sich die ehemalige Elite der Nationalsozialisten nach 1945 in der Antarktis angesiedelt h\u00e4tte. Nach dieser wahnhaften Verschw\u00f6rungstheorie haben sich die&#8230;<br \/><a class=\"read-more-button\" href=\"https:\/\/ferne-welten.com\/?p=1361\">Read more<\/a><\/p>\n","protected":false},"author":1,"featured_media":0,"comment_status":"open","ping_status":"open","sticky":false,"template":"","format":"standard","meta":{"footnotes":""},"categories":[79,2],"tags":[552,107,370,373,368,551,550],"class_list":["post-1361","post","type-post","status-publish","format-standard","hentry","category-mythen","category-science-fiction","tag-aldebaran","tag-antisemitismus","tag-hohlerde","tag-miguel-serrano","tag-neuschwabenland","tag-rassismus","tag-stahlfront"],"_links":{"self":[{"href":"https:\/\/ferne-welten.com\/index.php?rest_route=\/wp\/v2\/posts\/1361","targetHints":{"allow":["GET"]}}],"collection":[{"href":"https:\/\/ferne-welten.com\/index.php?rest_route=\/wp\/v2\/posts"}],"about":[{"href":"https:\/\/ferne-welten.com\/index.php?rest_route=\/wp\/v2\/types\/post"}],"author":[{"embeddable":true,"href":"https:\/\/ferne-welten.com\/index.php?rest_route=\/wp\/v2\/users\/1"}],"replies":[{"embeddable":true,"href":"https:\/\/ferne-welten.com\/index.php?rest_route=%2Fwp%2Fv2%2Fcomments&post=1361"}],"version-history":[{"count":3,"href":"https:\/\/ferne-welten.com\/index.php?rest_route=\/wp\/v2\/posts\/1361\/revisions"}],"predecessor-version":[{"id":1365,"href":"https:\/\/ferne-welten.com\/index.php?rest_route=\/wp\/v2\/posts\/1361\/revisions\/1365"}],"wp:attachment":[{"href":"https:\/\/ferne-welten.com\/index.php?rest_route=%2Fwp%2Fv2%2Fmedia&parent=1361"}],"wp:term":[{"taxonomy":"category","embeddable":true,"href":"https:\/\/ferne-welten.com\/index.php?rest_route=%2Fwp%2Fv2%2Fcategories&post=1361"},{"taxonomy":"post_tag","embeddable":true,"href":"https:\/\/ferne-welten.com\/index.php?rest_route=%2Fwp%2Fv2%2Ftags&post=1361"}],"curies":[{"name":"wp","href":"https:\/\/api.w.org\/{rel}","templated":true}]}}