{"id":1366,"date":"2011-06-23T11:31:52","date_gmt":"2011-06-23T10:31:52","guid":{"rendered":"http:\/\/ferne-welten.com\/?p=1366"},"modified":"2017-04-30T11:33:39","modified_gmt":"2017-04-30T10:33:39","slug":"verschwoerungsrapper-auf-dem-pressefest-ii","status":"publish","type":"post","link":"https:\/\/ferne-welten.com\/?p=1366","title":{"rendered":"Verschw\u00f6rungsrapper auf dem Pressefest (II)"},"content":{"rendered":"<div class=\"content\">\n<p style=\"text-align: justify;\">Nat\u00fcrlich durften sie auftreten: Die Rede ist von\u00a0der verschw\u00f6rungsideologischen Band\u00a0\u201eDie Bandbreite\u201c, die f\u00fcr das 17. UZ-Pressefest der Deutschen Kommunistischen Partei (DKP) angek\u00fcndigt worden war. Nach\u00a0Protesten antifaschistischer Gruppen\u00a0hatten die Organisator_innen des\u00a0\u201egr\u00f6\u00dften Volksfest der Linken\u201c\u00a0behauptet, den Auftritt der Band abgesagt zu haben. Stattdessen sollte es eine\u00a0\u201ePodiumsdiskussion\u201c\u00a0mit namentlich nicht benannten Kritiker_innen und der Band geben.<\/p>\n<p style=\"text-align: justify;\"><!--more--><\/p>\n<p style=\"text-align: justify;\">Die Auftritte\u00a0mit Rechtspopulisten\u00a0und f\u00fcr\u00a0Verschw\u00f6rungsideologen\u00a0waren f\u00fcr die Organisator_innen also kein Grund, die Band auszuladen. Stattdessen wollte man ihnen den Raum geben, derartige Unappetitlichkeiten zu verteidigen. Den\u00a0\u201eHolocaust\u201c, den die Band der NATO\u00a0nachsagt,\u00a0scheinen Dinge, \u00fcber den die Organisator_innen ernsthaft debattieren wollten.<\/p>\n<p style=\"text-align: justify;\">Kommunist_innen und Antifaschist_innen sollten also einen Diskurs f\u00fchren, anstatt derartige Auftritte und Inhalte zu bek\u00e4mpfen.\u00a0\u201eDie Band \u201aDie Band\u00adbrei\u00adte\u2018 wird (\u2026)\u00a0auf dem 17. UZ-\u200bPres\u00adse\u00adfest der Deut\u00adschen Kom\u00admu\u00adnis\u00adti\u00adschen Par\u00adtei auf\u00adtre\u00adten\u201c,\u00a0hatte es in diesem Blog gehei\u00dfen. Genau das ist dann \u2013 leider \u2013 eingetreten.<\/p>\n<p style=\"text-align: justify;\">Das\u00a0Neue Deutschland\u00a0<a href=\"http:\/\/www.neues-deutschland.de\/artikel\/200683.bandbreite-zu-gross-bemessen.html?sstr=pressefest\">berichtet\u00a0<\/a>von tumultartigen Szenen w\u00e4hrend der\u00a0\u201eDiskussion\u201c, bei der die \u00fcblichen Verteidiger_innen der Band eintr\u00e4chtig auf dem Podium sa\u00dfen:<\/p>\n<blockquote><p>Gestern nun trat die \u201aBandbreite\u2018 auf dem Pressefest der DKP-Parteizeitschrift \u201aUnsere Zeit\u2018 (UZ) in Dortmund auf. Die Politpopper l\u00f6sten Tumulte aus. Ein Mittzwanziger ging ans Mikrofon und verk\u00fcndete spontan seinen Austritt aus der DKP. Andere \u2013 meist junge Leute \u2013 riefen: \u201aHolt die Spinner von der B\u00fchne.\u2018 Eine Frau rief Wojna w\u00fctend zu: \u201aSpiel mal \u201aEinlochen\u2019\u2018 \u2013 ein als sexistisch geltendes Lied der \u201aBandbreite\u2018.<\/p><\/blockquote>\n<p style=\"text-align: justify;\">W\u00e4hrend des Auftritts der Band solidarisierten sich die \u00fcblichen Verd\u00e4chtigen mit der Verschw\u00f6rungscombo, die wohl auch die Farce, die sich\u00a0\u201eDiskussionsveranstaltung\u201c\u00a0schimpfte, dominierten: Diether Dehm, Bundestagsabgeordneter der Partei Die Linke und nach eigenen Angaben\u00a0\u201egl\u00fchender Verschw\u00f6rungstheoretiker\u201c, rief die Band w\u00e4hrend der Diskussionsveranstaltung dazu auf, ihre Lieder zum Besten zu geben, was wohl dann auch geschah.<\/p>\n<p style=\"text-align: justify;\">Die Mitglieder der Gruppe\u00a0\u201eArbeiterfotografie\u201c, die nach dem Erdbeben in Japan von\u00a0einer mega-geheimen Erdbebenwaffe halluzinierten\u00a0und ansonsten\u00a0Propaganda f\u00fcr das iranische Regime betreiben, stellten sich f\u00fcr ein\u00a0<a href=\"http:\/\/www.youtube.com\/watch?v=-Z8M5jTm490\">Jubelvideo\u00a0<\/a>zur Verf\u00fcgung. F\u00fcr\u00a0\u201eDie Bandbreite\u201c\u00a0setzte sich auch Elias Davidsson ein: Ein Verschw\u00f6rungstheoretiker, der seine Thesen auch schon mal bei rechten Burschenschaften vorstellt. Davidsson for\u00addert in\u00a0einem halboffenen Brief\u00a0eine gr\u00f6\u00ad\u00dfe\u00adre\u00a0\u201eBe\u00adreit\u00adschaft unter deut\u00adschen Lin\u00adken\u201c\u00a0eben\u00a0\u201eauch mit tra\u00addi\u00adtio\u00adnel\u00adlen Rech\u00adten zu\u00adsam\u00admen\u00adzu\u00adar\u00adbei\u00adten\u201c. Au\u00dferdem gab der\u00a0\u201eJunge Welt\u201c-Autor Klaus Rainer Rupp ein Statement ab, der die Band\u00a0nicht nur\u00a0w\u00e4hrend der\u00a0\u201eDiskussionsveranstaltung\u201c\u00a0verteidigte:\u00a0\u201eIch finde es einen Skandal, dass die Linke sich, von Meinungsterroristen, die sich selber Linke nennen, vorschreiben l\u00e4sst, wen wir h\u00f6ren k\u00f6nnen und d\u00fcrfen\u201c, sagte er in die Kamera der\u201eBandbreite\u201c.<\/p>\n<p style=\"text-align: justify;\">Doch selbst die Parteivorsitzende der Deutschen Kommunistischen Partei (DKP), Bettina J\u00fcrgensen,\u00a0<a href=\"http:\/\/www.neues-deutschland.de\/artikel\/200683.bandbreite-zu-gross-bemessen.html?sstr=pressefest\">sprach<\/a>\u00a0der Querfront-Band ihre Solidarit\u00e4t aus. Dies macht allerdings den ideologischen Zustand dieser Partei deutlich, die mit den Auftritten und Inhalten der\u00a0\u201eBandbreite\u201c\u00a0kein Problem zu haben scheint. Dabei werden Verschw\u00f6rungstheorien \u00fcber die Kritiker_innen propagiert:\u00a0\u201eDie Band sei links verortet und z\u00e4hle zum linken Spektrum. Die Vorw\u00fcrfe seien nicht haltbar \u2013 sie sollen vielmehr \u201adie Gruppe kaputt machen\u2018. Die Kampagne habe vor vier Jahren begonnen, so J\u00fcrgensen. Und zwar nachdem die \u201aBandbreite\u2018 Kritik an Israel ge\u00fcbt habe.\u201c<\/p>\n<p style=\"text-align: justify;\">Nachdem Auftritt auf dem UZ-Pressefest\u00a0<a href=\"http:\/\/www.facebook.com\/diebandbreite\/posts\/10150278286213162\">schrieb\u00a0<\/a>die Band:\u00a0\u201eUnser Auftritt auf dem UZ Pressefest war ein voller Erfolg!\u201c. Angesichts der Unterst\u00fctzung, nicht nur durch den Bundestagsabgeordneten Diether Dehm und durch Bettina J\u00fcrgensen, Parteivorsitzende der Deutschen Kommunistischen Partei (DKP), ist das sogar noch untertrieben.\u00a0\u201eDie Bandbreite\u201c\u00a0ist also auf dem Pressefest der Deutschen Kommunistischen Partei aufgetreten. Keine zwei Wochen nach einem\u00a0Auftritt mit Vertretern der rechtspopulistischen Schweizer Volkspartei (SVP)\u00a0durfte die Band auf dem Festival ihre Lieder zu Geh\u00f6r bringen. Dies d\u00fcrfte wohl von Anfang an der Plan der Organisator_innen gewesen sein.<\/p>\n<p style=\"text-align: justify;\">Die Deutsche Kommunistische Partei (DKP) hat sich damit eindeutig f\u00fcr die Querfront-Band und f\u00fcr ihre reaktion\u00e4ren Texte positioniert. Der Auftritt dieser Band wirft ein bezeichnendes Licht auf den inneren Zustand dieser Partei, die mit anti-amerikanischen Verschw\u00f6rungstheorien und mit\u00a0\u201ese\u00adxis\u00adti\u00adschen, an\u00adti\u00adse\u00admi\u00adti\u00adschen und NS-\u200bre\u00adla\u00adti\u00advie\u00adren\u00adde Song\u00adtex\u00adten\u201c\u00a0kein Problem zu haben scheint. Ein Problem scheint diese Partei aber den Kritiker_innen dieser Musik zu haben, denen sie unterstellt, sie w\u00fcrden eine\u00a0\u201e\u00fcble \u201aantideutsche\u2018 Kampagne\u201c\u00a0betreiben. Immerhin waren nicht alle Teilnehmer_innen der Diskussionsveranstaltung mit dieser Vorgehensweise einverstanden.<\/p>\n<div id=\"cmnt\" style=\"text-align: justify;\"><\/div>\n<div id=\"google-wrapper\" class=\"bs_advert\" style=\"text-align: justify;\"><\/div>\n<\/div>\n<p><!--more--><\/p>\n<a class=\"synved-social-button synved-social-button-share synved-social-size-32 synved-social-resolution-single synved-social-provider-facebook nolightbox\" data-provider=\"facebook\" target=\"_blank\" rel=\"nofollow\" title=\"Auf Facebook teilen\" href=\"https:\/\/www.facebook.com\/sharer.php?u=https%3A%2F%2Fferne-welten.com%2Findex.php%3Frest_route%3D%252Fwp%252Fv2%252Fposts%252F1366&#038;t=Verschw%C3%B6rungsrapper%20auf%20dem%20Pressefest%20%28II%29&#038;s=100&#038;p&#091;url&#093;=https%3A%2F%2Fferne-welten.com%2Findex.php%3Frest_route%3D%252Fwp%252Fv2%252Fposts%252F1366&#038;p&#091;images&#093;&#091;0&#093;=&#038;p&#091;title&#093;=Verschw%C3%B6rungsrapper%20auf%20dem%20Pressefest%20%28II%29\" style=\"font-size: 0px;width:32px;height:32px;margin:0;margin-bottom:5px;margin-right:5px\"><img loading=\"lazy\" decoding=\"async\" alt=\"Facebook\" title=\"Auf Facebook teilen\" class=\"synved-share-image synved-social-image synved-social-image-share\" width=\"32\" height=\"32\" style=\"display: inline;width:32px;height:32px;margin: 0;padding: 0;border: none;box-shadow: none\" src=\"https:\/\/ferne-welten.com\/wp-content\/plugins\/social-media-feather\/synved-social\/addons\/extra-icons\/image\/social\/circle\/64x64\/facebook.png\" \/><\/a><a class=\"synved-social-button synved-social-button-share synved-social-size-32 synved-social-resolution-single synved-social-provider-twitter nolightbox\" data-provider=\"twitter\" target=\"_blank\" rel=\"nofollow\" title=\"Auf Twitter teilen\" href=\"https:\/\/twitter.com\/intent\/tweet?url=https%3A%2F%2Fferne-welten.com%2Findex.php%3Frest_route%3D%252Fwp%252Fv2%252Fposts%252F1366&#038;text=Hey%20check%20this%20out\" style=\"font-size: 0px;width:32px;height:32px;margin:0;margin-bottom:5px;margin-right:5px\"><img loading=\"lazy\" decoding=\"async\" alt=\"twitter\" title=\"Auf Twitter teilen\" class=\"synved-share-image synved-social-image synved-social-image-share\" width=\"32\" height=\"32\" style=\"display: inline;width:32px;height:32px;margin: 0;padding: 0;border: none;box-shadow: none\" src=\"https:\/\/ferne-welten.com\/wp-content\/plugins\/social-media-feather\/synved-social\/addons\/extra-icons\/image\/social\/circle\/64x64\/twitter.png\" \/><\/a><a class=\"synved-social-button synved-social-button-share synved-social-size-32 synved-social-resolution-single synved-social-provider-reddit nolightbox\" data-provider=\"reddit\" target=\"_blank\" rel=\"nofollow\" title=\"Auf Reddit teilen\" href=\"https:\/\/www.reddit.com\/submit?url=https%3A%2F%2Fferne-welten.com%2Findex.php%3Frest_route%3D%252Fwp%252Fv2%252Fposts%252F1366&#038;title=Verschw%C3%B6rungsrapper%20auf%20dem%20Pressefest%20%28II%29\" style=\"font-size: 0px;width:32px;height:32px;margin:0;margin-bottom:5px;margin-right:5px\"><img loading=\"lazy\" decoding=\"async\" alt=\"reddit\" title=\"Auf Reddit teilen\" class=\"synved-share-image synved-social-image synved-social-image-share\" width=\"32\" height=\"32\" style=\"display: inline;width:32px;height:32px;margin: 0;padding: 0;border: none;box-shadow: none\" src=\"https:\/\/ferne-welten.com\/wp-content\/plugins\/social-media-feather\/synved-social\/addons\/extra-icons\/image\/social\/circle\/64x64\/reddit.png\" \/><\/a><a class=\"synved-social-button synved-social-button-share synved-social-size-32 synved-social-resolution-single synved-social-provider-pinterest nolightbox\" data-provider=\"pinterest\" target=\"_blank\" rel=\"nofollow\" title=\"Auf Pinterest pinnen\" href=\"https:\/\/pinterest.com\/pin\/create\/button\/?url=https%3A%2F%2Fferne-welten.com%2Findex.php%3Frest_route%3D%252Fwp%252Fv2%252Fposts%252F1366&#038;media=&#038;description=Verschw%C3%B6rungsrapper%20auf%20dem%20Pressefest%20%28II%29\" style=\"font-size: 0px;width:32px;height:32px;margin:0;margin-bottom:5px;margin-right:5px\"><img loading=\"lazy\" decoding=\"async\" alt=\"pinterest\" title=\"Auf Pinterest pinnen\" class=\"synved-share-image synved-social-image synved-social-image-share\" width=\"32\" height=\"32\" style=\"display: inline;width:32px;height:32px;margin: 0;padding: 0;border: none;box-shadow: none\" src=\"https:\/\/ferne-welten.com\/wp-content\/plugins\/social-media-feather\/synved-social\/addons\/extra-icons\/image\/social\/circle\/64x64\/pinterest.png\" \/><\/a><a class=\"synved-social-button synved-social-button-share synved-social-size-32 synved-social-resolution-single synved-social-provider-linkedin nolightbox\" data-provider=\"linkedin\" target=\"_blank\" rel=\"nofollow\" title=\"Auf Linkedin teilen\" href=\"https:\/\/www.linkedin.com\/shareArticle?mini=true&#038;url=https%3A%2F%2Fferne-welten.com%2Findex.php%3Frest_route%3D%252Fwp%252Fv2%252Fposts%252F1366&#038;title=Verschw%C3%B6rungsrapper%20auf%20dem%20Pressefest%20%28II%29\" style=\"font-size: 0px;width:32px;height:32px;margin:0;margin-bottom:5px;margin-right:5px\"><img loading=\"lazy\" decoding=\"async\" alt=\"linkedin\" title=\"Auf Linkedin teilen\" class=\"synved-share-image synved-social-image synved-social-image-share\" width=\"32\" height=\"32\" style=\"display: inline;width:32px;height:32px;margin: 0;padding: 0;border: none;box-shadow: none\" src=\"https:\/\/ferne-welten.com\/wp-content\/plugins\/social-media-feather\/synved-social\/addons\/extra-icons\/image\/social\/circle\/64x64\/linkedin.png\" \/><\/a><a class=\"synved-social-button synved-social-button-share synved-social-size-32 synved-social-resolution-single synved-social-provider-tumblr nolightbox\" data-provider=\"tumblr\" target=\"_blank\" rel=\"nofollow\" title=\"\u00dcber Tumblr teilen\" href=\"https:\/\/tumblr.com\/share?s=&#038;v=3&#038;t=Verschw%C3%B6rungsrapper%20auf%20dem%20Pressefest%20%28II%29&#038;u=https%3A%2F%2Fferne-welten.com%2Findex.php%3Frest_route%3D%252Fwp%252Fv2%252Fposts%252F1366\" style=\"font-size: 0px;width:32px;height:32px;margin:0;margin-bottom:5px;margin-right:5px\"><img loading=\"lazy\" decoding=\"async\" alt=\"tumblr\" title=\"\u00dcber Tumblr teilen\" class=\"synved-share-image synved-social-image synved-social-image-share\" width=\"32\" height=\"32\" style=\"display: inline;width:32px;height:32px;margin: 0;padding: 0;border: none;box-shadow: none\" src=\"https:\/\/ferne-welten.com\/wp-content\/plugins\/social-media-feather\/synved-social\/addons\/extra-icons\/image\/social\/circle\/64x64\/tumblr.png\" \/><\/a><a class=\"synved-social-button synved-social-button-share synved-social-size-32 synved-social-resolution-single synved-social-provider-mail nolightbox\" data-provider=\"mail\" rel=\"nofollow\" title=\"Link per Mail weiterleiten\" href=\"mailto:?subject=Verschw%C3%B6rungsrapper%20auf%20dem%20Pressefest%20%28II%29&#038;body=Hey%20check%20this%20out:%20https%3A%2F%2Fferne-welten.com%2Findex.php%3Frest_route%3D%252Fwp%252Fv2%252Fposts%252F1366\" style=\"font-size: 0px;width:32px;height:32px;margin:0;margin-bottom:5px\"><img loading=\"lazy\" decoding=\"async\" alt=\"mail\" title=\"Link per Mail weiterleiten\" class=\"synved-share-image synved-social-image synved-social-image-share\" width=\"32\" height=\"32\" style=\"display: inline;width:32px;height:32px;margin: 0;padding: 0;border: none;box-shadow: none\" src=\"https:\/\/ferne-welten.com\/wp-content\/plugins\/social-media-feather\/synved-social\/addons\/extra-icons\/image\/social\/circle\/64x64\/mail.png\" \/><\/a>","protected":false},"excerpt":{"rendered":"<p>Nat\u00fcrlich durften sie auftreten: Die Rede ist von\u00a0der verschw\u00f6rungsideologischen Band\u00a0\u201eDie Bandbreite\u201c, die f\u00fcr das 17. UZ-Pressefest der Deutschen Kommunistischen Partei (DKP) angek\u00fcndigt worden war. Nach\u00a0Protesten antifaschistischer Gruppen\u00a0hatten die Organisator_innen des\u00a0\u201egr\u00f6\u00dften Volksfest der Linken\u201c\u00a0behauptet, den Auftritt der Band abgesagt zu haben&#8230;.<br \/><a class=\"read-more-button\" href=\"https:\/\/ferne-welten.com\/?p=1366\">Read more<\/a><\/p>\n","protected":false},"author":1,"featured_media":0,"comment_status":"open","ping_status":"open","sticky":false,"template":"","format":"standard","meta":{"footnotes":""},"categories":[79],"tags":[411,217,158,292,199,553],"class_list":["post-1366","post","type-post","status-publish","format-standard","hentry","category-mythen","tag-arbeiterfotografie","tag-bandbreite","tag-diether-dehm","tag-dkp","tag-elias-davidsson","tag-uz-pressefest"],"_links":{"self":[{"href":"https:\/\/ferne-welten.com\/index.php?rest_route=\/wp\/v2\/posts\/1366","targetHints":{"allow":["GET"]}}],"collection":[{"href":"https:\/\/ferne-welten.com\/index.php?rest_route=\/wp\/v2\/posts"}],"about":[{"href":"https:\/\/ferne-welten.com\/index.php?rest_route=\/wp\/v2\/types\/post"}],"author":[{"embeddable":true,"href":"https:\/\/ferne-welten.com\/index.php?rest_route=\/wp\/v2\/users\/1"}],"replies":[{"embeddable":true,"href":"https:\/\/ferne-welten.com\/index.php?rest_route=%2Fwp%2Fv2%2Fcomments&post=1366"}],"version-history":[{"count":1,"href":"https:\/\/ferne-welten.com\/index.php?rest_route=\/wp\/v2\/posts\/1366\/revisions"}],"predecessor-version":[{"id":1367,"href":"https:\/\/ferne-welten.com\/index.php?rest_route=\/wp\/v2\/posts\/1366\/revisions\/1367"}],"wp:attachment":[{"href":"https:\/\/ferne-welten.com\/index.php?rest_route=%2Fwp%2Fv2%2Fmedia&parent=1366"}],"wp:term":[{"taxonomy":"category","embeddable":true,"href":"https:\/\/ferne-welten.com\/index.php?rest_route=%2Fwp%2Fv2%2Fcategories&post=1366"},{"taxonomy":"post_tag","embeddable":true,"href":"https:\/\/ferne-welten.com\/index.php?rest_route=%2Fwp%2Fv2%2Ftags&post=1366"}],"curies":[{"name":"wp","href":"https:\/\/api.w.org\/{rel}","templated":true}]}}