{"id":1370,"date":"2011-06-23T11:36:03","date_gmt":"2011-06-23T10:36:03","guid":{"rendered":"http:\/\/ferne-welten.com\/?p=1370"},"modified":"2017-04-30T11:37:44","modified_gmt":"2017-04-30T10:37:44","slug":"verschwoerungsrapper-auf-dem-pressefest","status":"publish","type":"post","link":"https:\/\/ferne-welten.com\/?p=1370","title":{"rendered":"Verschw\u00f6rungsrapper auf dem Pressefest"},"content":{"rendered":"<div class=\"content\">\n<p style=\"text-align: justify;\">Am Freitag, den 24.06.2011, beginnt das 17. UZ-Pressefest der Deutschen Kommunistischen Partei (DKP) im Revierpark Dortmund-Wischlingen. Auf diesem Fest, das laut Eigendarstellung das\u00a0\u201egr\u00f6\u00dfte Volksfest der Linken\u201c\u00a0ist, soll es nicht nur eine Videoschalte zur n\u00e4chsten Gaza-Flotille geben. Geplant war auch ein Auftritt, der den Unmut verschiedener antifaschistischer Gruppen erregte, die sich mit\u00a0einem Offenen Brief\u00a0zu Wort meldeten. Es handelt sich um den angek\u00fcndigten Auftritt der\u00a0verschw\u00f6rungsideologischen Band \u201eDie Bandbreite\u201c, die Leser_innen dieses Blogs vielleicht ein Begriff sein d\u00fcrfte.<\/p>\n<p style=\"text-align: justify;\"><!--more--><\/p>\n<p style=\"text-align: justify;\">Das Dortmunder Antifa B\u00fcndnis hat einige Lieder der Band analysiert und sieht in diesen\u00a0\u201ese\u00adxis\u00adti\u00adsche, an\u00adti\u00adse\u00admi\u00adti\u00adsche und NS-\u200bre\u00adla\u00adti\u00advie\u00adren\u00adde Song\u00adtex\u00adte\u201c. Daher forderte das\u00a0antifaschistische B\u00fcndnis\u00a0die Organisator_innen des UZ-Pressefestes auf, der Band keine B\u00fchne zu bieten.<\/p>\n<p style=\"text-align: justify;\">Eigentlich sollte die Band, die auf verschw\u00f6rungsideologischen und linken Festivals auftritt, auf dem Pressefest ein Podium geboten bekommen. Auf den Offenen Brief des antifaschistischen B\u00fcndnisses folgte keine Ausladung, sondern eine weitere Hofierung der Band, die nun erst recht auftreten soll; zumindest wenn man den Verlautbarungen der Organisator_innen und des Parteivorstands der Deutschen Kommunistischen Partei (DKP) glauben schenkt.<\/p>\n<p style=\"text-align: justify;\">Vor dem UZ-Pressefest war die Band am 10.\u200b06.\u200b2011 auf\u00a0einer Veranstaltung\u00a0gegen die Bilderberg-Konferenz im schweizerischen St. Moritz aufgetreten, die vom Jugendverband der rechtspopulistischen Schweizer Volkspartei (SVP) unterst\u00fctzt wurde. Hinter der Bilderberg-Konferenz, bei\u00a0der F\u00fchrungspersonen aus Wirtschaft, Politik und Medien zusammenkommen,\u00a0vermuten\u00a0Verschw\u00f6rungsideologen eine\u00a0\u201eElite\u201c, die angeblich eine\u00a0\u201eNeue Weltregierung\u201c\u00a0planen w\u00fcrde.<\/p>\n<p style=\"text-align: justify;\">Als Redner auf dieser Veranstaltung der Verschw\u00f6rungsfans und Nationalisten waren die Schweizer Nationalr\u00e4te Lukas Reiman und Pirmin Schwander geladen, die ebenfalls der rechtspopulistischen Schweizer Volkspartei angeh\u00f6ren. Au\u00dferdem war der Verschw\u00f6rungsideologe Manfred Petritsch (alias\u00a0\u201eFreeman\u201c) zu Gast, der das strukturell antisemitische Verschw\u00f6rungsportal\u00a0\u201eAlles Schall und Rauch\u201cbetreibt.\u00a0\u201eDie Bandbreite\u201c\u00a0war f\u00fcr das musikalische Rahmenprogramm zust\u00e4ndig. Auch dieser Umstand wurde im Offenen Brief des Dortmunder Antifa B\u00fcndnis erw\u00e4hnt.<\/p>\n<p style=\"text-align: justify;\">Auf dieser Anti-Bilderberger Veranstaltung in St. Moritz hielt Manfred Petritsch von der\u00a0Internetseite\u00a0\u201eAlles Schall und Rauch\u201c\u00a0ein ausf\u00fchrliches Referat, weil er von der rechtspopulistischen und rassistischen \u201eJungen SVP\u201c\u00a0darum gebeten wurde. Petritsch\u00a0<a href=\"http:\/\/www.youtube.com\/watch?v=tq61cMPoNxk&amp;feature=related\">warnte\u00a0<\/a>unter anderem:<\/p>\n<blockquote><p>Sie wollen die Nationen aufl\u00f6sen, sie wollen die Grenzen aufl\u00f6sen (\u2026). Genau das ist ihre Absicht.<\/p><\/blockquote>\n<p style=\"text-align: justify;\">Der Betreiber von\u00a0\u201eAlles Schall und Rauch\u201c\u00a0f\u00fcrchtet eine Welt ohne Nationen und Grenzen:\u00a0\u201eSie wollen die L\u00e4nder abschaffen, die Nationalit\u00e4ten, die Identit\u00e4ten\u201c, warnte Petritsch sein Versch\u00f6rungspublikum.\u00a0\u201eWir sollen sogar noch Weltb\u00fcrger sein\u201c,\u00a0<a href=\"http:\/\/www.youtube.com\/watch?v=33VlFyDlsSU&amp;feature=related\">bef\u00fcrchtete\u00a0<\/a>Petritsch, um auf die\u00a0\u201emenschliche Natur\u201c\u00a0zu sprechen zu kommen, die dem angeblich entgegenstehen w\u00fcrde:\u00a0\u201eWir sind doch keine Weltb\u00fcrger, das sind doch alles k\u00fcnstliche Konstrukte\u201c, folgerte der Betreiber von\u00a0\u201eAlles Schall und Rauch\u201c.<\/p>\n<p style=\"text-align: justify;\">Der S\u00e4nger der Band erg\u00e4nzte diese Zeilen\u00a0<a href=\"http:\/\/www.youtube.com\/watch?v=59PrBkzrJqM&amp;t=4m21s\">mit folgenden Worten<\/a>:<\/p>\n<blockquote><p>Ich m\u00f6chte eigentlich nochmal zur Einheit aufrufen. Ich m\u00f6chte dazu aufrufen, diese ganzen Vorurteile der Linken, gegen die Wahrheitsbewegung, beiseite zu schieben. (\u2026) Wir m\u00fcssen zusammenarbeiten, das ist wichtig. (\u2026) Was hinterher dabei rauskommt, was f\u00fcr ein gesellschaftliches System, ist egal.<\/p><\/blockquote>\n<p style=\"text-align: justify;\">Hier wurde die Querfront, der Zusammenschluss zwischen Rechten und vermeintlichen\u00a0\u201eLinken\u201c, die wegen eines vermeintlich gr\u00f6\u00dferen Feindes, der angeblichen\u00a0\u201eElite\u201c, zusammenstehen sollen, zelebriert.<\/p>\n<p style=\"text-align: justify;\">Die Organisator_innen des UZ-Pressefest und viele Kader der Deutschen Kommunistischen Partei scheinen mit diesem Auftritt der\u00a0\u201eBandbreite\u201c\u00a0genauso wenig ein Problem zu haben wie mit den Liedtexten der Verschw\u00f6rungsband. In einem\u00a0Interview im Parteiorgan\u00a0Unsere Zeit\u00a0(UZ), schwadronierte der S\u00e4nger\u00a0von einem\u00a0\u201enuklearen Holocaust\u201c\u00a0der NATO und inszenierte sich als Opfer einer\u00a0\u201eantideutschen Kampagne\u201c.<\/p>\n<p style=\"text-align: justify;\">Nachdem Offenen Brief des Dortmunder Antifa B\u00fcndnis verschwand\u00a0\u201eDie Bandbreite\u201c\u00a0allerdings aus dem Veranstaltungsprogramm des UZ-Pressefestes. Die Band wurde allerdings nicht ausgeladen, sondern soll nun den Raum bekommen, ihre verschw\u00f6rungsideologischen Texte in einer Diskussionsrunde zu verteidigen. Das geht aus\u00a0<a href=\"http:\/\/www.dkp-online.de\/pressefest\/2011\/uz\/43251303.htm\">einer Verlautbarung<\/a>\u00a0der Organisator_innen dieser Veranstaltung hervor:<\/p>\n<blockquote><p>In den letzten Wochen wurde massiver Druck, insbesondere aus dem politischen Spektrum der sogenannten \u201aAntideutschen\u2018, auf den Veranstalter ausge\u00fcbt, diese Gruppe wieder auszuladen. (\u2026) Wir haben die Vorw\u00fcrfe sorgf\u00e4ltig gepr\u00fcft und halten die Mehrheit der Vorw\u00fcrfe f\u00fcr konstruiert und Teil einer \u00fcblen Kampagne.<\/p><\/blockquote>\n<p style=\"text-align: justify;\">Das behaupten die Organisator_innen in einer Erkl\u00e4rung.\u00a0\u201eAuf Grund diverser Hinweise m\u00fcssen wir jedoch bef\u00fcrchten, dass es bei diesem Konzert zu massiven St\u00f6rungen und Auseinandersetzungen kommen wird\u201c. Nur daher w\u00fcrde das Konzert ausfallen. Als Ersatzangebot w\u00fcrde es eine\u00a0\u201eDiskussion mit Bef\u00fcrwortern und Kritikern\u201c\u00a0geben. In einer <a href=\"http:\/\/www.dkp-online.de\/presse\/110621.htm\">ausf\u00fchrlicheren Erkl\u00e4rung des Parteivorstands<\/a>, wird die Band als Teil einer\u00a0\u201eVielfalt linker Kultur\u201c\u00a0bezeichnet und gegen jedwede Kritik in Schutz genommen. Dort wird unter anderem die krude Behauptung aufgestellt, dass die Nationalsozialisten\u00a0\u201ein den eigenen Reihen Homosexualit\u00e4t f\u00fcr die Durchsetzung ihrer Ziele zu nutzen\u201c\u00a0wussten. Nat\u00fcrlich wird die Unterstellung wiederholt, dass die Kritik an den Inhalten und Auftritten der Band\u00a0\u201e\u00fcberwiegend \u2013 und dies seit 2008\/2009 mit sich st\u00e4ndig inhaltlich wiederholenden Behauptungen \u2013 von den sogenannten \u201aAntideutschen\u2018 erhoben werden\u201c.<\/p>\n<p style=\"text-align: justify;\">Der\u00a0\u201eDeutsche Freidenker Verband\u201c, um den fanatischen\u00a0\u201eAntizionisten\u201c\u00a0Klaus Hartmann, der auf seiner\u00a0Facebook-Pinnwand\u00a0auch schon mal\u00a0Fotos von pal\u00e4stinensischen Kindersoldaten\u00a0oder brennenden Davidssternen ver\u00f6ffentlichte, erg\u00e4nzte diese Zeilen mit einer\u00a0weiteren Pressemitteilung:<\/p>\n<blockquote><p>Erst einladen, dann dem Druck der zionistischen Radaubr\u00fcder nachgeben, das ist ein fatales Signal. Das k\u00f6nnte von anderen rechten Gruppen und Faschisten geradezu als Einladung verstanden werden, mit Ank\u00fcndigung von Randale Druck auf Veranstalter auszu\u00fcben, wer auftreten darf und wer nicht.<\/p><\/blockquote>\n<p style=\"text-align: justify;\">Die Band\u00a0\u201eDie Bandbreite\u201c\u00a0wird trotz alledem, entgegen anderslautender Behauptungen, auf dem 17. UZ-Pressefest der Deutschen Kommunistischen Partei auftreten. Ob es dort zu Kritik kommt, bleibt abzuwarten. Immerhin zeigten sich einige Parteimitglieder schwer entt\u00e4uscht. So schreibt ein Parteimitglied:<\/p>\n<blockquote><p>Dass mir jetzt mein eigener PV indirekt vorwirft, Teil einer \u00fcblen \u201aantideutschen\u2018 Kampagne zu sein: Ich bin sprachlos und ersch\u00fcttert. Die Erkl\u00e4rung des Parteivorstandes ist ein Schlag in das Gesicht der Genossinnen und Genossen, die Antifaschismus als Arbeitsschwerpunkt haben.<\/p><\/blockquote>\n<p style=\"text-align: justify;\">Den Organisator_innen des UZ-Pressefest, die von einer\u00a0\u201e\u00fcblen \u201aantideutschen\u2018 Kampagne\u201c\u00a0halluzinieren, d\u00fcrften derartige Einsch\u00e4tzungen jedoch vollkommen egal sein. Schlie\u00dflich haben sie sich mit ihrer Entscheidung f\u00fcr die Querfront-Band sowie ihre Inhalte und Auftritte positioniert. Diese wird am Sonntag, um 13 Uhr auf der B\u00fchne Zwei des UZ-Pressefest auftreten, um ihre Texte und Auftritte zu verteidigen.<\/p>\n<\/div>\n<a class=\"synved-social-button synved-social-button-share synved-social-size-32 synved-social-resolution-single synved-social-provider-facebook nolightbox\" data-provider=\"facebook\" target=\"_blank\" rel=\"nofollow\" title=\"Auf Facebook teilen\" href=\"https:\/\/www.facebook.com\/sharer.php?u=https%3A%2F%2Fferne-welten.com%2Findex.php%3Frest_route%3D%252Fwp%252Fv2%252Fposts%252F1370&#038;t=Verschw%C3%B6rungsrapper%20auf%20dem%20Pressefest&#038;s=100&#038;p&#091;url&#093;=https%3A%2F%2Fferne-welten.com%2Findex.php%3Frest_route%3D%252Fwp%252Fv2%252Fposts%252F1370&#038;p&#091;images&#093;&#091;0&#093;=&#038;p&#091;title&#093;=Verschw%C3%B6rungsrapper%20auf%20dem%20Pressefest\" style=\"font-size: 0px;width:32px;height:32px;margin:0;margin-bottom:5px;margin-right:5px\"><img loading=\"lazy\" decoding=\"async\" alt=\"Facebook\" title=\"Auf Facebook teilen\" class=\"synved-share-image synved-social-image synved-social-image-share\" width=\"32\" height=\"32\" style=\"display: inline;width:32px;height:32px;margin: 0;padding: 0;border: none;box-shadow: none\" src=\"https:\/\/ferne-welten.com\/wp-content\/plugins\/social-media-feather\/synved-social\/addons\/extra-icons\/image\/social\/circle\/64x64\/facebook.png\" \/><\/a><a class=\"synved-social-button synved-social-button-share synved-social-size-32 synved-social-resolution-single synved-social-provider-twitter nolightbox\" data-provider=\"twitter\" target=\"_blank\" rel=\"nofollow\" title=\"Auf Twitter teilen\" href=\"https:\/\/twitter.com\/intent\/tweet?url=https%3A%2F%2Fferne-welten.com%2Findex.php%3Frest_route%3D%252Fwp%252Fv2%252Fposts%252F1370&#038;text=Hey%20check%20this%20out\" style=\"font-size: 0px;width:32px;height:32px;margin:0;margin-bottom:5px;margin-right:5px\"><img loading=\"lazy\" decoding=\"async\" alt=\"twitter\" title=\"Auf Twitter teilen\" class=\"synved-share-image synved-social-image synved-social-image-share\" width=\"32\" height=\"32\" style=\"display: inline;width:32px;height:32px;margin: 0;padding: 0;border: none;box-shadow: none\" src=\"https:\/\/ferne-welten.com\/wp-content\/plugins\/social-media-feather\/synved-social\/addons\/extra-icons\/image\/social\/circle\/64x64\/twitter.png\" \/><\/a><a class=\"synved-social-button synved-social-button-share synved-social-size-32 synved-social-resolution-single synved-social-provider-reddit nolightbox\" data-provider=\"reddit\" target=\"_blank\" rel=\"nofollow\" title=\"Auf Reddit teilen\" href=\"https:\/\/www.reddit.com\/submit?url=https%3A%2F%2Fferne-welten.com%2Findex.php%3Frest_route%3D%252Fwp%252Fv2%252Fposts%252F1370&#038;title=Verschw%C3%B6rungsrapper%20auf%20dem%20Pressefest\" style=\"font-size: 0px;width:32px;height:32px;margin:0;margin-bottom:5px;margin-right:5px\"><img loading=\"lazy\" decoding=\"async\" alt=\"reddit\" title=\"Auf Reddit teilen\" class=\"synved-share-image synved-social-image synved-social-image-share\" width=\"32\" height=\"32\" style=\"display: inline;width:32px;height:32px;margin: 0;padding: 0;border: none;box-shadow: none\" src=\"https:\/\/ferne-welten.com\/wp-content\/plugins\/social-media-feather\/synved-social\/addons\/extra-icons\/image\/social\/circle\/64x64\/reddit.png\" \/><\/a><a class=\"synved-social-button synved-social-button-share synved-social-size-32 synved-social-resolution-single synved-social-provider-pinterest nolightbox\" data-provider=\"pinterest\" target=\"_blank\" rel=\"nofollow\" title=\"Auf Pinterest pinnen\" href=\"https:\/\/pinterest.com\/pin\/create\/button\/?url=https%3A%2F%2Fferne-welten.com%2Findex.php%3Frest_route%3D%252Fwp%252Fv2%252Fposts%252F1370&#038;media=&#038;description=Verschw%C3%B6rungsrapper%20auf%20dem%20Pressefest\" style=\"font-size: 0px;width:32px;height:32px;margin:0;margin-bottom:5px;margin-right:5px\"><img loading=\"lazy\" decoding=\"async\" alt=\"pinterest\" title=\"Auf Pinterest pinnen\" class=\"synved-share-image synved-social-image synved-social-image-share\" width=\"32\" height=\"32\" style=\"display: inline;width:32px;height:32px;margin: 0;padding: 0;border: none;box-shadow: none\" src=\"https:\/\/ferne-welten.com\/wp-content\/plugins\/social-media-feather\/synved-social\/addons\/extra-icons\/image\/social\/circle\/64x64\/pinterest.png\" \/><\/a><a class=\"synved-social-button synved-social-button-share synved-social-size-32 synved-social-resolution-single synved-social-provider-linkedin nolightbox\" data-provider=\"linkedin\" target=\"_blank\" rel=\"nofollow\" title=\"Auf Linkedin teilen\" href=\"https:\/\/www.linkedin.com\/shareArticle?mini=true&#038;url=https%3A%2F%2Fferne-welten.com%2Findex.php%3Frest_route%3D%252Fwp%252Fv2%252Fposts%252F1370&#038;title=Verschw%C3%B6rungsrapper%20auf%20dem%20Pressefest\" style=\"font-size: 0px;width:32px;height:32px;margin:0;margin-bottom:5px;margin-right:5px\"><img loading=\"lazy\" decoding=\"async\" alt=\"linkedin\" title=\"Auf Linkedin teilen\" class=\"synved-share-image synved-social-image synved-social-image-share\" width=\"32\" height=\"32\" style=\"display: inline;width:32px;height:32px;margin: 0;padding: 0;border: none;box-shadow: none\" src=\"https:\/\/ferne-welten.com\/wp-content\/plugins\/social-media-feather\/synved-social\/addons\/extra-icons\/image\/social\/circle\/64x64\/linkedin.png\" \/><\/a><a class=\"synved-social-button synved-social-button-share synved-social-size-32 synved-social-resolution-single synved-social-provider-tumblr nolightbox\" data-provider=\"tumblr\" target=\"_blank\" rel=\"nofollow\" title=\"\u00dcber Tumblr teilen\" href=\"https:\/\/tumblr.com\/share?s=&#038;v=3&#038;t=Verschw%C3%B6rungsrapper%20auf%20dem%20Pressefest&#038;u=https%3A%2F%2Fferne-welten.com%2Findex.php%3Frest_route%3D%252Fwp%252Fv2%252Fposts%252F1370\" style=\"font-size: 0px;width:32px;height:32px;margin:0;margin-bottom:5px;margin-right:5px\"><img loading=\"lazy\" decoding=\"async\" alt=\"tumblr\" title=\"\u00dcber Tumblr teilen\" class=\"synved-share-image synved-social-image synved-social-image-share\" width=\"32\" height=\"32\" style=\"display: inline;width:32px;height:32px;margin: 0;padding: 0;border: none;box-shadow: none\" src=\"https:\/\/ferne-welten.com\/wp-content\/plugins\/social-media-feather\/synved-social\/addons\/extra-icons\/image\/social\/circle\/64x64\/tumblr.png\" \/><\/a><a class=\"synved-social-button synved-social-button-share synved-social-size-32 synved-social-resolution-single synved-social-provider-mail nolightbox\" data-provider=\"mail\" rel=\"nofollow\" title=\"Link per Mail weiterleiten\" href=\"mailto:?subject=Verschw%C3%B6rungsrapper%20auf%20dem%20Pressefest&#038;body=Hey%20check%20this%20out:%20https%3A%2F%2Fferne-welten.com%2Findex.php%3Frest_route%3D%252Fwp%252Fv2%252Fposts%252F1370\" style=\"font-size: 0px;width:32px;height:32px;margin:0;margin-bottom:5px\"><img loading=\"lazy\" decoding=\"async\" alt=\"mail\" title=\"Link per Mail weiterleiten\" class=\"synved-share-image synved-social-image synved-social-image-share\" width=\"32\" height=\"32\" style=\"display: inline;width:32px;height:32px;margin: 0;padding: 0;border: none;box-shadow: none\" src=\"https:\/\/ferne-welten.com\/wp-content\/plugins\/social-media-feather\/synved-social\/addons\/extra-icons\/image\/social\/circle\/64x64\/mail.png\" \/><\/a>","protected":false},"excerpt":{"rendered":"<p>Am Freitag, den 24.06.2011, beginnt das 17. UZ-Pressefest der Deutschen Kommunistischen Partei (DKP) im Revierpark Dortmund-Wischlingen. Auf diesem Fest, das laut Eigendarstellung das\u00a0\u201egr\u00f6\u00dfte Volksfest der Linken\u201c\u00a0ist, soll es nicht nur eine Videoschalte zur n\u00e4chsten Gaza-Flotille geben. Geplant war auch ein&#8230;<br \/><a class=\"read-more-button\" href=\"https:\/\/ferne-welten.com\/?p=1370\">Read more<\/a><\/p>\n","protected":false},"author":1,"featured_media":0,"comment_status":"open","ping_status":"open","sticky":false,"template":"","format":"standard","meta":{"footnotes":""},"categories":[88],"tags":[189,557,217,292,555,201,556,416,553],"class_list":["post-1370","post","type-post","status-publish","format-standard","hentry","category-dorfkritik","tag-alles-schall-und-rauch","tag-antisemitsmus","tag-bandbreite","tag-dkp","tag-dortmund","tag-freidenker","tag-st-moritz","tag-svp","tag-uz-pressefest"],"_links":{"self":[{"href":"https:\/\/ferne-welten.com\/index.php?rest_route=\/wp\/v2\/posts\/1370","targetHints":{"allow":["GET"]}}],"collection":[{"href":"https:\/\/ferne-welten.com\/index.php?rest_route=\/wp\/v2\/posts"}],"about":[{"href":"https:\/\/ferne-welten.com\/index.php?rest_route=\/wp\/v2\/types\/post"}],"author":[{"embeddable":true,"href":"https:\/\/ferne-welten.com\/index.php?rest_route=\/wp\/v2\/users\/1"}],"replies":[{"embeddable":true,"href":"https:\/\/ferne-welten.com\/index.php?rest_route=%2Fwp%2Fv2%2Fcomments&post=1370"}],"version-history":[{"count":1,"href":"https:\/\/ferne-welten.com\/index.php?rest_route=\/wp\/v2\/posts\/1370\/revisions"}],"predecessor-version":[{"id":1371,"href":"https:\/\/ferne-welten.com\/index.php?rest_route=\/wp\/v2\/posts\/1370\/revisions\/1371"}],"wp:attachment":[{"href":"https:\/\/ferne-welten.com\/index.php?rest_route=%2Fwp%2Fv2%2Fmedia&parent=1370"}],"wp:term":[{"taxonomy":"category","embeddable":true,"href":"https:\/\/ferne-welten.com\/index.php?rest_route=%2Fwp%2Fv2%2Fcategories&post=1370"},{"taxonomy":"post_tag","embeddable":true,"href":"https:\/\/ferne-welten.com\/index.php?rest_route=%2Fwp%2Fv2%2Ftags&post=1370"}],"curies":[{"name":"wp","href":"https:\/\/api.w.org\/{rel}","templated":true}]}}