{"id":1372,"date":"2011-06-19T11:38:02","date_gmt":"2011-06-19T10:38:02","guid":{"rendered":"http:\/\/ferne-welten.com\/?p=1372"},"modified":"2017-04-30T11:38:51","modified_gmt":"2017-04-30T10:38:51","slug":"zeltlager-der-verschwoerungsfreunde","status":"publish","type":"post","link":"https:\/\/ferne-welten.com\/?p=1372","title":{"rendered":"Zeltlager der Verschw\u00f6rungsfreunde"},"content":{"rendered":"<p style=\"text-align: justify;\">Einmal im Jahr l\u00e4dt der Betreiber der Internetseite\u00a0\u201eInfokrieger-News\u201c\u00a0zum Zeltlager ein: Dort kommen er und seinesgleichen zum Verschw\u00f6rungstelldichein zusammen. Das\u00a0\u201eTruthcamp\u201c\u00a02011, das wie im vergangenen Jahr in V\u00f6lpke (Niedersachsen) stattfinden soll, ist ein mehr oder weniger internes Treffen der Verschw\u00f6rungsgl\u00e4ubigen.<\/p>\n<p style=\"text-align: justify;\"><!--more--><\/p>\n<p style=\"text-align: justify;\">W\u00e4hrend\u00a0\u201eSpanferkel mit Sauerkraut\u201c\u00a0und\u00a0\u201eGrillwaren aller Art\u201c\u00a0verzerrt werden, treten wie jedes Jahr die\u00a0Verschw\u00f6rungsrapper\u00a0\u201eKillez More\u201c\u00a0und\u00a0\u201eDie Bandbreite\u201c\u00a0auf:\u00a0\u201eDieses Jahr werden wir auch mehr Teilnehmer zulassen, es hat von der Organisation hervorragend funktioniert\u201c, schreibt der Organisator des Zeltlagers, der\u00a0\u201eInfokrieger\u201c\u00a0Jens\u00a0Blecker.<\/p>\n<p style=\"text-align: justify;\">Das\u00a0\u201eTruthcamp\u201c\u00a0richtet sich an den harten Kern der Szene; an diejenigen, die sich auch \u00fcber die\u00a0Internetseite des Jens\u00a0Blecker, die Seite\u00a0\u201eInfokrieger-News\u201c\u00a0informieren. Dort findet sich zur Zeit\u00a0ein Interview\u00a0\u00fcber einen angeblichen Terroranschlag in Berlin, der w\u00e4hrend der Er\u00f6ffnungsfeierlichkeiten zur Frauenfu\u00dfballweltmeisterschaft,\u00a0\u201evermutlich mit einer \u2019schmutzigen Bombe\u2018\u201c, geplant sein soll; zumindest wenn man\u00a0die merkw\u00fcrdigen Anschlags-Ideen dieser Verschw\u00f6rungsfans ernst nimmt.<\/p>\n<p style=\"text-align: justify;\">Im\u00a0Forum der Internetseite\u00a0\u201eInfokrieger-News\u201c\u00a0fand sich in der Vergangenheit Werbung f\u00fcr die antisemitischen\u00a0\u201eProtokolle der Weisen von Zion\u201c\u00a0und f\u00fcr andere antisemitische Machwerke. Nach der Schlie\u00dfung dieses Forums dient der Off-Topic Bereich der Internetseite als Spielwiese f\u00fcr die Nutzer_innen dieser Seite, auf der sich unter anderem Werbung f\u00fcr den\u00a0\u201eAll-Stern-Verlag\u201c\u00a0findet, der das antisemitische und geschichtsrevisionistische Buch\u00a0\u201eGeheimgesellschaften 3\u2033\u00a0des\u00a0Jan von Helsing\u00a0vertreibt.<\/p>\n<p style=\"text-align: justify;\">Das\u00a0\u201eTruthcamp\u201c\u00a0dient, wie der j\u00e4hrliche\u00a0\u201eKongress der Unabh\u00e4ngigen Medien\u201c, der in diesem Jahr in Hannover stattfand, als internes Szenetreffen, bei dem die Verschw\u00f6rungsgl\u00e4ubigen\u00a0zusammenkommen. W\u00e4hrend\u00a0der\u00a0\u201eKongress der Unabh\u00e4ngigen Medien\u201c\u00a0in diesem Jahr\u00a0vor allem mit verschiedenen Referenten wie dem rechten\u00a0\u201eKopp\u201c-Autor Wilhelm Engdahl, beworben wurde, dient das Truthcamp der gemeinsamen Feierei und damit der internen Stabilisierung dieser Szene.<\/p>\n<p style=\"text-align: justify;\">\u201eGeplant ist das Ganze f\u00fcr Ende August\u201c, hei\u00dft es auf der Seite\u00a0\u201eInfokrieger-News\u201c. Das vergangene Camp sei\u00a0\u201eeines der entspanntesten Wochenenden des Jahres\u201c\u00a0gewesen. Das mag auch daran gelegen haben, dass es in\u00a0<a href=\"http:\/\/www.gemeinde-voelpke.de\/\">V\u00f6lpke\u00a0<\/a>zwar\u00a0\u201eSpanferkel mit Sauerkraut\u201c, aber keinerlei Kritik am Treffen gab, bei dem die Verschw\u00f6rungsfreunde um\u00a0\u201eInfokrieger-News\u201c\u00a0zum gemeinsamen Zeltlager zusammenkamen. Da ist es nur konsequent, dass die\u00a0\u201eInfokrieger\u201c\u00a0ihr Zeltlager auch in diesem Jahr wiederholen.<\/p>\n<a class=\"synved-social-button synved-social-button-share synved-social-size-32 synved-social-resolution-single synved-social-provider-facebook nolightbox\" data-provider=\"facebook\" target=\"_blank\" rel=\"nofollow\" title=\"Auf Facebook teilen\" href=\"https:\/\/www.facebook.com\/sharer.php?u=https%3A%2F%2Fferne-welten.com%2Findex.php%3Frest_route%3D%252Fwp%252Fv2%252Fposts%252F1372&#038;t=Zeltlager%20der%20Verschw%C3%B6rungsfreunde&#038;s=100&#038;p&#091;url&#093;=https%3A%2F%2Fferne-welten.com%2Findex.php%3Frest_route%3D%252Fwp%252Fv2%252Fposts%252F1372&#038;p&#091;images&#093;&#091;0&#093;=&#038;p&#091;title&#093;=Zeltlager%20der%20Verschw%C3%B6rungsfreunde\" style=\"font-size: 0px;width:32px;height:32px;margin:0;margin-bottom:5px;margin-right:5px\"><img loading=\"lazy\" decoding=\"async\" alt=\"Facebook\" title=\"Auf Facebook teilen\" class=\"synved-share-image synved-social-image synved-social-image-share\" width=\"32\" height=\"32\" style=\"display: inline;width:32px;height:32px;margin: 0;padding: 0;border: none;box-shadow: none\" src=\"https:\/\/ferne-welten.com\/wp-content\/plugins\/social-media-feather\/synved-social\/addons\/extra-icons\/image\/social\/circle\/64x64\/facebook.png\" \/><\/a><a class=\"synved-social-button synved-social-button-share synved-social-size-32 synved-social-resolution-single synved-social-provider-twitter nolightbox\" data-provider=\"twitter\" target=\"_blank\" rel=\"nofollow\" title=\"Auf Twitter teilen\" href=\"https:\/\/twitter.com\/intent\/tweet?url=https%3A%2F%2Fferne-welten.com%2Findex.php%3Frest_route%3D%252Fwp%252Fv2%252Fposts%252F1372&#038;text=Hey%20check%20this%20out\" style=\"font-size: 0px;width:32px;height:32px;margin:0;margin-bottom:5px;margin-right:5px\"><img loading=\"lazy\" decoding=\"async\" alt=\"twitter\" title=\"Auf Twitter teilen\" class=\"synved-share-image synved-social-image synved-social-image-share\" width=\"32\" height=\"32\" style=\"display: inline;width:32px;height:32px;margin: 0;padding: 0;border: none;box-shadow: none\" src=\"https:\/\/ferne-welten.com\/wp-content\/plugins\/social-media-feather\/synved-social\/addons\/extra-icons\/image\/social\/circle\/64x64\/twitter.png\" \/><\/a><a class=\"synved-social-button synved-social-button-share synved-social-size-32 synved-social-resolution-single synved-social-provider-reddit nolightbox\" data-provider=\"reddit\" target=\"_blank\" rel=\"nofollow\" title=\"Auf Reddit teilen\" href=\"https:\/\/www.reddit.com\/submit?url=https%3A%2F%2Fferne-welten.com%2Findex.php%3Frest_route%3D%252Fwp%252Fv2%252Fposts%252F1372&#038;title=Zeltlager%20der%20Verschw%C3%B6rungsfreunde\" style=\"font-size: 0px;width:32px;height:32px;margin:0;margin-bottom:5px;margin-right:5px\"><img loading=\"lazy\" decoding=\"async\" alt=\"reddit\" title=\"Auf Reddit teilen\" class=\"synved-share-image synved-social-image synved-social-image-share\" width=\"32\" height=\"32\" style=\"display: inline;width:32px;height:32px;margin: 0;padding: 0;border: none;box-shadow: none\" src=\"https:\/\/ferne-welten.com\/wp-content\/plugins\/social-media-feather\/synved-social\/addons\/extra-icons\/image\/social\/circle\/64x64\/reddit.png\" \/><\/a><a class=\"synved-social-button synved-social-button-share synved-social-size-32 synved-social-resolution-single synved-social-provider-pinterest nolightbox\" data-provider=\"pinterest\" target=\"_blank\" rel=\"nofollow\" title=\"Auf Pinterest pinnen\" href=\"https:\/\/pinterest.com\/pin\/create\/button\/?url=https%3A%2F%2Fferne-welten.com%2Findex.php%3Frest_route%3D%252Fwp%252Fv2%252Fposts%252F1372&#038;media=&#038;description=Zeltlager%20der%20Verschw%C3%B6rungsfreunde\" style=\"font-size: 0px;width:32px;height:32px;margin:0;margin-bottom:5px;margin-right:5px\"><img loading=\"lazy\" decoding=\"async\" alt=\"pinterest\" title=\"Auf Pinterest pinnen\" class=\"synved-share-image synved-social-image synved-social-image-share\" width=\"32\" height=\"32\" style=\"display: inline;width:32px;height:32px;margin: 0;padding: 0;border: none;box-shadow: none\" src=\"https:\/\/ferne-welten.com\/wp-content\/plugins\/social-media-feather\/synved-social\/addons\/extra-icons\/image\/social\/circle\/64x64\/pinterest.png\" \/><\/a><a class=\"synved-social-button synved-social-button-share synved-social-size-32 synved-social-resolution-single synved-social-provider-linkedin nolightbox\" data-provider=\"linkedin\" target=\"_blank\" rel=\"nofollow\" title=\"Auf Linkedin teilen\" href=\"https:\/\/www.linkedin.com\/shareArticle?mini=true&#038;url=https%3A%2F%2Fferne-welten.com%2Findex.php%3Frest_route%3D%252Fwp%252Fv2%252Fposts%252F1372&#038;title=Zeltlager%20der%20Verschw%C3%B6rungsfreunde\" style=\"font-size: 0px;width:32px;height:32px;margin:0;margin-bottom:5px;margin-right:5px\"><img loading=\"lazy\" decoding=\"async\" alt=\"linkedin\" title=\"Auf Linkedin teilen\" class=\"synved-share-image synved-social-image synved-social-image-share\" width=\"32\" height=\"32\" style=\"display: inline;width:32px;height:32px;margin: 0;padding: 0;border: none;box-shadow: none\" src=\"https:\/\/ferne-welten.com\/wp-content\/plugins\/social-media-feather\/synved-social\/addons\/extra-icons\/image\/social\/circle\/64x64\/linkedin.png\" \/><\/a><a class=\"synved-social-button synved-social-button-share synved-social-size-32 synved-social-resolution-single synved-social-provider-tumblr nolightbox\" data-provider=\"tumblr\" target=\"_blank\" rel=\"nofollow\" title=\"\u00dcber Tumblr teilen\" href=\"https:\/\/tumblr.com\/share?s=&#038;v=3&#038;t=Zeltlager%20der%20Verschw%C3%B6rungsfreunde&#038;u=https%3A%2F%2Fferne-welten.com%2Findex.php%3Frest_route%3D%252Fwp%252Fv2%252Fposts%252F1372\" style=\"font-size: 0px;width:32px;height:32px;margin:0;margin-bottom:5px;margin-right:5px\"><img loading=\"lazy\" decoding=\"async\" alt=\"tumblr\" title=\"\u00dcber Tumblr teilen\" class=\"synved-share-image synved-social-image synved-social-image-share\" width=\"32\" height=\"32\" style=\"display: inline;width:32px;height:32px;margin: 0;padding: 0;border: none;box-shadow: none\" src=\"https:\/\/ferne-welten.com\/wp-content\/plugins\/social-media-feather\/synved-social\/addons\/extra-icons\/image\/social\/circle\/64x64\/tumblr.png\" \/><\/a><a class=\"synved-social-button synved-social-button-share synved-social-size-32 synved-social-resolution-single synved-social-provider-mail nolightbox\" data-provider=\"mail\" rel=\"nofollow\" title=\"Link per Mail weiterleiten\" href=\"mailto:?subject=Zeltlager%20der%20Verschw%C3%B6rungsfreunde&#038;body=Hey%20check%20this%20out:%20https%3A%2F%2Fferne-welten.com%2Findex.php%3Frest_route%3D%252Fwp%252Fv2%252Fposts%252F1372\" style=\"font-size: 0px;width:32px;height:32px;margin:0;margin-bottom:5px\"><img loading=\"lazy\" decoding=\"async\" alt=\"mail\" title=\"Link per Mail weiterleiten\" class=\"synved-share-image synved-social-image synved-social-image-share\" width=\"32\" height=\"32\" style=\"display: inline;width:32px;height:32px;margin: 0;padding: 0;border: none;box-shadow: none\" src=\"https:\/\/ferne-welten.com\/wp-content\/plugins\/social-media-feather\/synved-social\/addons\/extra-icons\/image\/social\/circle\/64x64\/mail.png\" \/><\/a>","protected":false},"excerpt":{"rendered":"<p>Einmal im Jahr l\u00e4dt der Betreiber der Internetseite\u00a0\u201eInfokrieger-News\u201c\u00a0zum Zeltlager ein: Dort kommen er und seinesgleichen zum Verschw\u00f6rungstelldichein zusammen. Das\u00a0\u201eTruthcamp\u201c\u00a02011, das wie im vergangenen Jahr in V\u00f6lpke (Niedersachsen) stattfinden soll, ist ein mehr oder weniger internes Treffen der Verschw\u00f6rungsgl\u00e4ubigen.<\/p>\n","protected":false},"author":1,"featured_media":0,"comment_status":"open","ping_status":"open","sticky":false,"template":"","format":"standard","meta":{"footnotes":""},"categories":[79],"tags":[217,229,230,558,559,232],"class_list":["post-1372","post","type-post","status-publish","format-standard","hentry","category-mythen","tag-bandbreite","tag-infokrieger-news","tag-jens-blecker","tag-killez-more","tag-truthcamp","tag-voelpke"],"_links":{"self":[{"href":"https:\/\/ferne-welten.com\/index.php?rest_route=\/wp\/v2\/posts\/1372","targetHints":{"allow":["GET"]}}],"collection":[{"href":"https:\/\/ferne-welten.com\/index.php?rest_route=\/wp\/v2\/posts"}],"about":[{"href":"https:\/\/ferne-welten.com\/index.php?rest_route=\/wp\/v2\/types\/post"}],"author":[{"embeddable":true,"href":"https:\/\/ferne-welten.com\/index.php?rest_route=\/wp\/v2\/users\/1"}],"replies":[{"embeddable":true,"href":"https:\/\/ferne-welten.com\/index.php?rest_route=%2Fwp%2Fv2%2Fcomments&post=1372"}],"version-history":[{"count":1,"href":"https:\/\/ferne-welten.com\/index.php?rest_route=\/wp\/v2\/posts\/1372\/revisions"}],"predecessor-version":[{"id":1373,"href":"https:\/\/ferne-welten.com\/index.php?rest_route=\/wp\/v2\/posts\/1372\/revisions\/1373"}],"wp:attachment":[{"href":"https:\/\/ferne-welten.com\/index.php?rest_route=%2Fwp%2Fv2%2Fmedia&parent=1372"}],"wp:term":[{"taxonomy":"category","embeddable":true,"href":"https:\/\/ferne-welten.com\/index.php?rest_route=%2Fwp%2Fv2%2Fcategories&post=1372"},{"taxonomy":"post_tag","embeddable":true,"href":"https:\/\/ferne-welten.com\/index.php?rest_route=%2Fwp%2Fv2%2Ftags&post=1372"}],"curies":[{"name":"wp","href":"https:\/\/api.w.org\/{rel}","templated":true}]}}