{"id":1374,"date":"2011-06-17T11:39:30","date_gmt":"2011-06-17T10:39:30","guid":{"rendered":"http:\/\/ferne-welten.com\/?p=1374"},"modified":"2017-04-30T11:40:27","modified_gmt":"2017-04-30T10:40:27","slug":"antifa-contra-bandbreite","status":"publish","type":"post","link":"https:\/\/ferne-welten.com\/?p=1374","title":{"rendered":"Antifa contra Bandbreite"},"content":{"rendered":"<div class=\"content\">\n<p style=\"text-align: justify;\">Das\u00a0<a href=\"http:\/\/dab.nadir.org\/\">Dortmunder Antifa B\u00fcndnis\u00a0<\/a>wendet sich mit einem Offenen Brief an die Deutsche Kommunistische Partei (DKP). Auf\u00a0deren UZ-Pressefest, das vom 24. bis 26. Juni 2011 in Dortmund stattfinden wird, soll die verschw\u00f6rungsideologische Band\u00a0\u201eDie Bandbreite\u201c\u00a0auftreten. Ein Umstand, den die Antifaschist_innen aus guten Gr\u00fcnden kritisieren.<\/p>\n<p style=\"text-align: justify;\"><!--more--><\/p>\n<p style=\"text-align: justify;\">Zuletzt war die Band unter anderem zu Pfingsten unterwegs.\u00a0\u201eDie Bandbreite\u201c\u00a0verschlug es nach St. Moritz. Dort trat die Band\u00a0auf einer Veranstaltung\u00a0auf, die vom Jugendverband der rechtspopulistischen Schweizer Volkspartei (SVP) unterst\u00fctzt wurde. Sie lieferte den\u00a0musikalischen Rahmen\u00a0f\u00fcr die Vortr\u00e4ge der Schweizer Nationalr\u00e4te Pir\u00admin Schwan\u00adder und Lukas Rei\u00admann (beide SVP). Letzterer wirbt mit der Forderung: \u201eUnsere Schweiz mu\u00df schweizerisch bleiben.\u201c<\/p>\n<p style=\"text-align: justify;\">Auch dieser Umstand des gemeinsamen Auftritts mit den Rechtspopulisten der Schweizer Volkspartei wird in dem Offenen Brief des Dortmunder Antifa B\u00fcndnis erw\u00e4hnt. Dort hei\u00dft es weiter:<\/p>\n<blockquote><p>Die SVP fiel im letzten Wahlkampf mit rassistischen Wahlplakaten auf, die zur Ausgrenzung und Abschiebung von Ausl\u00e4nder_innen aus der Schweiz aufriefen. Auch eine Volksabstimmung \u00fcber das Verbot von Minaretten an Moscheen geht auf die Initiative dieser Partei zur\u00fcck. In Deutschland findet sie haupts\u00e4chlich bei PRO NRW und anderen Rechtspopulist_innen, sowie bei den Neonazis der NPD, die ein Wahlplakat der SVP nahezu unver\u00e4ndert \u00fcbernommen haben, Beifall.<\/p><\/blockquote>\n<p style=\"text-align: justify;\">Das antifaschistische B\u00fcndnis fordert die Deutsche Kommunistische Partei und die Organisator_innen des Pressefestes aber nicht nur aufgrund dieses Auftritts auf, der\u00a0\u201eBandbreite\u201c\u00a0keine B\u00fchne zu geben. Sie haben au\u00dferdem einige Texte analysiert.<\/p>\n<p style=\"text-align: justify;\">Es seien\u00a0\u201esexistische, antisemitische und NS-relativierende Songtexte\u201c,\u00a0schreibt das B\u00fcndnis:<\/p>\n<blockquote><p>Wir fordern daher, dass ihnen auf dem UZ-Pressefest keine M\u00f6glichkeit gegeben wird, ihre antiaufkl\u00e4rerischen Inhalte und Verschw\u00f6rungstheorien zu verbreiten.<\/p><\/blockquote>\n<p style=\"text-align: justify;\">Ob die Deutsche Kommunistische Partei diese Kritik ber\u00fccksichtigen wird, bleibt allerdings fraglich. In deren Wochenzeitung\u00a0\u201eUnsere Zeit\u201c\u00a0fand sich, fast zeitgleich mit dem Auftritt in St. Moritz, ein\u00a0ausf\u00fchrliches Interview\u00a0mit der Band, in dem sich diese in ein denkbar gutes Licht r\u00fcckte. Der gemeinsame Auftritt mit den Rechtspopulisten in der Schweiz wurde wohl auch daher verschwiegen.<\/p>\n<\/div>\n<a class=\"synved-social-button synved-social-button-share synved-social-size-32 synved-social-resolution-single synved-social-provider-facebook nolightbox\" data-provider=\"facebook\" target=\"_blank\" rel=\"nofollow\" title=\"Auf Facebook teilen\" href=\"https:\/\/www.facebook.com\/sharer.php?u=https%3A%2F%2Fferne-welten.com%2Findex.php%3Frest_route%3D%252Fwp%252Fv2%252Fposts%252F1374&#038;t=Antifa%20contra%20Bandbreite&#038;s=100&#038;p&#091;url&#093;=https%3A%2F%2Fferne-welten.com%2Findex.php%3Frest_route%3D%252Fwp%252Fv2%252Fposts%252F1374&#038;p&#091;images&#093;&#091;0&#093;=&#038;p&#091;title&#093;=Antifa%20contra%20Bandbreite\" style=\"font-size: 0px;width:32px;height:32px;margin:0;margin-bottom:5px;margin-right:5px\"><img loading=\"lazy\" decoding=\"async\" alt=\"Facebook\" title=\"Auf Facebook teilen\" class=\"synved-share-image synved-social-image synved-social-image-share\" width=\"32\" height=\"32\" style=\"display: inline;width:32px;height:32px;margin: 0;padding: 0;border: none;box-shadow: none\" src=\"https:\/\/ferne-welten.com\/wp-content\/plugins\/social-media-feather\/synved-social\/addons\/extra-icons\/image\/social\/circle\/64x64\/facebook.png\" \/><\/a><a class=\"synved-social-button synved-social-button-share synved-social-size-32 synved-social-resolution-single synved-social-provider-twitter nolightbox\" data-provider=\"twitter\" target=\"_blank\" rel=\"nofollow\" title=\"Auf Twitter teilen\" href=\"https:\/\/twitter.com\/intent\/tweet?url=https%3A%2F%2Fferne-welten.com%2Findex.php%3Frest_route%3D%252Fwp%252Fv2%252Fposts%252F1374&#038;text=Hey%20check%20this%20out\" style=\"font-size: 0px;width:32px;height:32px;margin:0;margin-bottom:5px;margin-right:5px\"><img loading=\"lazy\" decoding=\"async\" alt=\"twitter\" title=\"Auf Twitter teilen\" class=\"synved-share-image synved-social-image synved-social-image-share\" width=\"32\" height=\"32\" style=\"display: inline;width:32px;height:32px;margin: 0;padding: 0;border: none;box-shadow: none\" src=\"https:\/\/ferne-welten.com\/wp-content\/plugins\/social-media-feather\/synved-social\/addons\/extra-icons\/image\/social\/circle\/64x64\/twitter.png\" \/><\/a><a class=\"synved-social-button synved-social-button-share synved-social-size-32 synved-social-resolution-single synved-social-provider-reddit nolightbox\" data-provider=\"reddit\" target=\"_blank\" rel=\"nofollow\" title=\"Auf Reddit teilen\" href=\"https:\/\/www.reddit.com\/submit?url=https%3A%2F%2Fferne-welten.com%2Findex.php%3Frest_route%3D%252Fwp%252Fv2%252Fposts%252F1374&#038;title=Antifa%20contra%20Bandbreite\" style=\"font-size: 0px;width:32px;height:32px;margin:0;margin-bottom:5px;margin-right:5px\"><img loading=\"lazy\" decoding=\"async\" alt=\"reddit\" title=\"Auf Reddit teilen\" class=\"synved-share-image synved-social-image synved-social-image-share\" width=\"32\" height=\"32\" style=\"display: inline;width:32px;height:32px;margin: 0;padding: 0;border: none;box-shadow: none\" src=\"https:\/\/ferne-welten.com\/wp-content\/plugins\/social-media-feather\/synved-social\/addons\/extra-icons\/image\/social\/circle\/64x64\/reddit.png\" \/><\/a><a class=\"synved-social-button synved-social-button-share synved-social-size-32 synved-social-resolution-single synved-social-provider-pinterest nolightbox\" data-provider=\"pinterest\" target=\"_blank\" rel=\"nofollow\" title=\"Auf Pinterest pinnen\" href=\"https:\/\/pinterest.com\/pin\/create\/button\/?url=https%3A%2F%2Fferne-welten.com%2Findex.php%3Frest_route%3D%252Fwp%252Fv2%252Fposts%252F1374&#038;media=&#038;description=Antifa%20contra%20Bandbreite\" style=\"font-size: 0px;width:32px;height:32px;margin:0;margin-bottom:5px;margin-right:5px\"><img loading=\"lazy\" decoding=\"async\" alt=\"pinterest\" title=\"Auf Pinterest pinnen\" class=\"synved-share-image synved-social-image synved-social-image-share\" width=\"32\" height=\"32\" style=\"display: inline;width:32px;height:32px;margin: 0;padding: 0;border: none;box-shadow: none\" src=\"https:\/\/ferne-welten.com\/wp-content\/plugins\/social-media-feather\/synved-social\/addons\/extra-icons\/image\/social\/circle\/64x64\/pinterest.png\" \/><\/a><a class=\"synved-social-button synved-social-button-share synved-social-size-32 synved-social-resolution-single synved-social-provider-linkedin nolightbox\" data-provider=\"linkedin\" target=\"_blank\" rel=\"nofollow\" title=\"Auf Linkedin teilen\" href=\"https:\/\/www.linkedin.com\/shareArticle?mini=true&#038;url=https%3A%2F%2Fferne-welten.com%2Findex.php%3Frest_route%3D%252Fwp%252Fv2%252Fposts%252F1374&#038;title=Antifa%20contra%20Bandbreite\" style=\"font-size: 0px;width:32px;height:32px;margin:0;margin-bottom:5px;margin-right:5px\"><img loading=\"lazy\" decoding=\"async\" alt=\"linkedin\" title=\"Auf Linkedin teilen\" class=\"synved-share-image synved-social-image synved-social-image-share\" width=\"32\" height=\"32\" style=\"display: inline;width:32px;height:32px;margin: 0;padding: 0;border: none;box-shadow: none\" src=\"https:\/\/ferne-welten.com\/wp-content\/plugins\/social-media-feather\/synved-social\/addons\/extra-icons\/image\/social\/circle\/64x64\/linkedin.png\" \/><\/a><a class=\"synved-social-button synved-social-button-share synved-social-size-32 synved-social-resolution-single synved-social-provider-tumblr nolightbox\" data-provider=\"tumblr\" target=\"_blank\" rel=\"nofollow\" title=\"\u00dcber Tumblr teilen\" href=\"https:\/\/tumblr.com\/share?s=&#038;v=3&#038;t=Antifa%20contra%20Bandbreite&#038;u=https%3A%2F%2Fferne-welten.com%2Findex.php%3Frest_route%3D%252Fwp%252Fv2%252Fposts%252F1374\" style=\"font-size: 0px;width:32px;height:32px;margin:0;margin-bottom:5px;margin-right:5px\"><img loading=\"lazy\" decoding=\"async\" alt=\"tumblr\" title=\"\u00dcber Tumblr teilen\" class=\"synved-share-image synved-social-image synved-social-image-share\" width=\"32\" height=\"32\" style=\"display: inline;width:32px;height:32px;margin: 0;padding: 0;border: none;box-shadow: none\" src=\"https:\/\/ferne-welten.com\/wp-content\/plugins\/social-media-feather\/synved-social\/addons\/extra-icons\/image\/social\/circle\/64x64\/tumblr.png\" \/><\/a><a class=\"synved-social-button synved-social-button-share synved-social-size-32 synved-social-resolution-single synved-social-provider-mail nolightbox\" data-provider=\"mail\" rel=\"nofollow\" title=\"Link per Mail weiterleiten\" href=\"mailto:?subject=Antifa%20contra%20Bandbreite&#038;body=Hey%20check%20this%20out:%20https%3A%2F%2Fferne-welten.com%2Findex.php%3Frest_route%3D%252Fwp%252Fv2%252Fposts%252F1374\" style=\"font-size: 0px;width:32px;height:32px;margin:0;margin-bottom:5px\"><img loading=\"lazy\" decoding=\"async\" alt=\"mail\" title=\"Link per Mail weiterleiten\" class=\"synved-share-image synved-social-image synved-social-image-share\" width=\"32\" height=\"32\" style=\"display: inline;width:32px;height:32px;margin: 0;padding: 0;border: none;box-shadow: none\" src=\"https:\/\/ferne-welten.com\/wp-content\/plugins\/social-media-feather\/synved-social\/addons\/extra-icons\/image\/social\/circle\/64x64\/mail.png\" \/><\/a>","protected":false},"excerpt":{"rendered":"<p>Das\u00a0Dortmunder Antifa B\u00fcndnis\u00a0wendet sich mit einem Offenen Brief an die Deutsche Kommunistische Partei (DKP). Auf\u00a0deren UZ-Pressefest, das vom 24. bis 26. Juni 2011 in Dortmund stattfinden wird, soll die verschw\u00f6rungsideologische Band\u00a0\u201eDie Bandbreite\u201c\u00a0auftreten. Ein Umstand, den die Antifaschist_innen aus guten Gr\u00fcnden&#8230;<br \/><a class=\"read-more-button\" href=\"https:\/\/ferne-welten.com\/?p=1374\">Read more<\/a><\/p>\n","protected":false},"author":1,"featured_media":0,"comment_status":"open","ping_status":"open","sticky":false,"template":"","format":"standard","meta":{"footnotes":""},"categories":[79],"tags":[217,555,553],"class_list":["post-1374","post","type-post","status-publish","format-standard","hentry","category-mythen","tag-bandbreite","tag-dortmund","tag-uz-pressefest"],"_links":{"self":[{"href":"https:\/\/ferne-welten.com\/index.php?rest_route=\/wp\/v2\/posts\/1374","targetHints":{"allow":["GET"]}}],"collection":[{"href":"https:\/\/ferne-welten.com\/index.php?rest_route=\/wp\/v2\/posts"}],"about":[{"href":"https:\/\/ferne-welten.com\/index.php?rest_route=\/wp\/v2\/types\/post"}],"author":[{"embeddable":true,"href":"https:\/\/ferne-welten.com\/index.php?rest_route=\/wp\/v2\/users\/1"}],"replies":[{"embeddable":true,"href":"https:\/\/ferne-welten.com\/index.php?rest_route=%2Fwp%2Fv2%2Fcomments&post=1374"}],"version-history":[{"count":1,"href":"https:\/\/ferne-welten.com\/index.php?rest_route=\/wp\/v2\/posts\/1374\/revisions"}],"predecessor-version":[{"id":1375,"href":"https:\/\/ferne-welten.com\/index.php?rest_route=\/wp\/v2\/posts\/1374\/revisions\/1375"}],"wp:attachment":[{"href":"https:\/\/ferne-welten.com\/index.php?rest_route=%2Fwp%2Fv2%2Fmedia&parent=1374"}],"wp:term":[{"taxonomy":"category","embeddable":true,"href":"https:\/\/ferne-welten.com\/index.php?rest_route=%2Fwp%2Fv2%2Fcategories&post=1374"},{"taxonomy":"post_tag","embeddable":true,"href":"https:\/\/ferne-welten.com\/index.php?rest_route=%2Fwp%2Fv2%2Ftags&post=1374"}],"curies":[{"name":"wp","href":"https:\/\/api.w.org\/{rel}","templated":true}]}}