{"id":1380,"date":"2011-06-11T11:44:30","date_gmt":"2011-06-11T10:44:30","guid":{"rendered":"http:\/\/ferne-welten.com\/?p=1380"},"modified":"2017-04-30T11:48:25","modified_gmt":"2017-04-30T10:48:25","slug":"party-der-anti-bilderberger","status":"publish","type":"post","link":"https:\/\/ferne-welten.com\/?p=1380","title":{"rendered":"Party der Anti-Bilderberger"},"content":{"rendered":"<p style=\"text-align: justify;\">Zwischen dem 8. und 12. Juni 2011 findet die so genannte Bilderberg-Konferenz im schweizerischen St. Moritz statt. Hinter der Konferenz steht ein loser Zusammenschluss, der einmal im Jahr zum Treffen l\u00e4dt. Hier kommen ehemalige und aktive politische Entscheidungstr\u00e4ger sowie Wirtschafts- und Medienvertreter zu einem Gedankenaustausch zusammen. Henry Kissinger, Angela Merkel und Josef Ackermann haben in der Vergangenheit an den Konferenzen teilgenommen. Da \u00fcber die Inhalte der Treffen Stillschweigen bewahrt wird, ranken sich um die Bilderberg-Konferenzen zahlreiche Verschw\u00f6rungstheorien.<\/p>\n<p style=\"text-align: justify;\"><!--more--><\/p>\n<p style=\"text-align: justify;\">So wird dem Treffen und seinen Teilnehmern beispielsweise nachgesagt, dass sie eine\u00a0\u201eNeue Weltordnung\u201c\u00a0planen w\u00fcrden. Die Teilnehmer seien Teil einer geheimen Elite, die w\u00e4hrend der Konferenz die Geschehnisse der Welt steuern w\u00fcrden. Verschiedene Verschw\u00f6rungsideologen versuchen anhand der Konferenz die angebliche Existenz einer Weltregierung zu belegen. Sie haben so ihren eigenen\u00a0Bilderberg-Mythos\u00a0geschaffen, mit dem sie die Verkl\u00e4rung der Realit\u00e4t betreiben.<\/p>\n<p style=\"text-align: justify;\">Da ist es kein Wunder, dass die Anh\u00e4nger der kruden Verschw\u00f6rungstheorien w\u00e4hrend der Bilderberg-Konferenz ebenfalls in der Schweiz zusammenkommen, um gegen\u00a0\u201ediesen elit\u00e4ren Klub\u201c\u00a0vorzugehen. Die angek\u00fcndigten Proteste gegen das Treffen von etwa 130 G\u00e4sten aus Politik, Industrie und Medien werden unter anderem \u00fcber den\u00a0verschw\u00f6rungsideologischen Blog\u00a0\u201eAlles Schall und Rauch\u201c\u00a0organisiert:<\/p>\n<blockquote><p>\u00a0Noch besser, sie sollen nach Guantanamo gehen, dort k\u00f6nnen sie sich ungest\u00f6rt treffen.<\/p><\/blockquote>\n<p style=\"text-align: justify;\">Das fordert der\u00a0Betreiber Manfred Petritsch auf dieser Internetseite, die auch dazu dient, die Proteste gegen das Treffen zu koordinieren.\u00a0Die Internetseite\u00a0\u201eAlles Schall und Rauch\u201c, auf der ansonsten im verschw\u00f6rungstheoretischen Jargon \u00fcber die\u00a0\u201eMondlandungsl\u00fcge\u201c, die\u00a0\u201eImpfl\u00fcge\u201c\u00a0oder die\u00a0\u201eKlimal\u00fcge\u201c\u00a0berichtet wird, stellt Flugbl\u00e4tter \u00fcber die Bilderberg-Konferenz zum Download bereit. Au\u00dferdem wird ein Treffen beworben, auf dem rechtskonservative Politiker sowie Verschw\u00f6rungsideologen und Verschw\u00f6rungsrapper auftreten sollen, die der Protest gegen die Konferenz der Bilderberger geeint hat.<\/p>\n<p style=\"text-align: justify;\">Auf einem dieser\u00a0angebotenen Flugbl\u00e4tter\u00a0rekurrieren die Verschw\u00f6rungsfans unter anderem auf\u00a0die \u201eAmerican Free Press\u201c, deren Aktivsten ebenfalls zu den Gegenveranstaltungen erwartet werden. Hierbei handelt es sich um ein rechtes, antisemitisches Magazin, in dem Werbeanzeigen des\u00a0\u201eKlu Klux Klan\u201c\u00a0zu finden sind. Auf der Internetseite der Gruppe findet sich auch Werbung f\u00fcr Pete Peters\u00a0\u201eScriptures for America and Kingdom Identity Ministries\u201c, f\u00fcr den Juden die\u00a0\u201eKinder Satans\u201c\u00a0darstellen. Die Internetseite dieser antisemitischen Gruppierung findet sich auch auf dem Flugblatt der Anti-Bilderberger, die mit derartigen Unappetitlichkeiten kein Problem zu haben scheinen.<\/p>\n<p style=\"text-align: justify;\">Neben diesen antisemitischen Verschw\u00f6rungsfreaks werden die \u00fcblichen Verd\u00e4chtigen angek\u00fcndigt: So hat die\u00a0Band\u00a0\u201eDie Bandbreite\u201c\u00a0ihre Teilnahme zugesagt. Die Band, die ansonsten auch auf linken Veranstaltungen\u00a0wie dem UZ-Pressefest der Deutschen Kommunistischen Partei (DKP)\u00a0ihre verschw\u00f6rungsideologischen Texte verbreitet, soll auf einer Konferenz der Anti-Bilderberger auftreten, einer\u00a0\u201eAnti-NWO-Party\u201c, die am 10. Juni im Hotel Randolins in St. Moritz stattfinden soll. Dieses Gegentreffen, das unter dem Motto\u00a0\u201eDie Bilderberger und ihr Einfluss\u201c\u00a0steht, wird vom Verschw\u00f6rungsblog\u00a0\u201eAlles Schall und Rauch\u201c\u00a0und der\u00a0<a href=\"http:\/\/de.wikipedia.org\/wiki\/Junge_SVP\">Jungen SVP<\/a>\u00a0unterst\u00fctzt, als Organisator tritt die Verschw\u00f6rungsplattform\u00a0\u201eInfo8\u201c\u00a0in Erscheinung.<\/p>\n<p style=\"text-align: justify;\">Der Jugendverband der rechtspopulistischen Schweizer Volkspartei (SVP) nutzt das Treffen der Bilderberger, um sich f\u00fcr den schweizerischen Nationalstaat stark zu machen, den er durch die Konferenz gef\u00e4hrdet sieht. Unterst\u00fctzt wird dieses Treffen durch den Schweizer Nationalrat\u00a0<a href=\"http:\/\/de.wikipedia.org\/wiki\/Pirmin_Schwander\">Pirmin Schwander\u00a0<\/a>(SVP), einem Politiker, der sich in der Vergangenheit unter anderem f\u00fcr eine restriktive Migrationspolitik aussprach. Au\u00dferdem soll der Abgeordnete\u00a0<a href=\"http:\/\/de.wikipedia.org\/wiki\/Lukas_Reimann\">Lukas Reimann<\/a>\u00a0(SVP) auftreten. Reimann sprach sich unter anderem gegen die \u00d6ffnung der Schweizer Universit\u00e4ten f\u00fcr ausl\u00e4ndische Studierende aus und engagierte sich f\u00fcr\u00a0\u201ebew\u00e4hrte Werte\u201c.\u00a0\u201eUnser Land muss schweizerisch bleiben\u201c, lautet ein Wahlspruch des Rechtspopulisten, der sich nun durch die Konferenz der Bilderberger bedroht f\u00fchlt.\u00a0\u201eIch bin dagegen, wenn eine Handvoll Leute versucht, das Weltgeschehen zu lenken\u201c, wird der SVP-Nationalrat von der Internetseite\u00a0\u201eAlles Schall und Rauch\u201c\u00a0zitiert.<\/p>\n<p style=\"text-align: justify;\">Auch andere Nationalr\u00e4te der Schweizer Volkspartei (SVP) protestieren gegen die Bilderberg-Konferenz. Nationalrat\u00a0<a href=\"http:\/\/www.woz.ch\/artikel\/rss\/18705.html\">Dominique Baettig<\/a>\u00a0will in dem Treffen ebenfalls\u00a0\u201eeine Bedrohung f\u00fcr die Schweiz\u201c\u00a0ausgemacht haben. Er behauptet, dass eine\u00a0\u201eglobale Elite von Bankiers, Industriellen, Diplomaten\u201c\u00a0mit diesem Treffen die\u00a0\u201eRichtlinien der wirtschaftlichen Globalisierung koordinieren, organisieren und strukturieren\u201c\u00a0w\u00fcrde. Die Folge des Treffen seien unter anderem\u00a0\u201eGeschlechtsumwandlungen\u201c\u00a0und die\u00a0\u201eVerwischung der Grenzen zwischen Lebewesen\u201c, schrieb der Nationalrat in einem Offenen Brief an die Bundesr\u00e4tin Simonetta Sommaruga, die f\u00fcr Polizei und Justiz zust\u00e4ndig ist. Au\u00dferdem forderte der Nationalrat den B\u00fcndner Regierungsrat \u2013 zur Freude verschiedener Verschw\u00f6rungstheoretiker \u2013 dazu auf, dass dieser\u00a0\u201egewisse Bilderberger und wenigstens die Herren Bush, Kissinger, Cheney, Perle\u201c\u00a0bei der Einreise in die Schweiz verhaften und\u00a0\u201everschiedenen Gerichten\u201c\u00a0\u00fcberstellen sollte.<\/p>\n<p style=\"text-align: justify;\">Im Interview f\u00fcr\u00a0\u201eAlles Schall und Rauch\u201c beklagte sich der Nationalrat ebenfalls \u00fcber das Bilderberg-Treffen.\u00a0\u201eWenigstens ein Politiker der Mut hat und aufrichtig ist\u201c, lautete das anschlie\u00dfende Urteil des Verschw\u00f6rungsblogs.<\/p>\n<p style=\"text-align: justify;\">Bei solchen \u00dcberschneidungen sollte es auch nicht verwundern, dass Manfred Petritsch, der Betreiber der verschw\u00f6rungsideologischen Internetseite\u00a0\u201eAlles Schall und Rauch\u201c, neben den Nationalr\u00e4ten der Schweizer Volkspartei, Pirmin Schwander und Lukas Reimann, als Referent f\u00fcr das Treffen der Verschw\u00f6rungsideologen und Rechtspopulisten benannt wird. Petritsch soll dort \u00fcber die angeblichen\u00a0\u201eZiele der Bilderberg-Gruppe\u201c\u00a0berichten.<\/p>\n<blockquote><p>Es ist nicht zu leugnen, dass die Ziele der Bilderberger eines Grosseuropas, dass der Nationalsozialisten sehr \u00e4hnlich sieht, und es ist tats\u00e4chlich so, dass es sich um eine Vereinigung von Faschisten handelt, unter der F\u00fchrung der Oberglobalisten David Rockefeller und Henry Kissinger.<\/p><\/blockquote>\n<p style=\"text-align: justify;\">So hetzt Petritsch an anderer Stelle.\u00a0Nun m\u00f6chte der Verschw\u00f6rungstheoretiker Petritsch, unter anderem mit der Band\u00a0\u201eDie Bandbreite\u201c\u00a0und den Nationalr\u00e4ten der rechtspopulistischen Schweizer Volkspartei die\u00a0\u201egr\u00f6sste Anti-NWO-Party aller Zeiten\u201c\u00a0veranstalten.<\/p>\n<p style=\"text-align: justify;\">Die eher harmlose Bilderberg-Konferenz wird also zur Zusammenkunft gar nicht so harmloser Rechtspopulisten, Verschw\u00f6rungsfreaks und ordin\u00e4ren Antisemiten, die ebenfalls zusammenkommen werden, um f\u00fcr die Nationalstaaten und gegen die angebliche\u00a0\u201eNeue Weltordnung\u201c\u00a0die Werbetrommel zu r\u00fchren.<\/p>\n<div id=\"attachment_1383\" style=\"width: 660px\" class=\"wp-caption aligncenter\"><a href=\"http:\/\/ferne-welten.com\/wp-content\/uploads\/2011\/06\/flyer_bilderberger_vorne.jpg\"><img loading=\"lazy\" decoding=\"async\" aria-describedby=\"caption-attachment-1383\" class=\"wp-image-1383 size-full\" src=\"http:\/\/ferne-welten.com\/wp-content\/uploads\/2011\/06\/flyer_bilderberger_vorne.jpg\" alt=\"\" width=\"650\" height=\"922\" srcset=\"https:\/\/ferne-welten.com\/wp-content\/uploads\/2011\/06\/flyer_bilderberger_vorne.jpg 650w, https:\/\/ferne-welten.com\/wp-content\/uploads\/2011\/06\/flyer_bilderberger_vorne-211x300.jpg 211w, https:\/\/ferne-welten.com\/wp-content\/uploads\/2011\/06\/flyer_bilderberger_vorne-282x400.jpg 282w\" sizes=\"auto, (max-width: 650px) 100vw, 650px\" \/><\/a><p id=\"caption-attachment-1383\" class=\"wp-caption-text\">Rechtspopulisten und Polit-Pop-Band bitten zur Party<\/p><\/div>\n<div id=\"attachment_1382\" style=\"width: 667px\" class=\"wp-caption aligncenter\"><a href=\"http:\/\/ferne-welten.com\/wp-content\/uploads\/2011\/06\/flyer_bilderberger_2.jpg\"><img loading=\"lazy\" decoding=\"async\" aria-describedby=\"caption-attachment-1382\" class=\"wp-image-1382 size-full\" src=\"http:\/\/ferne-welten.com\/wp-content\/uploads\/2011\/06\/flyer_bilderberger_2.jpg\" alt=\"\" width=\"657\" height=\"899\" srcset=\"https:\/\/ferne-welten.com\/wp-content\/uploads\/2011\/06\/flyer_bilderberger_2.jpg 657w, https:\/\/ferne-welten.com\/wp-content\/uploads\/2011\/06\/flyer_bilderberger_2-219x300.jpg 219w, https:\/\/ferne-welten.com\/wp-content\/uploads\/2011\/06\/flyer_bilderberger_2-292x400.jpg 292w\" sizes=\"auto, (max-width: 657px) 100vw, 657px\" \/><\/a><p id=\"caption-attachment-1382\" class=\"wp-caption-text\">Mobilisierungsflyer<\/p><\/div>\n<a class=\"synved-social-button synved-social-button-share synved-social-size-32 synved-social-resolution-single synved-social-provider-facebook nolightbox\" data-provider=\"facebook\" target=\"_blank\" rel=\"nofollow\" title=\"Auf Facebook teilen\" href=\"https:\/\/www.facebook.com\/sharer.php?u=https%3A%2F%2Fferne-welten.com%2Findex.php%3Frest_route%3D%252Fwp%252Fv2%252Fposts%252F1380&#038;t=Party%20der%20Anti-Bilderberger&#038;s=100&#038;p&#091;url&#093;=https%3A%2F%2Fferne-welten.com%2Findex.php%3Frest_route%3D%252Fwp%252Fv2%252Fposts%252F1380&#038;p&#091;images&#093;&#091;0&#093;=http%3A%2F%2Fferne-welten.com%2Fwp-content%2Fuploads%2F2011%2F06%2Fflyer_bilderberger_vorne.jpg&#038;p&#091;title&#093;=Party%20der%20Anti-Bilderberger\" style=\"font-size: 0px;width:32px;height:32px;margin:0;margin-bottom:5px;margin-right:5px\"><img loading=\"lazy\" decoding=\"async\" alt=\"Facebook\" title=\"Auf Facebook teilen\" class=\"synved-share-image synved-social-image synved-social-image-share\" width=\"32\" height=\"32\" style=\"display: inline;width:32px;height:32px;margin: 0;padding: 0;border: none;box-shadow: none\" src=\"https:\/\/ferne-welten.com\/wp-content\/plugins\/social-media-feather\/synved-social\/addons\/extra-icons\/image\/social\/circle\/64x64\/facebook.png\" \/><\/a><a class=\"synved-social-button synved-social-button-share synved-social-size-32 synved-social-resolution-single synved-social-provider-twitter nolightbox\" data-provider=\"twitter\" target=\"_blank\" rel=\"nofollow\" title=\"Auf Twitter teilen\" href=\"https:\/\/twitter.com\/intent\/tweet?url=https%3A%2F%2Fferne-welten.com%2Findex.php%3Frest_route%3D%252Fwp%252Fv2%252Fposts%252F1380&#038;text=Hey%20check%20this%20out\" style=\"font-size: 0px;width:32px;height:32px;margin:0;margin-bottom:5px;margin-right:5px\"><img loading=\"lazy\" decoding=\"async\" alt=\"twitter\" title=\"Auf Twitter teilen\" class=\"synved-share-image synved-social-image synved-social-image-share\" width=\"32\" height=\"32\" style=\"display: inline;width:32px;height:32px;margin: 0;padding: 0;border: none;box-shadow: none\" src=\"https:\/\/ferne-welten.com\/wp-content\/plugins\/social-media-feather\/synved-social\/addons\/extra-icons\/image\/social\/circle\/64x64\/twitter.png\" \/><\/a><a class=\"synved-social-button synved-social-button-share synved-social-size-32 synved-social-resolution-single synved-social-provider-reddit nolightbox\" data-provider=\"reddit\" target=\"_blank\" rel=\"nofollow\" title=\"Auf Reddit teilen\" href=\"https:\/\/www.reddit.com\/submit?url=https%3A%2F%2Fferne-welten.com%2Findex.php%3Frest_route%3D%252Fwp%252Fv2%252Fposts%252F1380&#038;title=Party%20der%20Anti-Bilderberger\" style=\"font-size: 0px;width:32px;height:32px;margin:0;margin-bottom:5px;margin-right:5px\"><img loading=\"lazy\" decoding=\"async\" alt=\"reddit\" title=\"Auf Reddit teilen\" class=\"synved-share-image synved-social-image synved-social-image-share\" width=\"32\" height=\"32\" style=\"display: inline;width:32px;height:32px;margin: 0;padding: 0;border: none;box-shadow: none\" src=\"https:\/\/ferne-welten.com\/wp-content\/plugins\/social-media-feather\/synved-social\/addons\/extra-icons\/image\/social\/circle\/64x64\/reddit.png\" \/><\/a><a class=\"synved-social-button synved-social-button-share synved-social-size-32 synved-social-resolution-single synved-social-provider-pinterest nolightbox\" data-provider=\"pinterest\" target=\"_blank\" rel=\"nofollow\" title=\"Auf Pinterest pinnen\" href=\"https:\/\/pinterest.com\/pin\/create\/button\/?url=https%3A%2F%2Fferne-welten.com%2Findex.php%3Frest_route%3D%252Fwp%252Fv2%252Fposts%252F1380&#038;media=http%3A%2F%2Fferne-welten.com%2Fwp-content%2Fuploads%2F2011%2F06%2Fflyer_bilderberger_vorne.jpg&#038;description=Party%20der%20Anti-Bilderberger\" style=\"font-size: 0px;width:32px;height:32px;margin:0;margin-bottom:5px;margin-right:5px\"><img loading=\"lazy\" decoding=\"async\" alt=\"pinterest\" title=\"Auf Pinterest pinnen\" class=\"synved-share-image synved-social-image synved-social-image-share\" width=\"32\" height=\"32\" style=\"display: inline;width:32px;height:32px;margin: 0;padding: 0;border: none;box-shadow: none\" src=\"https:\/\/ferne-welten.com\/wp-content\/plugins\/social-media-feather\/synved-social\/addons\/extra-icons\/image\/social\/circle\/64x64\/pinterest.png\" \/><\/a><a class=\"synved-social-button synved-social-button-share synved-social-size-32 synved-social-resolution-single synved-social-provider-linkedin nolightbox\" data-provider=\"linkedin\" target=\"_blank\" rel=\"nofollow\" title=\"Auf Linkedin teilen\" href=\"https:\/\/www.linkedin.com\/shareArticle?mini=true&#038;url=https%3A%2F%2Fferne-welten.com%2Findex.php%3Frest_route%3D%252Fwp%252Fv2%252Fposts%252F1380&#038;title=Party%20der%20Anti-Bilderberger\" style=\"font-size: 0px;width:32px;height:32px;margin:0;margin-bottom:5px;margin-right:5px\"><img loading=\"lazy\" decoding=\"async\" alt=\"linkedin\" title=\"Auf Linkedin teilen\" class=\"synved-share-image synved-social-image synved-social-image-share\" width=\"32\" height=\"32\" style=\"display: inline;width:32px;height:32px;margin: 0;padding: 0;border: none;box-shadow: none\" src=\"https:\/\/ferne-welten.com\/wp-content\/plugins\/social-media-feather\/synved-social\/addons\/extra-icons\/image\/social\/circle\/64x64\/linkedin.png\" \/><\/a><a class=\"synved-social-button synved-social-button-share synved-social-size-32 synved-social-resolution-single synved-social-provider-tumblr nolightbox\" data-provider=\"tumblr\" target=\"_blank\" rel=\"nofollow\" title=\"\u00dcber Tumblr teilen\" href=\"https:\/\/tumblr.com\/share?s=&#038;v=3&#038;t=Party%20der%20Anti-Bilderberger&#038;u=https%3A%2F%2Fferne-welten.com%2Findex.php%3Frest_route%3D%252Fwp%252Fv2%252Fposts%252F1380\" style=\"font-size: 0px;width:32px;height:32px;margin:0;margin-bottom:5px;margin-right:5px\"><img loading=\"lazy\" decoding=\"async\" alt=\"tumblr\" title=\"\u00dcber Tumblr teilen\" class=\"synved-share-image synved-social-image synved-social-image-share\" width=\"32\" height=\"32\" style=\"display: inline;width:32px;height:32px;margin: 0;padding: 0;border: none;box-shadow: none\" src=\"https:\/\/ferne-welten.com\/wp-content\/plugins\/social-media-feather\/synved-social\/addons\/extra-icons\/image\/social\/circle\/64x64\/tumblr.png\" \/><\/a><a class=\"synved-social-button synved-social-button-share synved-social-size-32 synved-social-resolution-single synved-social-provider-mail nolightbox\" data-provider=\"mail\" rel=\"nofollow\" title=\"Link per Mail weiterleiten\" href=\"mailto:?subject=Party%20der%20Anti-Bilderberger&#038;body=Hey%20check%20this%20out:%20https%3A%2F%2Fferne-welten.com%2Findex.php%3Frest_route%3D%252Fwp%252Fv2%252Fposts%252F1380\" style=\"font-size: 0px;width:32px;height:32px;margin:0;margin-bottom:5px\"><img loading=\"lazy\" decoding=\"async\" alt=\"mail\" title=\"Link per Mail weiterleiten\" class=\"synved-share-image synved-social-image synved-social-image-share\" width=\"32\" height=\"32\" style=\"display: inline;width:32px;height:32px;margin: 0;padding: 0;border: none;box-shadow: none\" src=\"https:\/\/ferne-welten.com\/wp-content\/plugins\/social-media-feather\/synved-social\/addons\/extra-icons\/image\/social\/circle\/64x64\/mail.png\" \/><\/a>","protected":false},"excerpt":{"rendered":"<p>Zwischen dem 8. und 12. Juni 2011 findet die so genannte Bilderberg-Konferenz im schweizerischen St. Moritz statt. Hinter der Konferenz steht ein loser Zusammenschluss, der einmal im Jahr zum Treffen l\u00e4dt. Hier kommen ehemalige und aktive politische Entscheidungstr\u00e4ger sowie Wirtschafts-&#8230;<br \/><a class=\"read-more-button\" href=\"https:\/\/ferne-welten.com\/?p=1380\">Read more<\/a><\/p>\n","protected":false},"author":1,"featured_media":0,"comment_status":"open","ping_status":"open","sticky":false,"template":"","format":"standard","meta":{"footnotes":""},"categories":[79],"tags":[156,189,563,217,412,564,565,566,567,568,569,416],"class_list":["post-1380","post","type-post","status-publish","format-standard","hentry","category-mythen","tag-bilderberger","tag-alles-schall-und-rauch","tag-american-free-press","tag-bandbreite","tag-dominique-baettig","tag-freeman","tag-info8","tag-junge-svp","tag-lukas-reimann","tag-manfred-petritsch","tag-pirmin-schwander","tag-svp"],"_links":{"self":[{"href":"https:\/\/ferne-welten.com\/index.php?rest_route=\/wp\/v2\/posts\/1380","targetHints":{"allow":["GET"]}}],"collection":[{"href":"https:\/\/ferne-welten.com\/index.php?rest_route=\/wp\/v2\/posts"}],"about":[{"href":"https:\/\/ferne-welten.com\/index.php?rest_route=\/wp\/v2\/types\/post"}],"author":[{"embeddable":true,"href":"https:\/\/ferne-welten.com\/index.php?rest_route=\/wp\/v2\/users\/1"}],"replies":[{"embeddable":true,"href":"https:\/\/ferne-welten.com\/index.php?rest_route=%2Fwp%2Fv2%2Fcomments&post=1380"}],"version-history":[{"count":4,"href":"https:\/\/ferne-welten.com\/index.php?rest_route=\/wp\/v2\/posts\/1380\/revisions"}],"predecessor-version":[{"id":1384,"href":"https:\/\/ferne-welten.com\/index.php?rest_route=\/wp\/v2\/posts\/1380\/revisions\/1384"}],"wp:attachment":[{"href":"https:\/\/ferne-welten.com\/index.php?rest_route=%2Fwp%2Fv2%2Fmedia&parent=1380"}],"wp:term":[{"taxonomy":"category","embeddable":true,"href":"https:\/\/ferne-welten.com\/index.php?rest_route=%2Fwp%2Fv2%2Fcategories&post=1380"},{"taxonomy":"post_tag","embeddable":true,"href":"https:\/\/ferne-welten.com\/index.php?rest_route=%2Fwp%2Fv2%2Ftags&post=1380"}],"curies":[{"name":"wp","href":"https:\/\/api.w.org\/{rel}","templated":true}]}}