{"id":1421,"date":"2011-05-06T12:38:09","date_gmt":"2011-05-06T11:38:09","guid":{"rendered":"http:\/\/ferne-welten.com\/?p=1421"},"modified":"2017-04-30T12:39:45","modified_gmt":"2017-04-30T11:39:45","slug":"verschwoerungsfans-vs-antifa","status":"publish","type":"post","link":"https:\/\/ferne-welten.com\/?p=1421","title":{"rendered":"Verschw\u00f6rungsfans vs. Antifa"},"content":{"rendered":"<div class=\"content\">\n<p style=\"text-align: justify;\">Am 1. Mai 2011 durfte die verschw\u00f6rungsideologische Band\u00a0\u201eDie Bandbreite\u201c\u00a0mal wieder auf einem Festival auftreten, das auch vom Deutschen Gewerkschaftsbund (DGB) organisiert wurde. Auf den\u00a0<a href=\"http:\/\/antifarecklinghausen.blogsport.de\/2011\/04\/30\/eine-anmerkung-zum-auftritt-von-die-bandbreite\/\">den Ruhrfestspielen\u00a0<\/a>gab\u00a0die Band ihre reaktion\u00e4ren Texte\u00a0zum Besten. Diesmal kam es zu Protesten durch einige Antifaschist_innen, die den Unmut der\u00a0\u201eBandbreite\u201c-Fans erregten. Die Antifaschist_innen wurden durch die Fans der Band angegriffen.<\/p>\n<p style=\"text-align: justify;\"><!--more--><\/p>\n<blockquote><p>Als die Bandbreite-Gegner_innen von Fans der Combo bemerkt wurden, gingen diese auf die Antifaschist_innen zu. Dann wurde versucht, Transparente und Fahnen zu entwenden, indem sie die Antifaschist_innen k\u00f6rperlich attackierten.<\/p><\/blockquote>\n<p style=\"text-align: justify;\">So beschreibt\u00a0Antifa Recklinghausen die Ereignisse. Die Mitglieder der Band versuchten ihre Fans im Nachhinein als Opfer eines Angriffs zu inszenieren. Auf ihrer\u00a0<a href=\"http:\/\/anonym.to\/?http:\/\/www.facebook.com\/diebandbreite\/posts\/10150223089463162\">Facebook-Seite<\/a>\u00a0schrieb die Band, durch durch ihre Texte ber\u00fchmt und ber\u00fcchtigt ist:<\/p>\n<blockquote><p>Antideutsche gehen gewaltsam in Recklinghausen gegen Bandbreite-Fans vor!<\/p><\/blockquote>\n<p style=\"text-align: justify;\">Die Band\u00a0<a href=\"http:\/\/anonym.to\/?http:\/\/www.facebook.com\/diebandbreite\/posts\/10150223177403162\">k\u00fcndigte\u00a0<\/a>die Ver\u00f6ffentlichung von Bildmaterial an, damit die Angreifer_innen\u00a0\u201eselbst Strafanzeige erstatten\u201c\u00a0k\u00f6nnen. Au\u00dferdem droht die Band weitere Auftritte an: Unter anderem auf\u00a0dem UZ-Pressefest\u00a0der\u00a0Deutschen Kommunistischen Partei\u00a0(DKP), aber auch auf einem verschw\u00f6rungsideologischen Event in Berlin, das am 14. und 15. August stattfinden soll.<\/p>\n<p style=\"text-align: justify;\">Es handelt sich um das\u00a0<a href=\"http:\/\/anonym.to\/?http:\/\/www.wirsinddiekritischemasse.de\/\">\u201eKritische Masse Festival\u201c<\/a>. Dessen ideologische Ausrichtung wird auch durch eine\u00a0<a href=\"http:\/\/twitter.com\/#!\/Kerkerschrei\/status\/47284688024379393\">Twitter-Mitteilung<\/a>\u00a0einer\u00a0Veranstalterin verdeutlicht, die dort Videos \u00fcber angebliche Erdbebenwaffen bewirbt, die sie f\u00fcr die Katastrophe in Japan verantwortlich macht.<\/p>\n<p style=\"text-align: justify;\">W\u00e4hrend die Band auf der einen Seite immer wieder auf\u00a0linken Veranstaltungen\u00a0auftreten darf, spielt sie auf der anderen Seite f\u00fcr reaktion\u00e4re Verschw\u00f6rungstheoretiker_innen, die von geheimen Erdbebenwaffen halluzinieren. Zuletzt unter anderem\u00a0auf dem\u00a0\u201eKongress der unabh\u00e4ngigen Medien\u201c\u00a0des\u00a0Verschw\u00f6rungsideologen Jens Blecker. Dort durfte ebenfalls der rechte Verschw\u00f6rungsideologe Wilhelm Engdahl auftreten, der ansonsten f\u00fcr den esoterischen, verschw\u00f6rungsideologischen\u00a0Kopp-Verlag\u00a0schreibt. Vorher war dieser Theoretiker unter anderem f\u00fcr die antisemitische\u00a0B\u00dcSO\u00a0aktiv.<\/p>\n<p style=\"text-align: justify;\">Es bleibt abzuwarten, wie lange der Band der Spagat zwischen eher linken Gruppen auf der einen Seite und den\u00a0\u201eInfokriegern\u201c\u00a0und\u00a0\u201eTruthern\u201c\u00a0auf der anderen Seite gelingen wird.<\/p>\n<\/div>\n<a class=\"synved-social-button synved-social-button-share synved-social-size-32 synved-social-resolution-single synved-social-provider-facebook nolightbox\" data-provider=\"facebook\" target=\"_blank\" rel=\"nofollow\" title=\"Auf Facebook teilen\" href=\"https:\/\/www.facebook.com\/sharer.php?u=https%3A%2F%2Fferne-welten.com%2Findex.php%3Frest_route%3D%252Fwp%252Fv2%252Fposts%252F1421&#038;t=Verschw%C3%B6rungsfans%20vs.%20Antifa&#038;s=100&#038;p&#091;url&#093;=https%3A%2F%2Fferne-welten.com%2Findex.php%3Frest_route%3D%252Fwp%252Fv2%252Fposts%252F1421&#038;p&#091;images&#093;&#091;0&#093;=&#038;p&#091;title&#093;=Verschw%C3%B6rungsfans%20vs.%20Antifa\" style=\"font-size: 0px;width:32px;height:32px;margin:0;margin-bottom:5px;margin-right:5px\"><img loading=\"lazy\" decoding=\"async\" alt=\"Facebook\" title=\"Auf Facebook teilen\" class=\"synved-share-image synved-social-image synved-social-image-share\" width=\"32\" height=\"32\" style=\"display: inline;width:32px;height:32px;margin: 0;padding: 0;border: none;box-shadow: none\" src=\"https:\/\/ferne-welten.com\/wp-content\/plugins\/social-media-feather\/synved-social\/addons\/extra-icons\/image\/social\/circle\/64x64\/facebook.png\" \/><\/a><a class=\"synved-social-button synved-social-button-share synved-social-size-32 synved-social-resolution-single synved-social-provider-twitter nolightbox\" data-provider=\"twitter\" target=\"_blank\" rel=\"nofollow\" title=\"Auf Twitter teilen\" href=\"https:\/\/twitter.com\/intent\/tweet?url=https%3A%2F%2Fferne-welten.com%2Findex.php%3Frest_route%3D%252Fwp%252Fv2%252Fposts%252F1421&#038;text=Hey%20check%20this%20out\" style=\"font-size: 0px;width:32px;height:32px;margin:0;margin-bottom:5px;margin-right:5px\"><img loading=\"lazy\" decoding=\"async\" alt=\"twitter\" title=\"Auf Twitter teilen\" class=\"synved-share-image synved-social-image synved-social-image-share\" width=\"32\" height=\"32\" style=\"display: inline;width:32px;height:32px;margin: 0;padding: 0;border: none;box-shadow: none\" src=\"https:\/\/ferne-welten.com\/wp-content\/plugins\/social-media-feather\/synved-social\/addons\/extra-icons\/image\/social\/circle\/64x64\/twitter.png\" \/><\/a><a class=\"synved-social-button synved-social-button-share synved-social-size-32 synved-social-resolution-single synved-social-provider-reddit nolightbox\" data-provider=\"reddit\" target=\"_blank\" rel=\"nofollow\" title=\"Auf Reddit teilen\" href=\"https:\/\/www.reddit.com\/submit?url=https%3A%2F%2Fferne-welten.com%2Findex.php%3Frest_route%3D%252Fwp%252Fv2%252Fposts%252F1421&#038;title=Verschw%C3%B6rungsfans%20vs.%20Antifa\" style=\"font-size: 0px;width:32px;height:32px;margin:0;margin-bottom:5px;margin-right:5px\"><img loading=\"lazy\" decoding=\"async\" alt=\"reddit\" title=\"Auf Reddit teilen\" class=\"synved-share-image synved-social-image synved-social-image-share\" width=\"32\" height=\"32\" style=\"display: inline;width:32px;height:32px;margin: 0;padding: 0;border: none;box-shadow: none\" src=\"https:\/\/ferne-welten.com\/wp-content\/plugins\/social-media-feather\/synved-social\/addons\/extra-icons\/image\/social\/circle\/64x64\/reddit.png\" \/><\/a><a class=\"synved-social-button synved-social-button-share synved-social-size-32 synved-social-resolution-single synved-social-provider-pinterest nolightbox\" data-provider=\"pinterest\" target=\"_blank\" rel=\"nofollow\" title=\"Auf Pinterest pinnen\" href=\"https:\/\/pinterest.com\/pin\/create\/button\/?url=https%3A%2F%2Fferne-welten.com%2Findex.php%3Frest_route%3D%252Fwp%252Fv2%252Fposts%252F1421&#038;media=&#038;description=Verschw%C3%B6rungsfans%20vs.%20Antifa\" style=\"font-size: 0px;width:32px;height:32px;margin:0;margin-bottom:5px;margin-right:5px\"><img loading=\"lazy\" decoding=\"async\" alt=\"pinterest\" title=\"Auf Pinterest pinnen\" class=\"synved-share-image synved-social-image synved-social-image-share\" width=\"32\" height=\"32\" style=\"display: inline;width:32px;height:32px;margin: 0;padding: 0;border: none;box-shadow: none\" src=\"https:\/\/ferne-welten.com\/wp-content\/plugins\/social-media-feather\/synved-social\/addons\/extra-icons\/image\/social\/circle\/64x64\/pinterest.png\" \/><\/a><a class=\"synved-social-button synved-social-button-share synved-social-size-32 synved-social-resolution-single synved-social-provider-linkedin nolightbox\" data-provider=\"linkedin\" target=\"_blank\" rel=\"nofollow\" title=\"Auf Linkedin teilen\" href=\"https:\/\/www.linkedin.com\/shareArticle?mini=true&#038;url=https%3A%2F%2Fferne-welten.com%2Findex.php%3Frest_route%3D%252Fwp%252Fv2%252Fposts%252F1421&#038;title=Verschw%C3%B6rungsfans%20vs.%20Antifa\" style=\"font-size: 0px;width:32px;height:32px;margin:0;margin-bottom:5px;margin-right:5px\"><img loading=\"lazy\" decoding=\"async\" alt=\"linkedin\" title=\"Auf Linkedin teilen\" class=\"synved-share-image synved-social-image synved-social-image-share\" width=\"32\" height=\"32\" style=\"display: inline;width:32px;height:32px;margin: 0;padding: 0;border: none;box-shadow: none\" src=\"https:\/\/ferne-welten.com\/wp-content\/plugins\/social-media-feather\/synved-social\/addons\/extra-icons\/image\/social\/circle\/64x64\/linkedin.png\" \/><\/a><a class=\"synved-social-button synved-social-button-share synved-social-size-32 synved-social-resolution-single synved-social-provider-tumblr nolightbox\" data-provider=\"tumblr\" target=\"_blank\" rel=\"nofollow\" title=\"\u00dcber Tumblr teilen\" href=\"https:\/\/tumblr.com\/share?s=&#038;v=3&#038;t=Verschw%C3%B6rungsfans%20vs.%20Antifa&#038;u=https%3A%2F%2Fferne-welten.com%2Findex.php%3Frest_route%3D%252Fwp%252Fv2%252Fposts%252F1421\" style=\"font-size: 0px;width:32px;height:32px;margin:0;margin-bottom:5px;margin-right:5px\"><img loading=\"lazy\" decoding=\"async\" alt=\"tumblr\" title=\"\u00dcber Tumblr teilen\" class=\"synved-share-image synved-social-image synved-social-image-share\" width=\"32\" height=\"32\" style=\"display: inline;width:32px;height:32px;margin: 0;padding: 0;border: none;box-shadow: none\" src=\"https:\/\/ferne-welten.com\/wp-content\/plugins\/social-media-feather\/synved-social\/addons\/extra-icons\/image\/social\/circle\/64x64\/tumblr.png\" \/><\/a><a class=\"synved-social-button synved-social-button-share synved-social-size-32 synved-social-resolution-single synved-social-provider-mail nolightbox\" data-provider=\"mail\" rel=\"nofollow\" title=\"Link per Mail weiterleiten\" href=\"mailto:?subject=Verschw%C3%B6rungsfans%20vs.%20Antifa&#038;body=Hey%20check%20this%20out:%20https%3A%2F%2Fferne-welten.com%2Findex.php%3Frest_route%3D%252Fwp%252Fv2%252Fposts%252F1421\" style=\"font-size: 0px;width:32px;height:32px;margin:0;margin-bottom:5px\"><img loading=\"lazy\" decoding=\"async\" alt=\"mail\" title=\"Link per Mail weiterleiten\" class=\"synved-share-image synved-social-image synved-social-image-share\" width=\"32\" height=\"32\" style=\"display: inline;width:32px;height:32px;margin: 0;padding: 0;border: none;box-shadow: none\" src=\"https:\/\/ferne-welten.com\/wp-content\/plugins\/social-media-feather\/synved-social\/addons\/extra-icons\/image\/social\/circle\/64x64\/mail.png\" \/><\/a>","protected":false},"excerpt":{"rendered":"<p>Am 1. Mai 2011 durfte die verschw\u00f6rungsideologische Band\u00a0\u201eDie Bandbreite\u201c\u00a0mal wieder auf einem Festival auftreten, das auch vom Deutschen Gewerkschaftsbund (DGB) organisiert wurde. Auf den\u00a0den Ruhrfestspielen\u00a0gab\u00a0die Band ihre reaktion\u00e4ren Texte\u00a0zum Besten. Diesmal kam es zu Protesten durch einige Antifaschist_innen, die den&#8230;<br \/><a class=\"read-more-button\" href=\"https:\/\/ferne-welten.com\/?p=1421\">Read more<\/a><\/p>\n","protected":false},"author":1,"featured_media":0,"comment_status":"open","ping_status":"open","sticky":false,"template":"","format":"standard","meta":{"footnotes":""},"categories":[79],"tags":[582,217,581,578,579,580],"class_list":["post-1421","post","type-post","status-publish","format-standard","hentry","category-mythen","tag-antifa","tag-bandbreite","tag-dgb","tag-kritische-masse-festival","tag-recklinghausen","tag-ruhrfestspiele"],"_links":{"self":[{"href":"https:\/\/ferne-welten.com\/index.php?rest_route=\/wp\/v2\/posts\/1421","targetHints":{"allow":["GET"]}}],"collection":[{"href":"https:\/\/ferne-welten.com\/index.php?rest_route=\/wp\/v2\/posts"}],"about":[{"href":"https:\/\/ferne-welten.com\/index.php?rest_route=\/wp\/v2\/types\/post"}],"author":[{"embeddable":true,"href":"https:\/\/ferne-welten.com\/index.php?rest_route=\/wp\/v2\/users\/1"}],"replies":[{"embeddable":true,"href":"https:\/\/ferne-welten.com\/index.php?rest_route=%2Fwp%2Fv2%2Fcomments&post=1421"}],"version-history":[{"count":1,"href":"https:\/\/ferne-welten.com\/index.php?rest_route=\/wp\/v2\/posts\/1421\/revisions"}],"predecessor-version":[{"id":1422,"href":"https:\/\/ferne-welten.com\/index.php?rest_route=\/wp\/v2\/posts\/1421\/revisions\/1422"}],"wp:attachment":[{"href":"https:\/\/ferne-welten.com\/index.php?rest_route=%2Fwp%2Fv2%2Fmedia&parent=1421"}],"wp:term":[{"taxonomy":"category","embeddable":true,"href":"https:\/\/ferne-welten.com\/index.php?rest_route=%2Fwp%2Fv2%2Fcategories&post=1421"},{"taxonomy":"post_tag","embeddable":true,"href":"https:\/\/ferne-welten.com\/index.php?rest_route=%2Fwp%2Fv2%2Ftags&post=1421"}],"curies":[{"name":"wp","href":"https:\/\/api.w.org\/{rel}","templated":true}]}}