{"id":1427,"date":"2011-04-29T12:43:29","date_gmt":"2011-04-29T11:43:29","guid":{"rendered":"http:\/\/ferne-welten.com\/?p=1427"},"modified":"2017-04-30T12:44:47","modified_gmt":"2017-04-30T11:44:47","slug":"der-abgeordnete-und-die-verschwoerungsrapper","status":"publish","type":"post","link":"https:\/\/ferne-welten.com\/?p=1427","title":{"rendered":"Der Abgeordnete und die Verschw\u00f6rungsrapper"},"content":{"rendered":"<p style=\"text-align: justify;\">Die Abgeordneten der Partei\u00a0Die Linke\u00a0praktizieren \u00e4hnliche Rituale wie die Abgeordneten der anderen Parteien. Hier gibt es jedes Jahr einen politischen Aschermittwoch, bei dem die Abgeordneten ihre witzige Seite zeigen sollen. Zum\u00a0\u201epeppigen politischen Aschermittwoch\u201c\u00a0der Linkspartei in Duisburg, die gerade durch ein\u00a0antisemitisches Flugblatt\u00a0auf sich aufmerksam machte, sollte nicht nur der Bundestagsabgeordnete Niema Movassat, sondern auch eine Band f\u00fcr Stimmung sorgen.<\/p>\n<p style=\"text-align: justify;\"><!--more--><\/p>\n<p style=\"text-align: justify;\">Es handelt sich um die\u00a0Verschw\u00f6rungsrapper\u00a0der Band\u00a0\u201eDie Bandbreite\u201c, die kurz darauf auf dem\u00a0\u201eKongress der Unabh\u00e4ngigen Medien\u201c\u00a0\u2013 einer\u00a0Veranstaltung\u00a0der reaktion\u00e4ren\u00a0\u201eInfokrieger\u201c\u00a0\u2013 auftraten. W\u00e4hrend die Band auf der einen Seite mit dem linken Abgeordneten Niema Movassat den politischen Aschermittwoch der Partei in Duisburg beschallte, trat sie auf der anderen Seite \u2013 mit einem \u00e4hnlichen Programm \u2013 auf dem Kongress der\u00a0\u201eInfokrieger\u201c\u00a0auf, die sich die Verkl\u00e4rung der Realit\u00e4t zur Aufgabe gemacht haben.<\/p>\n<p style=\"text-align: justify;\">Dort durfte Wilhelm Engdahl, Autor des reaktion\u00e4ren\u00a0Kopp-Verlags, seine Theorien \u00fcber soziale Revolten, die angeblich von Geheimdiensten initiiert werden, verbreiten. Im\u00a0Kopp-Verlag publiziert auch die Anti-Feministin Eva Herman und andere rechte Koryph\u00e4en. Die Band\u00a0\u201eDie Bandbreite\u201c\u00a0ist in der Vergangenheit auf\u00a0anti-europ\u00e4ischen Veranstaltungen\u00a0des selbsternannten\u00a0\u201eLinksnationalisten\u201c\u00a0J\u00fcrgen Els\u00e4sser aufgetreten, um das Rahmenprogramm zu gestalten. F\u00fcr die eigentlichen inhaltlichen Aussagen war hier unter anderem der englische Rechtspopulist Nigel Farage zust\u00e4ndig.<\/p>\n<p style=\"text-align: justify;\">In den Texten der Band findet sich ein plumper WM-Nationalismus, Verschw\u00f6rungsideologie sowie Sexismus: So hei\u00dft es in dem Lied\u00a0\u201eEingelocht\u201c, in dem zwei M\u00e4nner eine Frau gegen ihren Willen penetrieren:<\/p>\n<blockquote><p>Ne, ne, es tut dir weh, doch wir warten nicht, wo ich doch so selten mal einen har\u00adten krieg.<\/p><\/blockquote>\n<p style=\"text-align: justify;\">Im Video zum Lied\u00a0\u201eJa, watt denn (Weltmeister)\u201c\u00a0sah man die Band in schwarz-rot-goldene Utensilien geh\u00fcllt f\u00fcr die deutsche Nation singen. Im Lied\u00a0\u201eUnter falscher Flagge\u201c\u00a0propagiert\u00a0die Band einschl\u00e4gige Verschw\u00f6rungsideologie: Im Stil der\u00a0\u201eTruther\u201c und \u201eInfokrieger\u201c\u00a0wird eine revisionistische Traditionslinie \u2013 vom Reichtstagsbrand bis zum 11. September 2001 \u2013 gezogen.<\/p>\n<p style=\"text-align: justify;\">Ein Auftritt der Band f\u00fchrte diese in die Schweiz: Dort\u00a0beschallte\u00a0die Band die\u00a0\u201eAnti-Zensur-Konferenz\u201c\u00a0des Sekten-Gurus Ivo Sasek. Solche Auftritte und die inhaltlichen Thesen der Band haben verschiedene Linke, die sich ebenfalls f\u00fcr unwissenschaftliche Verschw\u00f6rungstheorien begeistern, nat\u00fcrlich nicht davon abgehalten, ihre musikalischen Lieblinge auf die B\u00fchne zu bitten. So\u00a0beschallte\u00a0die Band den\u201eLinken Liedersommer\u201c\u00a0oder das\u00a0\u201eFestival des politischen Liedes\u201c. Der \u201eBandbreite\u201c\u00a0gelingt der Spagat sowohl auf linken Veranstaltungen als auch auf anderen Veranstaltungen aufzutreten; ob nun bei\u00a0\u201eTruthern\u201c\u00a0und\u00a0\u201eInfokriegern\u201c, beim\u00a0Nationalisten J\u00fcrgen Els\u00e4sser\u00a0oder auf\u00a0Ballermann-Events.<\/p>\n<p style=\"text-align: justify;\">So geschah es auch am Aschermittwoch der Partei\u00a0\u201eDie Linke\u201c\u00a0in Duisburg. Dem Bundestagsabgeordneten Movassat scheint es\u00a0<a href=\"http:\/\/teilnahmebedingungen.blogsport.de\/2011\/04\/29\/gute-freunde-kann-niemand-trennen\/\">gefallen zu haben<\/a>: Die\u00a0\u201eBand \u201aDie Bandbreite\u2018 war richtig Klasse\u201c,\u00a0<a href=\"http:\/\/twitter.com\/#!\/NiemaMovassat\/statuses\/45600730924580864\">twitterte\u00a0<\/a>der Bundestagsabgeordnete nach der Veranstaltung. Verschiedene Fotos zeigen ihn in trauter Eintracht mit der Band.<\/p>\n<p style=\"text-align: justify;\">Die ist zur Zeit schwer besch\u00e4ftigt. So ist sie nicht nur bei der Partei\u00a0Die Linke\u00a0ein gern gesehener Gast. Auch die Konkurrenz von der\u00a0Deutschen Kommunistischen Partei\u00a0(DKP) und der\u00a0Marxistisch Leninistischen Partei Deutschland\u00a0(MLPD) haben die Verschw\u00f6rungsrapper\u00a0eingeladen. In diesem Milieu gibt es anscheinend kaum Kritik am Verschw\u00f6rungswahn und den anderen Auftritten der Band.<\/p>\n<a class=\"synved-social-button synved-social-button-share synved-social-size-32 synved-social-resolution-single synved-social-provider-facebook nolightbox\" data-provider=\"facebook\" target=\"_blank\" rel=\"nofollow\" title=\"Auf Facebook teilen\" href=\"https:\/\/www.facebook.com\/sharer.php?u=https%3A%2F%2Fferne-welten.com%2Findex.php%3Frest_route%3D%252Fwp%252Fv2%252Fposts%252F1427&#038;t=Der%20Abgeordnete%20und%20die%20Verschw%C3%B6rungsrapper&#038;s=100&#038;p&#091;url&#093;=https%3A%2F%2Fferne-welten.com%2Findex.php%3Frest_route%3D%252Fwp%252Fv2%252Fposts%252F1427&#038;p&#091;images&#093;&#091;0&#093;=&#038;p&#091;title&#093;=Der%20Abgeordnete%20und%20die%20Verschw%C3%B6rungsrapper\" style=\"font-size: 0px;width:32px;height:32px;margin:0;margin-bottom:5px;margin-right:5px\"><img loading=\"lazy\" decoding=\"async\" alt=\"Facebook\" title=\"Auf Facebook teilen\" class=\"synved-share-image synved-social-image synved-social-image-share\" width=\"32\" height=\"32\" style=\"display: inline;width:32px;height:32px;margin: 0;padding: 0;border: none;box-shadow: none\" src=\"https:\/\/ferne-welten.com\/wp-content\/plugins\/social-media-feather\/synved-social\/addons\/extra-icons\/image\/social\/circle\/64x64\/facebook.png\" \/><\/a><a class=\"synved-social-button synved-social-button-share synved-social-size-32 synved-social-resolution-single synved-social-provider-twitter nolightbox\" data-provider=\"twitter\" target=\"_blank\" rel=\"nofollow\" title=\"Auf Twitter teilen\" href=\"https:\/\/twitter.com\/intent\/tweet?url=https%3A%2F%2Fferne-welten.com%2Findex.php%3Frest_route%3D%252Fwp%252Fv2%252Fposts%252F1427&#038;text=Hey%20check%20this%20out\" style=\"font-size: 0px;width:32px;height:32px;margin:0;margin-bottom:5px;margin-right:5px\"><img loading=\"lazy\" decoding=\"async\" alt=\"twitter\" title=\"Auf Twitter teilen\" class=\"synved-share-image synved-social-image synved-social-image-share\" width=\"32\" height=\"32\" style=\"display: inline;width:32px;height:32px;margin: 0;padding: 0;border: none;box-shadow: none\" src=\"https:\/\/ferne-welten.com\/wp-content\/plugins\/social-media-feather\/synved-social\/addons\/extra-icons\/image\/social\/circle\/64x64\/twitter.png\" \/><\/a><a class=\"synved-social-button synved-social-button-share synved-social-size-32 synved-social-resolution-single synved-social-provider-reddit nolightbox\" data-provider=\"reddit\" target=\"_blank\" rel=\"nofollow\" title=\"Auf Reddit teilen\" href=\"https:\/\/www.reddit.com\/submit?url=https%3A%2F%2Fferne-welten.com%2Findex.php%3Frest_route%3D%252Fwp%252Fv2%252Fposts%252F1427&#038;title=Der%20Abgeordnete%20und%20die%20Verschw%C3%B6rungsrapper\" style=\"font-size: 0px;width:32px;height:32px;margin:0;margin-bottom:5px;margin-right:5px\"><img loading=\"lazy\" decoding=\"async\" alt=\"reddit\" title=\"Auf Reddit teilen\" class=\"synved-share-image synved-social-image synved-social-image-share\" width=\"32\" height=\"32\" style=\"display: inline;width:32px;height:32px;margin: 0;padding: 0;border: none;box-shadow: none\" src=\"https:\/\/ferne-welten.com\/wp-content\/plugins\/social-media-feather\/synved-social\/addons\/extra-icons\/image\/social\/circle\/64x64\/reddit.png\" \/><\/a><a class=\"synved-social-button synved-social-button-share synved-social-size-32 synved-social-resolution-single synved-social-provider-pinterest nolightbox\" data-provider=\"pinterest\" target=\"_blank\" rel=\"nofollow\" title=\"Auf Pinterest pinnen\" href=\"https:\/\/pinterest.com\/pin\/create\/button\/?url=https%3A%2F%2Fferne-welten.com%2Findex.php%3Frest_route%3D%252Fwp%252Fv2%252Fposts%252F1427&#038;media=&#038;description=Der%20Abgeordnete%20und%20die%20Verschw%C3%B6rungsrapper\" style=\"font-size: 0px;width:32px;height:32px;margin:0;margin-bottom:5px;margin-right:5px\"><img loading=\"lazy\" decoding=\"async\" alt=\"pinterest\" title=\"Auf Pinterest pinnen\" class=\"synved-share-image synved-social-image synved-social-image-share\" width=\"32\" height=\"32\" style=\"display: inline;width:32px;height:32px;margin: 0;padding: 0;border: none;box-shadow: none\" src=\"https:\/\/ferne-welten.com\/wp-content\/plugins\/social-media-feather\/synved-social\/addons\/extra-icons\/image\/social\/circle\/64x64\/pinterest.png\" \/><\/a><a class=\"synved-social-button synved-social-button-share synved-social-size-32 synved-social-resolution-single synved-social-provider-linkedin nolightbox\" data-provider=\"linkedin\" target=\"_blank\" rel=\"nofollow\" title=\"Auf Linkedin teilen\" href=\"https:\/\/www.linkedin.com\/shareArticle?mini=true&#038;url=https%3A%2F%2Fferne-welten.com%2Findex.php%3Frest_route%3D%252Fwp%252Fv2%252Fposts%252F1427&#038;title=Der%20Abgeordnete%20und%20die%20Verschw%C3%B6rungsrapper\" style=\"font-size: 0px;width:32px;height:32px;margin:0;margin-bottom:5px;margin-right:5px\"><img loading=\"lazy\" decoding=\"async\" alt=\"linkedin\" title=\"Auf Linkedin teilen\" class=\"synved-share-image synved-social-image synved-social-image-share\" width=\"32\" height=\"32\" style=\"display: inline;width:32px;height:32px;margin: 0;padding: 0;border: none;box-shadow: none\" src=\"https:\/\/ferne-welten.com\/wp-content\/plugins\/social-media-feather\/synved-social\/addons\/extra-icons\/image\/social\/circle\/64x64\/linkedin.png\" \/><\/a><a class=\"synved-social-button synved-social-button-share synved-social-size-32 synved-social-resolution-single synved-social-provider-tumblr nolightbox\" data-provider=\"tumblr\" target=\"_blank\" rel=\"nofollow\" title=\"\u00dcber Tumblr teilen\" href=\"https:\/\/tumblr.com\/share?s=&#038;v=3&#038;t=Der%20Abgeordnete%20und%20die%20Verschw%C3%B6rungsrapper&#038;u=https%3A%2F%2Fferne-welten.com%2Findex.php%3Frest_route%3D%252Fwp%252Fv2%252Fposts%252F1427\" style=\"font-size: 0px;width:32px;height:32px;margin:0;margin-bottom:5px;margin-right:5px\"><img loading=\"lazy\" decoding=\"async\" alt=\"tumblr\" title=\"\u00dcber Tumblr teilen\" class=\"synved-share-image synved-social-image synved-social-image-share\" width=\"32\" height=\"32\" style=\"display: inline;width:32px;height:32px;margin: 0;padding: 0;border: none;box-shadow: none\" src=\"https:\/\/ferne-welten.com\/wp-content\/plugins\/social-media-feather\/synved-social\/addons\/extra-icons\/image\/social\/circle\/64x64\/tumblr.png\" \/><\/a><a class=\"synved-social-button synved-social-button-share synved-social-size-32 synved-social-resolution-single synved-social-provider-mail nolightbox\" data-provider=\"mail\" rel=\"nofollow\" title=\"Link per Mail weiterleiten\" href=\"mailto:?subject=Der%20Abgeordnete%20und%20die%20Verschw%C3%B6rungsrapper&#038;body=Hey%20check%20this%20out:%20https%3A%2F%2Fferne-welten.com%2Findex.php%3Frest_route%3D%252Fwp%252Fv2%252Fposts%252F1427\" style=\"font-size: 0px;width:32px;height:32px;margin:0;margin-bottom:5px\"><img loading=\"lazy\" decoding=\"async\" alt=\"mail\" title=\"Link per Mail weiterleiten\" class=\"synved-share-image synved-social-image synved-social-image-share\" width=\"32\" height=\"32\" style=\"display: inline;width:32px;height:32px;margin: 0;padding: 0;border: none;box-shadow: none\" src=\"https:\/\/ferne-welten.com\/wp-content\/plugins\/social-media-feather\/synved-social\/addons\/extra-icons\/image\/social\/circle\/64x64\/mail.png\" \/><\/a>","protected":false},"excerpt":{"rendered":"<p>Die Abgeordneten der Partei\u00a0Die Linke\u00a0praktizieren \u00e4hnliche Rituale wie die Abgeordneten der anderen Parteien. Hier gibt es jedes Jahr einen politischen Aschermittwoch, bei dem die Abgeordneten ihre witzige Seite zeigen sollen. Zum\u00a0\u201epeppigen politischen Aschermittwoch\u201c\u00a0der Linkspartei in Duisburg, die gerade durch ein\u00a0antisemitisches&#8230;<br \/><a class=\"read-more-button\" href=\"https:\/\/ferne-welten.com\/?p=1427\">Read more<\/a><\/p>\n","protected":false},"author":1,"featured_media":0,"comment_status":"open","ping_status":"open","sticky":false,"template":"","format":"standard","meta":{"footnotes":""},"categories":[79],"tags":[217,268,89,588,113],"class_list":["post-1427","post","type-post","status-publish","format-standard","hentry","category-mythen","tag-bandbreite","tag-die-linke","tag-linkspartei","tag-niema-movassat","tag-sexismus"],"_links":{"self":[{"href":"https:\/\/ferne-welten.com\/index.php?rest_route=\/wp\/v2\/posts\/1427","targetHints":{"allow":["GET"]}}],"collection":[{"href":"https:\/\/ferne-welten.com\/index.php?rest_route=\/wp\/v2\/posts"}],"about":[{"href":"https:\/\/ferne-welten.com\/index.php?rest_route=\/wp\/v2\/types\/post"}],"author":[{"embeddable":true,"href":"https:\/\/ferne-welten.com\/index.php?rest_route=\/wp\/v2\/users\/1"}],"replies":[{"embeddable":true,"href":"https:\/\/ferne-welten.com\/index.php?rest_route=%2Fwp%2Fv2%2Fcomments&post=1427"}],"version-history":[{"count":1,"href":"https:\/\/ferne-welten.com\/index.php?rest_route=\/wp\/v2\/posts\/1427\/revisions"}],"predecessor-version":[{"id":1428,"href":"https:\/\/ferne-welten.com\/index.php?rest_route=\/wp\/v2\/posts\/1427\/revisions\/1428"}],"wp:attachment":[{"href":"https:\/\/ferne-welten.com\/index.php?rest_route=%2Fwp%2Fv2%2Fmedia&parent=1427"}],"wp:term":[{"taxonomy":"category","embeddable":true,"href":"https:\/\/ferne-welten.com\/index.php?rest_route=%2Fwp%2Fv2%2Fcategories&post=1427"},{"taxonomy":"post_tag","embeddable":true,"href":"https:\/\/ferne-welten.com\/index.php?rest_route=%2Fwp%2Fv2%2Ftags&post=1427"}],"curies":[{"name":"wp","href":"https:\/\/api.w.org\/{rel}","templated":true}]}}