{"id":1433,"date":"2011-04-23T12:48:43","date_gmt":"2011-04-23T11:48:43","guid":{"rendered":"http:\/\/ferne-welten.com\/?p=1433"},"modified":"2017-04-30T12:50:14","modified_gmt":"2017-04-30T11:50:14","slug":"verschwoerungsrapper-auf-dem-pressefest-2","status":"publish","type":"post","link":"https:\/\/ferne-welten.com\/?p=1433","title":{"rendered":"Verschw\u00f6rungsrapper auf dem Pressefest"},"content":{"rendered":"<div class=\"content\">\n<p style=\"text-align: justify;\">Im zweij\u00e4hrlichen Rhythmus organisiert die\u00a0Deutsche Kommunistische Partei\u00a0(DKP) ein Festival, das nach der Parteizeitung\u00a0Unsere Zeit\u00a0(UZ) benannt ist. Zur siebzehnten Auflage dieses Pflichttermins f\u00fcr deutsche Sozialisten werden wieder tausende Menschen erwartet. Hier kommen die\u00a0\u201eGenossen\u201c \u2013\u00a0aus dem orthodoxen dogmatischen \u00a0Spektrum \u2013 in einer rot-get\u00fcnchten Parallelwelt zusammen, um W\u00fcrstchen zu futtern und Arbeiterlieder zu gr\u00f6len.<\/p>\n<p style=\"text-align: justify;\"><!--more--><\/p>\n<p style=\"text-align: justify;\">Der Jugendverband der Partei, die\u00a0Sozialistische Deutsche Arbeiterjugend\u00a0(SDAJ), organisiert auf dem Pressefest eine Art Jugendbereich, der auf den merkw\u00fcrdigen Namen\u00a0\u201eSchweinegeile Bucht\u201c\u00a0h\u00f6rt. Wie auf dem Rest des\u00a0Pressefestes, das vom 24. bis zum 26. Juni 2011 im Revierpark Wischlingen (Dortmund) stattfinden soll, wird auch dort gesoffen und gesungen. Gesungen und gesoffen wird auch anderer Stelle: Der Liedermacher Hannes Wader,\u00a0<a href=\"http:\/\/www.youtube.com\/watch?v=LgCLyC1dJ1c&amp;feature=related\">Klaus \u2013 der Geiger<\/a>\u00a0und die Bots waren schon da, um auf der gro\u00dfen Hauptb\u00fchne Arbeiterlieder und anderes\u00a0Liedgut\u00a0zu intonieren.<\/p>\n<p style=\"text-align: justify;\">Dieses Jahr wird aber auch\u00a0die Band\u00a0\u201eDie Bandbreite\u201c\u00a0erwartet, die zuletzt auf\u00a0dem\u00a0\u201eKongress der Unabh\u00e4ngigen Medien\u201c\u00a0aufgetreten ist: Nach diesem Auftritt auf dem Treffen der reaktion\u00e4ren\u00a0\u201eInfokrieger\u201c\u00a0und\u00a0\u201eTruther\u201c, die sich die Verkl\u00e4rung der Realit\u00e4t zur Aufgabe gemacht haben, wird die Band f\u00fcr die\u00a0Deutsche Kommunistische Partei\u00a0ans Mic treten.<\/p>\n<p style=\"text-align: justify;\">Auf dem\u00a0UZ-Pressefest\u00a0wird eine Musik-Combo auftreten, die zum Beispiel\u00a0einen WM-Song produziert\u00a0hat, in dessen Video sich die Mitglieder der Band mit schwarz-rot-goldenen Fahnen f\u00fcr den\u00a0deutschen Jubel-Nationalismus\u00a0positionieren. Ein anderes Lied bezeichnet vermeintliche oder tats\u00e4chliche\u00a0\u201eAntideutsche\u201c\u00a0als Faschisten. Aktuell rappt der Frontmann der\u00a0\u201eBandbreite\u201c\u00a0in\u00a0<a href=\"http:\/\/www.youtube.com\/watch?v=XMvxqTHlxJk\">einem Lied<\/a>\u00a0des sexistischen Rappers\u00a0\u201ePunchBob\u201c\u00a0\u00fcber vermeintliche Zusammenh\u00e4nge, die er zwischen\u00a0\u201eGesichtern und Sperma\u201c\u00a0konstruiert.<\/p>\n<p style=\"text-align: justify;\">Ansonsten ist der\u00a0\u201eBandbreite\u201c-S\u00e4nger Marcel Wojnarowicz unter anderem f\u00fcr\u00a0die\u00a0\u201eWilli Weise Bewegung\u201c\u00a0des antisemitischen Zinskritikers Otto Friedrich Sch\u00f6nbeck \u2013 auf dessen Wahlliste auch\u00a0rechte\u00a0\u201eReichsb\u00fcrger\u201c\u00a0kandidierten \u2013\u00a0angetreten. Aufgetreten ist die Band unterdessen auch auf\u00a0Veranstaltungen\u00a0und\u00a0Aufm\u00e4rschen\u00a0des\u00a0\u201eLinksnationalisten\u201cJ\u00fcrgen Els\u00e4sser.<\/p>\n<p style=\"text-align: justify;\">Das hat verschiedene\u00a0\u201elinke\u201c\u00a0Organisationen, wie\u00a0die\u00a0Deutsche Kommunistische Partei\u00a0(DKP) nicht davon abgehalten, der\u00a0Band immer wieder zu huldigen:\u00a0\u201eDiese Jungs sind einfach zu gut\u201c,\u00a0urteilte\u00a0beispielsweise Jane Zahn in einer Ausgabe der Partei-Zeitschrift\u00a0\u201eUnsere Zeit\u201c.<\/p>\n<p style=\"text-align: justify;\">Es gibt allerdings auch ideologische \u00dcberschneidungen: Wie die Mitglieder der Band\u00a0bezeichnen Theoretiker\u00a0der Partei\u00a0\u201eAntideutsche\u201c\u00a0als Teil der\u00a0\u201eNeuen Rechten\u201c. Mit Songs, in denen\u00a0\u201eAntideutsche\u201c\u00a0und\u00a0\u201eAntinationale\u201c\u00a0als Faschisten diffamiert werden, d\u00fcrfte die Parteibasis also durchaus zu erreichen sein.<\/p>\n<p style=\"text-align: justify;\">Dass die Band sowohl f\u00fcr den\u00a0\u201eLinksnationalisten\u201c\u00a0J\u00fcrgen Els\u00e4sser, f\u00fcr die organisierten reaktion\u00e4ren Verschw\u00f6rungsideologen von\u00a0\u201eInfokrieger-News\u201c, auf\u00a0Ballermann-Events\u00a0und f\u00fcr verschiedene\u00a0\u201elinke\u201cOrganisationen zur Verf\u00fcgung steht, sollte nicht \u00fcberraschen. Sie sind durch\u00a0gemeinsame Feindbilder geeint. Im Antiamerikanismus sind die Band, die gegen\u00a0\u201eMr. Bush\u201c\u00a0ansang, und die Partei, die sogar einen\u00a0\u201eBushismus\u201c\u00a0ausgemacht habe wollte, einig. Der Auftritt der Verschw\u00f6rungsrapper ist aus dieser Sicht nur konsequent. Er zeigt allerdings den ideologischen Zustand der\u00a0deutschen Sozialisten, die sich in der DKP organisiert haben, deutlich auf.<\/p>\n<\/div>\n<a class=\"synved-social-button synved-social-button-share synved-social-size-32 synved-social-resolution-single synved-social-provider-facebook nolightbox\" data-provider=\"facebook\" target=\"_blank\" rel=\"nofollow\" title=\"Auf Facebook teilen\" href=\"https:\/\/www.facebook.com\/sharer.php?u=https%3A%2F%2Fferne-welten.com%2Findex.php%3Frest_route%3D%252Fwp%252Fv2%252Fposts%252F1433&#038;t=Verschw%C3%B6rungsrapper%20auf%20dem%20Pressefest&#038;s=100&#038;p&#091;url&#093;=https%3A%2F%2Fferne-welten.com%2Findex.php%3Frest_route%3D%252Fwp%252Fv2%252Fposts%252F1433&#038;p&#091;images&#093;&#091;0&#093;=&#038;p&#091;title&#093;=Verschw%C3%B6rungsrapper%20auf%20dem%20Pressefest\" style=\"font-size: 0px;width:32px;height:32px;margin:0;margin-bottom:5px;margin-right:5px\"><img loading=\"lazy\" decoding=\"async\" alt=\"Facebook\" title=\"Auf Facebook teilen\" class=\"synved-share-image synved-social-image synved-social-image-share\" width=\"32\" height=\"32\" style=\"display: inline;width:32px;height:32px;margin: 0;padding: 0;border: none;box-shadow: none\" src=\"https:\/\/ferne-welten.com\/wp-content\/plugins\/social-media-feather\/synved-social\/addons\/extra-icons\/image\/social\/circle\/64x64\/facebook.png\" \/><\/a><a class=\"synved-social-button synved-social-button-share synved-social-size-32 synved-social-resolution-single synved-social-provider-twitter nolightbox\" data-provider=\"twitter\" target=\"_blank\" rel=\"nofollow\" title=\"Auf Twitter teilen\" href=\"https:\/\/twitter.com\/intent\/tweet?url=https%3A%2F%2Fferne-welten.com%2Findex.php%3Frest_route%3D%252Fwp%252Fv2%252Fposts%252F1433&#038;text=Hey%20check%20this%20out\" style=\"font-size: 0px;width:32px;height:32px;margin:0;margin-bottom:5px;margin-right:5px\"><img loading=\"lazy\" decoding=\"async\" alt=\"twitter\" title=\"Auf Twitter teilen\" class=\"synved-share-image synved-social-image synved-social-image-share\" width=\"32\" height=\"32\" style=\"display: inline;width:32px;height:32px;margin: 0;padding: 0;border: none;box-shadow: none\" src=\"https:\/\/ferne-welten.com\/wp-content\/plugins\/social-media-feather\/synved-social\/addons\/extra-icons\/image\/social\/circle\/64x64\/twitter.png\" \/><\/a><a class=\"synved-social-button synved-social-button-share synved-social-size-32 synved-social-resolution-single synved-social-provider-reddit nolightbox\" data-provider=\"reddit\" target=\"_blank\" rel=\"nofollow\" title=\"Auf Reddit teilen\" href=\"https:\/\/www.reddit.com\/submit?url=https%3A%2F%2Fferne-welten.com%2Findex.php%3Frest_route%3D%252Fwp%252Fv2%252Fposts%252F1433&#038;title=Verschw%C3%B6rungsrapper%20auf%20dem%20Pressefest\" style=\"font-size: 0px;width:32px;height:32px;margin:0;margin-bottom:5px;margin-right:5px\"><img loading=\"lazy\" decoding=\"async\" alt=\"reddit\" title=\"Auf Reddit teilen\" class=\"synved-share-image synved-social-image synved-social-image-share\" width=\"32\" height=\"32\" style=\"display: inline;width:32px;height:32px;margin: 0;padding: 0;border: none;box-shadow: none\" src=\"https:\/\/ferne-welten.com\/wp-content\/plugins\/social-media-feather\/synved-social\/addons\/extra-icons\/image\/social\/circle\/64x64\/reddit.png\" \/><\/a><a class=\"synved-social-button synved-social-button-share synved-social-size-32 synved-social-resolution-single synved-social-provider-pinterest nolightbox\" data-provider=\"pinterest\" target=\"_blank\" rel=\"nofollow\" title=\"Auf Pinterest pinnen\" href=\"https:\/\/pinterest.com\/pin\/create\/button\/?url=https%3A%2F%2Fferne-welten.com%2Findex.php%3Frest_route%3D%252Fwp%252Fv2%252Fposts%252F1433&#038;media=&#038;description=Verschw%C3%B6rungsrapper%20auf%20dem%20Pressefest\" style=\"font-size: 0px;width:32px;height:32px;margin:0;margin-bottom:5px;margin-right:5px\"><img loading=\"lazy\" decoding=\"async\" alt=\"pinterest\" title=\"Auf Pinterest pinnen\" class=\"synved-share-image synved-social-image synved-social-image-share\" width=\"32\" height=\"32\" style=\"display: inline;width:32px;height:32px;margin: 0;padding: 0;border: none;box-shadow: none\" src=\"https:\/\/ferne-welten.com\/wp-content\/plugins\/social-media-feather\/synved-social\/addons\/extra-icons\/image\/social\/circle\/64x64\/pinterest.png\" \/><\/a><a class=\"synved-social-button synved-social-button-share synved-social-size-32 synved-social-resolution-single synved-social-provider-linkedin nolightbox\" data-provider=\"linkedin\" target=\"_blank\" rel=\"nofollow\" title=\"Auf Linkedin teilen\" href=\"https:\/\/www.linkedin.com\/shareArticle?mini=true&#038;url=https%3A%2F%2Fferne-welten.com%2Findex.php%3Frest_route%3D%252Fwp%252Fv2%252Fposts%252F1433&#038;title=Verschw%C3%B6rungsrapper%20auf%20dem%20Pressefest\" style=\"font-size: 0px;width:32px;height:32px;margin:0;margin-bottom:5px;margin-right:5px\"><img loading=\"lazy\" decoding=\"async\" alt=\"linkedin\" title=\"Auf Linkedin teilen\" class=\"synved-share-image synved-social-image synved-social-image-share\" width=\"32\" height=\"32\" style=\"display: inline;width:32px;height:32px;margin: 0;padding: 0;border: none;box-shadow: none\" src=\"https:\/\/ferne-welten.com\/wp-content\/plugins\/social-media-feather\/synved-social\/addons\/extra-icons\/image\/social\/circle\/64x64\/linkedin.png\" \/><\/a><a class=\"synved-social-button synved-social-button-share synved-social-size-32 synved-social-resolution-single synved-social-provider-tumblr nolightbox\" data-provider=\"tumblr\" target=\"_blank\" rel=\"nofollow\" title=\"\u00dcber Tumblr teilen\" href=\"https:\/\/tumblr.com\/share?s=&#038;v=3&#038;t=Verschw%C3%B6rungsrapper%20auf%20dem%20Pressefest&#038;u=https%3A%2F%2Fferne-welten.com%2Findex.php%3Frest_route%3D%252Fwp%252Fv2%252Fposts%252F1433\" style=\"font-size: 0px;width:32px;height:32px;margin:0;margin-bottom:5px;margin-right:5px\"><img loading=\"lazy\" decoding=\"async\" alt=\"tumblr\" title=\"\u00dcber Tumblr teilen\" class=\"synved-share-image synved-social-image synved-social-image-share\" width=\"32\" height=\"32\" style=\"display: inline;width:32px;height:32px;margin: 0;padding: 0;border: none;box-shadow: none\" src=\"https:\/\/ferne-welten.com\/wp-content\/plugins\/social-media-feather\/synved-social\/addons\/extra-icons\/image\/social\/circle\/64x64\/tumblr.png\" \/><\/a><a class=\"synved-social-button synved-social-button-share synved-social-size-32 synved-social-resolution-single synved-social-provider-mail nolightbox\" data-provider=\"mail\" rel=\"nofollow\" title=\"Link per Mail weiterleiten\" href=\"mailto:?subject=Verschw%C3%B6rungsrapper%20auf%20dem%20Pressefest&#038;body=Hey%20check%20this%20out:%20https%3A%2F%2Fferne-welten.com%2Findex.php%3Frest_route%3D%252Fwp%252Fv2%252Fposts%252F1433\" style=\"font-size: 0px;width:32px;height:32px;margin:0;margin-bottom:5px\"><img loading=\"lazy\" decoding=\"async\" alt=\"mail\" title=\"Link per Mail weiterleiten\" class=\"synved-share-image synved-social-image synved-social-image-share\" width=\"32\" height=\"32\" style=\"display: inline;width:32px;height:32px;margin: 0;padding: 0;border: none;box-shadow: none\" src=\"https:\/\/ferne-welten.com\/wp-content\/plugins\/social-media-feather\/synved-social\/addons\/extra-icons\/image\/social\/circle\/64x64\/mail.png\" \/><\/a>","protected":false},"excerpt":{"rendered":"<p>Im zweij\u00e4hrlichen Rhythmus organisiert die\u00a0Deutsche Kommunistische Partei\u00a0(DKP) ein Festival, das nach der Parteizeitung\u00a0Unsere Zeit\u00a0(UZ) benannt ist. Zur siebzehnten Auflage dieses Pflichttermins f\u00fcr deutsche Sozialisten werden wieder tausende Menschen erwartet. Hier kommen die\u00a0\u201eGenossen\u201c \u2013\u00a0aus dem orthodoxen dogmatischen \u00a0Spektrum \u2013 in einer&#8230;<br \/><a class=\"read-more-button\" href=\"https:\/\/ferne-welten.com\/?p=1433\">Read more<\/a><\/p>\n","protected":false},"author":1,"featured_media":0,"comment_status":"open","ping_status":"open","sticky":false,"template":"","format":"standard","meta":{"footnotes":""},"categories":[79],"tags":[217,292,182,592,553],"class_list":["post-1433","post","type-post","status-publish","format-standard","hentry","category-mythen","tag-bandbreite","tag-dkp","tag-sdaj","tag-uz","tag-uz-pressefest"],"_links":{"self":[{"href":"https:\/\/ferne-welten.com\/index.php?rest_route=\/wp\/v2\/posts\/1433","targetHints":{"allow":["GET"]}}],"collection":[{"href":"https:\/\/ferne-welten.com\/index.php?rest_route=\/wp\/v2\/posts"}],"about":[{"href":"https:\/\/ferne-welten.com\/index.php?rest_route=\/wp\/v2\/types\/post"}],"author":[{"embeddable":true,"href":"https:\/\/ferne-welten.com\/index.php?rest_route=\/wp\/v2\/users\/1"}],"replies":[{"embeddable":true,"href":"https:\/\/ferne-welten.com\/index.php?rest_route=%2Fwp%2Fv2%2Fcomments&post=1433"}],"version-history":[{"count":1,"href":"https:\/\/ferne-welten.com\/index.php?rest_route=\/wp\/v2\/posts\/1433\/revisions"}],"predecessor-version":[{"id":1434,"href":"https:\/\/ferne-welten.com\/index.php?rest_route=\/wp\/v2\/posts\/1433\/revisions\/1434"}],"wp:attachment":[{"href":"https:\/\/ferne-welten.com\/index.php?rest_route=%2Fwp%2Fv2%2Fmedia&parent=1433"}],"wp:term":[{"taxonomy":"category","embeddable":true,"href":"https:\/\/ferne-welten.com\/index.php?rest_route=%2Fwp%2Fv2%2Fcategories&post=1433"},{"taxonomy":"post_tag","embeddable":true,"href":"https:\/\/ferne-welten.com\/index.php?rest_route=%2Fwp%2Fv2%2Ftags&post=1433"}],"curies":[{"name":"wp","href":"https:\/\/api.w.org\/{rel}","templated":true}]}}