{"id":1437,"date":"2011-04-20T12:51:55","date_gmt":"2011-04-20T11:51:55","guid":{"rendered":"http:\/\/ferne-welten.com\/?p=1437"},"modified":"2017-04-30T12:52:36","modified_gmt":"2017-04-30T11:52:36","slug":"verschwoerungswahn","status":"publish","type":"post","link":"https:\/\/ferne-welten.com\/?p=1437","title":{"rendered":"Verschw\u00f6rungswahn"},"content":{"rendered":"<p style=\"text-align: justify;\">In der vergangenen Woche wurde der italienische\u00a0<a href=\"http:\/\/elderofziyon.blogspot.com\/2011\/04\/vittorio-was-not-peace-activist-he-was.html\">\u201eFriedensaktivist\u201c\u00a0<\/a>Vittorio Arrigoni das Opfer einer brutalen Entf\u00fchrung, die er nicht \u00fcberlebte. Das Mitglied des International Solidarity Movements (ISM) \u2013 einer Organisation die eine anti-israelische Politik zu Gunsten der antisemitischen Hamas betreibt \u2013 wurde durch Salafisten im Gaza-Streifen entf\u00fchrt und anschlie\u00dfend\u00a0<a href=\"http:\/\/www.spiegel.de\/politik\/ausland\/0,1518,757156,00.html\">brutal ermordet<\/a>.<\/p>\n<p style=\"text-align: justify;\"><!--more--><\/p>\n<p style=\"text-align: justify;\">Nach diesem Ereignis meldeten sich auch diejenigen zu Wort, die immer und \u00fcberall dabei sind, wenn es darum geht, gegen den israelischen Staat vorzugehen. Sie machten nicht die salafistische Gruppe f\u00fcr die brutale Tat verantwortlich, sondern suchten einen anderen Schuldigen: F\u00fcr die Israel-Hasser_innen kann nur Israel f\u00fcr solch eine Tat verantwortlich sein. In diese Richtung geht eine erste\u00a0Pressemitteilung, die von den Bundestagsabgeordneten Niema Movassat und Inge H\u00f6ger (\u201eDie Linke\u201c) unterzeichnet wurde.<\/p>\n<p style=\"text-align: justify;\">In ihrer Pressemitteilung behaupteten die Abgeordneten zun\u00e4chst, dass\u00a0\u201eeinzig die Besatzungsmacht von solchen Verbrechen\u201c\u00a0profitieren w\u00fcrde. Die Erkl\u00e4rung, in der sich die Abgeordneten dazu durchrangen, das \u201eVerbrechen\u201c\u00a0zu verurteilen, war kurz. Sie\u00a0wurde durch einen Absatz erg\u00e4nzt, der die Behauptung aufstellt, es w\u00fcrde\u00a0\u201ekeine Beweise\u201c\u00a0geben,\u00a0\u201ewer hinter diesem heimt\u00fcckischen und grausamen Mord steckt\u201c. Daher sollte\u00a0\u201eman nicht voreilig pal\u00e4stinensische Gruppen verurteilen und somit dazu beitragen, Unsicherheit in der Solidarit\u00e4tsbewegung zu stiften\u201c.<\/p>\n<p style=\"text-align: justify;\">Kurz darauf formulierte die Abgeordnete Inge H\u00f6ger einige erg\u00e4nzende Zeilen. H\u00f6ger stellte eine Frage, die Verschw\u00f6rungsideolog_innen immer dann stellen, wenn es darum geht, die historischen Abl\u00e4ufe eines Ereignisses mit einem pseudo-wissenschaftlichem Instrument aus der Kriminologie in Frage zu stellen:<\/p>\n<blockquote><p>Die Frage, die man sich stellen muss, ist: Wer profitiert von diesen furchtbaren Verbrechen?<\/p><\/blockquote>\n<p style=\"text-align: justify;\">F\u00fcr Inge H\u00f6ger, die\u00a0<a href=\"http:\/\/de.wikipedia.org\/wiki\/Cui_bono\">das\u00a0\u201eWem n\u00fctzt es\u201c\u00a0<\/a>auf das Verbrechen an Vittorio Arrigoni anwendet, kann es nur eine Antwort geben,\u00a0die Israel zum Schuldigen macht.<\/p>\n<blockquote><p>Zum einen sind nun zwei der f\u00fcr Israel \u201agef\u00e4hrlichsten\u2018, weil engagiertesten, bekanntesten und renommiertesten Aktivisten ausgeschaltet. Die Morde (\u2026) k\u00f6nnten au\u00dferdem ein Mittel sein, um der internationalen Solidarit\u00e4tsbewegung einen empfindlichen Schlag zu versetzen \u2013 gerade angesichts der bevorstehenden zweiten Flotilla und der Tatsache, dass sich internationale Aktivisten noch immer nicht davon abbringen lassen, nach Pal\u00e4stina zu fahren.<\/p><\/blockquote>\n<p style=\"text-align: justify;\">So \u00e4u\u00dfert sich die Abgeordnete der Linkspartei, die sich auf der\u00a0Mavi Marmara auf das Frauendeck sperren\u00a0lie\u00df. Heute halluziniert H\u00f6ger von einer\u00a0\u201eAktion unter falscher Flagge\u201c\u00a0und spricht dieser Verschw\u00f6rungstheorie\u00a0\u201edurchaus eine gewisse Berechtigung\u201c\u00a0zu.<\/p>\n<p style=\"text-align: justify;\">Mit ihren verschw\u00f6rungsideologischen ist\u00a0H\u00f6ger nicht alleine.\u00a0In ihrer Partei gibt es einige Politiker_innen, die ihrer Erkl\u00e4rung wahrscheinlich zustimmen w\u00fcrden. Da w\u00e4re zum Beispiel der Linkspartei-Politiker Diether Dehm, der sich selbst als\u00a0\u201egl\u00fchenden Verschw\u00f6rungstheoretiker\u201c\u00a0bezeichnet. Bisher hat sich der Bundestagsabgeordnete nicht zu Wort gemeldet. Vielleicht ist dieser Umstand der Tatsache geschuldet, dass es in seiner Partei eben eine Fraktion gibt, die sich f\u00fcr Verschw\u00f6rungstheorien begeistert und ihm die Arbeit abnimmt. In diesem Fall war es Inge H\u00f6ger, die mit ihrer Erkl\u00e4rung noch einmal deutlich gemacht hat, wie es um den Zustand ihrer Partei bestellt ist.<\/p>\n<a class=\"synved-social-button synved-social-button-share synved-social-size-32 synved-social-resolution-single synved-social-provider-facebook nolightbox\" data-provider=\"facebook\" target=\"_blank\" rel=\"nofollow\" title=\"Auf Facebook teilen\" href=\"https:\/\/www.facebook.com\/sharer.php?u=https%3A%2F%2Fferne-welten.com%2Findex.php%3Frest_route%3D%252Fwp%252Fv2%252Fposts%252F1437&#038;t=Verschw%C3%B6rungswahn&#038;s=100&#038;p&#091;url&#093;=https%3A%2F%2Fferne-welten.com%2Findex.php%3Frest_route%3D%252Fwp%252Fv2%252Fposts%252F1437&#038;p&#091;images&#093;&#091;0&#093;=&#038;p&#091;title&#093;=Verschw%C3%B6rungswahn\" style=\"font-size: 0px;width:32px;height:32px;margin:0;margin-bottom:5px;margin-right:5px\"><img loading=\"lazy\" decoding=\"async\" alt=\"Facebook\" title=\"Auf Facebook teilen\" class=\"synved-share-image synved-social-image synved-social-image-share\" width=\"32\" height=\"32\" style=\"display: inline;width:32px;height:32px;margin: 0;padding: 0;border: none;box-shadow: none\" src=\"https:\/\/ferne-welten.com\/wp-content\/plugins\/social-media-feather\/synved-social\/addons\/extra-icons\/image\/social\/circle\/64x64\/facebook.png\" \/><\/a><a class=\"synved-social-button synved-social-button-share synved-social-size-32 synved-social-resolution-single synved-social-provider-twitter nolightbox\" data-provider=\"twitter\" target=\"_blank\" rel=\"nofollow\" title=\"Auf Twitter teilen\" href=\"https:\/\/twitter.com\/intent\/tweet?url=https%3A%2F%2Fferne-welten.com%2Findex.php%3Frest_route%3D%252Fwp%252Fv2%252Fposts%252F1437&#038;text=Hey%20check%20this%20out\" style=\"font-size: 0px;width:32px;height:32px;margin:0;margin-bottom:5px;margin-right:5px\"><img loading=\"lazy\" decoding=\"async\" alt=\"twitter\" title=\"Auf Twitter teilen\" class=\"synved-share-image synved-social-image synved-social-image-share\" width=\"32\" height=\"32\" style=\"display: inline;width:32px;height:32px;margin: 0;padding: 0;border: none;box-shadow: none\" src=\"https:\/\/ferne-welten.com\/wp-content\/plugins\/social-media-feather\/synved-social\/addons\/extra-icons\/image\/social\/circle\/64x64\/twitter.png\" \/><\/a><a class=\"synved-social-button synved-social-button-share synved-social-size-32 synved-social-resolution-single synved-social-provider-reddit nolightbox\" data-provider=\"reddit\" target=\"_blank\" rel=\"nofollow\" title=\"Auf Reddit teilen\" href=\"https:\/\/www.reddit.com\/submit?url=https%3A%2F%2Fferne-welten.com%2Findex.php%3Frest_route%3D%252Fwp%252Fv2%252Fposts%252F1437&#038;title=Verschw%C3%B6rungswahn\" style=\"font-size: 0px;width:32px;height:32px;margin:0;margin-bottom:5px;margin-right:5px\"><img loading=\"lazy\" decoding=\"async\" alt=\"reddit\" title=\"Auf Reddit teilen\" class=\"synved-share-image synved-social-image synved-social-image-share\" width=\"32\" height=\"32\" style=\"display: inline;width:32px;height:32px;margin: 0;padding: 0;border: none;box-shadow: none\" src=\"https:\/\/ferne-welten.com\/wp-content\/plugins\/social-media-feather\/synved-social\/addons\/extra-icons\/image\/social\/circle\/64x64\/reddit.png\" \/><\/a><a class=\"synved-social-button synved-social-button-share synved-social-size-32 synved-social-resolution-single synved-social-provider-pinterest nolightbox\" data-provider=\"pinterest\" target=\"_blank\" rel=\"nofollow\" title=\"Auf Pinterest pinnen\" href=\"https:\/\/pinterest.com\/pin\/create\/button\/?url=https%3A%2F%2Fferne-welten.com%2Findex.php%3Frest_route%3D%252Fwp%252Fv2%252Fposts%252F1437&#038;media=&#038;description=Verschw%C3%B6rungswahn\" style=\"font-size: 0px;width:32px;height:32px;margin:0;margin-bottom:5px;margin-right:5px\"><img loading=\"lazy\" decoding=\"async\" alt=\"pinterest\" title=\"Auf Pinterest pinnen\" class=\"synved-share-image synved-social-image synved-social-image-share\" width=\"32\" height=\"32\" style=\"display: inline;width:32px;height:32px;margin: 0;padding: 0;border: none;box-shadow: none\" src=\"https:\/\/ferne-welten.com\/wp-content\/plugins\/social-media-feather\/synved-social\/addons\/extra-icons\/image\/social\/circle\/64x64\/pinterest.png\" \/><\/a><a class=\"synved-social-button synved-social-button-share synved-social-size-32 synved-social-resolution-single synved-social-provider-linkedin nolightbox\" data-provider=\"linkedin\" target=\"_blank\" rel=\"nofollow\" title=\"Auf Linkedin teilen\" href=\"https:\/\/www.linkedin.com\/shareArticle?mini=true&#038;url=https%3A%2F%2Fferne-welten.com%2Findex.php%3Frest_route%3D%252Fwp%252Fv2%252Fposts%252F1437&#038;title=Verschw%C3%B6rungswahn\" style=\"font-size: 0px;width:32px;height:32px;margin:0;margin-bottom:5px;margin-right:5px\"><img loading=\"lazy\" decoding=\"async\" alt=\"linkedin\" title=\"Auf Linkedin teilen\" class=\"synved-share-image synved-social-image synved-social-image-share\" width=\"32\" height=\"32\" style=\"display: inline;width:32px;height:32px;margin: 0;padding: 0;border: none;box-shadow: none\" src=\"https:\/\/ferne-welten.com\/wp-content\/plugins\/social-media-feather\/synved-social\/addons\/extra-icons\/image\/social\/circle\/64x64\/linkedin.png\" \/><\/a><a class=\"synved-social-button synved-social-button-share synved-social-size-32 synved-social-resolution-single synved-social-provider-tumblr nolightbox\" data-provider=\"tumblr\" target=\"_blank\" rel=\"nofollow\" title=\"\u00dcber Tumblr teilen\" href=\"https:\/\/tumblr.com\/share?s=&#038;v=3&#038;t=Verschw%C3%B6rungswahn&#038;u=https%3A%2F%2Fferne-welten.com%2Findex.php%3Frest_route%3D%252Fwp%252Fv2%252Fposts%252F1437\" style=\"font-size: 0px;width:32px;height:32px;margin:0;margin-bottom:5px;margin-right:5px\"><img loading=\"lazy\" decoding=\"async\" alt=\"tumblr\" title=\"\u00dcber Tumblr teilen\" class=\"synved-share-image synved-social-image synved-social-image-share\" width=\"32\" height=\"32\" style=\"display: inline;width:32px;height:32px;margin: 0;padding: 0;border: none;box-shadow: none\" src=\"https:\/\/ferne-welten.com\/wp-content\/plugins\/social-media-feather\/synved-social\/addons\/extra-icons\/image\/social\/circle\/64x64\/tumblr.png\" \/><\/a><a class=\"synved-social-button synved-social-button-share synved-social-size-32 synved-social-resolution-single synved-social-provider-mail nolightbox\" data-provider=\"mail\" rel=\"nofollow\" title=\"Link per Mail weiterleiten\" href=\"mailto:?subject=Verschw%C3%B6rungswahn&#038;body=Hey%20check%20this%20out:%20https%3A%2F%2Fferne-welten.com%2Findex.php%3Frest_route%3D%252Fwp%252Fv2%252Fposts%252F1437\" style=\"font-size: 0px;width:32px;height:32px;margin:0;margin-bottom:5px\"><img loading=\"lazy\" decoding=\"async\" alt=\"mail\" title=\"Link per Mail weiterleiten\" class=\"synved-share-image synved-social-image synved-social-image-share\" width=\"32\" height=\"32\" style=\"display: inline;width:32px;height:32px;margin: 0;padding: 0;border: none;box-shadow: none\" src=\"https:\/\/ferne-welten.com\/wp-content\/plugins\/social-media-feather\/synved-social\/addons\/extra-icons\/image\/social\/circle\/64x64\/mail.png\" \/><\/a>","protected":false},"excerpt":{"rendered":"<p>In der vergangenen Woche wurde der italienische\u00a0\u201eFriedensaktivist\u201c\u00a0Vittorio Arrigoni das Opfer einer brutalen Entf\u00fchrung, die er nicht \u00fcberlebte. Das Mitglied des International Solidarity Movements (ISM) \u2013 einer Organisation die eine anti-israelische Politik zu Gunsten der antisemitischen Hamas betreibt \u2013 wurde durch&#8230;<br \/><a class=\"read-more-button\" href=\"https:\/\/ferne-welten.com\/?p=1437\">Read more<\/a><\/p>\n","protected":false},"author":1,"featured_media":0,"comment_status":"open","ping_status":"open","sticky":false,"template":"","format":"standard","meta":{"footnotes":""},"categories":[79],"tags":[107,268,595,596,287,588,597],"class_list":["post-1437","post","type-post","status-publish","format-standard","hentry","category-mythen","tag-antisemitismus","tag-die-linke","tag-inge-hoeger","tag-ism","tag-israel","tag-niema-movassat","tag-vittorio-arrigoni"],"_links":{"self":[{"href":"https:\/\/ferne-welten.com\/index.php?rest_route=\/wp\/v2\/posts\/1437","targetHints":{"allow":["GET"]}}],"collection":[{"href":"https:\/\/ferne-welten.com\/index.php?rest_route=\/wp\/v2\/posts"}],"about":[{"href":"https:\/\/ferne-welten.com\/index.php?rest_route=\/wp\/v2\/types\/post"}],"author":[{"embeddable":true,"href":"https:\/\/ferne-welten.com\/index.php?rest_route=\/wp\/v2\/users\/1"}],"replies":[{"embeddable":true,"href":"https:\/\/ferne-welten.com\/index.php?rest_route=%2Fwp%2Fv2%2Fcomments&post=1437"}],"version-history":[{"count":1,"href":"https:\/\/ferne-welten.com\/index.php?rest_route=\/wp\/v2\/posts\/1437\/revisions"}],"predecessor-version":[{"id":1438,"href":"https:\/\/ferne-welten.com\/index.php?rest_route=\/wp\/v2\/posts\/1437\/revisions\/1438"}],"wp:attachment":[{"href":"https:\/\/ferne-welten.com\/index.php?rest_route=%2Fwp%2Fv2%2Fmedia&parent=1437"}],"wp:term":[{"taxonomy":"category","embeddable":true,"href":"https:\/\/ferne-welten.com\/index.php?rest_route=%2Fwp%2Fv2%2Fcategories&post=1437"},{"taxonomy":"post_tag","embeddable":true,"href":"https:\/\/ferne-welten.com\/index.php?rest_route=%2Fwp%2Fv2%2Ftags&post=1437"}],"curies":[{"name":"wp","href":"https:\/\/api.w.org\/{rel}","templated":true}]}}