{"id":1445,"date":"2011-04-07T12:59:44","date_gmt":"2011-04-07T11:59:44","guid":{"rendered":"http:\/\/ferne-welten.com\/?p=1445"},"modified":"2017-04-30T12:59:59","modified_gmt":"2017-04-30T11:59:59","slug":"der-klandestine-kongress-der-verschwoerungsfans","status":"publish","type":"post","link":"https:\/\/ferne-welten.com\/?p=1445","title":{"rendered":"Der klandestine Kongress der Verschw\u00f6rungsfans"},"content":{"rendered":"<p style=\"text-align: justify;\">Der Kongress des\u00a0Jens\u00a0Blecker, der am 02.04.2011 in Hannover stattfinden sollte, ist vor\u00fcbergegangen. Das Treffen, das Blecker auf den Namen\u00a0\u201eKongress der unabh\u00e4ngigen Medien\u201c\u00a0getauft hat, ist ein mittlerweile j\u00e4hrliches Treffen der\u00a0\u201eInfokrieger\u201c-Szene. Blecker ist Betreiber der verschw\u00f6rungsideologischen Internetseite\u201eInfokrieger-News\u201c\u00a0und spricht mit seinen Treffen die Szene an, die sich auf seiner Internetseite ihre t\u00e4gliche Dosis Verschw\u00f6rungstheorie abholt.<\/p>\n<p style=\"text-align: justify;\"><!--more--><\/p>\n<p style=\"text-align: justify;\">Auf dem Kongress des\u00a0\u201eInfokriegers\u201c\u00a0Blecker treffen sich Verschw\u00f6rungsfans, um den Referaten ihrer geistigen Vordenker zu lauschen. Vor allem besteht mit dem Kongress die M\u00f6glichkeit, einen Austausch und eine Vernetzung zu betreiben. Das war auch am 02.04.2011 in Hannover nicht anders.<\/p>\n<p style=\"text-align: justify;\">Im Vorfeld hatte Jens\u00a0Blecker, der als Organisator des Verschw\u00f6rungstreffens aufgetreten war, den Autoren dieser Zeilen zun\u00e4chst mit einer\u00a0Einladung, dann jedoch\u00a0mit\u00a0einer\u00a0Anzeige\u00a0gedroht, nachdem in diesem Blog auf\u00a0einige Ideen des\u00a0\u201eInfokriegers\u201c, sowie die politischen Thesen von einigen Referenten und Bands\u00a0hingewiesen worden war. Jens Blecker, der von seinen Fans\u00a0\u201eCheffe\u201c\u00a0genannt wird, schrieb:<\/p>\n<blockquote><p>\u201eDu wirst nun die Rechnung bekommen f\u00fcr diesen Rufmord, ich denke dort werden auch einige der Referenten sich beteiligen.\u201c<\/p><\/blockquote>\n<p style=\"text-align: justify;\">Au\u00dferdem wurde auf das\u00a0\u201eForum des Infokriegers\u201c\u00a0aufmerksam gemacht, in dem die gef\u00e4lschten\u00a0\u201eProtokolle der Weisen von Zion\u201c\u00a0und andere antisemitische Texte beworben wurden, was zum L\u00f6schen des Forums und zu erregten Kommentaren auf der Seite\u00a0\u201eInfokrieger-News\u201cf\u00fchrte.<\/p>\n<p style=\"text-align: justify;\">Nach diesen \u2013 auf das Internet beschr\u00e4nkten \u2013 Ereignissen meldete sich die\u00a0\u201eAntifaschistische Aktion Hannover\u201c,\u00a0die\u00a0\u201eAntifaschistische Gruppe Braunschweig\u201c\u00a0sowie die\u00a0kommunistische Gruppe\u00a0\u201eFast Forward\u201c\u00a0mit einem Aufruf zu Wort, mit dem sie dem verschw\u00f6rungsideologischen Event eine eindeutige Absage erteilten.<\/p>\n<p style=\"text-align: justify;\">Auf eine Bekanntgabe des Veranstaltungsortes wurde verzichtet, obwohl auf der Seite bis heute angek\u00fcndigt wird, dass dieser\u00a0\u201ein K\u00fcrze bekannt gegeben\u201c\u00a0wird. Diejenigen, die sich angeblich der Wahrheit verschrieben haben, verzichteten auf die Bekanntgabe des Veranstaltungsortes und verhielten sich genau so, wie sie es der angeblichen\u00a0\u201eElite\u201c\u00a0gerne vorwerfen \u2013 man tagte insgeheim und unter Ausschluss der \u00d6ffentlichkeit.<\/p>\n<p style=\"text-align: justify;\">Das ging sogar soweit, dass einem Verschw\u00f6rungsfan, der den Eintritt von 20 Euro bezahlt hatte, der Ort des Treffens verschwiegen wurde, woraufhin dieser sich in den Kommentaren auf\u00a0\u201eInfokrieger-News\u201c\u00a0beschwerte. Am Abend, w\u00e4hrend des Auftritts des Verschw\u00f6rungsrappers\u00a0\u201eKillez More\u201c\u00a0, bemerkte\u00a0\u201eCheffe\u201c, dass kein Mensch sein klandestines Geheim-Treffen st\u00f6ren w\u00fcrde. Daher gab er den Kongressort im Internet bekannt.<\/p>\n<p style=\"text-align: justify;\">Vorher hatten etwa einhundert Verschw\u00f6rungsfans, die aus der gesamten Bundesrepublik angereist waren, im\u00a0Ramada-Hotel\u00a0in Hannover\u00a0den Vortr\u00e4gen der Referenten gelauscht. Ein Bericht im nationalistischen \u201eRon Paul Revolution\u201c-Blog spricht gar von 215 Teilnehmer_innen.<\/p>\n<p style=\"text-align: justify;\">Einer der Referenten war\u00a0Andreas Popp, der zu Beginn seines Vortrags davon berichtete, dass er sich\u00a0\u201eoft geirrt\u201c\u00a0habe. Nun wolle er aus seinem jetzigen\u00a0\u201eWeltbild\u201c\u00a0berichten. Popp distanzierte sich vom\u00a0\u201eReichsgedanken\u201c, um regionalistische Modelle f\u00fcr\u00a0\u201eFriesen und Bayern\u201c\u00a0zu propagieren. Dem Jargon der\u00a0\u201eReichsb\u00fcrger\u201c\u00a0ist Popp allerdings treu geblieben: Gro\u00dfe Teile seines Vortrags widmete er der\u00a0\u201eBRD GmbH\u201c. Dies ist eine\u00a0Chiffre, mit der rechte\u00a0\u201eReichsb\u00fcrger\u201c, die an die Fortexistenz des\u00a0\u201eDeutschen Reiches\u201c\u00a0glauben, auf Menschenfang gehen.<\/p>\n<p style=\"text-align: justify;\">Ansonsten erl\u00e4uterte Popp\u00a0sein Verst\u00e4ndnis von Demokratie, die eher an eine autokratische Elitenherrschaft erinnerte. Er sagte unter anderem:<\/p>\n<blockquote><p>F\u00fchrer k\u00f6nnen auch was sinnvolles sein.<\/p><\/blockquote>\n<p style=\"text-align: justify;\">Au\u00dferdem warnte Popp vor\u00a0\u201eV\u00f6lkerwucherungen\u201c\u00a0und forderte tats\u00e4chlich eine Art Wahl-F\u00fchrerschein f\u00fcr den nicht anwensenden Teil der Bev\u00f6lkerung, der er die geistigen F\u00e4higkeit, einen Stimmzettel auszuf\u00fcllen, absprach. Seinen Vortrag reicherte er des Weiteren mit schalen Witzchen \u00fcber\u201eeine Westerwelle\u201c\u00a0an.<\/p>\n<p style=\"text-align: justify;\">Als weiterer Referent sollte eigentlich F. W. Engdahl auftreten. Der ist ein wichtiger Propagandist der Peak-Oil-Theorie, die davon ausgeht,\u00a0dass Erd\u00f6l\u00a0\u201enicht aus pr\u00e4historischen \u00dcberresten von Algen und Zooplankton stamme, sondern konstant unterirdisch unter ungekl\u00e4rten Umst\u00e4nden entstehe\u201c. Allerdings war Engdahl wegen einer Krankheit verhindert. Er wurde\u00a0aus dem Krankenbett zugeschaltet, was nach einigen technischen Problemen gelang.<\/p>\n<p style=\"text-align: justify;\">Vom Krankenbett sonderte Engdahl, der f\u00fcr den\u00a0<a href=\"http:\/\/reflexion.blogsport.de\/2010\/02\/28\/kopp-ein-verlag-ganz-rechts\/\">r<\/a>echten, esoterischen und verschw\u00f6rungsideologischen\u00a0\u201eKopp\u201c-Verlag\u00a0t\u00e4tig ist, urige Behauptungen \u00fcber Revolutionen und soziale Revolten ab. F\u00fcr Engdahl sind diese n\u00e4mlich durch Geheimdienste gesteuert und ins Leben gerufen worden. Engdahl benannte die russische Revolution (1917) und die\u00a0\u201eStudentenrevolte\u201c\u00a0(1968) als solche Ereignisse, um auf heutige Geschehnisse in Libyen, \u00c4gypten und anderen L\u00e4ndern zu sprechen zu kommen. Auch hier machte der\u00a0\u201eKopp\u201c-Autor die angeblichen Machenschaften der westlichen Geheimdienste als Verursacher der Revolten aus.<\/p>\n<p style=\"text-align: justify;\">Nach diesen und anderen Referenten wurde zum gem\u00fctlichen Teil des Abends \u00fcbergegangen.\u00a0\u201eKillez More\u201c, der demn\u00e4chst auf\u00a0einer Veranstaltung\u00a0des\u00a0Reptilien-Verschw\u00f6rungs-Ideologen David Icke\u00a0auftreten wird, inszenierte sich einmal mehr als\u00a0\u201eInfokrieger, im Informationskrieg\u201c. Ihm\u00a0folgten die Verschw\u00f6rungs-Pop-Schlager-Hip-Hop-Liedermacher von\u00a0der Band\u00a0\u201eDie Bandbreite\u201c, die sich\u00a0als Opfer\u00a0von\u00a0\u201eHetze\u201c\u00a0inszenierten und ein\u00a0<a href=\"http:\/\/www.youtube.com\/watch?v=_AggW6eJF5Y#t=6m45s\">ganzes Lied zum Thema<\/a>\u00a0intonierten, mit\u00a0dem sie sich als Opfer b\u00f6ser Machenschaften imaginieren, weil sie ein Lied \u00fcber den 11. September geschrieben haben.<\/p>\n<p style=\"text-align: justify;\">Dieses Spektakel wurde von Jo Conrad gefilmt, der als esoterischer Verschw\u00f6rungsideologe einen Internetfernsehsender namens\u00a0\u201eBewusst.tv\u201c\u00a0betreibt. Dort darf unter anderem der selbsternannte\u00a0\u201eReichskanzler\u201c\u00a0Wolfgang Ebel\u00a0antisemitische Verschw\u00f6rungstheorien verbreiten: Angela Merkel sei J\u00fcdin und alle Bundeskanzler w\u00fcrden einen israelischen Pass besitzen. Aktuell bewirbt Conrad allerdings den Auftritt von\u00a0\u201eKillez More\u201c\u00a0und der\u00a0\u201eBandbreite\u201c\u00a0auf der Startseite seines Internet-TV-Senders.<\/p>\n<p style=\"text-align: justify;\">Ob Jens\u00a0\u201eCheffe\u201c\u00a0Blecker seinen Kongress das n\u00e4chste Mal wieder in der nieders\u00e4chsischen Landeshauptstadt stattfinden lassen wird, wird sich zeigen. Vielleicht sucht er sich, wie im Jahr 2010, ein\u00a0kleineres Provinzst\u00e4dchen, weil es dort keine Kritik am Verschw\u00f6rungs-Event gibt. Es bleibt abzuwarten, in welcher Form und an welchem Ort der\u00a0\u201eKongress der unabh\u00e4ngigen Medien\u201c\u00a0im n\u00e4chsten Jahr stattfinden wird.<\/p>\n\n\t\t<style type=\"text\/css\">\n\t\t\t#gallery-1 {\n\t\t\t\tmargin: auto;\n\t\t\t}\n\t\t\t#gallery-1 .gallery-item {\n\t\t\t\tfloat: left;\n\t\t\t\tmargin-top: 10px;\n\t\t\t\ttext-align: center;\n\t\t\t\twidth: 33%;\n\t\t\t}\n\t\t\t#gallery-1 img {\n\t\t\t\tborder: 2px solid #cfcfcf;\n\t\t\t}\n\t\t\t#gallery-1 .gallery-caption {\n\t\t\t\tmargin-left: 0;\n\t\t\t}\n\t\t\t\/* see gallery_shortcode() in wp-includes\/media.php *\/\n\t\t<\/style>\n\t\t<div id='gallery-1' class='gallery galleryid-1445 gallery-columns-3 gallery-size-thumbnail'><dl class='gallery-item'>\n\t\t\t<dt class='gallery-icon landscape'>\n\t\t\t\t<a href='https:\/\/ferne-welten.com\/?attachment_id=1446'><img loading=\"lazy\" decoding=\"async\" width=\"150\" height=\"150\" src=\"https:\/\/ferne-welten.com\/wp-content\/uploads\/2017\/04\/kongress-150x150.jpg\" class=\"attachment-thumbnail size-thumbnail\" alt=\"\" aria-describedby=\"gallery-1-1446\" \/><\/a>\n\t\t\t<\/dt>\n\t\t\t\t<dd class='wp-caption-text gallery-caption' id='gallery-1-1446'>\n\t\t\t\tFaksimile der Veranstaltungsinternetseite\n\t\t\t\t<\/dd><\/dl><dl class='gallery-item'>\n\t\t\t<dt class='gallery-icon landscape'>\n\t\t\t\t<a href='https:\/\/ferne-welten.com\/?attachment_id=1447'><img loading=\"lazy\" decoding=\"async\" width=\"150\" height=\"99\" src=\"https:\/\/ferne-welten.com\/wp-content\/uploads\/2017\/04\/kongress2-150x99.jpg\" class=\"attachment-thumbnail size-thumbnail\" alt=\"\" aria-describedby=\"gallery-1-1447\" \/><\/a>\n\t\t\t<\/dt>\n\t\t\t\t<dd class='wp-caption-text gallery-caption' id='gallery-1-1447'>\n\t\t\t\tFaksimile der Veranstaltungs-Werbung auf der Internetseite des Kongresses\n\t\t\t\t<\/dd><\/dl><dl class='gallery-item'>\n\t\t\t<dt class='gallery-icon portrait'>\n\t\t\t\t<a href='https:\/\/ferne-welten.com\/?attachment_id=1448'><img loading=\"lazy\" decoding=\"async\" width=\"150\" height=\"150\" src=\"https:\/\/ferne-welten.com\/wp-content\/uploads\/2017\/04\/truth_flyer-488x1024-150x150.jpg\" class=\"attachment-thumbnail size-thumbnail\" alt=\"\" aria-describedby=\"gallery-1-1448\" \/><\/a>\n\t\t\t<\/dt>\n\t\t\t\t<dd class='wp-caption-text gallery-caption' id='gallery-1-1448'>\n\t\t\t\tFlyer antifaschistischer Gruppen\n\t\t\t\t<\/dd><\/dl><br style=\"clear: both\" \/>\n\t\t<\/div>\n\n<a class=\"synved-social-button synved-social-button-share synved-social-size-32 synved-social-resolution-single synved-social-provider-facebook nolightbox\" data-provider=\"facebook\" target=\"_blank\" rel=\"nofollow\" title=\"Auf Facebook teilen\" href=\"https:\/\/www.facebook.com\/sharer.php?u=https%3A%2F%2Fferne-welten.com%2Findex.php%3Frest_route%3D%252Fwp%252Fv2%252Fposts%252F1445&#038;t=Der%20klandestine%20Kongress%20der%20Verschw%C3%B6rungsfans&#038;s=100&#038;p&#091;url&#093;=https%3A%2F%2Fferne-welten.com%2Findex.php%3Frest_route%3D%252Fwp%252Fv2%252Fposts%252F1445&#038;p&#091;images&#093;&#091;0&#093;=&#038;p&#091;title&#093;=Der%20klandestine%20Kongress%20der%20Verschw%C3%B6rungsfans\" style=\"font-size: 0px;width:32px;height:32px;margin:0;margin-bottom:5px;margin-right:5px\"><img loading=\"lazy\" decoding=\"async\" alt=\"Facebook\" title=\"Auf Facebook teilen\" class=\"synved-share-image synved-social-image synved-social-image-share\" width=\"32\" height=\"32\" style=\"display: inline;width:32px;height:32px;margin: 0;padding: 0;border: none;box-shadow: none\" src=\"https:\/\/ferne-welten.com\/wp-content\/plugins\/social-media-feather\/synved-social\/addons\/extra-icons\/image\/social\/circle\/64x64\/facebook.png\" \/><\/a><a class=\"synved-social-button synved-social-button-share synved-social-size-32 synved-social-resolution-single synved-social-provider-twitter nolightbox\" data-provider=\"twitter\" target=\"_blank\" rel=\"nofollow\" title=\"Auf Twitter teilen\" href=\"https:\/\/twitter.com\/intent\/tweet?url=https%3A%2F%2Fferne-welten.com%2Findex.php%3Frest_route%3D%252Fwp%252Fv2%252Fposts%252F1445&#038;text=Hey%20check%20this%20out\" style=\"font-size: 0px;width:32px;height:32px;margin:0;margin-bottom:5px;margin-right:5px\"><img loading=\"lazy\" decoding=\"async\" alt=\"twitter\" title=\"Auf Twitter teilen\" class=\"synved-share-image synved-social-image synved-social-image-share\" width=\"32\" height=\"32\" style=\"display: inline;width:32px;height:32px;margin: 0;padding: 0;border: none;box-shadow: none\" src=\"https:\/\/ferne-welten.com\/wp-content\/plugins\/social-media-feather\/synved-social\/addons\/extra-icons\/image\/social\/circle\/64x64\/twitter.png\" \/><\/a><a class=\"synved-social-button synved-social-button-share synved-social-size-32 synved-social-resolution-single synved-social-provider-reddit nolightbox\" data-provider=\"reddit\" target=\"_blank\" rel=\"nofollow\" title=\"Auf Reddit teilen\" href=\"https:\/\/www.reddit.com\/submit?url=https%3A%2F%2Fferne-welten.com%2Findex.php%3Frest_route%3D%252Fwp%252Fv2%252Fposts%252F1445&#038;title=Der%20klandestine%20Kongress%20der%20Verschw%C3%B6rungsfans\" style=\"font-size: 0px;width:32px;height:32px;margin:0;margin-bottom:5px;margin-right:5px\"><img loading=\"lazy\" decoding=\"async\" alt=\"reddit\" title=\"Auf Reddit teilen\" class=\"synved-share-image synved-social-image synved-social-image-share\" width=\"32\" height=\"32\" style=\"display: inline;width:32px;height:32px;margin: 0;padding: 0;border: none;box-shadow: none\" src=\"https:\/\/ferne-welten.com\/wp-content\/plugins\/social-media-feather\/synved-social\/addons\/extra-icons\/image\/social\/circle\/64x64\/reddit.png\" \/><\/a><a class=\"synved-social-button synved-social-button-share synved-social-size-32 synved-social-resolution-single synved-social-provider-pinterest nolightbox\" data-provider=\"pinterest\" target=\"_blank\" rel=\"nofollow\" title=\"Auf Pinterest pinnen\" href=\"https:\/\/pinterest.com\/pin\/create\/button\/?url=https%3A%2F%2Fferne-welten.com%2Findex.php%3Frest_route%3D%252Fwp%252Fv2%252Fposts%252F1445&#038;media=&#038;description=Der%20klandestine%20Kongress%20der%20Verschw%C3%B6rungsfans\" style=\"font-size: 0px;width:32px;height:32px;margin:0;margin-bottom:5px;margin-right:5px\"><img loading=\"lazy\" decoding=\"async\" alt=\"pinterest\" title=\"Auf Pinterest pinnen\" class=\"synved-share-image synved-social-image synved-social-image-share\" width=\"32\" height=\"32\" style=\"display: inline;width:32px;height:32px;margin: 0;padding: 0;border: none;box-shadow: none\" src=\"https:\/\/ferne-welten.com\/wp-content\/plugins\/social-media-feather\/synved-social\/addons\/extra-icons\/image\/social\/circle\/64x64\/pinterest.png\" \/><\/a><a class=\"synved-social-button synved-social-button-share synved-social-size-32 synved-social-resolution-single synved-social-provider-linkedin nolightbox\" data-provider=\"linkedin\" target=\"_blank\" rel=\"nofollow\" title=\"Auf Linkedin teilen\" href=\"https:\/\/www.linkedin.com\/shareArticle?mini=true&#038;url=https%3A%2F%2Fferne-welten.com%2Findex.php%3Frest_route%3D%252Fwp%252Fv2%252Fposts%252F1445&#038;title=Der%20klandestine%20Kongress%20der%20Verschw%C3%B6rungsfans\" style=\"font-size: 0px;width:32px;height:32px;margin:0;margin-bottom:5px;margin-right:5px\"><img loading=\"lazy\" decoding=\"async\" alt=\"linkedin\" title=\"Auf Linkedin teilen\" class=\"synved-share-image synved-social-image synved-social-image-share\" width=\"32\" height=\"32\" style=\"display: inline;width:32px;height:32px;margin: 0;padding: 0;border: none;box-shadow: none\" src=\"https:\/\/ferne-welten.com\/wp-content\/plugins\/social-media-feather\/synved-social\/addons\/extra-icons\/image\/social\/circle\/64x64\/linkedin.png\" \/><\/a><a class=\"synved-social-button synved-social-button-share synved-social-size-32 synved-social-resolution-single synved-social-provider-tumblr nolightbox\" data-provider=\"tumblr\" target=\"_blank\" rel=\"nofollow\" title=\"\u00dcber Tumblr teilen\" href=\"https:\/\/tumblr.com\/share?s=&#038;v=3&#038;t=Der%20klandestine%20Kongress%20der%20Verschw%C3%B6rungsfans&#038;u=https%3A%2F%2Fferne-welten.com%2Findex.php%3Frest_route%3D%252Fwp%252Fv2%252Fposts%252F1445\" style=\"font-size: 0px;width:32px;height:32px;margin:0;margin-bottom:5px;margin-right:5px\"><img loading=\"lazy\" decoding=\"async\" alt=\"tumblr\" title=\"\u00dcber Tumblr teilen\" class=\"synved-share-image synved-social-image synved-social-image-share\" width=\"32\" height=\"32\" style=\"display: inline;width:32px;height:32px;margin: 0;padding: 0;border: none;box-shadow: none\" src=\"https:\/\/ferne-welten.com\/wp-content\/plugins\/social-media-feather\/synved-social\/addons\/extra-icons\/image\/social\/circle\/64x64\/tumblr.png\" \/><\/a><a class=\"synved-social-button synved-social-button-share synved-social-size-32 synved-social-resolution-single synved-social-provider-mail nolightbox\" data-provider=\"mail\" rel=\"nofollow\" title=\"Link per Mail weiterleiten\" href=\"mailto:?subject=Der%20klandestine%20Kongress%20der%20Verschw%C3%B6rungsfans&#038;body=Hey%20check%20this%20out:%20https%3A%2F%2Fferne-welten.com%2Findex.php%3Frest_route%3D%252Fwp%252Fv2%252Fposts%252F1445\" style=\"font-size: 0px;width:32px;height:32px;margin:0;margin-bottom:5px\"><img loading=\"lazy\" decoding=\"async\" alt=\"mail\" title=\"Link per Mail weiterleiten\" class=\"synved-share-image synved-social-image synved-social-image-share\" width=\"32\" height=\"32\" style=\"display: inline;width:32px;height:32px;margin: 0;padding: 0;border: none;box-shadow: none\" src=\"https:\/\/ferne-welten.com\/wp-content\/plugins\/social-media-feather\/synved-social\/addons\/extra-icons\/image\/social\/circle\/64x64\/mail.png\" \/><\/a>","protected":false},"excerpt":{"rendered":"<p>Der Kongress des\u00a0Jens\u00a0Blecker, der am 02.04.2011 in Hannover stattfinden sollte, ist vor\u00fcbergegangen. Das Treffen, das Blecker auf den Namen\u00a0\u201eKongress der unabh\u00e4ngigen Medien\u201c\u00a0getauft hat, ist ein mittlerweile j\u00e4hrliches Treffen der\u00a0\u201eInfokrieger\u201c-Szene. Blecker ist Betreiber der verschw\u00f6rungsideologischen Internetseite\u201eInfokrieger-News\u201c\u00a0und spricht mit seinen Treffen die&#8230;<br \/><a class=\"read-more-button\" href=\"https:\/\/ferne-welten.com\/?p=1445\">Read more<\/a><\/p>\n","protected":false},"author":1,"featured_media":0,"comment_status":"open","ping_status":"open","sticky":false,"template":"","format":"standard","meta":{"footnotes":""},"categories":[79],"tags":[233,217,607,608,593,264,230,609,231,610],"class_list":["post-1445","post","type-post","status-publish","format-standard","hentry","category-mythen","tag-andreas-popp","tag-bandbreite","tag-bewusst-tv","tag-engdahl","tag-hannover","tag-infokrieg-tv","tag-jens-blecker","tag-jo-conrad","tag-kilez-more","tag-wolfgang-ebel"],"_links":{"self":[{"href":"https:\/\/ferne-welten.com\/index.php?rest_route=\/wp\/v2\/posts\/1445","targetHints":{"allow":["GET"]}}],"collection":[{"href":"https:\/\/ferne-welten.com\/index.php?rest_route=\/wp\/v2\/posts"}],"about":[{"href":"https:\/\/ferne-welten.com\/index.php?rest_route=\/wp\/v2\/types\/post"}],"author":[{"embeddable":true,"href":"https:\/\/ferne-welten.com\/index.php?rest_route=\/wp\/v2\/users\/1"}],"replies":[{"embeddable":true,"href":"https:\/\/ferne-welten.com\/index.php?rest_route=%2Fwp%2Fv2%2Fcomments&post=1445"}],"version-history":[{"count":1,"href":"https:\/\/ferne-welten.com\/index.php?rest_route=\/wp\/v2\/posts\/1445\/revisions"}],"predecessor-version":[{"id":1449,"href":"https:\/\/ferne-welten.com\/index.php?rest_route=\/wp\/v2\/posts\/1445\/revisions\/1449"}],"wp:attachment":[{"href":"https:\/\/ferne-welten.com\/index.php?rest_route=%2Fwp%2Fv2%2Fmedia&parent=1445"}],"wp:term":[{"taxonomy":"category","embeddable":true,"href":"https:\/\/ferne-welten.com\/index.php?rest_route=%2Fwp%2Fv2%2Fcategories&post=1445"},{"taxonomy":"post_tag","embeddable":true,"href":"https:\/\/ferne-welten.com\/index.php?rest_route=%2Fwp%2Fv2%2Ftags&post=1445"}],"curies":[{"name":"wp","href":"https:\/\/api.w.org\/{rel}","templated":true}]}}