{"id":1453,"date":"2011-04-01T13:01:46","date_gmt":"2011-04-01T12:01:46","guid":{"rendered":"http:\/\/ferne-welten.com\/?p=1453"},"modified":"2017-04-30T13:03:30","modified_gmt":"2017-04-30T12:03:30","slug":"antisemitischer-angriff","status":"publish","type":"post","link":"https:\/\/ferne-welten.com\/?p=1453","title":{"rendered":"Antisemitischer Angriff"},"content":{"rendered":"<div class=\"content\">\n<p style=\"text-align: justify;\">W\u00e4hrend der Proteste gegen einen Naziaufmarsch, der am 26. M\u00e4rz in L\u00fcbeck stattfand,\u00a0<a href=\"http:\/\/www.youtube.com\/watch?v=JIFCoDcIjp8&amp;feature=related\">verpr\u00fcgelten\u00a0<\/a>nicht nur Polizisten Antifaschist_innen. Es kam zu einem weiteren Angriff, doch dieses Mal durch einen\u00a0\u201elinken\u201c\u00a0Antisemiten, der ebenfalls an der antifaschistischen Demonstration teilnahm. Der Antisemit griff den Vorsitzenden der J\u00fcdischen Gemeinde Pinneberg und seine Begleitung an, weil sie eine Fahne des israelischen Staates trugen, um gegen die Nazis zu demonstrieren. Die\u00a0\u201eLPG(A) L\u00f6wenzahn\u201c\u00a0des Senders\u00a0\u201eFSK Hamburg\u201c berichtet in einer\u00a0<a href=\"http:\/\/loewenzahn.blogsport.de\/2011\/03\/31\/zwei-verletzte-fsk-redakteurinnen-juedinnen-von-antifaschist-angegriffen-und-verletzt-polizei-setzt-medien-unter-druck\/\">Presseerkl\u00e4rung\u00a0<\/a>\u00fcber die Vorf\u00e4lle:<\/p>\n<p style=\"text-align: justify;\"><!--more--><\/p>\n<blockquote><p>Zudem wollen und m\u00fcssen wir Wolfgang Seibert, dem Vorsitzenden der j\u00fcdischen Gemeinde Pinneberg und seiner Begleiterin unsere volle Solidarit\u00e4t aussprechen. Beide wurden am Bahnhof durch einen \u201eAntifaschisten\u201c angegriffen und verletzt. Der Angreifer entriss den Gl\u00e4ubigen eine Israelfahne und zerbrach den Fahnenstock. Mit diesem schlug er auf die Beiden ein. Die Mitglieder der j\u00fcdischen Gemeinde trugen Beulen und eine Person nach derzeitigem Kenntnisstand eine Gehirnersch\u00fctterung davon.<\/p><\/blockquote>\n<p style=\"text-align: justify;\">Dort gibt es des Weiteren noch ein\u00a0<a href=\"http:\/\/loewenzahn.blogsport.de\/2011\/03\/29\/von-einer-gasgranate-von-einer-gestuermten-kirch-von-verletzten-verpruegelten-und-gedemuetigten-naziaufmarsch-in-luebeck-2011\/\">Interview\u00a0<\/a>mit einer Person zu h\u00f6ren, die ebenfalls angegriffen wurde. Sie schlie\u00dft mit dem Fazit:\u00a0\u201eEs ist ein Unding, dass man in der Bundesrepublik\u201c\u00a0mit Angriffen\u00a0\u201erechnen muss (\u2026). Da muss man versuchen, dem was entgegenzusetzen\u201c:<\/p>\n<blockquote><p>Und wir werden unsere Fahnen nicht einrollen, wir werden sie weiter tragen.<\/p><\/blockquote>\n<\/div>\n<a class=\"synved-social-button synved-social-button-share synved-social-size-32 synved-social-resolution-single synved-social-provider-facebook nolightbox\" data-provider=\"facebook\" target=\"_blank\" rel=\"nofollow\" title=\"Auf Facebook teilen\" href=\"https:\/\/www.facebook.com\/sharer.php?u=https%3A%2F%2Fferne-welten.com%2Findex.php%3Frest_route%3D%252Fwp%252Fv2%252Fposts%252F1453&#038;t=Antisemitischer%20Angriff&#038;s=100&#038;p&#091;url&#093;=https%3A%2F%2Fferne-welten.com%2Findex.php%3Frest_route%3D%252Fwp%252Fv2%252Fposts%252F1453&#038;p&#091;images&#093;&#091;0&#093;=&#038;p&#091;title&#093;=Antisemitischer%20Angriff\" style=\"font-size: 0px;width:32px;height:32px;margin:0;margin-bottom:5px;margin-right:5px\"><img loading=\"lazy\" decoding=\"async\" alt=\"Facebook\" title=\"Auf Facebook teilen\" class=\"synved-share-image synved-social-image synved-social-image-share\" width=\"32\" height=\"32\" style=\"display: inline;width:32px;height:32px;margin: 0;padding: 0;border: none;box-shadow: none\" src=\"https:\/\/ferne-welten.com\/wp-content\/plugins\/social-media-feather\/synved-social\/addons\/extra-icons\/image\/social\/circle\/64x64\/facebook.png\" \/><\/a><a class=\"synved-social-button synved-social-button-share synved-social-size-32 synved-social-resolution-single synved-social-provider-twitter nolightbox\" data-provider=\"twitter\" target=\"_blank\" rel=\"nofollow\" title=\"Auf Twitter teilen\" href=\"https:\/\/twitter.com\/intent\/tweet?url=https%3A%2F%2Fferne-welten.com%2Findex.php%3Frest_route%3D%252Fwp%252Fv2%252Fposts%252F1453&#038;text=Hey%20check%20this%20out\" style=\"font-size: 0px;width:32px;height:32px;margin:0;margin-bottom:5px;margin-right:5px\"><img loading=\"lazy\" decoding=\"async\" alt=\"twitter\" title=\"Auf Twitter teilen\" class=\"synved-share-image synved-social-image synved-social-image-share\" width=\"32\" height=\"32\" style=\"display: inline;width:32px;height:32px;margin: 0;padding: 0;border: none;box-shadow: none\" src=\"https:\/\/ferne-welten.com\/wp-content\/plugins\/social-media-feather\/synved-social\/addons\/extra-icons\/image\/social\/circle\/64x64\/twitter.png\" \/><\/a><a class=\"synved-social-button synved-social-button-share synved-social-size-32 synved-social-resolution-single synved-social-provider-reddit nolightbox\" data-provider=\"reddit\" target=\"_blank\" rel=\"nofollow\" title=\"Auf Reddit teilen\" href=\"https:\/\/www.reddit.com\/submit?url=https%3A%2F%2Fferne-welten.com%2Findex.php%3Frest_route%3D%252Fwp%252Fv2%252Fposts%252F1453&#038;title=Antisemitischer%20Angriff\" style=\"font-size: 0px;width:32px;height:32px;margin:0;margin-bottom:5px;margin-right:5px\"><img loading=\"lazy\" decoding=\"async\" alt=\"reddit\" title=\"Auf Reddit teilen\" class=\"synved-share-image synved-social-image synved-social-image-share\" width=\"32\" height=\"32\" style=\"display: inline;width:32px;height:32px;margin: 0;padding: 0;border: none;box-shadow: none\" src=\"https:\/\/ferne-welten.com\/wp-content\/plugins\/social-media-feather\/synved-social\/addons\/extra-icons\/image\/social\/circle\/64x64\/reddit.png\" \/><\/a><a class=\"synved-social-button synved-social-button-share synved-social-size-32 synved-social-resolution-single synved-social-provider-pinterest nolightbox\" data-provider=\"pinterest\" target=\"_blank\" rel=\"nofollow\" title=\"Auf Pinterest pinnen\" href=\"https:\/\/pinterest.com\/pin\/create\/button\/?url=https%3A%2F%2Fferne-welten.com%2Findex.php%3Frest_route%3D%252Fwp%252Fv2%252Fposts%252F1453&#038;media=&#038;description=Antisemitischer%20Angriff\" style=\"font-size: 0px;width:32px;height:32px;margin:0;margin-bottom:5px;margin-right:5px\"><img loading=\"lazy\" decoding=\"async\" alt=\"pinterest\" title=\"Auf Pinterest pinnen\" class=\"synved-share-image synved-social-image synved-social-image-share\" width=\"32\" height=\"32\" style=\"display: inline;width:32px;height:32px;margin: 0;padding: 0;border: none;box-shadow: none\" src=\"https:\/\/ferne-welten.com\/wp-content\/plugins\/social-media-feather\/synved-social\/addons\/extra-icons\/image\/social\/circle\/64x64\/pinterest.png\" \/><\/a><a class=\"synved-social-button synved-social-button-share synved-social-size-32 synved-social-resolution-single synved-social-provider-linkedin nolightbox\" data-provider=\"linkedin\" target=\"_blank\" rel=\"nofollow\" title=\"Auf Linkedin teilen\" href=\"https:\/\/www.linkedin.com\/shareArticle?mini=true&#038;url=https%3A%2F%2Fferne-welten.com%2Findex.php%3Frest_route%3D%252Fwp%252Fv2%252Fposts%252F1453&#038;title=Antisemitischer%20Angriff\" style=\"font-size: 0px;width:32px;height:32px;margin:0;margin-bottom:5px;margin-right:5px\"><img loading=\"lazy\" decoding=\"async\" alt=\"linkedin\" title=\"Auf Linkedin teilen\" class=\"synved-share-image synved-social-image synved-social-image-share\" width=\"32\" height=\"32\" style=\"display: inline;width:32px;height:32px;margin: 0;padding: 0;border: none;box-shadow: none\" src=\"https:\/\/ferne-welten.com\/wp-content\/plugins\/social-media-feather\/synved-social\/addons\/extra-icons\/image\/social\/circle\/64x64\/linkedin.png\" \/><\/a><a class=\"synved-social-button synved-social-button-share synved-social-size-32 synved-social-resolution-single synved-social-provider-tumblr nolightbox\" data-provider=\"tumblr\" target=\"_blank\" rel=\"nofollow\" title=\"\u00dcber Tumblr teilen\" href=\"https:\/\/tumblr.com\/share?s=&#038;v=3&#038;t=Antisemitischer%20Angriff&#038;u=https%3A%2F%2Fferne-welten.com%2Findex.php%3Frest_route%3D%252Fwp%252Fv2%252Fposts%252F1453\" style=\"font-size: 0px;width:32px;height:32px;margin:0;margin-bottom:5px;margin-right:5px\"><img loading=\"lazy\" decoding=\"async\" alt=\"tumblr\" title=\"\u00dcber Tumblr teilen\" class=\"synved-share-image synved-social-image synved-social-image-share\" width=\"32\" height=\"32\" style=\"display: inline;width:32px;height:32px;margin: 0;padding: 0;border: none;box-shadow: none\" src=\"https:\/\/ferne-welten.com\/wp-content\/plugins\/social-media-feather\/synved-social\/addons\/extra-icons\/image\/social\/circle\/64x64\/tumblr.png\" \/><\/a><a class=\"synved-social-button synved-social-button-share synved-social-size-32 synved-social-resolution-single synved-social-provider-mail nolightbox\" data-provider=\"mail\" rel=\"nofollow\" title=\"Link per Mail weiterleiten\" href=\"mailto:?subject=Antisemitischer%20Angriff&#038;body=Hey%20check%20this%20out:%20https%3A%2F%2Fferne-welten.com%2Findex.php%3Frest_route%3D%252Fwp%252Fv2%252Fposts%252F1453\" style=\"font-size: 0px;width:32px;height:32px;margin:0;margin-bottom:5px\"><img loading=\"lazy\" decoding=\"async\" alt=\"mail\" title=\"Link per Mail weiterleiten\" class=\"synved-share-image synved-social-image synved-social-image-share\" width=\"32\" height=\"32\" style=\"display: inline;width:32px;height:32px;margin: 0;padding: 0;border: none;box-shadow: none\" src=\"https:\/\/ferne-welten.com\/wp-content\/plugins\/social-media-feather\/synved-social\/addons\/extra-icons\/image\/social\/circle\/64x64\/mail.png\" \/><\/a>","protected":false},"excerpt":{"rendered":"<p>W\u00e4hrend der Proteste gegen einen Naziaufmarsch, der am 26. M\u00e4rz in L\u00fcbeck stattfand,\u00a0verpr\u00fcgelten\u00a0nicht nur Polizisten Antifaschist_innen. Es kam zu einem weiteren Angriff, doch dieses Mal durch einen\u00a0\u201elinken\u201c\u00a0Antisemiten, der ebenfalls an der antifaschistischen Demonstration teilnahm. Der Antisemit griff den Vorsitzenden der&#8230;<br \/><a class=\"read-more-button\" href=\"https:\/\/ferne-welten.com\/?p=1453\">Read more<\/a><\/p>\n","protected":false},"author":1,"featured_media":0,"comment_status":"open","ping_status":"open","sticky":false,"template":"","format":"standard","meta":{"footnotes":""},"categories":[359],"tags":[107,611,147,613,614,612],"class_list":["post-1453","post","type-post","status-publish","format-standard","hentry","category-eiskaltland","tag-antisemitismus","tag-fsk","tag-hamburg","tag-luebeck","tag-naziaufmarsch","tag-wolfgang-seibert"],"_links":{"self":[{"href":"https:\/\/ferne-welten.com\/index.php?rest_route=\/wp\/v2\/posts\/1453","targetHints":{"allow":["GET"]}}],"collection":[{"href":"https:\/\/ferne-welten.com\/index.php?rest_route=\/wp\/v2\/posts"}],"about":[{"href":"https:\/\/ferne-welten.com\/index.php?rest_route=\/wp\/v2\/types\/post"}],"author":[{"embeddable":true,"href":"https:\/\/ferne-welten.com\/index.php?rest_route=\/wp\/v2\/users\/1"}],"replies":[{"embeddable":true,"href":"https:\/\/ferne-welten.com\/index.php?rest_route=%2Fwp%2Fv2%2Fcomments&post=1453"}],"version-history":[{"count":1,"href":"https:\/\/ferne-welten.com\/index.php?rest_route=\/wp\/v2\/posts\/1453\/revisions"}],"predecessor-version":[{"id":1454,"href":"https:\/\/ferne-welten.com\/index.php?rest_route=\/wp\/v2\/posts\/1453\/revisions\/1454"}],"wp:attachment":[{"href":"https:\/\/ferne-welten.com\/index.php?rest_route=%2Fwp%2Fv2%2Fmedia&parent=1453"}],"wp:term":[{"taxonomy":"category","embeddable":true,"href":"https:\/\/ferne-welten.com\/index.php?rest_route=%2Fwp%2Fv2%2Fcategories&post=1453"},{"taxonomy":"post_tag","embeddable":true,"href":"https:\/\/ferne-welten.com\/index.php?rest_route=%2Fwp%2Fv2%2Ftags&post=1453"}],"curies":[{"name":"wp","href":"https:\/\/api.w.org\/{rel}","templated":true}]}}