{"id":1469,"date":"2011-02-14T13:19:41","date_gmt":"2011-02-14T12:19:41","guid":{"rendered":"http:\/\/ferne-welten.com\/?p=1469"},"modified":"2017-04-30T13:22:32","modified_gmt":"2017-04-30T12:22:32","slug":"ein-nazi-namens-makss","status":"publish","type":"post","link":"https:\/\/ferne-welten.com\/?p=1469","title":{"rendered":"Ein Nazi namens &#8222;Makss&#8220;"},"content":{"rendered":"<p style=\"text-align: justify;\">Jetzt ist er endg\u00fcltig dort angekommen, wohin es ihn schon immer zog. Die Rede ist vom\u00a0linken\u00a0Rapper\u00a0\u201eMakss Damage\u201c, der mit\u00a0Texten\u00a0wie\u00a0\u201eT\u00f6tet diese antideutschen Hurens\u00f6hne\u201c\u00a0das Herz des ein oder anderen Anti-Imperialisten erw\u00e4rmte. Mit Zeilen wie\u00a0\u201eLasst den David-Stern brennen, lasst ihren Zionismus untergehen\u201c, begeisterte er\u00a0linke\u00a0und andere Antisemiten. Der ehemalige SDAJler macht nun mit denjenigen Politik, die solche unverhohlene\u00a0Vernichtungsphantasien\u00a0ebenfalls propagieren. Aktuell sieht man\u00a0\u201eMakss Damage\u201c, der auf den Namen Julian F. h\u00f6rt, auf Youtube. Dort wird er vom\u00a0\u201eHitler von K\u00f6ln\u201c, dem\u00a0<a href=\"http:\/\/de.wikipedia.org\/wiki\/Axel_Reitz\">fanatischen Nazi Axel Reitz<\/a>, interviewt. Am 29.01.2011 beteiligte sich der Rapper bereits an einem\u00a0<a href=\"http:\/\/de.indymedia.org\/2011\/01\/299039.shtml\">Nazi-Aufmarsch in Wuppertal<\/a>.<\/p>\n<p style=\"text-align: justify;\"><!--more--><\/p>\n<p style=\"text-align: justify;\"><a href=\"http:\/\/ferne-welten.com\/wp-content\/uploads\/2017\/04\/makss3.jpg\"><img loading=\"lazy\" decoding=\"async\" class=\"aligncenter size-full wp-image-1471\" src=\"http:\/\/ferne-welten.com\/wp-content\/uploads\/2017\/04\/makss3.jpg\" alt=\"\" width=\"650\" height=\"299\" srcset=\"https:\/\/ferne-welten.com\/wp-content\/uploads\/2017\/04\/makss3.jpg 650w, https:\/\/ferne-welten.com\/wp-content\/uploads\/2017\/04\/makss3-300x138.jpg 300w\" sizes=\"auto, (max-width: 650px) 100vw, 650px\" \/><\/a><\/p>\n<p style=\"text-align: justify;\">Im Interview mit dem\u00a0\u201eFreien Netz Siegerland\u201c, einem Naziportal, nimmt\u00a0\u201eMakss Damage\u201c\u00a0kein Blatt vor den Mund. Der Deutsch-Rapper hetzt gegen Migrant_innen. Au\u00dferdem berichtet er \u00fcber seine Erfahrungen innerhalb der\u00a0\u201elinken Szene\u201c. Zur Freude der Nazis zieht\u00a0\u201eMakss\u201c\u00a0\u00fcber seine\u00a0ehemaligen Genoss_innen\u00a0aus verschiedensten K-Gruppen her. Dort bejammert er, dass\u00a0\u201edie Linken\u201c\u00a0keine\u00a0\u201estarken K\u00e4mpfer\u201c\u00a0seien und warnt vor den\u00a0\u201eAntideutschen\u201c, die den linken Nachwuchs agitieren w\u00fcrden.\u00a0\u201eDie Linke\u201c\u00a0sei\u00a0\u201eunkameradschaftlich\u201c, behauptet der Rapper.<\/p>\n<div id=\"attachment_1470\" style=\"width: 660px\" class=\"wp-caption aligncenter\"><img loading=\"lazy\" decoding=\"async\" aria-describedby=\"caption-attachment-1470\" class=\"wp-image-1470 size-full\" src=\"http:\/\/ferne-welten.com\/wp-content\/uploads\/2017\/04\/makss2.jpg\" alt=\"\" width=\"650\" height=\"285\" srcset=\"https:\/\/ferne-welten.com\/wp-content\/uploads\/2017\/04\/makss2.jpg 650w, https:\/\/ferne-welten.com\/wp-content\/uploads\/2017\/04\/makss2-300x132.jpg 300w\" sizes=\"auto, (max-width: 650px) 100vw, 650px\" \/><p id=\"caption-attachment-1470\" class=\"wp-caption-text\">Im Gespr\u00e4ch mit Axel Reitz<\/p><\/div>\n<p style=\"text-align: justify;\">\u201eMakss\u201c k\u00fcndigt au\u00dferdem\u00a0weitere musikalische Verbrechen an. Mit denen will er das\u00a0\u201enationale Element\u201c\u00a0noch st\u00e4rker betonen. Das wird seine neuen Kameraden sicherlich mit viel Freude erf\u00fcllen.\u00a0\u201eMakss Damage\u201c\u00a0Texte wiesen bereits vor seinem Auftritt als Rap-Nazi\u00a0reaktion\u00e4re, menschenveachtende und antisemitische Inhalte\u00a0auf. An diesen Inhalten wird sich daher nicht viel \u00e4ndern. Es d\u00fcrfte dem neuen Nazi nicht schwer fallen, weitere Texte zu verfassen, die als musikalische Untermalung f\u00fcr den ein oder anderen Nazi-Aufmarsch dienen<a href=\"http:\/\/eiskaltland.blogsport.eu\/files\/2014\/05\/makss3.jpg\"><br \/>\n<\/a><\/p>\n<a class=\"synved-social-button synved-social-button-share synved-social-size-32 synved-social-resolution-single synved-social-provider-facebook nolightbox\" data-provider=\"facebook\" target=\"_blank\" rel=\"nofollow\" title=\"Auf Facebook teilen\" href=\"https:\/\/www.facebook.com\/sharer.php?u=https%3A%2F%2Fferne-welten.com%2Findex.php%3Frest_route%3D%252Fwp%252Fv2%252Fposts%252F1469&#038;t=Ein%20Nazi%20namens%20%E2%80%9EMakss%E2%80%9C&#038;s=100&#038;p&#091;url&#093;=https%3A%2F%2Fferne-welten.com%2Findex.php%3Frest_route%3D%252Fwp%252Fv2%252Fposts%252F1469&#038;p&#091;images&#093;&#091;0&#093;=http%3A%2F%2Fferne-welten.com%2Fwp-content%2Fuploads%2F2017%2F04%2Fmakss3.jpg&#038;p&#091;title&#093;=Ein%20Nazi%20namens%20%E2%80%9EMakss%E2%80%9C\" style=\"font-size: 0px;width:32px;height:32px;margin:0;margin-bottom:5px;margin-right:5px\"><img loading=\"lazy\" decoding=\"async\" alt=\"Facebook\" title=\"Auf Facebook teilen\" class=\"synved-share-image synved-social-image synved-social-image-share\" width=\"32\" height=\"32\" style=\"display: inline;width:32px;height:32px;margin: 0;padding: 0;border: none;box-shadow: none\" src=\"https:\/\/ferne-welten.com\/wp-content\/plugins\/social-media-feather\/synved-social\/addons\/extra-icons\/image\/social\/circle\/64x64\/facebook.png\" \/><\/a><a class=\"synved-social-button synved-social-button-share synved-social-size-32 synved-social-resolution-single synved-social-provider-twitter nolightbox\" data-provider=\"twitter\" target=\"_blank\" rel=\"nofollow\" title=\"Auf Twitter teilen\" href=\"https:\/\/twitter.com\/intent\/tweet?url=https%3A%2F%2Fferne-welten.com%2Findex.php%3Frest_route%3D%252Fwp%252Fv2%252Fposts%252F1469&#038;text=Hey%20check%20this%20out\" style=\"font-size: 0px;width:32px;height:32px;margin:0;margin-bottom:5px;margin-right:5px\"><img loading=\"lazy\" decoding=\"async\" alt=\"twitter\" title=\"Auf Twitter teilen\" class=\"synved-share-image synved-social-image synved-social-image-share\" width=\"32\" height=\"32\" style=\"display: inline;width:32px;height:32px;margin: 0;padding: 0;border: none;box-shadow: none\" src=\"https:\/\/ferne-welten.com\/wp-content\/plugins\/social-media-feather\/synved-social\/addons\/extra-icons\/image\/social\/circle\/64x64\/twitter.png\" \/><\/a><a class=\"synved-social-button synved-social-button-share synved-social-size-32 synved-social-resolution-single synved-social-provider-reddit nolightbox\" data-provider=\"reddit\" target=\"_blank\" rel=\"nofollow\" title=\"Auf Reddit teilen\" href=\"https:\/\/www.reddit.com\/submit?url=https%3A%2F%2Fferne-welten.com%2Findex.php%3Frest_route%3D%252Fwp%252Fv2%252Fposts%252F1469&#038;title=Ein%20Nazi%20namens%20%E2%80%9EMakss%E2%80%9C\" style=\"font-size: 0px;width:32px;height:32px;margin:0;margin-bottom:5px;margin-right:5px\"><img loading=\"lazy\" decoding=\"async\" alt=\"reddit\" title=\"Auf Reddit teilen\" class=\"synved-share-image synved-social-image synved-social-image-share\" width=\"32\" height=\"32\" style=\"display: inline;width:32px;height:32px;margin: 0;padding: 0;border: none;box-shadow: none\" src=\"https:\/\/ferne-welten.com\/wp-content\/plugins\/social-media-feather\/synved-social\/addons\/extra-icons\/image\/social\/circle\/64x64\/reddit.png\" \/><\/a><a class=\"synved-social-button synved-social-button-share synved-social-size-32 synved-social-resolution-single synved-social-provider-pinterest nolightbox\" data-provider=\"pinterest\" target=\"_blank\" rel=\"nofollow\" title=\"Auf Pinterest pinnen\" href=\"https:\/\/pinterest.com\/pin\/create\/button\/?url=https%3A%2F%2Fferne-welten.com%2Findex.php%3Frest_route%3D%252Fwp%252Fv2%252Fposts%252F1469&#038;media=http%3A%2F%2Fferne-welten.com%2Fwp-content%2Fuploads%2F2017%2F04%2Fmakss3.jpg&#038;description=Ein%20Nazi%20namens%20%E2%80%9EMakss%E2%80%9C\" style=\"font-size: 0px;width:32px;height:32px;margin:0;margin-bottom:5px;margin-right:5px\"><img loading=\"lazy\" decoding=\"async\" alt=\"pinterest\" title=\"Auf Pinterest pinnen\" class=\"synved-share-image synved-social-image synved-social-image-share\" width=\"32\" height=\"32\" style=\"display: inline;width:32px;height:32px;margin: 0;padding: 0;border: none;box-shadow: none\" src=\"https:\/\/ferne-welten.com\/wp-content\/plugins\/social-media-feather\/synved-social\/addons\/extra-icons\/image\/social\/circle\/64x64\/pinterest.png\" \/><\/a><a class=\"synved-social-button synved-social-button-share synved-social-size-32 synved-social-resolution-single synved-social-provider-linkedin nolightbox\" data-provider=\"linkedin\" target=\"_blank\" rel=\"nofollow\" title=\"Auf Linkedin teilen\" href=\"https:\/\/www.linkedin.com\/shareArticle?mini=true&#038;url=https%3A%2F%2Fferne-welten.com%2Findex.php%3Frest_route%3D%252Fwp%252Fv2%252Fposts%252F1469&#038;title=Ein%20Nazi%20namens%20%E2%80%9EMakss%E2%80%9C\" style=\"font-size: 0px;width:32px;height:32px;margin:0;margin-bottom:5px;margin-right:5px\"><img loading=\"lazy\" decoding=\"async\" alt=\"linkedin\" title=\"Auf Linkedin teilen\" class=\"synved-share-image synved-social-image synved-social-image-share\" width=\"32\" height=\"32\" style=\"display: inline;width:32px;height:32px;margin: 0;padding: 0;border: none;box-shadow: none\" src=\"https:\/\/ferne-welten.com\/wp-content\/plugins\/social-media-feather\/synved-social\/addons\/extra-icons\/image\/social\/circle\/64x64\/linkedin.png\" \/><\/a><a class=\"synved-social-button synved-social-button-share synved-social-size-32 synved-social-resolution-single synved-social-provider-tumblr nolightbox\" data-provider=\"tumblr\" target=\"_blank\" rel=\"nofollow\" title=\"\u00dcber Tumblr teilen\" href=\"https:\/\/tumblr.com\/share?s=&#038;v=3&#038;t=Ein%20Nazi%20namens%20%E2%80%9EMakss%E2%80%9C&#038;u=https%3A%2F%2Fferne-welten.com%2Findex.php%3Frest_route%3D%252Fwp%252Fv2%252Fposts%252F1469\" style=\"font-size: 0px;width:32px;height:32px;margin:0;margin-bottom:5px;margin-right:5px\"><img loading=\"lazy\" decoding=\"async\" alt=\"tumblr\" title=\"\u00dcber Tumblr teilen\" class=\"synved-share-image synved-social-image synved-social-image-share\" width=\"32\" height=\"32\" style=\"display: inline;width:32px;height:32px;margin: 0;padding: 0;border: none;box-shadow: none\" src=\"https:\/\/ferne-welten.com\/wp-content\/plugins\/social-media-feather\/synved-social\/addons\/extra-icons\/image\/social\/circle\/64x64\/tumblr.png\" \/><\/a><a class=\"synved-social-button synved-social-button-share synved-social-size-32 synved-social-resolution-single synved-social-provider-mail nolightbox\" data-provider=\"mail\" rel=\"nofollow\" title=\"Link per Mail weiterleiten\" href=\"mailto:?subject=Ein%20Nazi%20namens%20%E2%80%9EMakss%E2%80%9C&#038;body=Hey%20check%20this%20out:%20https%3A%2F%2Fferne-welten.com%2Findex.php%3Frest_route%3D%252Fwp%252Fv2%252Fposts%252F1469\" style=\"font-size: 0px;width:32px;height:32px;margin:0;margin-bottom:5px\"><img loading=\"lazy\" decoding=\"async\" alt=\"mail\" title=\"Link per Mail weiterleiten\" class=\"synved-share-image synved-social-image synved-social-image-share\" width=\"32\" height=\"32\" style=\"display: inline;width:32px;height:32px;margin: 0;padding: 0;border: none;box-shadow: none\" src=\"https:\/\/ferne-welten.com\/wp-content\/plugins\/social-media-feather\/synved-social\/addons\/extra-icons\/image\/social\/circle\/64x64\/mail.png\" \/><\/a>","protected":false},"excerpt":{"rendered":"<p>Jetzt ist er endg\u00fcltig dort angekommen, wohin es ihn schon immer zog. Die Rede ist vom\u00a0linken\u00a0Rapper\u00a0\u201eMakss Damage\u201c, der mit\u00a0Texten\u00a0wie\u00a0\u201eT\u00f6tet diese antideutschen Hurens\u00f6hne\u201c\u00a0das Herz des ein oder anderen Anti-Imperialisten erw\u00e4rmte. Mit Zeilen wie\u00a0\u201eLasst den David-Stern brennen, lasst ihren Zionismus untergehen\u201c, begeisterte&#8230;<br \/><a class=\"read-more-button\" href=\"https:\/\/ferne-welten.com\/?p=1469\">Read more<\/a><\/p>\n","protected":false},"author":1,"featured_media":0,"comment_status":"open","ping_status":"open","sticky":false,"template":"","format":"standard","meta":{"footnotes":""},"categories":[359],"tags":[107,630,629,287,351,182,631],"class_list":["post-1469","post","type-post","status-publish","format-standard","hentry","category-eiskaltland","tag-antisemitismus","tag-antizionismus","tag-axel-reitz","tag-israel","tag-makss-damage","tag-sdaj","tag-wuppertal"],"_links":{"self":[{"href":"https:\/\/ferne-welten.com\/index.php?rest_route=\/wp\/v2\/posts\/1469","targetHints":{"allow":["GET"]}}],"collection":[{"href":"https:\/\/ferne-welten.com\/index.php?rest_route=\/wp\/v2\/posts"}],"about":[{"href":"https:\/\/ferne-welten.com\/index.php?rest_route=\/wp\/v2\/types\/post"}],"author":[{"embeddable":true,"href":"https:\/\/ferne-welten.com\/index.php?rest_route=\/wp\/v2\/users\/1"}],"replies":[{"embeddable":true,"href":"https:\/\/ferne-welten.com\/index.php?rest_route=%2Fwp%2Fv2%2Fcomments&post=1469"}],"version-history":[{"count":1,"href":"https:\/\/ferne-welten.com\/index.php?rest_route=\/wp\/v2\/posts\/1469\/revisions"}],"predecessor-version":[{"id":1472,"href":"https:\/\/ferne-welten.com\/index.php?rest_route=\/wp\/v2\/posts\/1469\/revisions\/1472"}],"wp:attachment":[{"href":"https:\/\/ferne-welten.com\/index.php?rest_route=%2Fwp%2Fv2%2Fmedia&parent=1469"}],"wp:term":[{"taxonomy":"category","embeddable":true,"href":"https:\/\/ferne-welten.com\/index.php?rest_route=%2Fwp%2Fv2%2Fcategories&post=1469"},{"taxonomy":"post_tag","embeddable":true,"href":"https:\/\/ferne-welten.com\/index.php?rest_route=%2Fwp%2Fv2%2Ftags&post=1469"}],"curies":[{"name":"wp","href":"https:\/\/api.w.org\/{rel}","templated":true}]}}