{"id":1476,"date":"2011-02-05T13:24:34","date_gmt":"2011-02-05T12:24:34","guid":{"rendered":"http:\/\/ferne-welten.com\/?p=1476"},"modified":"2017-04-30T13:27:22","modified_gmt":"2017-04-30T12:27:22","slug":"erinnerungen-des-erzoberlenkers","status":"publish","type":"post","link":"https:\/\/ferne-welten.com\/?p=1476","title":{"rendered":"Erinnerungen des Erzoberlenkers"},"content":{"rendered":"<p style=\"text-align: justify;\">Seine Erinnerungen an eine\u00a0\u201eLebensbegegnung\u201c findet sich in vielen B\u00fccherregalen von Anthroposophinnen und Anthroposophen. Aktuell werden sie unter anderem in der Waldorf-Zeitschrift\u00a0\u201eErziehungskunst\u201c(02\/11) beworben. Die Erinnerungen\u00a0<a href=\"http:\/\/de.wikipedia.org\/wiki\/Friedrich_Rittelmeyer\">Friedrich Rittelmeyers<\/a>\u00a0\u2013\u00a0ein evangelischer Pfarrer, der sich zum Anh\u00e4nger Steiners mauserte und zum ersten\u00a0\u201eErzoberlenker\u201c\u00a0der anthroposophischen, neugnostisch-esoterischen\u00a0\u201eChristengemeinschaft\u201c\u00a0wurde \u2013 werden seit Jahrzehnten vertrieben. Der Verlag\u00a0\u201eUrachhaus\u201csieht in dem Buch eine M\u00f6glichkeit, sich\u00a0\u201eein besonders authentisches Bild\u201c\u00a0\u00fcber\u00a0Rudolf Steiner\u00a0zu verschaffen.<\/p>\n<p style=\"text-align: justify;\"><!--more--><\/p>\n<p style=\"text-align: justify;\">Steiner ist bis heute die bestimmende theoretische Gr\u00f6\u00dfe, der die P\u00e4dagogik an Waldorfschulen und die Praxis auf Bio-\u201eDemeter\u201c-H\u00f6fen bestimmt. Das Buch sei eine\u00a0\u201eFundgrube f\u00fcr alle, die sich um ein lebensnahes Bild Steiners bem\u00fchen\u201c, hei\u00dft es in der Verlagswerbung. So warf ich einen Blick in das Buch, um mir\u00a0ein\u00a0\u201eganz authentisches Bild\u201c\u00a0zu machen.<\/p>\n<p style=\"text-align: justify;\">Friedrich Rittelmeyer, der Autor des biographischen Buches, ver\u00f6ffentlichte im \u00dcbrigen bis in die 40er Jahre des letzten Jahrhunderts anthroposophische Titel, die so launige Namen wie\u00a0\u201eDeutschtum\u201c\u00a0(1934), \u201eDer Deutsche in seiner Weltaufgabe zwischen Ru\u00dfland und Amerika\u201c\u00a0(1932) oder\u00a0\u201eRudolf Steiner als F\u00fchrer zu neuem Christentum\u201c\u00a0(1933) tragen. In der\u00a0\u201eLebensbegegnung mit Rudolf Steiner\u201c(1928) findet sich ebenfalls die Begeisterung f\u00fcr das\u00a0\u201eDeutschtum\u201c\u00a0und die\u00a0\u201edeutsche Weltaufgabe\u201c. Den v\u00f6lkischen Jargon kann man auch in Rittelmeyers Erinnerungen entdecken.<\/p>\n<p style=\"text-align: justify;\">In seinem Buch schildert der\u00a0\u201eErzoberlenker\u201c\u00a0Friedrich Rittelmeyer die Vortr\u00e4ge, die Steiner w\u00e4hrend des Ersten Weltkriegs hielt. F\u00fcr ihn war Steiner ein Mensch, der eine\u00a0\u201eLiebe\u201c\u00a0zur\u00a0\u201edeutschen Weltaufgabe\u201c\u00a0vermittelte<\/p>\n<blockquote>\n<p style=\"text-align: justify;\">\u201eNie habe ich ihn durch die Kriegsjahre hindurch einen intimen Vortrag halten h\u00f6ren, ohne das er die Gedanken aller Zuh\u00f6rer auf die drau\u00dfen K\u00e4mpfenden und auf die Gefallenen gerichtet worden w\u00e4re. (\u2026) Seine Liebe geh\u00f6rte der deutschen Weltaufgabe, aber es war eine Liebe der Hoffnung und der Sorge (\u2026)\u201c.<\/p>\n<\/blockquote>\n<p style=\"text-align: justify;\">So erinnerte sich Rittelmeyer. Er begeisterte sich in seinem Buch f\u00fcr den Nationalismus Rudolf Steiners, den er f\u00fcr einen\u00a0\u201eMenschheitsf\u00fchrer\u201c\u00a0h\u00e4lt. \u201eWenn ich nach den Wirkungen\u201c\u00a0seiner Vortr\u00e4ge\u00a0\u201eurteilen soll, die sie auf mich selbst gehabt haben\u201c:<\/p>\n<blockquote>\n<p style=\"text-align: justify;\">In ihnen war alles da, was das junge deutsche Herz mit aller Begeisterung erf\u00fcllen konnte (\u2026), was ihnen sittlichen Dauerhalt geben konnte (\u2026), aus der allein die deutsche Kraft geboren wird (\u2026). Das unruhige Geflacker des Nationalismus wurde zur heiligen Flamme, in der das Licht aber auch das der Opfer gl\u00fchte.\u201c<\/p>\n<p style=\"text-align: justify;\">\u201eSeine Liebe zum Deutschtum, ganz unverblendet und geistgeboren, blieb sich v\u00f6llig gleich\u201c.<\/p>\n<\/blockquote>\n<p style=\"text-align: justify;\">Steiners\u00a0\u201eLiebe zum Deutschtum\u201c\u00a0und zur\u00a0\u201edeutschen Weltaufgabe\u201c, die sein J\u00fcnger Friedrich Rittelmeyer mit Begeisterung beschreibt, verdeutlichen\u00a0den\u00a0v\u00f6lkischen Wahn, dem die Vordenker der Anthroposophie verfallen waren. Vielleicht erkl\u00e4rt dieser Wahn andere Ideen Steiners, die von Friedrich Rittelmeyer geschildert werden.<\/p>\n<p style=\"text-align: justify;\">Irgendwann nach dem Ersten Weltkrieg, wenige Jahre vor dem Tod Steiners, kam es zu einem Treffen im\u00a0\u201eGoetheanum\u201c, dem\u00a0<a href=\"http:\/\/anonym.to\/?http:\/\/wiki.anthroposophie.net\/Goetheanum\">anthroposophischen Wallfahrtsort<\/a>\u00a0in Dornach (Schweiz). Dort arbeitete Rudolf Steiner gerade an einer Holzplastik, die einen\u00a0<a href=\"http:\/\/anonym.to\/?http:\/\/anthroposophie.net\/lexikon\/db.php?id=66&amp;select=&amp;%23038;R1=hilyyotgrgwamohe\">anthroposophischen Christus<\/a>\u00a0darstellen sollte. Die beiden anthroposophischen Vordenker debattierten an dieser Stelle \u00fcber die\u00a0\u201esemitischen\u201c\u00a0Hintergr\u00fcnde, \u00fcber die Rudolf Steiner seinen J\u00fcnger aufkl\u00e4rte: Lediglich\u00a0\u201edie Partie um Mund und Kinn\u201c\u00a0sei\u00a0\u201esemitisch\u201c,\u00a0\u201edas Obere\u201c\u00a0sei\u00a0\u201earisch\u201c.<\/p>\n<p style=\"text-align: justify;\">Ansonsten liest sich das Buch wie eine plumpe Heldengeschichte um Rudolf Steiner, den Rittelmeyer zum anthroposophischen Superman stilisiert. Steiner ist f\u00fcr Rittelmeyer ein\u00a0\u201eMenschheitsf\u00fchrer\u201c\u00a0und allen anderen Menschen \u00fcberlegen. Der namenlose konkurierende\u00a0\u201eArbeiterf\u00fchrer\u201c\u00a0wird beispielsweise\u00a0\u201eso umgelegt, da\u00df er den Saal verlie\u00df und drau\u00dfen weinte\u201c.<\/p>\n<p style=\"text-align: justify;\">So zumindest Friedrich Rittelmeyer in seinen Lebenserinnerungen an Rudolf Steiner, die \u2013 wenn man dem anthroposophischen Verlag\u00a0<a href=\"http:\/\/anonym.to\/?http:\/\/www.geistesleben.de\/buecher\/9783825175771\/meine-lebensbegegnung-mit-rudolf-steiner\">glauben will<\/a>\u00a0\u2013 ja eine\u00a0\u201eFundgrube f\u00fcr alle\u201c\u00a0sind,\u00a0\u201edie sich um ein lebensnahes Bild Steiners bem\u00fchen\u201c.\u00a0Diese\u00a0\u201eFundgrube\u201c\u00a0zeigt das v\u00f6lkische Denken Steiners deutlich auf.<\/p>\n<p style=\"text-align: justify;\">Solche Ideen scheinen die heutigen Anthroposophinnen und Anthroposophen allerdings nicht zu st\u00f6ren. Wie sonst sollte man erkl\u00e4ren, dass die Erinnerungen immer wieder neu aufgelegt und in der aktuellen Ausgabe der\u00a0\u201eErziehungskunst\u201c beworben werden, damit m\u00f6glichst viele Waldorfp\u00e4dagoginnen und P\u00e4dagogen sowie irgendwelche anderen Fans der\u00a0Anthroposophie, sich ein\u00a0\u201elebensnahes Bild\u201c\u00a0\u00fcber den Gr\u00fcnder der Waldorfschulen verschaffen k\u00f6nnen.<\/p>\n<p style=\"text-align: justify;\">Eine Kritik an dem v\u00f6lkischen Wahn wird man weder im Buch, noch in der\u00a0\u201eErziehungskunst\u201c\u00a0entdecken, die das Machwerk des Friedrich Rittelmeyer bewirbt. Bis\u00a0heute scheint die \u00fcberwiegende Mehrheit der Anthroposophinnen und Anthroposophen kein Problem mit Steiners\u00a0\u201eLiebe zum Deutschtum\u201c\u00a0oder den Theorien Friedrich Rittelmeyers zu haben. Wie sollen sie auch den Wahn erkennen, den sie selbst noch teilen.<\/p>\n<h4 style=\"text-align: center;\"><em>Quelle f\u00fcr alle Rittelmeyer-Zitate: \u201eMeine Lebensbegegnung mit Rudolf Steiner\u201c. Urachhaus Verlag. Stuttgart. 1970. Seite 52 ff.<\/em><\/h4>\n<a class=\"synved-social-button synved-social-button-share synved-social-size-32 synved-social-resolution-single synved-social-provider-facebook nolightbox\" data-provider=\"facebook\" target=\"_blank\" rel=\"nofollow\" title=\"Auf Facebook teilen\" href=\"https:\/\/www.facebook.com\/sharer.php?u=https%3A%2F%2Fferne-welten.com%2Findex.php%3Frest_route%3D%252Fwp%252Fv2%252Fposts%252F1476&#038;t=Erinnerungen%20des%20Erzoberlenkers&#038;s=100&#038;p&#091;url&#093;=https%3A%2F%2Fferne-welten.com%2Findex.php%3Frest_route%3D%252Fwp%252Fv2%252Fposts%252F1476&#038;p&#091;images&#093;&#091;0&#093;=&#038;p&#091;title&#093;=Erinnerungen%20des%20Erzoberlenkers\" style=\"font-size: 0px;width:32px;height:32px;margin:0;margin-bottom:5px;margin-right:5px\"><img loading=\"lazy\" decoding=\"async\" alt=\"Facebook\" title=\"Auf Facebook teilen\" class=\"synved-share-image synved-social-image synved-social-image-share\" width=\"32\" height=\"32\" style=\"display: inline;width:32px;height:32px;margin: 0;padding: 0;border: none;box-shadow: none\" src=\"https:\/\/ferne-welten.com\/wp-content\/plugins\/social-media-feather\/synved-social\/addons\/extra-icons\/image\/social\/circle\/64x64\/facebook.png\" \/><\/a><a class=\"synved-social-button synved-social-button-share synved-social-size-32 synved-social-resolution-single synved-social-provider-twitter nolightbox\" data-provider=\"twitter\" target=\"_blank\" rel=\"nofollow\" title=\"Auf Twitter teilen\" href=\"https:\/\/twitter.com\/intent\/tweet?url=https%3A%2F%2Fferne-welten.com%2Findex.php%3Frest_route%3D%252Fwp%252Fv2%252Fposts%252F1476&#038;text=Hey%20check%20this%20out\" style=\"font-size: 0px;width:32px;height:32px;margin:0;margin-bottom:5px;margin-right:5px\"><img loading=\"lazy\" decoding=\"async\" alt=\"twitter\" title=\"Auf Twitter teilen\" class=\"synved-share-image synved-social-image synved-social-image-share\" width=\"32\" height=\"32\" style=\"display: inline;width:32px;height:32px;margin: 0;padding: 0;border: none;box-shadow: none\" src=\"https:\/\/ferne-welten.com\/wp-content\/plugins\/social-media-feather\/synved-social\/addons\/extra-icons\/image\/social\/circle\/64x64\/twitter.png\" \/><\/a><a class=\"synved-social-button synved-social-button-share synved-social-size-32 synved-social-resolution-single synved-social-provider-reddit nolightbox\" data-provider=\"reddit\" target=\"_blank\" rel=\"nofollow\" title=\"Auf Reddit teilen\" href=\"https:\/\/www.reddit.com\/submit?url=https%3A%2F%2Fferne-welten.com%2Findex.php%3Frest_route%3D%252Fwp%252Fv2%252Fposts%252F1476&#038;title=Erinnerungen%20des%20Erzoberlenkers\" style=\"font-size: 0px;width:32px;height:32px;margin:0;margin-bottom:5px;margin-right:5px\"><img loading=\"lazy\" decoding=\"async\" alt=\"reddit\" title=\"Auf Reddit teilen\" class=\"synved-share-image synved-social-image synved-social-image-share\" width=\"32\" height=\"32\" style=\"display: inline;width:32px;height:32px;margin: 0;padding: 0;border: none;box-shadow: none\" src=\"https:\/\/ferne-welten.com\/wp-content\/plugins\/social-media-feather\/synved-social\/addons\/extra-icons\/image\/social\/circle\/64x64\/reddit.png\" \/><\/a><a class=\"synved-social-button synved-social-button-share synved-social-size-32 synved-social-resolution-single synved-social-provider-pinterest nolightbox\" data-provider=\"pinterest\" target=\"_blank\" rel=\"nofollow\" title=\"Auf Pinterest pinnen\" href=\"https:\/\/pinterest.com\/pin\/create\/button\/?url=https%3A%2F%2Fferne-welten.com%2Findex.php%3Frest_route%3D%252Fwp%252Fv2%252Fposts%252F1476&#038;media=&#038;description=Erinnerungen%20des%20Erzoberlenkers\" style=\"font-size: 0px;width:32px;height:32px;margin:0;margin-bottom:5px;margin-right:5px\"><img loading=\"lazy\" decoding=\"async\" alt=\"pinterest\" title=\"Auf Pinterest pinnen\" class=\"synved-share-image synved-social-image synved-social-image-share\" width=\"32\" height=\"32\" style=\"display: inline;width:32px;height:32px;margin: 0;padding: 0;border: none;box-shadow: none\" src=\"https:\/\/ferne-welten.com\/wp-content\/plugins\/social-media-feather\/synved-social\/addons\/extra-icons\/image\/social\/circle\/64x64\/pinterest.png\" \/><\/a><a class=\"synved-social-button synved-social-button-share synved-social-size-32 synved-social-resolution-single synved-social-provider-linkedin nolightbox\" data-provider=\"linkedin\" target=\"_blank\" rel=\"nofollow\" title=\"Auf Linkedin teilen\" href=\"https:\/\/www.linkedin.com\/shareArticle?mini=true&#038;url=https%3A%2F%2Fferne-welten.com%2Findex.php%3Frest_route%3D%252Fwp%252Fv2%252Fposts%252F1476&#038;title=Erinnerungen%20des%20Erzoberlenkers\" style=\"font-size: 0px;width:32px;height:32px;margin:0;margin-bottom:5px;margin-right:5px\"><img loading=\"lazy\" decoding=\"async\" alt=\"linkedin\" title=\"Auf Linkedin teilen\" class=\"synved-share-image synved-social-image synved-social-image-share\" width=\"32\" height=\"32\" style=\"display: inline;width:32px;height:32px;margin: 0;padding: 0;border: none;box-shadow: none\" src=\"https:\/\/ferne-welten.com\/wp-content\/plugins\/social-media-feather\/synved-social\/addons\/extra-icons\/image\/social\/circle\/64x64\/linkedin.png\" \/><\/a><a class=\"synved-social-button synved-social-button-share synved-social-size-32 synved-social-resolution-single synved-social-provider-tumblr nolightbox\" data-provider=\"tumblr\" target=\"_blank\" rel=\"nofollow\" title=\"\u00dcber Tumblr teilen\" href=\"https:\/\/tumblr.com\/share?s=&#038;v=3&#038;t=Erinnerungen%20des%20Erzoberlenkers&#038;u=https%3A%2F%2Fferne-welten.com%2Findex.php%3Frest_route%3D%252Fwp%252Fv2%252Fposts%252F1476\" style=\"font-size: 0px;width:32px;height:32px;margin:0;margin-bottom:5px;margin-right:5px\"><img loading=\"lazy\" decoding=\"async\" alt=\"tumblr\" title=\"\u00dcber Tumblr teilen\" class=\"synved-share-image synved-social-image synved-social-image-share\" width=\"32\" height=\"32\" style=\"display: inline;width:32px;height:32px;margin: 0;padding: 0;border: none;box-shadow: none\" src=\"https:\/\/ferne-welten.com\/wp-content\/plugins\/social-media-feather\/synved-social\/addons\/extra-icons\/image\/social\/circle\/64x64\/tumblr.png\" \/><\/a><a class=\"synved-social-button synved-social-button-share synved-social-size-32 synved-social-resolution-single synved-social-provider-mail nolightbox\" data-provider=\"mail\" rel=\"nofollow\" title=\"Link per Mail weiterleiten\" href=\"mailto:?subject=Erinnerungen%20des%20Erzoberlenkers&#038;body=Hey%20check%20this%20out:%20https%3A%2F%2Fferne-welten.com%2Findex.php%3Frest_route%3D%252Fwp%252Fv2%252Fposts%252F1476\" style=\"font-size: 0px;width:32px;height:32px;margin:0;margin-bottom:5px\"><img loading=\"lazy\" decoding=\"async\" alt=\"mail\" title=\"Link per Mail weiterleiten\" class=\"synved-share-image synved-social-image synved-social-image-share\" width=\"32\" height=\"32\" style=\"display: inline;width:32px;height:32px;margin: 0;padding: 0;border: none;box-shadow: none\" src=\"https:\/\/ferne-welten.com\/wp-content\/plugins\/social-media-feather\/synved-social\/addons\/extra-icons\/image\/social\/circle\/64x64\/mail.png\" \/><\/a>","protected":false},"excerpt":{"rendered":"<p>Seine Erinnerungen an eine\u00a0\u201eLebensbegegnung\u201c findet sich in vielen B\u00fccherregalen von Anthroposophinnen und Anthroposophen. Aktuell werden sie unter anderem in der Waldorf-Zeitschrift\u00a0\u201eErziehungskunst\u201c(02\/11) beworben. Die Erinnerungen\u00a0Friedrich Rittelmeyers\u00a0\u2013\u00a0ein evangelischer Pfarrer, der sich zum Anh\u00e4nger Steiners mauserte und zum ersten\u00a0\u201eErzoberlenker\u201c\u00a0der anthroposophischen, neugnostisch-esoterischen\u00a0\u201eChristengemeinschaft\u201c\u00a0wurde \u2013 werden&#8230;<br \/><a class=\"read-more-button\" href=\"https:\/\/ferne-welten.com\/?p=1476\">Read more<\/a><\/p>\n","protected":false},"author":1,"featured_media":0,"comment_status":"open","ping_status":"open","sticky":false,"template":"","format":"standard","meta":{"footnotes":""},"categories":[359,79],"tags":[303,633,80,635,363,109,636],"class_list":["post-1476","post","type-post","status-publish","format-standard","hentry","category-eiskaltland","category-mythen","tag-anti-amerikanismus","tag-erziehungskunst","tag-esoterik","tag-friedrich-rittel","tag-nationalismus","tag-rudolf-steiner","tag-voelkischer-irrationalismus"],"_links":{"self":[{"href":"https:\/\/ferne-welten.com\/index.php?rest_route=\/wp\/v2\/posts\/1476","targetHints":{"allow":["GET"]}}],"collection":[{"href":"https:\/\/ferne-welten.com\/index.php?rest_route=\/wp\/v2\/posts"}],"about":[{"href":"https:\/\/ferne-welten.com\/index.php?rest_route=\/wp\/v2\/types\/post"}],"author":[{"embeddable":true,"href":"https:\/\/ferne-welten.com\/index.php?rest_route=\/wp\/v2\/users\/1"}],"replies":[{"embeddable":true,"href":"https:\/\/ferne-welten.com\/index.php?rest_route=%2Fwp%2Fv2%2Fcomments&post=1476"}],"version-history":[{"count":1,"href":"https:\/\/ferne-welten.com\/index.php?rest_route=\/wp\/v2\/posts\/1476\/revisions"}],"predecessor-version":[{"id":1477,"href":"https:\/\/ferne-welten.com\/index.php?rest_route=\/wp\/v2\/posts\/1476\/revisions\/1477"}],"wp:attachment":[{"href":"https:\/\/ferne-welten.com\/index.php?rest_route=%2Fwp%2Fv2%2Fmedia&parent=1476"}],"wp:term":[{"taxonomy":"category","embeddable":true,"href":"https:\/\/ferne-welten.com\/index.php?rest_route=%2Fwp%2Fv2%2Fcategories&post=1476"},{"taxonomy":"post_tag","embeddable":true,"href":"https:\/\/ferne-welten.com\/index.php?rest_route=%2Fwp%2Fv2%2Ftags&post=1476"}],"curies":[{"name":"wp","href":"https:\/\/api.w.org\/{rel}","templated":true}]}}