{"id":1478,"date":"2011-01-24T13:33:21","date_gmt":"2011-01-24T12:33:21","guid":{"rendered":"http:\/\/ferne-welten.com\/?p=1478"},"modified":"2017-04-30T13:34:24","modified_gmt":"2017-04-30T12:34:24","slug":"die-konferenz-des-infokriegers","status":"publish","type":"post","link":"https:\/\/ferne-welten.com\/?p=1478","title":{"rendered":"Die Konferenz des Infokriegers"},"content":{"rendered":"<p style=\"text-align: justify;\">Jens Blecker hat sich ein hohes Ziel gesetzt. Er m\u00f6chte mit dem dritten\u00a0\u201eKongress der unabh\u00e4ngigen Medien\u201c, der am 02.04.2011 in Hannover stattfinden soll,\u00a0\u201ePionierarbeit\u201c\u00a0leisten. Der Kongress ist nur ein Teil des\u00a0\u201eInformationskriegs\u201c,\u00a0dem sich der\u00a0\u201eInfokrieger\u201c\u00a0aus Helmstedt verschrieben hat.<\/p>\n<p style=\"text-align: justify;\"><!--more--><\/p>\n<p style=\"text-align: justify;\">Jens Blecker, der Hauptorganisator des Verschw\u00f6rungs-Kongress, ist Betreiber der\u00a0<a href=\"http:\/\/anonym.to\/?http:\/\/www.infokriegernews.de\/\">Internetseite<\/a>\u00a0\u201eInfokrieger News\u201c. Dort widmet sich der\u00a0\u201eselbstst\u00e4ndige Einzelhandelskaufmann\u201c\u00a0etwa vermeintlichen UFOs in China, dem 11. September 2001, der Klimaver\u00e4nderung und vielen anderen Ereignissen, die er verschw\u00f6rerisch verkl\u00e4rt.\u00a0Blecker glaubt, dass geheime M\u00e4chte im Verborgenen agieren, um die Menschen mit Desinformationen zu t\u00e4uschen, w\u00e4hrend Blecker und seine Kumpanen die\u00a0\u201ewahren Hintergr\u00fcnde\u201c\u00a0kennen w\u00fcrden. Wie andere Verschw\u00f6rungstheoretiker macht Blecker jene\u00a0\u201eVerantwortlichen um Verborgenen\u201c\u00a0f\u00fcr bestimmte historische Ereignisse, etwa die m\u00f6rderischen Anschl\u00e4ge des 11. September 2001, verantwortlich. Neben dieser bekannten Verschw\u00f6rungstheorie gibt es nat\u00fcrlich auch noch weitere Themen, die dem \u201eInfokrieger\u201c\u00a0am Herzen liegen.<\/p>\n<p style=\"text-align: justify;\">Da w\u00e4re zum Beispiel jeder Versuch einer geschlechtsneutralen Sprache. F\u00fcr Blecker sind sprachliche Regelungen \u2013 wie zum Beispiel das Binnen-I \u2013 gar ein\u00a0\u201eAngriff auf die Individualit\u00e4t der Menschen\u201c. Blecker geht es eher um angebliche\u00a0\u201eMerkmale\u201c\u00a0zwischen den biologischen Geschlechtern:\u00a0\u201eJedes Geschlecht hat seine spezifischen Merkmale. So sind Frauen eher gef\u00fchlvoll und sinnlich wogegen M\u00e4nnlichkeit eher f\u00fcr Praktisches und Maskulines steht\u201c. Diese angeblichen\u00a0\u201eMerkmale\u201c\u00a0sieht der\u00a0\u201eInfokrieger\u201c\u00a0durch\u00a0\u201eGendering\u201c\u00a0bedroht. Ein\u00a0\u201eIrrsinn\u201c, befindet Blecker, um einen anti-feministischen Rollback einzufordern. In seiner Welt sollen\u00a0\u201eFrauen\u201c\u00a0als\u00a0\u201edie emotionale St\u00fctze einer jeden Familie\u201c\u00a0funktionieren,\u00a0\u201ewogegen die M\u00e4nner andere und eher rustikale Aufgaben erf\u00fcllen\u201c.<\/p>\n<p style=\"text-align: justify;\">Es sind die Theorien anderer\u00a0\u201eM\u00e4nner\u201c, die Jens Blecker am Herzen liegen. Regelm\u00e4\u00dfig ver\u00f6ffentlicht der \u201eInfokrieger\u201c etwa die antisemitischen Reden des iranischen Pr\u00e4sidenten Ahmadinedschad. Die Theorien des\u00a0nationalistischen Verschw\u00f6rungsideologen Alex Jones, der Neonazis f\u00fcr eine Erfindung des britischen Geheimdienstes\u00a0h\u00e4lt, finden sich ebenfalls auf der Internetseite des Jens Blecker. Eine andere Ikone ist der englische Abgeordnete des Europ\u00e4ischen Parlaments,\u00a0<a href=\"http:\/\/reflexion.blogsport.de\/2010\/07\/13\/die-konferenz-der-anti-europaeer\/\">Nigel Farage<\/a>, dessen\u00a0\u201eUnited Kingdom Independent Party\u201c\u00a0(UKIP) vor allem mit anti-europ\u00e4ischen, nationalistischen und rassistischen Parolen auf W\u00e4hler_innenfang geht. Farages Reden vor dem Europ\u00e4ischen Parlament werden auf Bleckers Seite beworben. Daf\u00fcr stehen andere Politiker_innen in der Gunst des\u00a0\u201eInfokriegers\u201c\u00a0ganz unten: Dem deutschen Bundesfinanzminister Wolfgang Sch\u00e4uble wirft Blecker beispielsweise vor, dass er f\u00fcr\u00a0\u201edie Abschaffung Deutschlands\u201c\u00a0eintreten w\u00fcrde. Blecker sieht hier\u00a0\u201ealle Voraussetzungen f\u00fcr einen Hochverrat\u201cgegeben.<\/p>\n<p style=\"text-align: justify;\">Dem\u00a0\u201eInfokrieger\u201c\u00a0Blecker geht es auch um Deutschland, das er von allen Seiten bedroht sieht. Da w\u00e4ren die eigenen Politiker_innen wie Wolfgang Sch\u00e4uble, die Deutschland angeblich an die Europ\u00e4ische Union\u201everschachern\u201c. Ein Umstand, der den\u00a0\u201eInfokrieger\u201c\u00a0aus Helmstadt in Rage bringt. Noch mehr erregt Blecker allerdings die israelische Politik. Der\u00a0\u201eInfokrieger\u201c\u00a0behauptet, dass sich Israel\u00a0\u201eunglaublicher Verbrechen gegen die Menschlichkeit schuldig gemacht\u201c\u00a0h\u00e4tte. Um diese\u00a0\u201eVerbrechen\u201c\u00a0zu vertuschen, w\u00fcrde\u00a0\u201edie Vergangenheit rausgeholt und kochendhei\u00df serviert\u201c. Seine anti-israelische Hetze ver\u00f6ffentlicht Blecker ebenfalls auf seiner Internetseite. Dort liest man\u00a0auch von der\u00a0\u201eKollektivschuld\u201c, unter der Deutschland angeblich\u00a0\u201eleidet\u201c.<\/p>\n<p style=\"text-align: justify;\">Dort erfahren die staunenden Leser_innen von dem geheimen\u00a0\u201eZiel\u201c\u00a0der Bundesregierung, das den Wahn des\u201eInfokriegers\u201c\u00a0verdeutlichen:\u00a0\u201e(Noch geheim gehaltenes) Ziel unserer Regierung ist die De-Industrialisierung Deutschlands und die Umerziehung des Volkes im Sinne einer neuen Ideologie\u201c, warnt Jens Blecker seine Leser_innen.<\/p>\n<p style=\"text-align: justify;\">Wem nun Angst und Bange wird, dem k\u00f6nnen die\u00a0Anzeigenpartner<a href=\"http:\/\/anonym.to\/?http:\/\/shop.conserva.de\/\">\u00a0<\/a>des Jens Bleckers helfen, die auf seiner Internetseite etwa\u00a0\u201eK\u00e4se aus der Dose\u201c,\u00a0als\u00a0\u201eKrisenvorrat f\u00fcr den Einsatz in katastrophenreichen Zeiten\u201c, bewerben. Vielleicht hat sich Blecker einen solchen Krisenvorrat angelegt; schlie\u00dflich warnt er vor einem angeblich drohenden\u00a0\u201eZusammenbruch\u201c\u00a0oder gar einem\u00a0\u201eB\u00fcrgerkrieg\u201c.<\/p>\n<p style=\"text-align: justify;\">Mit solchen Angstphantasien von einem Finanzcrash oder gar einem B\u00fcrgerkrieg verdienen die Anzeigenpartner_innen und damit der\u00a0\u201eInfokrieger\u201c\u00a0selbst ein wenig Geld. Die\u00a0Werbeeinnahmen der Seite \u201cw\u00fcrden\u00a0gut\u201c\u00a0ausreichen,\u00a0\u201eum alle Nebenkosten der Arbeit zu decken\u201c,\u00a0freut sich Blecker in einem Interview mit dem antisemitischen\u00a0\u201eMuslim-Markt\u201c, dem sich auch schon der Nazi\u00a0Andreas Molau<a href=\"http:\/\/reflexion.blogsport.de\/2010\/05\/17\/der-rechte-wanderer\/\">\u00a0<\/a>zum Interview zur Verf\u00fcgung stellte. Die\u00a0\u201eNebenkosten\u201c\u00a0k\u00f6nnte Blecker auch mit seinem\u00a0\u201eKongress der unabh\u00e4ngigen Medien\u201c\u00a0abdecken. Schlie\u00dflich wird der\u00a0\u201eKongress\u201c\u00a0von\u00a0\u201eGold Money\u201c\u00a0gesponsert, einer\u00a0Firma\u00a0die sich auf das Gesch\u00e4ft mit Gold, Silber und Platin spezialisiert hat und die in der Steueroase Jersey beheimatet ist.<\/p>\n<p style=\"text-align: justify;\">Zum Kongress werden bekannte Protagonisten der\u00a0\u201eInfokrieger\u201c-Szene sowie einige selbsternannte Wirtschaftsexperten erwartet.\u00a0Da w\u00e4re Andreas Popp, der ebenfalls mit der Angst vor der Krise hausieren geht:\u00a0\u201eWer sich rechtzeitig auf die zu erwartende Weltwirtschaftskrise vorbereitet, wird sie definitiv besser durchstehen und eventuell sogar Chancen daraus generieren,\u201c\u00a0wird der Referent auf der\u00a0Kongress-Internetseite\u00a0zitiert. Von seinem sonstigen Thesen, etwa \u00fcber die pseudo-wissenschaftliche und antisemitische\u00a0\u201eGermanische Neue Medizin\u201c\u00a0des\u00a0Ryke Geerd Hamer, den Popp als\u00a0\u201eEntdecker einer v\u00f6llig neuen Medizin\u201c\u00a0glorifiziert, wird dort geschwiegen.<\/p>\n<p style=\"text-align: justify;\">Als Referent wird zudem\u00a0wird\u00a0Frederick William Engdahl\u00a0angek\u00fcndigt. Engdahl arbeitete als Autor unter anderem f\u00fcr die antisemitische Sekte<a href=\"http:\/\/www.agpf.de\/LaRouche.htm\">\u00a0B\u00dcSO\u00a0<\/a>(B\u00fcrgerrechtsbewegung Solidarit\u00e4t). Heute schreibt er f\u00fcr den\u00a0rechten, esoterischen Kopp-Verlag. Engdahl propagiert dort die so genannten\u00a0\u201ePeak-Oil\u201c-Verschw\u00f6rungstheorie, die davon ausgeht, dass\u00a0\u201eErd\u00f6l konstant unterirdisch unter ungekl\u00e4rten Umst\u00e4nden entsteht\u201c. Im Kopp-Verlag schreibt Engdahl unter anderem \u00fcber angebliche\u201eImpfungen mit unsichtbaren Nano-Impfstoffen\u201c, die der\u00a0\u201eBev\u00f6lkerungskontrolle und -reduzierung\u201c\u00a0dienen sollen. Auch auf dem\u00a0\u201eKongress der unabh\u00e4ngigen Medien\u201c\u00a0d\u00fcrfte Engdahl solche Gedanken propagieren.<\/p>\n<p style=\"text-align: justify;\">Die Referenten auf dem\u00a0\u201eKongress der unabh\u00e4ngigen Medien\u201c\u00a0werden die Theorien und Ideen propagieren, die dem Verschw\u00f6rungsfan Blecker so sehr am Herzen liegen. Zur Werbeveranstaltung des\u00a0\u201eInfokriegers\u201c\u00a0werden allerdings nicht nur rechte Verschw\u00f6rungs-Referenten, sondern auch einige Musiker erwartet, die mit dem Soundtrack zur Verschw\u00f6rungstheorie die Teilnehmer_innen der Veranstaltung beschallen werden.<\/p>\n<p style=\"text-align: justify;\">Jens Blecker k\u00fcndigt jedenfalls an,\u00a0\u201enoch mit Livemusik den Abend vers\u00fc\u00dfen\u201c\u00a0zu wollen. Zum Verschw\u00f6rungs-Treffen werden die Band\u00a0\u201eDie Bandbreite\u201c\u00a0sowie der Verschw\u00f6rungs-Rapper\u00a0\u201eKillez More\u201c\u00a0erwartet, die bereits ein Vernetzungs-Treffen \u2013 das\u00a0\u201eTruth-Camp\u201c\u00a0(2010)\u00a0des\u00a0\u201eInfokriegers\u201c\u00a0Blecker \u2013 beschallten. Nach den\u00a0Auftritten auf linken Festivals\u00a0sowie\u00a0einem\u00a0\u201eBallermann\u201c-Event\u00a0in Bochum wird die Band\u00a0\u201eDie Bandbreite\u201c\u00a0also wieder einmal auf einem Verschw\u00f6rungstreffen auftreten.<\/p>\n<p style=\"text-align: justify;\">Jens Bleckers Verschw\u00f6rungsevent wird 02.04.2011 im Raum Hannover stattfinden. \u00dcber den genauen Ort des Spektakels schweigt sich Blecker noch aus. Er habe\u00a0\u201eLokalit\u00e4ten optioniert und werden nach der ersten Woche der Anmeldephase entscheiden\u201c, welche \u00d6rtlichkeit er w\u00e4hlen w\u00fcrde, schreibt der\u00a0\u201eInfokrieger\u201c. Es bleibt also abzuwarten, in welcher Lokalit\u00e4t der\u00a0\u201eKongress der unabh\u00e4ngigen Medien\u201c\u00a0stattfinden wird.<\/p>\n<a class=\"synved-social-button synved-social-button-share synved-social-size-32 synved-social-resolution-single synved-social-provider-facebook nolightbox\" data-provider=\"facebook\" target=\"_blank\" rel=\"nofollow\" title=\"Auf Facebook teilen\" href=\"https:\/\/www.facebook.com\/sharer.php?u=https%3A%2F%2Fferne-welten.com%2Findex.php%3Frest_route%3D%252Fwp%252Fv2%252Fposts%252F1478&#038;t=Die%20Konferenz%20des%20Infokriegers&#038;s=100&#038;p&#091;url&#093;=https%3A%2F%2Fferne-welten.com%2Findex.php%3Frest_route%3D%252Fwp%252Fv2%252Fposts%252F1478&#038;p&#091;images&#093;&#091;0&#093;=&#038;p&#091;title&#093;=Die%20Konferenz%20des%20Infokriegers\" style=\"font-size: 0px;width:32px;height:32px;margin:0;margin-bottom:5px;margin-right:5px\"><img loading=\"lazy\" decoding=\"async\" alt=\"Facebook\" title=\"Auf Facebook teilen\" class=\"synved-share-image synved-social-image synved-social-image-share\" width=\"32\" height=\"32\" style=\"display: inline;width:32px;height:32px;margin: 0;padding: 0;border: none;box-shadow: none\" src=\"https:\/\/ferne-welten.com\/wp-content\/plugins\/social-media-feather\/synved-social\/addons\/extra-icons\/image\/social\/circle\/64x64\/facebook.png\" \/><\/a><a class=\"synved-social-button synved-social-button-share synved-social-size-32 synved-social-resolution-single synved-social-provider-twitter nolightbox\" data-provider=\"twitter\" target=\"_blank\" rel=\"nofollow\" title=\"Auf Twitter teilen\" href=\"https:\/\/twitter.com\/intent\/tweet?url=https%3A%2F%2Fferne-welten.com%2Findex.php%3Frest_route%3D%252Fwp%252Fv2%252Fposts%252F1478&#038;text=Hey%20check%20this%20out\" style=\"font-size: 0px;width:32px;height:32px;margin:0;margin-bottom:5px;margin-right:5px\"><img loading=\"lazy\" decoding=\"async\" alt=\"twitter\" title=\"Auf Twitter teilen\" class=\"synved-share-image synved-social-image synved-social-image-share\" width=\"32\" height=\"32\" style=\"display: inline;width:32px;height:32px;margin: 0;padding: 0;border: none;box-shadow: none\" src=\"https:\/\/ferne-welten.com\/wp-content\/plugins\/social-media-feather\/synved-social\/addons\/extra-icons\/image\/social\/circle\/64x64\/twitter.png\" \/><\/a><a class=\"synved-social-button synved-social-button-share synved-social-size-32 synved-social-resolution-single synved-social-provider-reddit nolightbox\" data-provider=\"reddit\" target=\"_blank\" rel=\"nofollow\" title=\"Auf Reddit teilen\" href=\"https:\/\/www.reddit.com\/submit?url=https%3A%2F%2Fferne-welten.com%2Findex.php%3Frest_route%3D%252Fwp%252Fv2%252Fposts%252F1478&#038;title=Die%20Konferenz%20des%20Infokriegers\" style=\"font-size: 0px;width:32px;height:32px;margin:0;margin-bottom:5px;margin-right:5px\"><img loading=\"lazy\" decoding=\"async\" alt=\"reddit\" title=\"Auf Reddit teilen\" class=\"synved-share-image synved-social-image synved-social-image-share\" width=\"32\" height=\"32\" style=\"display: inline;width:32px;height:32px;margin: 0;padding: 0;border: none;box-shadow: none\" src=\"https:\/\/ferne-welten.com\/wp-content\/plugins\/social-media-feather\/synved-social\/addons\/extra-icons\/image\/social\/circle\/64x64\/reddit.png\" \/><\/a><a class=\"synved-social-button synved-social-button-share synved-social-size-32 synved-social-resolution-single synved-social-provider-pinterest nolightbox\" data-provider=\"pinterest\" target=\"_blank\" rel=\"nofollow\" title=\"Auf Pinterest pinnen\" href=\"https:\/\/pinterest.com\/pin\/create\/button\/?url=https%3A%2F%2Fferne-welten.com%2Findex.php%3Frest_route%3D%252Fwp%252Fv2%252Fposts%252F1478&#038;media=&#038;description=Die%20Konferenz%20des%20Infokriegers\" style=\"font-size: 0px;width:32px;height:32px;margin:0;margin-bottom:5px;margin-right:5px\"><img loading=\"lazy\" decoding=\"async\" alt=\"pinterest\" title=\"Auf Pinterest pinnen\" class=\"synved-share-image synved-social-image synved-social-image-share\" width=\"32\" height=\"32\" style=\"display: inline;width:32px;height:32px;margin: 0;padding: 0;border: none;box-shadow: none\" src=\"https:\/\/ferne-welten.com\/wp-content\/plugins\/social-media-feather\/synved-social\/addons\/extra-icons\/image\/social\/circle\/64x64\/pinterest.png\" \/><\/a><a class=\"synved-social-button synved-social-button-share synved-social-size-32 synved-social-resolution-single synved-social-provider-linkedin nolightbox\" data-provider=\"linkedin\" target=\"_blank\" rel=\"nofollow\" title=\"Auf Linkedin teilen\" href=\"https:\/\/www.linkedin.com\/shareArticle?mini=true&#038;url=https%3A%2F%2Fferne-welten.com%2Findex.php%3Frest_route%3D%252Fwp%252Fv2%252Fposts%252F1478&#038;title=Die%20Konferenz%20des%20Infokriegers\" style=\"font-size: 0px;width:32px;height:32px;margin:0;margin-bottom:5px;margin-right:5px\"><img loading=\"lazy\" decoding=\"async\" alt=\"linkedin\" title=\"Auf Linkedin teilen\" class=\"synved-share-image synved-social-image synved-social-image-share\" width=\"32\" height=\"32\" style=\"display: inline;width:32px;height:32px;margin: 0;padding: 0;border: none;box-shadow: none\" src=\"https:\/\/ferne-welten.com\/wp-content\/plugins\/social-media-feather\/synved-social\/addons\/extra-icons\/image\/social\/circle\/64x64\/linkedin.png\" \/><\/a><a class=\"synved-social-button synved-social-button-share synved-social-size-32 synved-social-resolution-single synved-social-provider-tumblr nolightbox\" data-provider=\"tumblr\" target=\"_blank\" rel=\"nofollow\" title=\"\u00dcber Tumblr teilen\" href=\"https:\/\/tumblr.com\/share?s=&#038;v=3&#038;t=Die%20Konferenz%20des%20Infokriegers&#038;u=https%3A%2F%2Fferne-welten.com%2Findex.php%3Frest_route%3D%252Fwp%252Fv2%252Fposts%252F1478\" style=\"font-size: 0px;width:32px;height:32px;margin:0;margin-bottom:5px;margin-right:5px\"><img loading=\"lazy\" decoding=\"async\" alt=\"tumblr\" title=\"\u00dcber Tumblr teilen\" class=\"synved-share-image synved-social-image synved-social-image-share\" width=\"32\" height=\"32\" style=\"display: inline;width:32px;height:32px;margin: 0;padding: 0;border: none;box-shadow: none\" src=\"https:\/\/ferne-welten.com\/wp-content\/plugins\/social-media-feather\/synved-social\/addons\/extra-icons\/image\/social\/circle\/64x64\/tumblr.png\" \/><\/a><a class=\"synved-social-button synved-social-button-share synved-social-size-32 synved-social-resolution-single synved-social-provider-mail nolightbox\" data-provider=\"mail\" rel=\"nofollow\" title=\"Link per Mail weiterleiten\" href=\"mailto:?subject=Die%20Konferenz%20des%20Infokriegers&#038;body=Hey%20check%20this%20out:%20https%3A%2F%2Fferne-welten.com%2Findex.php%3Frest_route%3D%252Fwp%252Fv2%252Fposts%252F1478\" style=\"font-size: 0px;width:32px;height:32px;margin:0;margin-bottom:5px\"><img loading=\"lazy\" decoding=\"async\" alt=\"mail\" title=\"Link per Mail weiterleiten\" class=\"synved-share-image synved-social-image synved-social-image-share\" width=\"32\" height=\"32\" style=\"display: inline;width:32px;height:32px;margin: 0;padding: 0;border: none;box-shadow: none\" src=\"https:\/\/ferne-welten.com\/wp-content\/plugins\/social-media-feather\/synved-social\/addons\/extra-icons\/image\/social\/circle\/64x64\/mail.png\" \/><\/a>","protected":false},"excerpt":{"rendered":"<p>Jens Blecker hat sich ein hohes Ziel gesetzt. Er m\u00f6chte mit dem dritten\u00a0\u201eKongress der unabh\u00e4ngigen Medien\u201c, der am 02.04.2011 in Hannover stattfinden soll,\u00a0\u201ePionierarbeit\u201c\u00a0leisten. Der Kongress ist nur ein Teil des\u00a0\u201eInformationskriegs\u201c,\u00a0dem sich der\u00a0\u201eInfokrieger\u201c\u00a0aus Helmstedt verschrieben hat.<\/p>\n","protected":false},"author":1,"featured_media":0,"comment_status":"open","ping_status":"open","sticky":false,"template":"","format":"standard","meta":{"footnotes":""},"categories":[79],"tags":[593,637,230],"class_list":["post-1478","post","type-post","status-publish","format-standard","hentry","category-mythen","tag-hannover","tag-ik-news","tag-jens-blecker"],"_links":{"self":[{"href":"https:\/\/ferne-welten.com\/index.php?rest_route=\/wp\/v2\/posts\/1478","targetHints":{"allow":["GET"]}}],"collection":[{"href":"https:\/\/ferne-welten.com\/index.php?rest_route=\/wp\/v2\/posts"}],"about":[{"href":"https:\/\/ferne-welten.com\/index.php?rest_route=\/wp\/v2\/types\/post"}],"author":[{"embeddable":true,"href":"https:\/\/ferne-welten.com\/index.php?rest_route=\/wp\/v2\/users\/1"}],"replies":[{"embeddable":true,"href":"https:\/\/ferne-welten.com\/index.php?rest_route=%2Fwp%2Fv2%2Fcomments&post=1478"}],"version-history":[{"count":1,"href":"https:\/\/ferne-welten.com\/index.php?rest_route=\/wp\/v2\/posts\/1478\/revisions"}],"predecessor-version":[{"id":1479,"href":"https:\/\/ferne-welten.com\/index.php?rest_route=\/wp\/v2\/posts\/1478\/revisions\/1479"}],"wp:attachment":[{"href":"https:\/\/ferne-welten.com\/index.php?rest_route=%2Fwp%2Fv2%2Fmedia&parent=1478"}],"wp:term":[{"taxonomy":"category","embeddable":true,"href":"https:\/\/ferne-welten.com\/index.php?rest_route=%2Fwp%2Fv2%2Fcategories&post=1478"},{"taxonomy":"post_tag","embeddable":true,"href":"https:\/\/ferne-welten.com\/index.php?rest_route=%2Fwp%2Fv2%2Ftags&post=1478"}],"curies":[{"name":"wp","href":"https:\/\/api.w.org\/{rel}","templated":true}]}}