{"id":1480,"date":"2011-01-21T13:34:38","date_gmt":"2011-01-21T12:34:38","guid":{"rendered":"http:\/\/ferne-welten.com\/?p=1480"},"modified":"2017-04-30T13:36:17","modified_gmt":"2017-04-30T12:36:17","slug":"der-anarchronistische-zug-der-anthroposophen","status":"publish","type":"post","link":"https:\/\/ferne-welten.com\/?p=1480","title":{"rendered":"Der anarchronistische Zug der Anthroposophen"},"content":{"rendered":"<p style=\"text-align: justify;\">Zum hundertf\u00fcnfzigsten Geburtstag (27. Februar 2011) des ideologischen Vordenkers der Anthroposophie,\u00a0Rudolf Steiner, haben sich dessen J\u00fcnger eine geeignete Werbema\u00dfnahme einfallen lassen, um die Ideen der Anthroposophie zu verbreiten.<\/p>\n<p style=\"text-align: justify;\"><!--more--><\/p>\n<p style=\"text-align: justify;\">Steiner war der Gr\u00fcnder der bekannten Waldorfschulen, au\u00dferdem berufen sich Demeter-Bio-H\u00f6fe auf den anthroposophischen Vordenker, der zu Lebzeiten von\u00a0\u201eWurzelrassen\u201c,\u00a0\u201eVolksgeistern\u201c\u00a0und dem\u00a0\u201eamerikanischen Kulturtod\u201c\u00a0halluzinierte. Das hat die unkritischen Groupies des anthroposophischen Scharlatans allerdings auch in der Vergangenheit nicht davon abgehalten, ihrem Idol in vielf\u00e4ltiger Form zu huldigen.<\/p>\n<p style=\"text-align: justify;\">Neben den\u00a0\u201ezahlreichen akademischen, k\u00fcnstlerischen und interdisziplin\u00e4ren Veranstaltungen\u201c, die zu Ehren Rudolf Steiners stattfinden werden, haben die Anthroposophinnen und Anthroposophen sogar einen\u00a0<a href=\"http:\/\/anonym.to\/?http:\/\/www.rudolf-steiner-2011.com\/index.php?set_language=de&amp;cccpage=sonderzug\">ganzen Zug<\/a>\u00a0gechartert, der quer durch die Bundesrepublik und nach \u00d6sterreich fahren soll, um die\u00a0\u201eLebenstationen\u201c\u00a0Steiners anzufahren.<\/p>\n<p style=\"text-align: justify;\">Der\u00a0\u201eRudolf Steiner Express\u201c\u00a0wird nach Angaben der Veranstalter\u00a0\u201evier L\u00e4nder und 20 St\u00e4dte\u201c\u00a0bereisen, um die anthroposophische Ideologie zu bewerben. Diese Ideologie ist eine Lehre, die alles erkl\u00e4ren soll. Es handelt sich um einen esoterischen\u00a0\u201eErkenntnisweg\u201c, der Zugang zu angeblichen geistigen Sph\u00e4ren erm\u00f6glichen soll. Rudolf Steiner formulierte allerdings auch rassistische Wahn-Ideen. Am bekanntesten ist wohl seine Theorie \u00fcber das Lesen von\u00a0\u201eNeger\u201c-Romanen:<\/p>\n<blockquote>\n<p style=\"text-align: justify;\">\u201eNeulich bin ich in Basel in eine Buchhandlung gekommen, da fand ich das neueste Programm dessen, was gedruckt wird: ein Negerroman, wie \u00fcberhaupt jetzt Neger allm\u00e4hlich in die Zivilisation von Europa hineinkommen! Es werden \u00fcberall Negert\u00e4nze aufgef\u00fchrt, Negert\u00e4nze geh\u00fcpft. Aber wir haben ja sogar schon diesen Negerroman. Er ist urlangweilig, greulich langweilig, aber die Leute verschlingen ihn. Ja, ich bin meinerseits davon \u00fcberzeugt, wenn wir noch eine Anzahl Negerromane kriegen und geben diese den schwangeren Frauen zu lesen, in der ersten Zeit der Schwangerschaft namentlich, wo sie heute ja gerade solche Gel\u00fcste manchmal entwickeln k\u00f6nnen \u2013 wir geben diese Negerromane den schwangeren Frauen zu lesen, da braucht gar nicht daf\u00fcr gesorgt werden, dass Neger nach Europa kommen, damit Mulatten entstehen; da entsteht durch rein geistigs Lesen von Negerromanen eine ganze Anzahl von Kindern in Europa, die ganz grau sind, Mulattenhaare haben, die mulatten\u00e4hnlich aussehen werden.\u201c<br \/>\n(Rudolf Steiner; GA 348, S. 185)<\/p>\n<\/blockquote>\n<p style=\"text-align: justify;\">Es lassen sich\u00a0<a href=\"http:\/\/www.humanistische-aktion.de\/steiner.htm\">viele weitere Beispiele\u00a0<\/a>f\u00fcr den Rassismus des geistigen Vordenkers der Waldorfschulen finden, der auch behauptete, dass es die\u00a0\u201eWei\u00dfen\u201c\u00a0w\u00e4ren,\u00a0\u201edie das Menschliche in sich entwickeln\u201c, w\u00e4hrend er j\u00fcdische Menschen als\u00a0\u201eZersetzungsferment\u201c\u00a0bezeichnete. Kein Wunder, dass sich auch Nazis, wie zum Beispiel der Ex-NPDler und jetzige PROler<a href=\"http:\/\/reflexion.blogsport.de\/2010\/05\/17\/der-rechte-wanderer\/\">\u00a0<\/a>Andreas Molau\u00a0f\u00fcr den anthroposophischen Guru begeistern. Diesen ehemaligen Waldorflehrer wird man allerdings nicht an Bord des\u00a0\u201eSteiner Express\u201c\u00a0finden. Daf\u00fcr allerdings andere anthroposophische\u00a0\u201eReisebegleiter\u201c, wie zum Beispiel die\u00a0\u201eFreunde der Erziehungskunst Rudolf Steiners\u201c.<\/p>\n<p style=\"text-align: justify;\">Ein Einzelticket kostet 400 Euro (1. Klasse),\u00a0\u201eStudenten und Pension\u00e4re\u201c\u00a0m\u00fcssen ganze 150 Euro bezahlen (2. Klasse), besser situierte Waldorffans k\u00f6nnen auch f\u00fcr 500 (!) Euro pro Fahrkarte\u00a0<a href=\"http:\/\/anonym.to\/?%C2%B4http:\/\/www.rudolf-steiner-2011.com\/index.php?set_language=de&amp;cccpage=zug_tickets\">reisen<\/a>. Nicht inbegriffen ist eine\u00a0\u201eVeranstaltungspauschale von EURO 150 pro Person\u201c, die ebenfalls bezahlt werden muss. Immerhin kostet der Eintritt zum\u00a0\u201eEr\u00f6ffnungsmatin\u00e9e unter dem Ehrenschutz des \u00f6sterreichischen Bundespr\u00e4sidenten am 27. Februar in der Nationalbibliothek (Wiener Hofburg)\u201c\u00a0keinen Euro mehr.<\/p>\n<p style=\"text-align: justify;\">F\u00fcr die zahlenden Fans des anthroposophischen Gurus gibt es die\u00a0<a href=\"http:\/\/anonym.to\/?http:\/\/www.rudolf-steiner-2011.com\/index.php?set_language=de&amp;cccpage=meldungen_detail&amp;%23038;set_z_aktuelles=15\">Reise\u00a0<\/a>auf den Spuren des geistigen Vordenkers der Anthroposophie sowie einen\u00a0\u201eSpeisewagen mit einem Men\u00fcangebot in 100% Bioqualit\u00e4t\u201c. Der anachronistische Zug startet am 24. Februar 2011 in K\u00f6ln und wird am 26. Februar in Wien ankommen. Von dort aus geht es zur\u00fcck nach K\u00f6ln, wo sich der anthroposophische Spuk\u00a0am 28. Februar 2011 aufl\u00f6sen wird.<\/p>\n<a class=\"synved-social-button synved-social-button-share synved-social-size-32 synved-social-resolution-single synved-social-provider-facebook nolightbox\" data-provider=\"facebook\" target=\"_blank\" rel=\"nofollow\" title=\"Auf Facebook teilen\" href=\"https:\/\/www.facebook.com\/sharer.php?u=https%3A%2F%2Fferne-welten.com%2Findex.php%3Frest_route%3D%252Fwp%252Fv2%252Fposts%252F1480&#038;t=Der%20anarchronistische%20Zug%20der%20Anthroposophen&#038;s=100&#038;p&#091;url&#093;=https%3A%2F%2Fferne-welten.com%2Findex.php%3Frest_route%3D%252Fwp%252Fv2%252Fposts%252F1480&#038;p&#091;images&#093;&#091;0&#093;=&#038;p&#091;title&#093;=Der%20anarchronistische%20Zug%20der%20Anthroposophen\" style=\"font-size: 0px;width:32px;height:32px;margin:0;margin-bottom:5px;margin-right:5px\"><img loading=\"lazy\" decoding=\"async\" alt=\"Facebook\" title=\"Auf Facebook teilen\" class=\"synved-share-image synved-social-image synved-social-image-share\" width=\"32\" height=\"32\" style=\"display: inline;width:32px;height:32px;margin: 0;padding: 0;border: none;box-shadow: none\" src=\"https:\/\/ferne-welten.com\/wp-content\/plugins\/social-media-feather\/synved-social\/addons\/extra-icons\/image\/social\/circle\/64x64\/facebook.png\" \/><\/a><a class=\"synved-social-button synved-social-button-share synved-social-size-32 synved-social-resolution-single synved-social-provider-twitter nolightbox\" data-provider=\"twitter\" target=\"_blank\" rel=\"nofollow\" title=\"Auf Twitter teilen\" href=\"https:\/\/twitter.com\/intent\/tweet?url=https%3A%2F%2Fferne-welten.com%2Findex.php%3Frest_route%3D%252Fwp%252Fv2%252Fposts%252F1480&#038;text=Hey%20check%20this%20out\" style=\"font-size: 0px;width:32px;height:32px;margin:0;margin-bottom:5px;margin-right:5px\"><img loading=\"lazy\" decoding=\"async\" alt=\"twitter\" title=\"Auf Twitter teilen\" class=\"synved-share-image synved-social-image synved-social-image-share\" width=\"32\" height=\"32\" style=\"display: inline;width:32px;height:32px;margin: 0;padding: 0;border: none;box-shadow: none\" src=\"https:\/\/ferne-welten.com\/wp-content\/plugins\/social-media-feather\/synved-social\/addons\/extra-icons\/image\/social\/circle\/64x64\/twitter.png\" \/><\/a><a class=\"synved-social-button synved-social-button-share synved-social-size-32 synved-social-resolution-single synved-social-provider-reddit nolightbox\" data-provider=\"reddit\" target=\"_blank\" rel=\"nofollow\" title=\"Auf Reddit teilen\" href=\"https:\/\/www.reddit.com\/submit?url=https%3A%2F%2Fferne-welten.com%2Findex.php%3Frest_route%3D%252Fwp%252Fv2%252Fposts%252F1480&#038;title=Der%20anarchronistische%20Zug%20der%20Anthroposophen\" style=\"font-size: 0px;width:32px;height:32px;margin:0;margin-bottom:5px;margin-right:5px\"><img loading=\"lazy\" decoding=\"async\" alt=\"reddit\" title=\"Auf Reddit teilen\" class=\"synved-share-image synved-social-image synved-social-image-share\" width=\"32\" height=\"32\" style=\"display: inline;width:32px;height:32px;margin: 0;padding: 0;border: none;box-shadow: none\" src=\"https:\/\/ferne-welten.com\/wp-content\/plugins\/social-media-feather\/synved-social\/addons\/extra-icons\/image\/social\/circle\/64x64\/reddit.png\" \/><\/a><a class=\"synved-social-button synved-social-button-share synved-social-size-32 synved-social-resolution-single synved-social-provider-pinterest nolightbox\" data-provider=\"pinterest\" target=\"_blank\" rel=\"nofollow\" title=\"Auf Pinterest pinnen\" href=\"https:\/\/pinterest.com\/pin\/create\/button\/?url=https%3A%2F%2Fferne-welten.com%2Findex.php%3Frest_route%3D%252Fwp%252Fv2%252Fposts%252F1480&#038;media=&#038;description=Der%20anarchronistische%20Zug%20der%20Anthroposophen\" style=\"font-size: 0px;width:32px;height:32px;margin:0;margin-bottom:5px;margin-right:5px\"><img loading=\"lazy\" decoding=\"async\" alt=\"pinterest\" title=\"Auf Pinterest pinnen\" class=\"synved-share-image synved-social-image synved-social-image-share\" width=\"32\" height=\"32\" style=\"display: inline;width:32px;height:32px;margin: 0;padding: 0;border: none;box-shadow: none\" src=\"https:\/\/ferne-welten.com\/wp-content\/plugins\/social-media-feather\/synved-social\/addons\/extra-icons\/image\/social\/circle\/64x64\/pinterest.png\" \/><\/a><a class=\"synved-social-button synved-social-button-share synved-social-size-32 synved-social-resolution-single synved-social-provider-linkedin nolightbox\" data-provider=\"linkedin\" target=\"_blank\" rel=\"nofollow\" title=\"Auf Linkedin teilen\" href=\"https:\/\/www.linkedin.com\/shareArticle?mini=true&#038;url=https%3A%2F%2Fferne-welten.com%2Findex.php%3Frest_route%3D%252Fwp%252Fv2%252Fposts%252F1480&#038;title=Der%20anarchronistische%20Zug%20der%20Anthroposophen\" style=\"font-size: 0px;width:32px;height:32px;margin:0;margin-bottom:5px;margin-right:5px\"><img loading=\"lazy\" decoding=\"async\" alt=\"linkedin\" title=\"Auf Linkedin teilen\" class=\"synved-share-image synved-social-image synved-social-image-share\" width=\"32\" height=\"32\" style=\"display: inline;width:32px;height:32px;margin: 0;padding: 0;border: none;box-shadow: none\" src=\"https:\/\/ferne-welten.com\/wp-content\/plugins\/social-media-feather\/synved-social\/addons\/extra-icons\/image\/social\/circle\/64x64\/linkedin.png\" \/><\/a><a class=\"synved-social-button synved-social-button-share synved-social-size-32 synved-social-resolution-single synved-social-provider-tumblr nolightbox\" data-provider=\"tumblr\" target=\"_blank\" rel=\"nofollow\" title=\"\u00dcber Tumblr teilen\" href=\"https:\/\/tumblr.com\/share?s=&#038;v=3&#038;t=Der%20anarchronistische%20Zug%20der%20Anthroposophen&#038;u=https%3A%2F%2Fferne-welten.com%2Findex.php%3Frest_route%3D%252Fwp%252Fv2%252Fposts%252F1480\" style=\"font-size: 0px;width:32px;height:32px;margin:0;margin-bottom:5px;margin-right:5px\"><img loading=\"lazy\" decoding=\"async\" alt=\"tumblr\" title=\"\u00dcber Tumblr teilen\" class=\"synved-share-image synved-social-image synved-social-image-share\" width=\"32\" height=\"32\" style=\"display: inline;width:32px;height:32px;margin: 0;padding: 0;border: none;box-shadow: none\" src=\"https:\/\/ferne-welten.com\/wp-content\/plugins\/social-media-feather\/synved-social\/addons\/extra-icons\/image\/social\/circle\/64x64\/tumblr.png\" \/><\/a><a class=\"synved-social-button synved-social-button-share synved-social-size-32 synved-social-resolution-single synved-social-provider-mail nolightbox\" data-provider=\"mail\" rel=\"nofollow\" title=\"Link per Mail weiterleiten\" href=\"mailto:?subject=Der%20anarchronistische%20Zug%20der%20Anthroposophen&#038;body=Hey%20check%20this%20out:%20https%3A%2F%2Fferne-welten.com%2Findex.php%3Frest_route%3D%252Fwp%252Fv2%252Fposts%252F1480\" style=\"font-size: 0px;width:32px;height:32px;margin:0;margin-bottom:5px\"><img loading=\"lazy\" decoding=\"async\" alt=\"mail\" title=\"Link per Mail weiterleiten\" class=\"synved-share-image synved-social-image synved-social-image-share\" width=\"32\" height=\"32\" style=\"display: inline;width:32px;height:32px;margin: 0;padding: 0;border: none;box-shadow: none\" src=\"https:\/\/ferne-welten.com\/wp-content\/plugins\/social-media-feather\/synved-social\/addons\/extra-icons\/image\/social\/circle\/64x64\/mail.png\" \/><\/a>","protected":false},"excerpt":{"rendered":"<p>Zum hundertf\u00fcnfzigsten Geburtstag (27. Februar 2011) des ideologischen Vordenkers der Anthroposophie,\u00a0Rudolf Steiner, haben sich dessen J\u00fcnger eine geeignete Werbema\u00dfnahme einfallen lassen, um die Ideen der Anthroposophie zu verbreiten.<\/p>\n","protected":false},"author":1,"featured_media":0,"comment_status":"open","ping_status":"open","sticky":false,"template":"","format":"standard","meta":{"footnotes":""},"categories":[79],"tags":[638,112,80,209,551,109,639],"class_list":["post-1480","post","type-post","status-publish","format-standard","hentry","category-mythen","tag-andreas-molau","tag-anthroposophie","tag-esoterik","tag-npd","tag-rassismus","tag-rudolf-steiner","tag-zug"],"_links":{"self":[{"href":"https:\/\/ferne-welten.com\/index.php?rest_route=\/wp\/v2\/posts\/1480","targetHints":{"allow":["GET"]}}],"collection":[{"href":"https:\/\/ferne-welten.com\/index.php?rest_route=\/wp\/v2\/posts"}],"about":[{"href":"https:\/\/ferne-welten.com\/index.php?rest_route=\/wp\/v2\/types\/post"}],"author":[{"embeddable":true,"href":"https:\/\/ferne-welten.com\/index.php?rest_route=\/wp\/v2\/users\/1"}],"replies":[{"embeddable":true,"href":"https:\/\/ferne-welten.com\/index.php?rest_route=%2Fwp%2Fv2%2Fcomments&post=1480"}],"version-history":[{"count":1,"href":"https:\/\/ferne-welten.com\/index.php?rest_route=\/wp\/v2\/posts\/1480\/revisions"}],"predecessor-version":[{"id":1481,"href":"https:\/\/ferne-welten.com\/index.php?rest_route=\/wp\/v2\/posts\/1480\/revisions\/1481"}],"wp:attachment":[{"href":"https:\/\/ferne-welten.com\/index.php?rest_route=%2Fwp%2Fv2%2Fmedia&parent=1480"}],"wp:term":[{"taxonomy":"category","embeddable":true,"href":"https:\/\/ferne-welten.com\/index.php?rest_route=%2Fwp%2Fv2%2Fcategories&post=1480"},{"taxonomy":"post_tag","embeddable":true,"href":"https:\/\/ferne-welten.com\/index.php?rest_route=%2Fwp%2Fv2%2Ftags&post=1480"}],"curies":[{"name":"wp","href":"https:\/\/api.w.org\/{rel}","templated":true}]}}