{"id":1487,"date":"2011-01-18T13:41:22","date_gmt":"2011-01-18T12:41:22","guid":{"rendered":"http:\/\/ferne-welten.com\/?p=1487"},"modified":"2017-04-30T13:43:32","modified_gmt":"2017-04-30T12:43:32","slug":"totenkult-im-tv","status":"publish","type":"post","link":"https:\/\/ferne-welten.com\/?p=1487","title":{"rendered":"Totenkult im TV"},"content":{"rendered":"<div class=\"content\">\n<p style=\"text-align: justify;\">Das gro\u00dfe Interesse an esoterischen Themen bedienen verschiedene Menschen. Sie behaupten, dass sie in Kontakt zu \u201egeistigen Welten\u201c stehen, f\u00fcr die es in der Realit\u00e4t nicht die geringste Spur eines wissenschaftlichen Beweises gibt. F\u00fcr einiges Aufsehen sorgte die RTL-Sendung \u201eDas Medium\u201c, in der das selbsternannte \u201eMedium\u201c Kim-Anne Jannes unter anderem einen angeblichen Kontakt mit dem ehemaligen Ministerpr\u00e4sidenten Uwe Barschel suchte.<\/p>\n<p style=\"text-align: justify;\"><!--more--><\/p>\n<p style=\"text-align: justify;\">Barschel, der 1987 in einer Badewanne den Freitod gew\u00e4hlt hatte, wurde sogar ermordet, behauptete das selbsternannte \u201eMedium\u201c. Dort wurde mit plumper Schauspielkunst eine esoterische Wahnidee reproduziert und mit dieser Masche auf Zuschauer_innenfang gegangen. Die Sendung sollte gar \u201edie Antwort auf die alles entscheidende Frage\u201c geben:<\/p>\n<blockquote>\n<p style=\"text-align: justify;\">Die Bef\u00fcrchtung der 66-j\u00e4hrigen Witwe wird nun endlich best\u00e4tigt: Nein, es war kein Selbstmord!<\/p>\n<\/blockquote>\n<p style=\"text-align: justify;\">Kim-Anne Jannes, die es mit ihrer angeblichen F\u00e4higkeit, mit dem \u201eReich der Toten\u201c zu kommunizieren, nicht nur auf RTL bis ins Abendprogramm geschafft hat, ist heute eine der bekannteren esoterischen Gestalten im deutschsprachigen Raum. Nicht ganz so bekannt ist der gelernte Schauspieler Pascal Voggenhuber, der sich ebenfalls als \u201eMedium\u201c bezeichnet.<\/p>\n<p style=\"text-align: justify;\">Voggenhuber behauptet, dass er ein \u201eHellsichtiger\u201c sei, den \u201eau\u00dfergew\u00f6hnliche Begabungen\u201c bef\u00e4higen w\u00fcrden, in \u201edirektem Kontakt\u201c mit einer angeblichen \u201egeistigen Welt\u201c zu treten. Wie Kim Anne-Jannes steht er den verzweifelten Menschen zur Verf\u00fcgung, die nach jedem Strohhalm greifen, der ihnen pr\u00e4sentiert wird. Schlie\u00dflich kann gerade nach einem menschlichen Verlust die Versuchung entstehen, mit Hilfe eines geistigen Supermans, mit dem Verstorbenen in einen angeblichen Kontakt zu treten.<\/p>\n<p style=\"text-align: justify;\">Der Ort, in dem Menschen auf die \u201eMedien\u201c aufmerksam werden, ist neben dem Internet eben auch das Fernsehen. Pascal Voggenhuber war unter anderem bei Johannes B. Kerner (\u201eDer mit den Toten spricht\u201c), in der Sendung \u201eReporter\u201c (\u201eDer mit den Toten spricht \u2013 Aus dem Leben des Mediums Pascal Voggenhuber\u201c) und in einem \u201eTalk T\u00e4glich Special\u201c des Senders \u201eTeleZ\u00fcri\u201c zu sehen. Neben solchen TV-Auftritten, die gute Werbema\u00dfnahmen darstellen, publiziert Voggenhuber bei \u201eAnsata\u201c, einem esoterischen Seitenprojekt des Verlags \u201eRandom House\u201c. Dieser Verlag geh\u00f6rt wiederum zum \u201eBertelsmann Konzern\u201c, dem ebenfalls Teile der RTL-Gruppe geh\u00f6ren.<\/p>\n<p style=\"text-align: justify;\">Auf RTL war \u2013 wie erw\u00e4hnt \u2013 das andere \u201eMedium\u201c, Kim Anne-Jannes, zu sehen, die wie ihr Kollege Pascal Voggenhuber eine plumpe Scharlatanerie betreibt. Voggenhuber steht allerdings auch dem rechten \u201eKopp-Verlag\u201c zur Verf\u00fcgung. Dort wurde er von den Anti-Feministin Eva Herman interviewt. Auch dort geht es um den Tod Barschels, der \u2013 laut Voggenhuber \u2013 aus einem angeblichen \u201eJenseits\u201c den Kontakt mit der Witwe suche: \u201eMit Lichtzeichen habe er stets versucht, auf sich aufmerksam zu machen\u201c, hei\u00dft es in der Verlags-Ank\u00fcndigung.<\/p>\n<p style=\"text-align: justify;\">Esoterische Ideen finden sich eben nicht nur im Programm der Bertelsmann-Gruppe, sondern in vielen Verlagsprogrammen, bei kleineren Verlagen, die einen wachsenden Markt bedienen. Auch dort k\u00f6nnen sich Menschen die B\u00fccher und DVDs besorgen, die von selbsternannten \u201eHellsichtigen\u201c publiziert werden. In einem Land, in dem \u201edemokratische Sozialisten\u201c zu gemeingef\u00e4hrlichen Kommunist_innen gemacht werden, geh\u00f6ren esoterische Wahn-Ideen zum guten Ton: Hier spricht man mit den Toten.<\/p>\n<\/div>\n<a class=\"synved-social-button synved-social-button-share synved-social-size-32 synved-social-resolution-single synved-social-provider-facebook nolightbox\" data-provider=\"facebook\" target=\"_blank\" rel=\"nofollow\" title=\"Auf Facebook teilen\" href=\"https:\/\/www.facebook.com\/sharer.php?u=https%3A%2F%2Fferne-welten.com%2Findex.php%3Frest_route%3D%252Fwp%252Fv2%252Fposts%252F1487&#038;t=Totenkult%20im%20TV&#038;s=100&#038;p&#091;url&#093;=https%3A%2F%2Fferne-welten.com%2Findex.php%3Frest_route%3D%252Fwp%252Fv2%252Fposts%252F1487&#038;p&#091;images&#093;&#091;0&#093;=&#038;p&#091;title&#093;=Totenkult%20im%20TV\" style=\"font-size: 0px;width:32px;height:32px;margin:0;margin-bottom:5px;margin-right:5px\"><img loading=\"lazy\" decoding=\"async\" alt=\"Facebook\" title=\"Auf Facebook teilen\" class=\"synved-share-image synved-social-image synved-social-image-share\" width=\"32\" height=\"32\" style=\"display: inline;width:32px;height:32px;margin: 0;padding: 0;border: none;box-shadow: none\" src=\"https:\/\/ferne-welten.com\/wp-content\/plugins\/social-media-feather\/synved-social\/addons\/extra-icons\/image\/social\/circle\/64x64\/facebook.png\" \/><\/a><a class=\"synved-social-button synved-social-button-share synved-social-size-32 synved-social-resolution-single synved-social-provider-twitter nolightbox\" data-provider=\"twitter\" target=\"_blank\" rel=\"nofollow\" title=\"Auf Twitter teilen\" href=\"https:\/\/twitter.com\/intent\/tweet?url=https%3A%2F%2Fferne-welten.com%2Findex.php%3Frest_route%3D%252Fwp%252Fv2%252Fposts%252F1487&#038;text=Hey%20check%20this%20out\" style=\"font-size: 0px;width:32px;height:32px;margin:0;margin-bottom:5px;margin-right:5px\"><img loading=\"lazy\" decoding=\"async\" alt=\"twitter\" title=\"Auf Twitter teilen\" class=\"synved-share-image synved-social-image synved-social-image-share\" width=\"32\" height=\"32\" style=\"display: inline;width:32px;height:32px;margin: 0;padding: 0;border: none;box-shadow: none\" src=\"https:\/\/ferne-welten.com\/wp-content\/plugins\/social-media-feather\/synved-social\/addons\/extra-icons\/image\/social\/circle\/64x64\/twitter.png\" \/><\/a><a class=\"synved-social-button synved-social-button-share synved-social-size-32 synved-social-resolution-single synved-social-provider-reddit nolightbox\" data-provider=\"reddit\" target=\"_blank\" rel=\"nofollow\" title=\"Auf Reddit teilen\" href=\"https:\/\/www.reddit.com\/submit?url=https%3A%2F%2Fferne-welten.com%2Findex.php%3Frest_route%3D%252Fwp%252Fv2%252Fposts%252F1487&#038;title=Totenkult%20im%20TV\" style=\"font-size: 0px;width:32px;height:32px;margin:0;margin-bottom:5px;margin-right:5px\"><img loading=\"lazy\" decoding=\"async\" alt=\"reddit\" title=\"Auf Reddit teilen\" class=\"synved-share-image synved-social-image synved-social-image-share\" width=\"32\" height=\"32\" style=\"display: inline;width:32px;height:32px;margin: 0;padding: 0;border: none;box-shadow: none\" src=\"https:\/\/ferne-welten.com\/wp-content\/plugins\/social-media-feather\/synved-social\/addons\/extra-icons\/image\/social\/circle\/64x64\/reddit.png\" \/><\/a><a class=\"synved-social-button synved-social-button-share synved-social-size-32 synved-social-resolution-single synved-social-provider-pinterest nolightbox\" data-provider=\"pinterest\" target=\"_blank\" rel=\"nofollow\" title=\"Auf Pinterest pinnen\" href=\"https:\/\/pinterest.com\/pin\/create\/button\/?url=https%3A%2F%2Fferne-welten.com%2Findex.php%3Frest_route%3D%252Fwp%252Fv2%252Fposts%252F1487&#038;media=&#038;description=Totenkult%20im%20TV\" style=\"font-size: 0px;width:32px;height:32px;margin:0;margin-bottom:5px;margin-right:5px\"><img loading=\"lazy\" decoding=\"async\" alt=\"pinterest\" title=\"Auf Pinterest pinnen\" class=\"synved-share-image synved-social-image synved-social-image-share\" width=\"32\" height=\"32\" style=\"display: inline;width:32px;height:32px;margin: 0;padding: 0;border: none;box-shadow: none\" src=\"https:\/\/ferne-welten.com\/wp-content\/plugins\/social-media-feather\/synved-social\/addons\/extra-icons\/image\/social\/circle\/64x64\/pinterest.png\" \/><\/a><a class=\"synved-social-button synved-social-button-share synved-social-size-32 synved-social-resolution-single synved-social-provider-linkedin nolightbox\" data-provider=\"linkedin\" target=\"_blank\" rel=\"nofollow\" title=\"Auf Linkedin teilen\" href=\"https:\/\/www.linkedin.com\/shareArticle?mini=true&#038;url=https%3A%2F%2Fferne-welten.com%2Findex.php%3Frest_route%3D%252Fwp%252Fv2%252Fposts%252F1487&#038;title=Totenkult%20im%20TV\" style=\"font-size: 0px;width:32px;height:32px;margin:0;margin-bottom:5px;margin-right:5px\"><img loading=\"lazy\" decoding=\"async\" alt=\"linkedin\" title=\"Auf Linkedin teilen\" class=\"synved-share-image synved-social-image synved-social-image-share\" width=\"32\" height=\"32\" style=\"display: inline;width:32px;height:32px;margin: 0;padding: 0;border: none;box-shadow: none\" src=\"https:\/\/ferne-welten.com\/wp-content\/plugins\/social-media-feather\/synved-social\/addons\/extra-icons\/image\/social\/circle\/64x64\/linkedin.png\" \/><\/a><a class=\"synved-social-button synved-social-button-share synved-social-size-32 synved-social-resolution-single synved-social-provider-tumblr nolightbox\" data-provider=\"tumblr\" target=\"_blank\" rel=\"nofollow\" title=\"\u00dcber Tumblr teilen\" href=\"https:\/\/tumblr.com\/share?s=&#038;v=3&#038;t=Totenkult%20im%20TV&#038;u=https%3A%2F%2Fferne-welten.com%2Findex.php%3Frest_route%3D%252Fwp%252Fv2%252Fposts%252F1487\" style=\"font-size: 0px;width:32px;height:32px;margin:0;margin-bottom:5px;margin-right:5px\"><img loading=\"lazy\" decoding=\"async\" alt=\"tumblr\" title=\"\u00dcber Tumblr teilen\" class=\"synved-share-image synved-social-image synved-social-image-share\" width=\"32\" height=\"32\" style=\"display: inline;width:32px;height:32px;margin: 0;padding: 0;border: none;box-shadow: none\" src=\"https:\/\/ferne-welten.com\/wp-content\/plugins\/social-media-feather\/synved-social\/addons\/extra-icons\/image\/social\/circle\/64x64\/tumblr.png\" \/><\/a><a class=\"synved-social-button synved-social-button-share synved-social-size-32 synved-social-resolution-single synved-social-provider-mail nolightbox\" data-provider=\"mail\" rel=\"nofollow\" title=\"Link per Mail weiterleiten\" href=\"mailto:?subject=Totenkult%20im%20TV&#038;body=Hey%20check%20this%20out:%20https%3A%2F%2Fferne-welten.com%2Findex.php%3Frest_route%3D%252Fwp%252Fv2%252Fposts%252F1487\" style=\"font-size: 0px;width:32px;height:32px;margin:0;margin-bottom:5px\"><img loading=\"lazy\" decoding=\"async\" alt=\"mail\" title=\"Link per Mail weiterleiten\" class=\"synved-share-image synved-social-image synved-social-image-share\" width=\"32\" height=\"32\" style=\"display: inline;width:32px;height:32px;margin: 0;padding: 0;border: none;box-shadow: none\" src=\"https:\/\/ferne-welten.com\/wp-content\/plugins\/social-media-feather\/synved-social\/addons\/extra-icons\/image\/social\/circle\/64x64\/mail.png\" \/><\/a>","protected":false},"excerpt":{"rendered":"<p>Das gro\u00dfe Interesse an esoterischen Themen bedienen verschiedene Menschen. Sie behaupten, dass sie in Kontakt zu \u201egeistigen Welten\u201c stehen, f\u00fcr die es in der Realit\u00e4t nicht die geringste Spur eines wissenschaftlichen Beweises gibt. F\u00fcr einiges Aufsehen sorgte die RTL-Sendung \u201eDas&#8230;<br \/><a class=\"read-more-button\" href=\"https:\/\/ferne-welten.com\/?p=1487\">Read more<\/a><\/p>\n","protected":false},"author":1,"featured_media":0,"comment_status":"open","ping_status":"open","sticky":false,"template":"","format":"standard","meta":{"footnotes":""},"categories":[79,66],"tags":[649,80,651,85,647,648,41,650],"class_list":["post-1487","post","type-post","status-publish","format-standard","hentry","category-mythen","category-sehbares","tag-das-medium","tag-esoterik","tag-kim-anne-jannes","tag-kopp","tag-pascal-voggenhuber","tag-random-house","tag-rtl","tag-uwe-barschel"],"_links":{"self":[{"href":"https:\/\/ferne-welten.com\/index.php?rest_route=\/wp\/v2\/posts\/1487","targetHints":{"allow":["GET"]}}],"collection":[{"href":"https:\/\/ferne-welten.com\/index.php?rest_route=\/wp\/v2\/posts"}],"about":[{"href":"https:\/\/ferne-welten.com\/index.php?rest_route=\/wp\/v2\/types\/post"}],"author":[{"embeddable":true,"href":"https:\/\/ferne-welten.com\/index.php?rest_route=\/wp\/v2\/users\/1"}],"replies":[{"embeddable":true,"href":"https:\/\/ferne-welten.com\/index.php?rest_route=%2Fwp%2Fv2%2Fcomments&post=1487"}],"version-history":[{"count":1,"href":"https:\/\/ferne-welten.com\/index.php?rest_route=\/wp\/v2\/posts\/1487\/revisions"}],"predecessor-version":[{"id":1488,"href":"https:\/\/ferne-welten.com\/index.php?rest_route=\/wp\/v2\/posts\/1487\/revisions\/1488"}],"wp:attachment":[{"href":"https:\/\/ferne-welten.com\/index.php?rest_route=%2Fwp%2Fv2%2Fmedia&parent=1487"}],"wp:term":[{"taxonomy":"category","embeddable":true,"href":"https:\/\/ferne-welten.com\/index.php?rest_route=%2Fwp%2Fv2%2Fcategories&post=1487"},{"taxonomy":"post_tag","embeddable":true,"href":"https:\/\/ferne-welten.com\/index.php?rest_route=%2Fwp%2Fv2%2Ftags&post=1487"}],"curies":[{"name":"wp","href":"https:\/\/api.w.org\/{rel}","templated":true}]}}