{"id":1489,"date":"2011-01-14T13:43:53","date_gmt":"2011-01-14T12:43:53","guid":{"rendered":"http:\/\/ferne-welten.com\/?p=1489"},"modified":"2017-04-30T13:45:41","modified_gmt":"2017-04-30T12:45:41","slug":"schablonen-der-gewalt","status":"publish","type":"post","link":"https:\/\/ferne-welten.com\/?p=1489","title":{"rendered":"Schablonen der Gewalt"},"content":{"rendered":"<p style=\"text-align: justify;\">In ver\u00adschie\u00adde\u00adnen Sci\u00adence \u200bFic\u00adtion \u200bSe\u00adri\u00aden haben Nazis ihre Wie\u00adder\u00adauf\u00ader\u00adste\u00adhung fei\u00adern d\u00fcr\u00adfen. Ein Bei\u00adspiel fin\u00addet sich in der in den 60er Jah\u00adren ge\u00addreh\u00adten Sci\u00adence-\u200bFic\u00adtion Serie\u00a0<a href=\"http:\/\/memory-alpha.org\/de\/wiki\/Star_Trek%3A_The_Original_Series\">Star Trek<\/a>, die in den Deutschland als\u201eRaumschiff Enterprise\u201d\u00a0ausgestrahlt wurde. Hier ging es um die Aben\u00adteu\u00ader der der Crew, die dabei in Ga\u00adla\u00adxi\u00aden vor\u00addrang, die nie ein Mensch zuvor ge\u00adse\u00adhen hatte. Die Mannschaft um Cap\u00adtain Kirk und den ersten Offizier Spock er\u00adleb\u00adte wilde Aben\u00adteu\u00ader im Welt\u00adraum: Man be\u00adk\u00e4mpf\u00adte b\u00f6se Au\u00ad\u00dfer\u00adir\u00addi\u00adsche, reis\u00adte durch die Zeit und be\u00adsuch\u00adte eine Viel\u00adzahl von Pla\u00adne\u00adten.<\/p>\n<p style=\"text-align: justify;\"><!--more--><\/p>\n<p style=\"text-align: justify;\">Auf der einen Seite handeltes es sich also um Western im Weltall, auf der anderen Seite war die Serie f\u00fcr ihre Zeit durchaus revolution\u00e4r. Zumindest die Trennung in Staaten und Nationen war aufgehoben, auf der Enterprise arbeiten Menschen unterschiedlichster Herkunft, allerdings in einer milit\u00e4rischen Hirachie. In Zeiten, in denen die\u00a0\u201eRassentrennung\u201d\u00a0existierte, war dies durchaus ungew\u00f6hnlich, auch wenn die Handlung in einer fernen Zukunft spielte. Die Kommunikationsoffizierin Lieutenant Nyota Penda Uhura (Nichele Nichols) war die erste Afroamerikanerin in einer gro\u00dfen amerikanischen Serie. Verschiedene TV-Stationen in den S\u00fcdstaate drohten damals die Serie nicht auszustrahlen. In der Folge\u00a0\u201ePlatons Kinder\u201dwar der erste Kuss zwischen einer Afroamerikanerin und dem wei\u00dfen Captain Kirk im amerikanischen Fernsehen zu sehen. F\u00fcr damalige Zeiten ein ungeheuerer\u00a0<a href=\"http:\/\/de.wikipedia.org\/wiki\/Figuren_im_Star-Trek-Universum#Lieutenant_Nyota_Penda_Uhura\">Skandal<\/a>, in den S\u00fcdstaaten der USA wurde diese Folge damals nicht ausgestrahlt.<\/p>\n<p style=\"text-align: justify;\">Selbst der\u00a0\u201eKalte Krieg\u201d\u00a0schien in ferner Zukunft \u00fcberwunden zu sein. Auf der Enterprise lebte beispielsweise Pavel Checkov (<a title=\"Walter Koenig\" href=\"http:\/\/en.wikipedia.org\/wiki\/Walter_Koenig\">Walter Koenig<\/a>), der durch seinen Akzent als Russe erkennbar war. In den sp\u00e4teren Filmen wurde die Auseinandersetzung zwischen der Sowjetunion und den USA ein weiteres mal aufgegriffen. Im vierten Teil der Filmreihe wird der\u00a0\u201eKalte Krieg\u201d\u00a0ganz deutlich als anarchronistischer Konflikt dargestellt. Dies sind die durchaus positiven Seiten einer Serie, deren kulturelle Kraft nicht zu untersch\u00e4tzen ist.<\/p>\n<p style=\"text-align: justify;\">Nat\u00fcrlich gibt es auch negative Seiten: Die Trennung in das Konstrukt\u00a0\u201eGeschlecht\u201d\u00a0wird in keiner Episode kritisiert. Captain Kirk wird als Draufg\u00e4nger inszeniert, dem die Frauen zu F\u00fc\u00dfen liegen. Diese spielen innerhalb der Crew eine untergeordnete Rolle, Lieutenant Uhura ist die einzige Frau auf der Br\u00fccke. Andere Frauen sind bestenfalls Assistentinnen, ansonsten beschr\u00e4nkt sich ihre Rolle darauf, als hilflose, kreischende Objekte dargestellt zu werden, die nach kurzer Zeit\u00a0<a href=\"http:\/\/de.wikipedia.org\/wiki\/Figuren_im_Star-Trek-Universum#Captain_James_Tiberius_Kirk\">vom Captain<\/a>\u00a0erobert werden.<\/p>\n<p style=\"text-align: justify;\">Zu den negativen Seiten z\u00e4hlt sicherlich auch die Folge\u00a0\u201eScha\u00adblo\u00adnen der Ge\u00adwalt\u201c, die zwar in den S\u00fcdstaaten der USA zu sehen war, daf\u00fcr al\u00adler\u00addings nie im deut\u00adschen Free-\u200bTV. Die Folge wurde erst drei\u00dfig Jahre nach der Erstausstahlung, im Jahr 1996 syn\u00adchro\u00adni\u00adsiert, als die gesammelten Abenteuer des Raumschiffs Enterprise auf Videokassetten ver\u00f6ffentlicht wurden. Dabei zeigt diese Folge das es sich bei Star Trek auch\u00a0<a href=\"http:\/\/blogs.taz.de\/hitlerblog\/2006\/08\/24\/nazi-trek\/\">um seich\u00adte und ba\u00adna\u00adle Un\u00adter\u00adhal\u00adtung han\u00addelt<\/a>, in der his\u00adto\u00adri\u00adsche Kon\u00adflik\u00adte le\u00addig\u00adlich als Scha\u00adblo\u00adnen die\u00adnen. Kon\u00adflik\u00adte k\u00f6n\u00adnen damit ver\u00adharm\u00adlost wer\u00adden, weil sie nicht das his\u00adto\u00adri\u00adsche Grau\u00aden be\u00adschrei\u00adben k\u00f6n\u00adnen und wol\u00adlen. Dies trifft auf alle Folgen zu, in denen der Nationalsozialismus eine Rolle spielt.<\/p>\n<p style=\"text-align: justify;\">Die\u00a0<a href=\"http:\/\/memory-alpha.org\/de\/wiki\/Schablonen_der_Gewalt\">Hand\u00adlung\u00a0<\/a>die\u00adser Folge ist schnell be\u00adschrie\u00adben: Als sich das Raum\u00adschiff En\u00adt\u00ader\u00adpri\u00adse einem be\u00adwohn\u00adten Pla\u00adne\u00adten n\u00e4\u00adhert, wird es be\u00adschos\u00adsen. Ein Team um Cap\u00adtain Kirk beamt auf den Pla\u00adne\u00adten und ent\u00addeckt eine entwickelte Na\u00adzi\u00adge\u00adsell\u00adschaft. Diese ist allerdings nicht aus dem Nichts entstanden, sondern wurde von Captain Kirks altem Leh\u00adrer Gill ge\u00adschaf\u00adfen. Dieser glaubt im Na\u00adtio\u00adnal\u00adso\u00adzia\u00adlis\u00admus eine leis\u00adtungs\u00adf\u00e4\u00adhi\u00adge Form der ge\u00adsell\u00adschaft\u00adli\u00adchen Or\u00adga\u00adni\u00adsa\u00adti\u00adon ge\u00adfun\u00adden zu haben. F\u00fcr Gill war der historische Nationalsozialismus der\u00a0\u201eef\u00adfek\u00adtivs\u00adte Staat aller Zei\u00adten\u201c. Doch Gil ist nicht der alleinige\u00a0\u201eF\u00fchrer\u201d, er wird von einigen Un\u00adter\u00adge\u00adbe\u00adnen unter Dro\u00adgen ge\u00adsetzt: Diese haben seine Idee vom einem\u00a0\u201eguten\u201d\u00a0Nationalsozialismus pervertiert. Aus dem neuen\u00a0\u201eF\u00fch\u00adrer\u201c\u00a0wird so ein In\u00adstru\u00adment im Kampf gegen die\u00a0\u201eZeo\u00adnis\u00adten\u201c, die von den neuen Nazis brutal unterdr\u00fcckt werden und ein Leben im Untergrund fristen.<\/p>\n<p style=\"text-align: justify;\">Um ins \u201eF\u00fch\u00adrer\u00adhaupt\u00adquar\u00adtier\u201c vor\u00adzu\u00addrin\u00adgen, ver\u00adklei\u00adden sich der toll\u00adk\u00fch\u00adne Cap\u00adtain Kirk und sein Ad\u00adju\u00adtant\u00a0<a href=\"http:\/\/de.memory-alpha.org\/wiki\/Spock\">Spock\u00a0<\/a>als Nazis. Die Dialoge strotzen hier von plumpen Witzchen, die auf die Nazi-Uniformen anspielen. Der erste Of\u00adfi\u00adzier Spock darf le\u00addig\u00adlich eine SS-\u200bWehr\u00admachts\u00aduni\u00adform tra\u00adgen. O-Ton Kirk:<\/p>\n<blockquote><p>Ja, es ist scha\u00adde, dass Ihre nicht so at\u00adtrak\u00adtiv ist wie meine. Ge\u00adsta\u00adpo, glau\u00adbe ich.<\/p><\/blockquote>\n<p style=\"text-align: justify;\">Die Crew der Enterprise m\u00f6chte Gill von den Dro\u00adgen zu be\u00adfrei\u00aden. Ob das gelingt m\u00fcssen die geneigten Leser_innen selber erschauen, allerdings sei ein Teil des Endes verraten. Die Bewohner des Planeten beschlie\u00dfen am Ende der Folge nun die Ideale des Nationalsozialismus umzusetzen und diesmal einen \u201eguten\u201d\u00a0Nationalsozialismus zu schaffen. Hier wird also nicht gezeigt, dass jedwede Form des Nationalsozialismus eine barbarische, antisemitische und rassistische Form der gesellschaftlichen Organisierung darstellt, sondern es wird \u2014 ganz offen \u2014 \u00fcber die M\u00f6glichkeit spekuliert, dass es eben jenen\u00a0\u201eguten\u201d\u00a0Nationalsozialismus geben k\u00f6nnte, in dem die negativen Seiten \u00fcberwunden werden k\u00f6nnen. Dies ist die verharmlosende Pointe der Folge, bei der sich sicherlich viele Zuschauer_innen fragen, welche Drogen die Drehbuchschreiber_innen genommen haben, um einen derartigen Fernseh-M\u00fcll zu produzieren.<\/p>\n<p style=\"text-align: justify;\">Der einzige Lichtblick sind die he\u00adroi\u00adschen Zeo\u00adnis\u00adten, gruselig hingegen die Nazis, die als verf\u00fchrte Idealisten dargestellt werden. Nach diesem Fernseh-Desaster haben die Macher_innen der Serie allerdings nicht davon Abstand genommen, den Nationalsozialismus in den sp\u00e4teren Science-Fiction-Serien herauszugreifen, allerdings sind diese Folgen nicht ganz so plump wie die originale Enterprise-Folge\u00a0\u201eSchablonen der Gewalt\u201d<\/p>\n<p style=\"text-align: justify;\"><iframe loading=\"lazy\" src=\"http:\/\/player.vimeo.com\/video\/35494235\" width=\"860\" height=\"656\" frameborder=\"0\" allowfullscreen=\"allowfullscreen\" data-mce-fragment=\"1\"><\/iframe><\/p>\n<a class=\"synved-social-button synved-social-button-share synved-social-size-32 synved-social-resolution-single synved-social-provider-facebook nolightbox\" data-provider=\"facebook\" target=\"_blank\" rel=\"nofollow\" title=\"Auf Facebook teilen\" href=\"https:\/\/www.facebook.com\/sharer.php?u=https%3A%2F%2Fferne-welten.com%2Findex.php%3Frest_route%3D%252Fwp%252Fv2%252Fposts%252F1489&#038;t=Schablonen%20der%20Gewalt&#038;s=100&#038;p&#091;url&#093;=https%3A%2F%2Fferne-welten.com%2Findex.php%3Frest_route%3D%252Fwp%252Fv2%252Fposts%252F1489&#038;p&#091;images&#093;&#091;0&#093;=&#038;p&#091;title&#093;=Schablonen%20der%20Gewalt\" style=\"font-size: 0px;width:32px;height:32px;margin:0;margin-bottom:5px;margin-right:5px\"><img loading=\"lazy\" decoding=\"async\" alt=\"Facebook\" title=\"Auf Facebook teilen\" class=\"synved-share-image synved-social-image synved-social-image-share\" width=\"32\" height=\"32\" style=\"display: inline;width:32px;height:32px;margin: 0;padding: 0;border: none;box-shadow: none\" src=\"https:\/\/ferne-welten.com\/wp-content\/plugins\/social-media-feather\/synved-social\/addons\/extra-icons\/image\/social\/circle\/64x64\/facebook.png\" \/><\/a><a class=\"synved-social-button synved-social-button-share synved-social-size-32 synved-social-resolution-single synved-social-provider-twitter nolightbox\" data-provider=\"twitter\" target=\"_blank\" rel=\"nofollow\" title=\"Auf Twitter teilen\" href=\"https:\/\/twitter.com\/intent\/tweet?url=https%3A%2F%2Fferne-welten.com%2Findex.php%3Frest_route%3D%252Fwp%252Fv2%252Fposts%252F1489&#038;text=Hey%20check%20this%20out\" style=\"font-size: 0px;width:32px;height:32px;margin:0;margin-bottom:5px;margin-right:5px\"><img loading=\"lazy\" decoding=\"async\" alt=\"twitter\" title=\"Auf Twitter teilen\" class=\"synved-share-image synved-social-image synved-social-image-share\" width=\"32\" height=\"32\" style=\"display: inline;width:32px;height:32px;margin: 0;padding: 0;border: none;box-shadow: none\" src=\"https:\/\/ferne-welten.com\/wp-content\/plugins\/social-media-feather\/synved-social\/addons\/extra-icons\/image\/social\/circle\/64x64\/twitter.png\" \/><\/a><a class=\"synved-social-button synved-social-button-share synved-social-size-32 synved-social-resolution-single synved-social-provider-reddit nolightbox\" data-provider=\"reddit\" target=\"_blank\" rel=\"nofollow\" title=\"Auf Reddit teilen\" href=\"https:\/\/www.reddit.com\/submit?url=https%3A%2F%2Fferne-welten.com%2Findex.php%3Frest_route%3D%252Fwp%252Fv2%252Fposts%252F1489&#038;title=Schablonen%20der%20Gewalt\" style=\"font-size: 0px;width:32px;height:32px;margin:0;margin-bottom:5px;margin-right:5px\"><img loading=\"lazy\" decoding=\"async\" alt=\"reddit\" title=\"Auf Reddit teilen\" class=\"synved-share-image synved-social-image synved-social-image-share\" width=\"32\" height=\"32\" style=\"display: inline;width:32px;height:32px;margin: 0;padding: 0;border: none;box-shadow: none\" src=\"https:\/\/ferne-welten.com\/wp-content\/plugins\/social-media-feather\/synved-social\/addons\/extra-icons\/image\/social\/circle\/64x64\/reddit.png\" \/><\/a><a class=\"synved-social-button synved-social-button-share synved-social-size-32 synved-social-resolution-single synved-social-provider-pinterest nolightbox\" data-provider=\"pinterest\" target=\"_blank\" rel=\"nofollow\" title=\"Auf Pinterest pinnen\" href=\"https:\/\/pinterest.com\/pin\/create\/button\/?url=https%3A%2F%2Fferne-welten.com%2Findex.php%3Frest_route%3D%252Fwp%252Fv2%252Fposts%252F1489&#038;media=&#038;description=Schablonen%20der%20Gewalt\" style=\"font-size: 0px;width:32px;height:32px;margin:0;margin-bottom:5px;margin-right:5px\"><img loading=\"lazy\" decoding=\"async\" alt=\"pinterest\" title=\"Auf Pinterest pinnen\" class=\"synved-share-image synved-social-image synved-social-image-share\" width=\"32\" height=\"32\" style=\"display: inline;width:32px;height:32px;margin: 0;padding: 0;border: none;box-shadow: none\" src=\"https:\/\/ferne-welten.com\/wp-content\/plugins\/social-media-feather\/synved-social\/addons\/extra-icons\/image\/social\/circle\/64x64\/pinterest.png\" \/><\/a><a class=\"synved-social-button synved-social-button-share synved-social-size-32 synved-social-resolution-single synved-social-provider-linkedin nolightbox\" data-provider=\"linkedin\" target=\"_blank\" rel=\"nofollow\" title=\"Auf Linkedin teilen\" href=\"https:\/\/www.linkedin.com\/shareArticle?mini=true&#038;url=https%3A%2F%2Fferne-welten.com%2Findex.php%3Frest_route%3D%252Fwp%252Fv2%252Fposts%252F1489&#038;title=Schablonen%20der%20Gewalt\" style=\"font-size: 0px;width:32px;height:32px;margin:0;margin-bottom:5px;margin-right:5px\"><img loading=\"lazy\" decoding=\"async\" alt=\"linkedin\" title=\"Auf Linkedin teilen\" class=\"synved-share-image synved-social-image synved-social-image-share\" width=\"32\" height=\"32\" style=\"display: inline;width:32px;height:32px;margin: 0;padding: 0;border: none;box-shadow: none\" src=\"https:\/\/ferne-welten.com\/wp-content\/plugins\/social-media-feather\/synved-social\/addons\/extra-icons\/image\/social\/circle\/64x64\/linkedin.png\" \/><\/a><a class=\"synved-social-button synved-social-button-share synved-social-size-32 synved-social-resolution-single synved-social-provider-tumblr nolightbox\" data-provider=\"tumblr\" target=\"_blank\" rel=\"nofollow\" title=\"\u00dcber Tumblr teilen\" href=\"https:\/\/tumblr.com\/share?s=&#038;v=3&#038;t=Schablonen%20der%20Gewalt&#038;u=https%3A%2F%2Fferne-welten.com%2Findex.php%3Frest_route%3D%252Fwp%252Fv2%252Fposts%252F1489\" style=\"font-size: 0px;width:32px;height:32px;margin:0;margin-bottom:5px;margin-right:5px\"><img loading=\"lazy\" decoding=\"async\" alt=\"tumblr\" title=\"\u00dcber Tumblr teilen\" class=\"synved-share-image synved-social-image synved-social-image-share\" width=\"32\" height=\"32\" style=\"display: inline;width:32px;height:32px;margin: 0;padding: 0;border: none;box-shadow: none\" src=\"https:\/\/ferne-welten.com\/wp-content\/plugins\/social-media-feather\/synved-social\/addons\/extra-icons\/image\/social\/circle\/64x64\/tumblr.png\" \/><\/a><a class=\"synved-social-button synved-social-button-share synved-social-size-32 synved-social-resolution-single synved-social-provider-mail nolightbox\" data-provider=\"mail\" rel=\"nofollow\" title=\"Link per Mail weiterleiten\" href=\"mailto:?subject=Schablonen%20der%20Gewalt&#038;body=Hey%20check%20this%20out:%20https%3A%2F%2Fferne-welten.com%2Findex.php%3Frest_route%3D%252Fwp%252Fv2%252Fposts%252F1489\" style=\"font-size: 0px;width:32px;height:32px;margin:0;margin-bottom:5px\"><img loading=\"lazy\" decoding=\"async\" alt=\"mail\" title=\"Link per Mail weiterleiten\" class=\"synved-share-image synved-social-image synved-social-image-share\" width=\"32\" height=\"32\" style=\"display: inline;width:32px;height:32px;margin: 0;padding: 0;border: none;box-shadow: none\" src=\"https:\/\/ferne-welten.com\/wp-content\/plugins\/social-media-feather\/synved-social\/addons\/extra-icons\/image\/social\/circle\/64x64\/mail.png\" \/><\/a>","protected":false},"excerpt":{"rendered":"<p>In ver\u00adschie\u00adde\u00adnen Sci\u00adence \u200bFic\u00adtion \u200bSe\u00adri\u00aden haben Nazis ihre Wie\u00adder\u00adauf\u00ader\u00adste\u00adhung fei\u00adern d\u00fcr\u00adfen. Ein Bei\u00adspiel fin\u00addet sich in der in den 60er Jah\u00adren ge\u00addreh\u00adten Sci\u00adence-\u200bFic\u00adtion Serie\u00a0Star Trek, die in den Deutschland als\u201eRaumschiff Enterprise\u201d\u00a0ausgestrahlt wurde. Hier ging es um die Aben\u00adteu\u00ader der der&#8230;<br \/><a class=\"read-more-button\" href=\"https:\/\/ferne-welten.com\/?p=1489\">Read more<\/a><\/p>\n","protected":false},"author":1,"featured_media":0,"comment_status":"open","ping_status":"open","sticky":false,"template":"","format":"standard","meta":{"footnotes":""},"categories":[2,66],"tags":[71,410,11,22],"class_list":["post-1489","post","type-post","status-publish","format-standard","hentry","category-science-fiction","category-sehbares","tag-nationalsozialismus","tag-nazis","tag-star-trek","tag-tos"],"_links":{"self":[{"href":"https:\/\/ferne-welten.com\/index.php?rest_route=\/wp\/v2\/posts\/1489","targetHints":{"allow":["GET"]}}],"collection":[{"href":"https:\/\/ferne-welten.com\/index.php?rest_route=\/wp\/v2\/posts"}],"about":[{"href":"https:\/\/ferne-welten.com\/index.php?rest_route=\/wp\/v2\/types\/post"}],"author":[{"embeddable":true,"href":"https:\/\/ferne-welten.com\/index.php?rest_route=\/wp\/v2\/users\/1"}],"replies":[{"embeddable":true,"href":"https:\/\/ferne-welten.com\/index.php?rest_route=%2Fwp%2Fv2%2Fcomments&post=1489"}],"version-history":[{"count":1,"href":"https:\/\/ferne-welten.com\/index.php?rest_route=\/wp\/v2\/posts\/1489\/revisions"}],"predecessor-version":[{"id":1490,"href":"https:\/\/ferne-welten.com\/index.php?rest_route=\/wp\/v2\/posts\/1489\/revisions\/1490"}],"wp:attachment":[{"href":"https:\/\/ferne-welten.com\/index.php?rest_route=%2Fwp%2Fv2%2Fmedia&parent=1489"}],"wp:term":[{"taxonomy":"category","embeddable":true,"href":"https:\/\/ferne-welten.com\/index.php?rest_route=%2Fwp%2Fv2%2Fcategories&post=1489"},{"taxonomy":"post_tag","embeddable":true,"href":"https:\/\/ferne-welten.com\/index.php?rest_route=%2Fwp%2Fv2%2Ftags&post=1489"}],"curies":[{"name":"wp","href":"https:\/\/api.w.org\/{rel}","templated":true}]}}