{"id":1550,"date":"2010-11-13T14:33:27","date_gmt":"2010-11-13T13:33:27","guid":{"rendered":"http:\/\/ferne-welten.com\/?p=1550"},"modified":"2017-04-30T14:35:27","modified_gmt":"2017-04-30T13:35:27","slug":"rechtes-zeitungstreffen","status":"publish","type":"post","link":"https:\/\/ferne-welten.com\/?p=1550","title":{"rendered":"Rechtes Zeitungstreffen"},"content":{"rendered":"<p style=\"text-align: justify;\">Der selbsternannte\u00a0\u201eLinksnationalist\u201c\u00a0J\u00fcrgen Els\u00e4sser\u00a0<a href=\"http:\/\/waiting.blogsport.de\/2010\/11\/10\/querfront-volksgemeinschaft\/\">l\u00e4dt\u00a0<\/a>mal wieder\u00a0nach Berlin ein. Diesmal geht es nicht um\u00a0ein Zusammentreffen der anti-europ\u00e4ischen Rechtspopulisten, wie am 25. September diesen Jahres, als Els\u00e4sser und seine\u00a0\u201eVolksinitiative\u201c\u00a0unter anderem Nigel Farage und Karl Albrecht Schachtschneider eingeladen hatten, w\u00e4hrend\u00a0die Band\u00a0\u201eDie Bandbreite\u201c\u00a0f\u00fcr die musikalische Untermalung sorgte.<\/p>\n<p style=\"text-align: justify;\"><!--more--><\/p>\n<p style=\"text-align: justify;\">Diesmal m\u00f6chte Els\u00e4sser sein neuestes publizistisches Projekt vorstellen, das \u2013 wie seine\u00a0\u201eCompact\u201c\u00a0Buchreihe \u2013 im\u00a0\u201eKai-Homilius-Verlag\u201c\u00a0erscheinen soll.\u00a0Es geht um das\u00a0\u201eCompact-Magazin\u201c, einer Monatszeitschrift, f\u00fcr die sich Els\u00e4sser verantwortlich zeichnet und deren Nullnummer im Dezember diesen Jahres erscheinen soll. Die publizistische Richtung, in die es Els\u00e4sser und seine Kompagnons zieht, wird bereits durch das Titelbild deutlich. Dort grinst\u00a0Thilo\u00a0Sarrazin\u00a0die potentiellen Leser_innen an:\u00a0\u201eDer n\u00e4chste Bundeskanzler\u201c, hei\u00dft es darunter.<\/p>\n<p style=\"text-align: center;\"><a href=\"http:\/\/ferne-welten.com\/wp-content\/uploads\/2017\/04\/compactheader.jpg\"><img loading=\"lazy\" decoding=\"async\" class=\"aligncenter size-full wp-image-1551\" src=\"http:\/\/ferne-welten.com\/wp-content\/uploads\/2017\/04\/compactheader.jpg\" alt=\"\" width=\"650\" height=\"218\" srcset=\"https:\/\/ferne-welten.com\/wp-content\/uploads\/2017\/04\/compactheader.jpg 650w, https:\/\/ferne-welten.com\/wp-content\/uploads\/2017\/04\/compactheader-300x101.jpg 300w\" sizes=\"auto, (max-width: 650px) 100vw, 650px\" \/><\/a><\/p>\n<div class=\"content\">\n<p style=\"text-align: justify;\">F\u00fcr die Nullnummer schreibt unter anderem der Verschw\u00f6rungsideologe\u00a0Walter K. Eichelburg, der die Einf\u00fchrung einer\u00a0\u201eDeutschen Mark\u201c\u00a0f\u00fcr den 17. Mai 2010 (!) vorausgesagt hatte. Au\u00dferdem schreibt der Herausgeber der Internetzeitschrift\u00a0\u201eDie Rote Fahne\u201c, Stephan Steins, f\u00fcr das Magazin, der\u00a0<a href=\"http:\/\/npd-blog.info\/2010\/08\/20\/antiimperiale-querfront\/\">auf seiner Internetseite zum Beispiel f\u00fcr den Nazi-Kriegsverbrecher Rudolf Hess eintritt<\/a>, f\u00fcr Els\u00e4ssers-Nullnummer. Ein weiterer Autor ist Andr\u00e9 F. Lichtschlag, der Gr\u00fcnder der Internetzeitschrift\u201eEigent\u00fcmlich Frei\u201c.\u00a0\u00a0Er vertritt die krude These, dass die Bundesrepublik durch\u00a0\u201eUmwelthysteriker, M\u00e4nnerhasser und Antifaschos\u201c\u00a0dominiert werden w\u00fcrde. Lichtschlag spricht in diesem Kontext im NS-Jargon von einer\u00a0\u201eVerpestung\u201c.<\/p>\n<p style=\"text-align: justify;\">J\u00fcrgen Els\u00e4sser\u00a0<a href=\"http:\/\/anonym.to\/?http:\/\/juergenelsaesser.wordpress.com\/2010\/11\/10\/6-12-sarrazin-bundeskanzler-was-eine-neue-volkspartei-erreichen-kann\/\">preist\u00a0<\/a>sein Projekt als\u00a0\u201eein einzigartiges publizistisches Wagnis\u201c\u00a0und l\u00e4sst sich einige andere Superlativen einfallen, um seine Zeitung zu bewerben: Hier d\u00fcrften\u00a0\u201edemokratische Linke und demokratische Rechte\u201c,\u00a0\u201eMoslems und Islamkritiker\u201c\u00a0zusammenkommen, um gemeinsam den \u201eTotalitarismus der Neuen Weltordnung\u201c\u00a0zu attackieren.<\/p>\n<p style=\"text-align: justify;\">Die angek\u00fcndigten TeilnehmerInnen der Zeitungsvorstellung im\u00a0\u201eRussischen Haus\u201c\u00a0machen den Kurs des neuen Magazins deutlich. Da w\u00e4re zum Beispiel Dieter Stein, der Herausgeber der neurechten Wochenzeitung\u00a0\u201eJungen Freiheit\u201c. Des Weiteren wird\u00a0Oliver Janich\u00a0erwartet. Der ehemalige Focus-Money Redakteur Janich, der in diesem Magazin\u00a0Propaganda f\u00fcr die Sache der\u00a0\u201eTruther\u201c und\u00a0\u201eInfokrieger\u201c\u00a0machen\u00a0durfte, schreibt nun f\u00fcr das\u00a0\u201eCompact\u201c-Magazin. Au\u00dferdem wird Sulaiman Wilms, der Chefredakteur der\u00a0\u201eIslamischen Zeitung\u201c\u00a0erwartet.<\/p>\n<p style=\"text-align: justify;\">F\u00fcr die musikalische Untermalung sorgt die Rapperin\u00a0\u201eDee Ex\u201c, die aus dem ganz rechten politischen Spektrum stammt und\u00a0<a href=\"http:\/\/www.netz-gegen-nazis.de\/artikel\/rappen-fuers-vaterland-9511\">Musik f\u00fcr alte und neue Nazis<\/a>\u00a0produziert. Die\u00a0\u201eaufrechte Patriotin\u201c\u00a0hetzt in ihrem Blog vor allem gegen Israel. Paranoiderweise f\u00fchlt sie sich von\u00a0\u201eisraelischen Regierungsbeamten und von zionistischen Vereinigungen\u201c\u00a0verfolgt, die sie angeblich auf eine\u00a0\u201e\u201aAbschussliste\u2018\u201c\u00a0gesetzt h\u00e4tten. Dabei sei sie doch nur\u00a0\u201eeine stolze Deutsche\u201c, jammert Mia Herm alias\u00a0\u201eDee Ex\u201c\u00a0in ihrem Blog. Ihre\u00a0\u201eLiebe zu Deutschland\u201c\u00a0wird\u00a0\u201eDee Ex\u201c\u00a0auch am 6. Dezember 2010 verbreiten, wenn Els\u00e4sser sein neuestes publizistisches Machwerk vorstellt.<\/p>\n<p style=\"text-align: justify;\">Dessen Erfolg bleibt abzuwarten: Schlie\u00dflich gibt es bereits einige Magazine, die \u00e4hnliche Inhalte propagieren. Da w\u00e4re zum Beispiel das\u00a0<a href=\"http:\/\/de.wikipedia.org\/wiki\/Zuerst!\">rechte Monatsmagazin\u00a0\u201eZuerst\u201c<\/a>. Der hart umk\u00e4mpfte Zeitungsmarkt k\u00f6nnte dem\u00a0\u201epublizistische Wagnis\u201c\u00a0schneller ein Ende machen, als es Els\u00e4sser und seinen Kumpanen lieb sein d\u00fcrfte.<\/p>\n<div id=\"cmnt\" style=\"text-align: justify;\"><\/div>\n<div id=\"google-wrapper\" class=\"bs_advert\" style=\"text-align: justify;\"><\/div>\n<\/div>\n<a class=\"synved-social-button synved-social-button-share synved-social-size-32 synved-social-resolution-single synved-social-provider-facebook nolightbox\" data-provider=\"facebook\" target=\"_blank\" rel=\"nofollow\" title=\"Auf Facebook teilen\" href=\"https:\/\/www.facebook.com\/sharer.php?u=https%3A%2F%2Fferne-welten.com%2Findex.php%3Frest_route%3D%252Fwp%252Fv2%252Fposts%252F1550&#038;t=Rechtes%20Zeitungstreffen&#038;s=100&#038;p&#091;url&#093;=https%3A%2F%2Fferne-welten.com%2Findex.php%3Frest_route%3D%252Fwp%252Fv2%252Fposts%252F1550&#038;p&#091;images&#093;&#091;0&#093;=http%3A%2F%2Fferne-welten.com%2Fwp-content%2Fuploads%2F2017%2F04%2Fcompactheader.jpg&#038;p&#091;title&#093;=Rechtes%20Zeitungstreffen\" style=\"font-size: 0px;width:32px;height:32px;margin:0;margin-bottom:5px;margin-right:5px\"><img loading=\"lazy\" decoding=\"async\" alt=\"Facebook\" title=\"Auf Facebook teilen\" class=\"synved-share-image synved-social-image synved-social-image-share\" width=\"32\" height=\"32\" style=\"display: inline;width:32px;height:32px;margin: 0;padding: 0;border: none;box-shadow: none\" src=\"https:\/\/ferne-welten.com\/wp-content\/plugins\/social-media-feather\/synved-social\/addons\/extra-icons\/image\/social\/circle\/64x64\/facebook.png\" \/><\/a><a class=\"synved-social-button synved-social-button-share synved-social-size-32 synved-social-resolution-single synved-social-provider-twitter nolightbox\" data-provider=\"twitter\" target=\"_blank\" rel=\"nofollow\" title=\"Auf Twitter teilen\" href=\"https:\/\/twitter.com\/intent\/tweet?url=https%3A%2F%2Fferne-welten.com%2Findex.php%3Frest_route%3D%252Fwp%252Fv2%252Fposts%252F1550&#038;text=Hey%20check%20this%20out\" style=\"font-size: 0px;width:32px;height:32px;margin:0;margin-bottom:5px;margin-right:5px\"><img loading=\"lazy\" decoding=\"async\" alt=\"twitter\" title=\"Auf Twitter teilen\" class=\"synved-share-image synved-social-image synved-social-image-share\" width=\"32\" height=\"32\" style=\"display: inline;width:32px;height:32px;margin: 0;padding: 0;border: none;box-shadow: none\" src=\"https:\/\/ferne-welten.com\/wp-content\/plugins\/social-media-feather\/synved-social\/addons\/extra-icons\/image\/social\/circle\/64x64\/twitter.png\" \/><\/a><a class=\"synved-social-button synved-social-button-share synved-social-size-32 synved-social-resolution-single synved-social-provider-reddit nolightbox\" data-provider=\"reddit\" target=\"_blank\" rel=\"nofollow\" title=\"Auf Reddit teilen\" href=\"https:\/\/www.reddit.com\/submit?url=https%3A%2F%2Fferne-welten.com%2Findex.php%3Frest_route%3D%252Fwp%252Fv2%252Fposts%252F1550&#038;title=Rechtes%20Zeitungstreffen\" style=\"font-size: 0px;width:32px;height:32px;margin:0;margin-bottom:5px;margin-right:5px\"><img loading=\"lazy\" decoding=\"async\" alt=\"reddit\" title=\"Auf Reddit teilen\" class=\"synved-share-image synved-social-image synved-social-image-share\" width=\"32\" height=\"32\" style=\"display: inline;width:32px;height:32px;margin: 0;padding: 0;border: none;box-shadow: none\" src=\"https:\/\/ferne-welten.com\/wp-content\/plugins\/social-media-feather\/synved-social\/addons\/extra-icons\/image\/social\/circle\/64x64\/reddit.png\" \/><\/a><a class=\"synved-social-button synved-social-button-share synved-social-size-32 synved-social-resolution-single synved-social-provider-pinterest nolightbox\" data-provider=\"pinterest\" target=\"_blank\" rel=\"nofollow\" title=\"Auf Pinterest pinnen\" href=\"https:\/\/pinterest.com\/pin\/create\/button\/?url=https%3A%2F%2Fferne-welten.com%2Findex.php%3Frest_route%3D%252Fwp%252Fv2%252Fposts%252F1550&#038;media=http%3A%2F%2Fferne-welten.com%2Fwp-content%2Fuploads%2F2017%2F04%2Fcompactheader.jpg&#038;description=Rechtes%20Zeitungstreffen\" style=\"font-size: 0px;width:32px;height:32px;margin:0;margin-bottom:5px;margin-right:5px\"><img loading=\"lazy\" decoding=\"async\" alt=\"pinterest\" title=\"Auf Pinterest pinnen\" class=\"synved-share-image synved-social-image synved-social-image-share\" width=\"32\" height=\"32\" style=\"display: inline;width:32px;height:32px;margin: 0;padding: 0;border: none;box-shadow: none\" src=\"https:\/\/ferne-welten.com\/wp-content\/plugins\/social-media-feather\/synved-social\/addons\/extra-icons\/image\/social\/circle\/64x64\/pinterest.png\" \/><\/a><a class=\"synved-social-button synved-social-button-share synved-social-size-32 synved-social-resolution-single synved-social-provider-linkedin nolightbox\" data-provider=\"linkedin\" target=\"_blank\" rel=\"nofollow\" title=\"Auf Linkedin teilen\" href=\"https:\/\/www.linkedin.com\/shareArticle?mini=true&#038;url=https%3A%2F%2Fferne-welten.com%2Findex.php%3Frest_route%3D%252Fwp%252Fv2%252Fposts%252F1550&#038;title=Rechtes%20Zeitungstreffen\" style=\"font-size: 0px;width:32px;height:32px;margin:0;margin-bottom:5px;margin-right:5px\"><img loading=\"lazy\" decoding=\"async\" alt=\"linkedin\" title=\"Auf Linkedin teilen\" class=\"synved-share-image synved-social-image synved-social-image-share\" width=\"32\" height=\"32\" style=\"display: inline;width:32px;height:32px;margin: 0;padding: 0;border: none;box-shadow: none\" src=\"https:\/\/ferne-welten.com\/wp-content\/plugins\/social-media-feather\/synved-social\/addons\/extra-icons\/image\/social\/circle\/64x64\/linkedin.png\" \/><\/a><a class=\"synved-social-button synved-social-button-share synved-social-size-32 synved-social-resolution-single synved-social-provider-tumblr nolightbox\" data-provider=\"tumblr\" target=\"_blank\" rel=\"nofollow\" title=\"\u00dcber Tumblr teilen\" href=\"https:\/\/tumblr.com\/share?s=&#038;v=3&#038;t=Rechtes%20Zeitungstreffen&#038;u=https%3A%2F%2Fferne-welten.com%2Findex.php%3Frest_route%3D%252Fwp%252Fv2%252Fposts%252F1550\" style=\"font-size: 0px;width:32px;height:32px;margin:0;margin-bottom:5px;margin-right:5px\"><img loading=\"lazy\" decoding=\"async\" alt=\"tumblr\" title=\"\u00dcber Tumblr teilen\" class=\"synved-share-image synved-social-image synved-social-image-share\" width=\"32\" height=\"32\" style=\"display: inline;width:32px;height:32px;margin: 0;padding: 0;border: none;box-shadow: none\" src=\"https:\/\/ferne-welten.com\/wp-content\/plugins\/social-media-feather\/synved-social\/addons\/extra-icons\/image\/social\/circle\/64x64\/tumblr.png\" \/><\/a><a class=\"synved-social-button synved-social-button-share synved-social-size-32 synved-social-resolution-single synved-social-provider-mail nolightbox\" data-provider=\"mail\" rel=\"nofollow\" title=\"Link per Mail weiterleiten\" href=\"mailto:?subject=Rechtes%20Zeitungstreffen&#038;body=Hey%20check%20this%20out:%20https%3A%2F%2Fferne-welten.com%2Findex.php%3Frest_route%3D%252Fwp%252Fv2%252Fposts%252F1550\" style=\"font-size: 0px;width:32px;height:32px;margin:0;margin-bottom:5px\"><img loading=\"lazy\" decoding=\"async\" alt=\"mail\" title=\"Link per Mail weiterleiten\" class=\"synved-share-image synved-social-image synved-social-image-share\" width=\"32\" height=\"32\" style=\"display: inline;width:32px;height:32px;margin: 0;padding: 0;border: none;box-shadow: none\" src=\"https:\/\/ferne-welten.com\/wp-content\/plugins\/social-media-feather\/synved-social\/addons\/extra-icons\/image\/social\/circle\/64x64\/mail.png\" \/><\/a>","protected":false},"excerpt":{"rendered":"<p>Der selbsternannte\u00a0\u201eLinksnationalist\u201c\u00a0J\u00fcrgen Els\u00e4sser\u00a0l\u00e4dt\u00a0mal wieder\u00a0nach Berlin ein. Diesmal geht es nicht um\u00a0ein Zusammentreffen der anti-europ\u00e4ischen Rechtspopulisten, wie am 25. September diesen Jahres, als Els\u00e4sser und seine\u00a0\u201eVolksinitiative\u201c\u00a0unter anderem Nigel Farage und Karl Albrecht Schachtschneider eingeladen hatten, w\u00e4hrend\u00a0die Band\u00a0\u201eDie Bandbreite\u201c\u00a0f\u00fcr die musikalische Untermalung&#8230;<br \/><a class=\"read-more-button\" href=\"https:\/\/ferne-welten.com\/?p=1550\">Read more<\/a><\/p>\n","protected":false},"author":1,"featured_media":0,"comment_status":"open","ping_status":"open","sticky":false,"template":"","format":"standard","meta":{"footnotes":""},"categories":[79],"tags":[83,211,162,677,678,679],"class_list":["post-1550","post","type-post","status-publish","format-standard","hentry","category-mythen","tag-compact","tag-dee-ex","tag-juergen-elsaesser","tag-kai-homilius","tag-thilo-sarrazin","tag-zuerst"],"_links":{"self":[{"href":"https:\/\/ferne-welten.com\/index.php?rest_route=\/wp\/v2\/posts\/1550","targetHints":{"allow":["GET"]}}],"collection":[{"href":"https:\/\/ferne-welten.com\/index.php?rest_route=\/wp\/v2\/posts"}],"about":[{"href":"https:\/\/ferne-welten.com\/index.php?rest_route=\/wp\/v2\/types\/post"}],"author":[{"embeddable":true,"href":"https:\/\/ferne-welten.com\/index.php?rest_route=\/wp\/v2\/users\/1"}],"replies":[{"embeddable":true,"href":"https:\/\/ferne-welten.com\/index.php?rest_route=%2Fwp%2Fv2%2Fcomments&post=1550"}],"version-history":[{"count":1,"href":"https:\/\/ferne-welten.com\/index.php?rest_route=\/wp\/v2\/posts\/1550\/revisions"}],"predecessor-version":[{"id":1552,"href":"https:\/\/ferne-welten.com\/index.php?rest_route=\/wp\/v2\/posts\/1550\/revisions\/1552"}],"wp:attachment":[{"href":"https:\/\/ferne-welten.com\/index.php?rest_route=%2Fwp%2Fv2%2Fmedia&parent=1550"}],"wp:term":[{"taxonomy":"category","embeddable":true,"href":"https:\/\/ferne-welten.com\/index.php?rest_route=%2Fwp%2Fv2%2Fcategories&post=1550"},{"taxonomy":"post_tag","embeddable":true,"href":"https:\/\/ferne-welten.com\/index.php?rest_route=%2Fwp%2Fv2%2Ftags&post=1550"}],"curies":[{"name":"wp","href":"https:\/\/api.w.org\/{rel}","templated":true}]}}