{"id":1561,"date":"2010-09-24T14:43:23","date_gmt":"2010-09-24T13:43:23","guid":{"rendered":"http:\/\/ferne-welten.com\/?p=1561"},"modified":"2017-04-30T14:44:43","modified_gmt":"2017-04-30T13:44:43","slug":"jahrestagsfeier","status":"publish","type":"post","link":"https:\/\/ferne-welten.com\/?p=1561","title":{"rendered":"Jahrestagsfeier"},"content":{"rendered":"<p style=\"text-align: justify;\">Den Jahrestag des 11. September 2001 lie\u00df sich\u00a0\u201eDie Bandbreite\u201c\u00a0nicht entgehen. Nicht, wie mensch meinen k\u00f6nnte, auf einem Event der Truther,\u00a0sondern auf\u00a0einem\u00a0\u201eKulturfest\u201c\u00a0der<a href=\"http:\/\/de.wikipedia.org\/wiki\/Soziale_Liste_Bochum\">\u00a0\u201eSozialen Liste\u201c\u00a0<\/a>aus Bochum. Gegen den\u00a0<a href=\"http:\/\/www.ruhrnachrichten.de\/lokales\/bochum\/Band-Auftritt-spaltet-AStA-und-Soziale-Liste;art932,1031097\">Auftritt\u00a0<\/a>hatte die\u00a0\u201eLinke Liste\u201c\u00a0der Ruhruni Bochum mit einem <a href=\"http:\/\/lili-bochum.de\/Offener-Brief-an-die-Soziale-Liste.html\">Offenen Brief<\/a>\u00a0protestiert, mit dem sie die\u00a0\u201eSoziale Liste\u201c\u00a0aufforderte, \u201ediesem Hiphop-Duo keinen Raum f\u00fcr ihre verschw\u00f6rungstheoretische Ideologie zu bieten\u201c. Der ASTA der Ruhruni Bochum\u00a0distanziert sich nach dem Auftritt der Band\u00a0ebenfalls von der\u00a0\u201eSozialen Liste\u201c, die\u00a0\u201ejeglichen Grundkonsens\u201c\u00a0verlassen h\u00e4tte.<\/p>\n<p style=\"text-align: justify;\"><!--more--><\/p>\n<p style=\"text-align: justify;\">Die Band\u00a0\u201everbreite in ihren Songtexten frauenfeindliche, homophobe, antiamerikanische und NS-relativierende Positionen\u201c, hei\u00dft es in einer\u00a0Erkl\u00e4rung. Dort wird der\u00a0\u201eSozialen Liste\u201c\u00a0die B\u00fcndnispartnerschaft gek\u00fcndigt, solange diese sich nicht Stellung bezieht. Das d\u00fcrfte mit der\u00a0<a href=\"http:\/\/www.bo-alternativ.de\/2010\/09\/14\/die-soziale-liste-antwortet-linker-liste\/\">Erkl\u00e4rung<\/a>\u00a0der\u00a0\u201eSozialen Liste\u201c\u00a0erledigt sein, in der \u00fcber die\u00a0\u201eLinke Liste\u201c\u00a0hergezogen wird.<\/p>\n<p style=\"text-align: justify;\">Dort hei\u00dft es, dass\u00a0\u201eman nicht bereit\u201c\u00a0sei, sich von\u00a0\u201eder anti-deutschen Str\u00f6mung vorschreiben zu lassen wer auf unseren Kulturfesten auftritt oder nicht\u201c. Kritik an der Band wird also\u00a0wieder\u00a0mit dem obskuren Vorwurf begegnet, dass die Kritiker_innen allesamt\u00a0\u201eAntideutsch\u201c\u00a0seien. Diesmal trifft es die\u00a0\u201eLinke Liste\u201c, die in ihrem\u00a0<a href=\"http:\/\/lili-bochum.de\/-Wir-uber-uns-.html\">Selbstverst\u00e4ndnis<\/a>\u00a0betont, dass sie eine\u00a0\u201efundierte Kritik am neoliberalen Diskurs\u201c\u00a0leisten will, aber auch den ASTA sowie die\u00a0<a href=\"http:\/\/ghgbochum.wordpress.com\/2010\/09\/11\/offener-brief-an-die-soziale-liste\/\">\u201eGr\u00fcne Hochschulgruppe Bochum\u201c<\/a>. Die sind n\u00e4mlich\u00a0\u201eAntideutsch\u201c,\u00a0zumindest wenn mensch den merkw\u00fcrdigen Behauptungen der\u201eSozialen Liste\u201c\u00a0glauben schenken will.<\/p>\n<a class=\"synved-social-button synved-social-button-share synved-social-size-32 synved-social-resolution-single synved-social-provider-facebook nolightbox\" data-provider=\"facebook\" target=\"_blank\" rel=\"nofollow\" title=\"Auf Facebook teilen\" href=\"https:\/\/www.facebook.com\/sharer.php?u=https%3A%2F%2Fferne-welten.com%2Findex.php%3Frest_route%3D%252Fwp%252Fv2%252Fposts%252F1561&#038;t=Jahrestagsfeier&#038;s=100&#038;p&#091;url&#093;=https%3A%2F%2Fferne-welten.com%2Findex.php%3Frest_route%3D%252Fwp%252Fv2%252Fposts%252F1561&#038;p&#091;images&#093;&#091;0&#093;=&#038;p&#091;title&#093;=Jahrestagsfeier\" style=\"font-size: 0px;width:32px;height:32px;margin:0;margin-bottom:5px;margin-right:5px\"><img loading=\"lazy\" decoding=\"async\" alt=\"Facebook\" title=\"Auf Facebook teilen\" class=\"synved-share-image synved-social-image synved-social-image-share\" width=\"32\" height=\"32\" style=\"display: inline;width:32px;height:32px;margin: 0;padding: 0;border: none;box-shadow: none\" src=\"https:\/\/ferne-welten.com\/wp-content\/plugins\/social-media-feather\/synved-social\/addons\/extra-icons\/image\/social\/circle\/64x64\/facebook.png\" \/><\/a><a class=\"synved-social-button synved-social-button-share synved-social-size-32 synved-social-resolution-single synved-social-provider-twitter nolightbox\" data-provider=\"twitter\" target=\"_blank\" rel=\"nofollow\" title=\"Auf Twitter teilen\" href=\"https:\/\/twitter.com\/intent\/tweet?url=https%3A%2F%2Fferne-welten.com%2Findex.php%3Frest_route%3D%252Fwp%252Fv2%252Fposts%252F1561&#038;text=Hey%20check%20this%20out\" style=\"font-size: 0px;width:32px;height:32px;margin:0;margin-bottom:5px;margin-right:5px\"><img loading=\"lazy\" decoding=\"async\" alt=\"twitter\" title=\"Auf Twitter teilen\" class=\"synved-share-image synved-social-image synved-social-image-share\" width=\"32\" height=\"32\" style=\"display: inline;width:32px;height:32px;margin: 0;padding: 0;border: none;box-shadow: none\" src=\"https:\/\/ferne-welten.com\/wp-content\/plugins\/social-media-feather\/synved-social\/addons\/extra-icons\/image\/social\/circle\/64x64\/twitter.png\" \/><\/a><a class=\"synved-social-button synved-social-button-share synved-social-size-32 synved-social-resolution-single synved-social-provider-reddit nolightbox\" data-provider=\"reddit\" target=\"_blank\" rel=\"nofollow\" title=\"Auf Reddit teilen\" href=\"https:\/\/www.reddit.com\/submit?url=https%3A%2F%2Fferne-welten.com%2Findex.php%3Frest_route%3D%252Fwp%252Fv2%252Fposts%252F1561&#038;title=Jahrestagsfeier\" style=\"font-size: 0px;width:32px;height:32px;margin:0;margin-bottom:5px;margin-right:5px\"><img loading=\"lazy\" decoding=\"async\" alt=\"reddit\" title=\"Auf Reddit teilen\" class=\"synved-share-image synved-social-image synved-social-image-share\" width=\"32\" height=\"32\" style=\"display: inline;width:32px;height:32px;margin: 0;padding: 0;border: none;box-shadow: none\" src=\"https:\/\/ferne-welten.com\/wp-content\/plugins\/social-media-feather\/synved-social\/addons\/extra-icons\/image\/social\/circle\/64x64\/reddit.png\" \/><\/a><a class=\"synved-social-button synved-social-button-share synved-social-size-32 synved-social-resolution-single synved-social-provider-pinterest nolightbox\" data-provider=\"pinterest\" target=\"_blank\" rel=\"nofollow\" title=\"Auf Pinterest pinnen\" href=\"https:\/\/pinterest.com\/pin\/create\/button\/?url=https%3A%2F%2Fferne-welten.com%2Findex.php%3Frest_route%3D%252Fwp%252Fv2%252Fposts%252F1561&#038;media=&#038;description=Jahrestagsfeier\" style=\"font-size: 0px;width:32px;height:32px;margin:0;margin-bottom:5px;margin-right:5px\"><img loading=\"lazy\" decoding=\"async\" alt=\"pinterest\" title=\"Auf Pinterest pinnen\" class=\"synved-share-image synved-social-image synved-social-image-share\" width=\"32\" height=\"32\" style=\"display: inline;width:32px;height:32px;margin: 0;padding: 0;border: none;box-shadow: none\" src=\"https:\/\/ferne-welten.com\/wp-content\/plugins\/social-media-feather\/synved-social\/addons\/extra-icons\/image\/social\/circle\/64x64\/pinterest.png\" \/><\/a><a class=\"synved-social-button synved-social-button-share synved-social-size-32 synved-social-resolution-single synved-social-provider-linkedin nolightbox\" data-provider=\"linkedin\" target=\"_blank\" rel=\"nofollow\" title=\"Auf Linkedin teilen\" href=\"https:\/\/www.linkedin.com\/shareArticle?mini=true&#038;url=https%3A%2F%2Fferne-welten.com%2Findex.php%3Frest_route%3D%252Fwp%252Fv2%252Fposts%252F1561&#038;title=Jahrestagsfeier\" style=\"font-size: 0px;width:32px;height:32px;margin:0;margin-bottom:5px;margin-right:5px\"><img loading=\"lazy\" decoding=\"async\" alt=\"linkedin\" title=\"Auf Linkedin teilen\" class=\"synved-share-image synved-social-image synved-social-image-share\" width=\"32\" height=\"32\" style=\"display: inline;width:32px;height:32px;margin: 0;padding: 0;border: none;box-shadow: none\" src=\"https:\/\/ferne-welten.com\/wp-content\/plugins\/social-media-feather\/synved-social\/addons\/extra-icons\/image\/social\/circle\/64x64\/linkedin.png\" \/><\/a><a class=\"synved-social-button synved-social-button-share synved-social-size-32 synved-social-resolution-single synved-social-provider-tumblr nolightbox\" data-provider=\"tumblr\" target=\"_blank\" rel=\"nofollow\" title=\"\u00dcber Tumblr teilen\" href=\"https:\/\/tumblr.com\/share?s=&#038;v=3&#038;t=Jahrestagsfeier&#038;u=https%3A%2F%2Fferne-welten.com%2Findex.php%3Frest_route%3D%252Fwp%252Fv2%252Fposts%252F1561\" style=\"font-size: 0px;width:32px;height:32px;margin:0;margin-bottom:5px;margin-right:5px\"><img loading=\"lazy\" decoding=\"async\" alt=\"tumblr\" title=\"\u00dcber Tumblr teilen\" class=\"synved-share-image synved-social-image synved-social-image-share\" width=\"32\" height=\"32\" style=\"display: inline;width:32px;height:32px;margin: 0;padding: 0;border: none;box-shadow: none\" src=\"https:\/\/ferne-welten.com\/wp-content\/plugins\/social-media-feather\/synved-social\/addons\/extra-icons\/image\/social\/circle\/64x64\/tumblr.png\" \/><\/a><a class=\"synved-social-button synved-social-button-share synved-social-size-32 synved-social-resolution-single synved-social-provider-mail nolightbox\" data-provider=\"mail\" rel=\"nofollow\" title=\"Link per Mail weiterleiten\" href=\"mailto:?subject=Jahrestagsfeier&#038;body=Hey%20check%20this%20out:%20https%3A%2F%2Fferne-welten.com%2Findex.php%3Frest_route%3D%252Fwp%252Fv2%252Fposts%252F1561\" style=\"font-size: 0px;width:32px;height:32px;margin:0;margin-bottom:5px\"><img loading=\"lazy\" decoding=\"async\" alt=\"mail\" title=\"Link per Mail weiterleiten\" class=\"synved-share-image synved-social-image synved-social-image-share\" width=\"32\" height=\"32\" style=\"display: inline;width:32px;height:32px;margin: 0;padding: 0;border: none;box-shadow: none\" src=\"https:\/\/ferne-welten.com\/wp-content\/plugins\/social-media-feather\/synved-social\/addons\/extra-icons\/image\/social\/circle\/64x64\/mail.png\" \/><\/a>","protected":false},"excerpt":{"rendered":"<p>Den Jahrestag des 11. September 2001 lie\u00df sich\u00a0\u201eDie Bandbreite\u201c\u00a0nicht entgehen. Nicht, wie mensch meinen k\u00f6nnte, auf einem Event der Truther,\u00a0sondern auf\u00a0einem\u00a0\u201eKulturfest\u201c\u00a0der\u00a0\u201eSozialen Liste\u201c\u00a0aus Bochum. Gegen den\u00a0Auftritt\u00a0hatte die\u00a0\u201eLinke Liste\u201c\u00a0der Ruhruni Bochum mit einem Offenen Brief\u00a0protestiert, mit dem sie die\u00a0\u201eSoziale Liste\u201c\u00a0aufforderte, \u201ediesem Hiphop-Duo&#8230;<br \/><a class=\"read-more-button\" href=\"https:\/\/ferne-welten.com\/?p=1561\">Read more<\/a><\/p>\n","protected":false},"author":1,"featured_media":0,"comment_status":"open","ping_status":"open","sticky":false,"template":"","format":"standard","meta":{"footnotes":""},"categories":[79],"tags":[695,692,217,691,694,693],"class_list":["post-1561","post","type-post","status-publish","format-standard","hentry","category-mythen","tag-antideutsch","tag-asta","tag-bandbreite","tag-bochum","tag-gruene-hochschulgruppe-bochum","tag-ruhruniversitaet"],"_links":{"self":[{"href":"https:\/\/ferne-welten.com\/index.php?rest_route=\/wp\/v2\/posts\/1561","targetHints":{"allow":["GET"]}}],"collection":[{"href":"https:\/\/ferne-welten.com\/index.php?rest_route=\/wp\/v2\/posts"}],"about":[{"href":"https:\/\/ferne-welten.com\/index.php?rest_route=\/wp\/v2\/types\/post"}],"author":[{"embeddable":true,"href":"https:\/\/ferne-welten.com\/index.php?rest_route=\/wp\/v2\/users\/1"}],"replies":[{"embeddable":true,"href":"https:\/\/ferne-welten.com\/index.php?rest_route=%2Fwp%2Fv2%2Fcomments&post=1561"}],"version-history":[{"count":1,"href":"https:\/\/ferne-welten.com\/index.php?rest_route=\/wp\/v2\/posts\/1561\/revisions"}],"predecessor-version":[{"id":1562,"href":"https:\/\/ferne-welten.com\/index.php?rest_route=\/wp\/v2\/posts\/1561\/revisions\/1562"}],"wp:attachment":[{"href":"https:\/\/ferne-welten.com\/index.php?rest_route=%2Fwp%2Fv2%2Fmedia&parent=1561"}],"wp:term":[{"taxonomy":"category","embeddable":true,"href":"https:\/\/ferne-welten.com\/index.php?rest_route=%2Fwp%2Fv2%2Fcategories&post=1561"},{"taxonomy":"post_tag","embeddable":true,"href":"https:\/\/ferne-welten.com\/index.php?rest_route=%2Fwp%2Fv2%2Ftags&post=1561"}],"curies":[{"name":"wp","href":"https:\/\/api.w.org\/{rel}","templated":true}]}}