{"id":1572,"date":"2010-09-01T14:53:38","date_gmt":"2010-09-01T13:53:38","guid":{"rendered":"http:\/\/ferne-welten.com\/?p=1572"},"modified":"2017-04-30T14:55:13","modified_gmt":"2017-04-30T13:55:13","slug":"fernseh-abend-mit-sarrazin","status":"publish","type":"post","link":"https:\/\/ferne-welten.com\/?p=1572","title":{"rendered":"Fernseh-Abend mit Sarrazin"},"content":{"rendered":"<p style=\"text-align: justify;\" align=\"JUSTIFY\">Die Aufregung rund um das neue Buch des Deutschen-Bank Aufsichtsratsmitglieds Thilo\u00a0Sarrazin lie\u00df sich nicht nur auf der Pressekonferenz erkennen, bei der der ehemalige Berliner Finanzsenator\u00a0sein neuestes Machwerk\u00a0vorstellte, sondern auch in der ARD-Talkshow\u00a0\u201eBeckmann\u201c, die am Montagabend \u00fcber die Bildschirme flimmerte. Bereits das Vorstellungsvideo der Sendung, in dem unter anderem Sarrazins Kampf gegen ein zu \u00fcppiges Essen f\u00fcr Hartz-4 Empf\u00e4nger_innen gezeigt wurde, war eigentlich eine Farce: Da wurden Bilder von Migrant_innen gezeigt, unterlegt durch Beckmanns-Stimme, der Sarrazins Reden von\u00a0\u201eKopftuchm\u00e4dchen\u201c\u00a0und\u00a0\u201eImportbr\u00e4uten\u201c\u00a0rezitierte. Die Szenen und der Zusammenschnitt erinnerten eher an eine Wahlwerbung der\u00a0\u201eRepublikaner\u201c, denn an eine seri\u00f6se Fernsehsendung.<\/p>\n<p style=\"text-align: justify;\" align=\"JUSTIFY\"><!--more--><\/p>\n<p style=\"text-align: justify;\" align=\"JUSTIFY\">Beckmann\u201c\u00a0folgte der Selbstinszenierung des Thilo Sarrazin, der seine Aussagen als Tabubruch inszeniert, obwohl Rassismus und Antisemitismus in Deutschland eben keine Tabubr\u00fcche, sondern Meinungen sind, die von gesellschaftlichen Mehrheiten vertreten werden. Ist er\u00a0\u201eein Populist\u201c, ein\u00a0\u201eProvokateur\u201c\u00a0oder ein\u201eDemagoge mit kruden Ansichten\u201c, fragte sich Beckmann, ohne auf das Naheliegendste zu kommen: Sarrazin ist ein Rassist und ein Antisemit, der unter anderem mit philosemitischen Aussagen, \u00fcber J\u00fcdinnen und Juden und deren angeblichen Genetik auf sich aufmerksam macht.<\/p>\n<p style=\"text-align: justify;\" align=\"JUSTIFY\">Sarrazin ist kein\u00a0\u201eProvokateur\u201c, auch wenn er sich in der\u00a0\u201eBild\u201c\u2013\u201cZeitung\u201c\u00a0so inszeniert. Dort wird er mittlerweile zu einer Art Kanzlerkandidaten aufgebaut: Sarrazin wollten\u00a0\u201erund 90% der Bild-Leser\u201c\u00a0zum Bundeskanzler machen, weil er\u00a0\u201eausspricht, was die Deutschen denken\u201c. Seine Aussagen \u00fcber das angebliche\u00a0\u201eJuden-Gen\u201c\u00a0und andere\u00a0\u201eVolksgruppen\u201c\u00a0sind so gemeint, wie sie klingen und scheinen zumindest die\u00a0\u201eBild\u201c-Redaktion und den\u00a0lesenden deutschen Mob \u00fcberzeugt\u00a0zu haben.\u00a0\u201eAlle Juden teilen ein bestimmtes Gen, Basken haben bestimmte Gene, die sie von anderen unterscheiden\u201c,\u00a0\u00e4u\u00dferte\u00a0sich Sarrazin.<\/p>\n<p style=\"text-align: justify;\" align=\"JUSTIFY\">Au\u00dferdem \u2013 und nicht zu vergessen \u2013 die rassistische Hetze, die sich gegen alle Migrant_innen richten, die nach Sarrazin der falschen\u00a0\u201eVolksgruppe\u201cangeh\u00f6ren. F\u00fcr diesen Sarrazin bot Beckmann den Zuschauer_innen auch noch eine andere Erkl\u00e4rung. Vielleicht sei der Autor auch ein\u201eKlartextpolitiker ohne Angst vor unbequemen Wahrheiten\u201c. Solche Erkl\u00e4rungen werden in den vergangenen Tagen nicht nur von dem wenig charismatischen ARD-Moderatoren bem\u00fcht, sondern\u00a0auch von der NPD, die in Sarrazin, aufgrund seiner \u00c4u\u00dferungen, einen der ihren erkennen will.<\/p>\n<p style=\"text-align: justify;\" align=\"JUSTIFY\">Doch zur\u00fcck zu\u00a0\u201eBeckmann\u201c. Dort br\u00fcstete sich Sarrazin mit einer N24-Umfrage, die pro Anruf 50 Cent kostet und bei der 95% der Anrufer_innen sein Anliegen verteidigt h\u00e4tten. Au\u00dferdem h\u00e4tten ihm Zeitungsredakteure berichtet, wie viele Lesebriefschreiber_innen ihm Recht geben w\u00fcrden.<\/p>\n<p style=\"text-align: justify;\" align=\"JUSTIFY\">Sarrazin bewarb den Verkaufsstart seines Buches. Dabei berief er sich auf einen Bericht des Tagesspiegels und einen Bericht der New York Times. Es g\u00e4be auch eine\u00a0\u201ej\u00fcdische Volksgruppe\u201c, dozierte Sarrazin und unterschlug die Kritik an derartigen Thesen, die\u00a0selbst im Tagesspiegel erw\u00e4hnt\u00a0wurde:\u00a0\u201eShlomo Sand dagegen h\u00e4lt die Idee einer \u201agenetischen Identit\u00e4t\u201c der Juden f\u00fcr abwegig. \u201aKeine Studie hat je eine genetische Markierung gefunden, die typisch nur f\u00fcr Juden ist\u2018, zitiert \u201aScience\u2018 den Historiker\u201c. Doch auf derartige Antworten ist ein Beckmann nat\u00fcrlich nicht gekommen. So wurde Sarrazins Quellenwahl nicht einmal kritisiert. Statt dessen konnte Sarrazin seine kruden Thesen verbreiten und diesen \u2013 mit dem Verweis auf Zeitungsartikel\u00a0\u2013 einen wissenschaftlichen Anstrich verleihen.<\/p>\n<p style=\"text-align: justify;\" align=\"JUSTIFY\">Die Rolle des b\u00fcrgerlichen Kritikers musste der ARD-Moderator\u00a0Ranga Yogeshwar\u00a0\u00fcbernehmen, der den Wahn von\u00a0\u201eVolksgruppen\u201c\u00a0und\u00a0\u201eRasse\u201c\u00a0in Ans\u00e4tzen kritisierte. Ansonsten wollte er\u00a0\u201eals Wissenschaftler\u201c\u00a0des \u00d6fteren\u00a0\u201eeinfach widersprechen\u201c, kam allerdings nicht wirklich zu Wort. Sarrazin wurde derweil mit einem\u00a0Dieter Graumann\u00a0Einspieler konfrontiert, indem sich der Vizepr\u00e4sident Vorsitzende des Zentralrats der Juden aufgrund der Thesen Sarrazins an die Rassenlehre der Nationalsozialisten erinnert f\u00fchlte. An diesem Punkt h\u00e4tte mensch die Sendung auch abbrechen k\u00f6nnen, schlie\u00dflich war damit alles Notwendige gesagt. Doch Beckmann wollte das Thema weiter\u00a0\u201everdichten\u201c\u00a0und talkte \u00fcber Gene,\u00a0\u201egeneratives Verhalten\u201c\u00a0und\u00a0\u201eVererbung\u201c.<\/p>\n<p style=\"text-align: justify;\" align=\"JUSTIFY\">Das war der Zeitpunkt, an dem sich die Gr\u00fcne Renate K\u00fcnast und die anderen Politiker_innen zu Wort meldeten, die sich aufs\u00a0\u201eWirtschaftswunder\u201c\u00a0und die\u00a0\u201ekulturelle Vielfalt\u201c\u00a0beriefen. Sarrazin und diesen vermeintlichen Kritiker_innen geht es vor allem um Deutschland, nur dass seine Fernseh-Duellanten eine andere Herangehensweise propagieren und die Leistungen der Einwander_innen besonders betonen. Sarrazin polemisierte in der Folge erst einmal gegen\u00a0\u201eden Migranten\u201c, den es gar nicht geben w\u00fcrde:\u00a0\u201eEs gibt Inder, Osteurop\u00e4er, europ\u00e4ische Ausl\u00e4nder, der S\u00fcditaliener, alles M\u00f6gliche, die j\u00fcdischen Immigranten\u201c, z\u00e4hlte Sarrazin an der Hand ab.<\/p>\n<p style=\"text-align: justify;\" align=\"JUSTIFY\">Diese \u201eVolksgruppen\u201c\u00a0kann Sarrazin ganz genau selektieren.\u00a0\u201eVom fern\u00f6stlichen Asiaten\u201c\u00a0\u00fcber den\u201eOsteurop\u00e4er\u201c\u00a0bis zu einer\u00a0\u201ej\u00fcdischen Volksgruppe\u201c. Doch insbesondere die Migrant_innen\u00a0\u201eaus muslimischen L\u00e4ndern\u201c\u00a0machen ihm Angst, weil ihm Statistiken verraten haben wollen, dass diese besonders kriminell sein sollen. Dass diese Zahlen, mit denen Sarrazin hantiert, nicht unbedingt stimmen m\u00fcssen, hat\u00a0selbst die gr\u00fcne\u00a0\u201eTaz\u201c\u00a0erkannt:\u00a0\u201eZwar weist die Berliner Kriminalit\u00e4tsstatistik bei jugendlichen Intensivt\u00e4tern eine \u00fcberdurchschnittlich hohe Zahl von Nichtdeutschen aus. Doch die von Sarrazin als so integriert gelobten Osteurop\u00e4er stehen dort an erster und die Vietnamesen an dritter Stelle\u201c.<\/p>\n<p style=\"text-align: justify;\" align=\"JUSTIFY\">\u201eZ\u00e4sur\u201c\u00a0ruft Beckmann:\u00a0\u201e\u00dcberfremdung!\u201c\u00a0Ein wichtiges Thema findet\u00a0der in die Jahre gekommene Moderator, der immer wieder Sarrazins Thesen referiert und gar von einer m\u00f6glichen\u00a0\u201eBedrohung durch \u00dcberfremdung\u201c\u00a0spricht. Es geht um\u00a0\u201eHeimat\u201c\u00a0und um\u00a0\u201eAraber\u201c, die sich\u00a0\u201eSozialleistungen erschleichen\u201c, indem sie angeblich m\u00f6glichst viele Kinder bekommen. Hier geht es nicht um Kritik, sondern um plumpe Pflege rassistischer Vorurteile zur besten Sendezeit.\u00a0\u201eBeckmann\u201c\u00a0ist eben auch nur ein deutscher Fernsehstammtisch. Mit einer berechtigten Kritik am Islamismus hatte dieser Stammtisch ungef\u00e4hr soviel zu tun, wie der\u00a0\u201eDSC Wanne-Eickel\u201c\u00a0mit der Meisterschaft in der ersten Fu\u00dfball-Bundesliga.<\/p>\n<p style=\"text-align: justify;\" align=\"JUSTIFY\">Als es nicht mehr schlimmer kommen konnte, wurde der RTL-Streetworker\u00a0Thomas Sonneburg\u00a0in die Sendung gebeten. Sonnenburg steht \u00fcber sein\u00a0Trash-Sozialarbeiter-TV-Format\u00a0in Kontakt mit echten Migrant_innen. Das qualifizierte ihn, genauso wie den ARD Moderatoren Yogeshwar, auf dessen indischen Vater der Moderator der gleichnamigen Sendung bereits zu Beginn verwiesen hatte. Auch Sonnenburg sagte erstaunlich sinnvolle Sachen, war aber bem\u00fcht seine Klientel zu stolzen Deutschen zu machen, was den Politiker_innen gefallen haben d\u00fcrfte, denen es \u2013 wie auch Sarrazin \u2013 vor allem um Deutschland geht.<\/p>\n<p style=\"text-align: justify;\" align=\"JUSTIFY\">Die rassistische Theorie von einer angeblichen Bedrohung dieser Nation, durch andere\u201eVolksgruppen\u201c, zog sich wie ein roter Faden durch die Sendung, so dass Yogashwar und Sonnenburg zeitweilig wie die Verteidiger_innen der Aufkl\u00e4rung wirkten.\u00a0\u201eBeckmann\u201c\u00a0zeigt, dass das Gerede, von j\u00fcdischen Genen und kinderzeugenden\u00a0\u201eArabern in Deutschland\u201c, aus der Mitte der Gesellschaft kommt und dort reproduziert wird. Es sind ganz spezifische deutsche Verh\u00e4ltnisse, denen Sarrazin entspringt und als deren Ideologe er auftritt. Seine B\u00fchne sind die Medien. Beckmann und die ARD haben ihr m\u00f6glichstes getan, um Sarrazin diese notwendige B\u00fchne zu bereiten. Dort durfte er, wie er\u00a0freim\u00fctig bekannte,\u00a0\u201ean der Erh\u00f6hung meiner Auflage\u201c\u00a0arbeiten. Das durfte dem Liebling von\u00a0\u201eBeckmann\u201c\u00a0und\u00a0\u201eBild\u201c\u00a0in den letzten Tagen gelungen sein.<\/p>\n<a class=\"synved-social-button synved-social-button-share synved-social-size-32 synved-social-resolution-single synved-social-provider-facebook nolightbox\" data-provider=\"facebook\" target=\"_blank\" rel=\"nofollow\" title=\"Auf Facebook teilen\" href=\"https:\/\/www.facebook.com\/sharer.php?u=https%3A%2F%2Fferne-welten.com%2Findex.php%3Frest_route%3D%252Fwp%252Fv2%252Fposts%252F1572&#038;t=Fernseh-Abend%20mit%20Sarrazin&#038;s=100&#038;p&#091;url&#093;=https%3A%2F%2Fferne-welten.com%2Findex.php%3Frest_route%3D%252Fwp%252Fv2%252Fposts%252F1572&#038;p&#091;images&#093;&#091;0&#093;=&#038;p&#091;title&#093;=Fernseh-Abend%20mit%20Sarrazin\" style=\"font-size: 0px;width:32px;height:32px;margin:0;margin-bottom:5px;margin-right:5px\"><img loading=\"lazy\" decoding=\"async\" alt=\"Facebook\" title=\"Auf Facebook teilen\" class=\"synved-share-image synved-social-image synved-social-image-share\" width=\"32\" height=\"32\" style=\"display: inline;width:32px;height:32px;margin: 0;padding: 0;border: none;box-shadow: none\" src=\"https:\/\/ferne-welten.com\/wp-content\/plugins\/social-media-feather\/synved-social\/addons\/extra-icons\/image\/social\/circle\/64x64\/facebook.png\" \/><\/a><a class=\"synved-social-button synved-social-button-share synved-social-size-32 synved-social-resolution-single synved-social-provider-twitter nolightbox\" data-provider=\"twitter\" target=\"_blank\" rel=\"nofollow\" title=\"Auf Twitter teilen\" href=\"https:\/\/twitter.com\/intent\/tweet?url=https%3A%2F%2Fferne-welten.com%2Findex.php%3Frest_route%3D%252Fwp%252Fv2%252Fposts%252F1572&#038;text=Hey%20check%20this%20out\" style=\"font-size: 0px;width:32px;height:32px;margin:0;margin-bottom:5px;margin-right:5px\"><img loading=\"lazy\" decoding=\"async\" alt=\"twitter\" title=\"Auf Twitter teilen\" class=\"synved-share-image synved-social-image synved-social-image-share\" width=\"32\" height=\"32\" style=\"display: inline;width:32px;height:32px;margin: 0;padding: 0;border: none;box-shadow: none\" src=\"https:\/\/ferne-welten.com\/wp-content\/plugins\/social-media-feather\/synved-social\/addons\/extra-icons\/image\/social\/circle\/64x64\/twitter.png\" \/><\/a><a class=\"synved-social-button synved-social-button-share synved-social-size-32 synved-social-resolution-single synved-social-provider-reddit nolightbox\" data-provider=\"reddit\" target=\"_blank\" rel=\"nofollow\" title=\"Auf Reddit teilen\" href=\"https:\/\/www.reddit.com\/submit?url=https%3A%2F%2Fferne-welten.com%2Findex.php%3Frest_route%3D%252Fwp%252Fv2%252Fposts%252F1572&#038;title=Fernseh-Abend%20mit%20Sarrazin\" style=\"font-size: 0px;width:32px;height:32px;margin:0;margin-bottom:5px;margin-right:5px\"><img loading=\"lazy\" decoding=\"async\" alt=\"reddit\" title=\"Auf Reddit teilen\" class=\"synved-share-image synved-social-image synved-social-image-share\" width=\"32\" height=\"32\" style=\"display: inline;width:32px;height:32px;margin: 0;padding: 0;border: none;box-shadow: none\" src=\"https:\/\/ferne-welten.com\/wp-content\/plugins\/social-media-feather\/synved-social\/addons\/extra-icons\/image\/social\/circle\/64x64\/reddit.png\" \/><\/a><a class=\"synved-social-button synved-social-button-share synved-social-size-32 synved-social-resolution-single synved-social-provider-pinterest nolightbox\" data-provider=\"pinterest\" target=\"_blank\" rel=\"nofollow\" title=\"Auf Pinterest pinnen\" href=\"https:\/\/pinterest.com\/pin\/create\/button\/?url=https%3A%2F%2Fferne-welten.com%2Findex.php%3Frest_route%3D%252Fwp%252Fv2%252Fposts%252F1572&#038;media=&#038;description=Fernseh-Abend%20mit%20Sarrazin\" style=\"font-size: 0px;width:32px;height:32px;margin:0;margin-bottom:5px;margin-right:5px\"><img loading=\"lazy\" decoding=\"async\" alt=\"pinterest\" title=\"Auf Pinterest pinnen\" class=\"synved-share-image synved-social-image synved-social-image-share\" width=\"32\" height=\"32\" style=\"display: inline;width:32px;height:32px;margin: 0;padding: 0;border: none;box-shadow: none\" src=\"https:\/\/ferne-welten.com\/wp-content\/plugins\/social-media-feather\/synved-social\/addons\/extra-icons\/image\/social\/circle\/64x64\/pinterest.png\" \/><\/a><a class=\"synved-social-button synved-social-button-share synved-social-size-32 synved-social-resolution-single synved-social-provider-linkedin nolightbox\" data-provider=\"linkedin\" target=\"_blank\" rel=\"nofollow\" title=\"Auf Linkedin teilen\" href=\"https:\/\/www.linkedin.com\/shareArticle?mini=true&#038;url=https%3A%2F%2Fferne-welten.com%2Findex.php%3Frest_route%3D%252Fwp%252Fv2%252Fposts%252F1572&#038;title=Fernseh-Abend%20mit%20Sarrazin\" style=\"font-size: 0px;width:32px;height:32px;margin:0;margin-bottom:5px;margin-right:5px\"><img loading=\"lazy\" decoding=\"async\" alt=\"linkedin\" title=\"Auf Linkedin teilen\" class=\"synved-share-image synved-social-image synved-social-image-share\" width=\"32\" height=\"32\" style=\"display: inline;width:32px;height:32px;margin: 0;padding: 0;border: none;box-shadow: none\" src=\"https:\/\/ferne-welten.com\/wp-content\/plugins\/social-media-feather\/synved-social\/addons\/extra-icons\/image\/social\/circle\/64x64\/linkedin.png\" \/><\/a><a class=\"synved-social-button synved-social-button-share synved-social-size-32 synved-social-resolution-single synved-social-provider-tumblr nolightbox\" data-provider=\"tumblr\" target=\"_blank\" rel=\"nofollow\" title=\"\u00dcber Tumblr teilen\" href=\"https:\/\/tumblr.com\/share?s=&#038;v=3&#038;t=Fernseh-Abend%20mit%20Sarrazin&#038;u=https%3A%2F%2Fferne-welten.com%2Findex.php%3Frest_route%3D%252Fwp%252Fv2%252Fposts%252F1572\" style=\"font-size: 0px;width:32px;height:32px;margin:0;margin-bottom:5px;margin-right:5px\"><img loading=\"lazy\" decoding=\"async\" alt=\"tumblr\" title=\"\u00dcber Tumblr teilen\" class=\"synved-share-image synved-social-image synved-social-image-share\" width=\"32\" height=\"32\" style=\"display: inline;width:32px;height:32px;margin: 0;padding: 0;border: none;box-shadow: none\" src=\"https:\/\/ferne-welten.com\/wp-content\/plugins\/social-media-feather\/synved-social\/addons\/extra-icons\/image\/social\/circle\/64x64\/tumblr.png\" \/><\/a><a class=\"synved-social-button synved-social-button-share synved-social-size-32 synved-social-resolution-single synved-social-provider-mail nolightbox\" data-provider=\"mail\" rel=\"nofollow\" title=\"Link per Mail weiterleiten\" href=\"mailto:?subject=Fernseh-Abend%20mit%20Sarrazin&#038;body=Hey%20check%20this%20out:%20https%3A%2F%2Fferne-welten.com%2Findex.php%3Frest_route%3D%252Fwp%252Fv2%252Fposts%252F1572\" style=\"font-size: 0px;width:32px;height:32px;margin:0;margin-bottom:5px\"><img loading=\"lazy\" decoding=\"async\" alt=\"mail\" title=\"Link per Mail weiterleiten\" class=\"synved-share-image synved-social-image synved-social-image-share\" width=\"32\" height=\"32\" style=\"display: inline;width:32px;height:32px;margin: 0;padding: 0;border: none;box-shadow: none\" src=\"https:\/\/ferne-welten.com\/wp-content\/plugins\/social-media-feather\/synved-social\/addons\/extra-icons\/image\/social\/circle\/64x64\/mail.png\" \/><\/a>","protected":false},"excerpt":{"rendered":"<p>Die Aufregung rund um das neue Buch des Deutschen-Bank Aufsichtsratsmitglieds Thilo\u00a0Sarrazin lie\u00df sich nicht nur auf der Pressekonferenz erkennen, bei der der ehemalige Berliner Finanzsenator\u00a0sein neuestes Machwerk\u00a0vorstellte, sondern auch in der ARD-Talkshow\u00a0\u201eBeckmann\u201c, die am Montagabend \u00fcber die Bildschirme flimmerte. Bereits&#8230;<br \/><a class=\"read-more-button\" href=\"https:\/\/ferne-welten.com\/?p=1572\">Read more<\/a><\/p>\n","protected":false},"author":1,"featured_media":0,"comment_status":"open","ping_status":"open","sticky":false,"template":"","format":"standard","meta":{"footnotes":""},"categories":[359,66],"tags":[107,43,705,551,678],"class_list":["post-1572","post","type-post","status-publish","format-standard","hentry","category-eiskaltland","category-sehbares","tag-antisemitismus","tag-ard","tag-beckmann","tag-rassismus","tag-thilo-sarrazin"],"_links":{"self":[{"href":"https:\/\/ferne-welten.com\/index.php?rest_route=\/wp\/v2\/posts\/1572","targetHints":{"allow":["GET"]}}],"collection":[{"href":"https:\/\/ferne-welten.com\/index.php?rest_route=\/wp\/v2\/posts"}],"about":[{"href":"https:\/\/ferne-welten.com\/index.php?rest_route=\/wp\/v2\/types\/post"}],"author":[{"embeddable":true,"href":"https:\/\/ferne-welten.com\/index.php?rest_route=\/wp\/v2\/users\/1"}],"replies":[{"embeddable":true,"href":"https:\/\/ferne-welten.com\/index.php?rest_route=%2Fwp%2Fv2%2Fcomments&post=1572"}],"version-history":[{"count":1,"href":"https:\/\/ferne-welten.com\/index.php?rest_route=\/wp\/v2\/posts\/1572\/revisions"}],"predecessor-version":[{"id":1573,"href":"https:\/\/ferne-welten.com\/index.php?rest_route=\/wp\/v2\/posts\/1572\/revisions\/1573"}],"wp:attachment":[{"href":"https:\/\/ferne-welten.com\/index.php?rest_route=%2Fwp%2Fv2%2Fmedia&parent=1572"}],"wp:term":[{"taxonomy":"category","embeddable":true,"href":"https:\/\/ferne-welten.com\/index.php?rest_route=%2Fwp%2Fv2%2Fcategories&post=1572"},{"taxonomy":"post_tag","embeddable":true,"href":"https:\/\/ferne-welten.com\/index.php?rest_route=%2Fwp%2Fv2%2Ftags&post=1572"}],"curies":[{"name":"wp","href":"https:\/\/api.w.org\/{rel}","templated":true}]}}