{"id":1584,"date":"2010-07-21T15:06:02","date_gmt":"2010-07-21T14:06:02","guid":{"rendered":"http:\/\/ferne-welten.com\/?p=1584"},"modified":"2017-04-30T15:06:50","modified_gmt":"2017-04-30T14:06:50","slug":"absage-der-woche","status":"publish","type":"post","link":"https:\/\/ferne-welten.com\/?p=1584","title":{"rendered":"Absage der Woche"},"content":{"rendered":"<p style=\"text-align: justify;\" align=\"LEFT\">Heimlich, still und leise ist der FDP-Politiker Frank Sch\u00e4ffler aus dem Programm der Konferenz \u201eDer Euro vor dem Zu\u00adsam\u00admen\u00adbruch\u201c\u00a0verschwunden. Das Mitglied des Bundestags war, neben dem Rechtspopulisten Nigel Farage, als einer der Redner auf dem Kongress angek\u00fcndigt worden, der vom\u00a0\u201eLinks-Nationalisten\u201cJ\u00fcrgen Els\u00e4sser und dessen \u201eVolksinitiative\u201c organisiert wird. Frank Sch\u00e4ffler k\u00f6nne aufgrund \u201eanderer terminlicher Verpflichtungen\u201c nicht am Kongress teilnehmen, hei\u00dft es aus dem B\u00fcro des Abgeordneten. Inhaltliche Differenzen d\u00fcrften keine Rolle gespielt haben.<\/p>\n<p style=\"text-align: justify;\" align=\"LEFT\"><!--more--><\/p>\n<p style=\"text-align: justify;\" align=\"LEFT\">Schlie\u00dflich lobte der Bundestagsabgeordnete bereits in der Vergangenheit ein Buch aus der\u00a0\u201eCompact\u201c-Reihe des J\u00fcrgen Els\u00e4sser. Ort der Lobpreisung des Buches war das rechte Magazin\u00a0\u201eEigent\u00fcmlich frei\u201c, das in\u00a0\u201eeng das pu\u00adbli\u00adzis\u00adti\u00adsche Netz der deut\u00adschen Rech\u00adten ein\u00adge\u00adbun\u00adden\u201c\u00a0<a href=\"http:\/\/reflexion.blogsport.de\/2010\/07\/13\/die-konferenz-der-anti-europaeer\/\">ist<\/a>. Das Buch des J\u00fcrgen Els\u00e4sser w\u00fcrde\u00a0\u201eFreude\u201c\u00a0machen, schrieb Sch\u00e4ffler.\u00a0\u201eAch, ist das sch\u00f6n\u201c, lautete das Fazit \u00fcber das Buch, das dieser \u2013 im Rahmen der\u00a0\u201eCompact\u201c\u00a0Reihe \u2013 im Kai Homilius Verlag\u00a0publiziert. In diesem Verlag erscheinen auch die Werke des eifrigen Antikommunisten Jan von Flocken und die B\u00fccher anderer Verschw\u00f6rungsideologen. Ansonsten vertreibt der Verlag auch die \u201eDokumentationen\u201c des Frank H\u00f6fer, der sich zum Bei\u00adspie\u00adl f\u00fcr den an\u00adgeb\u00adli\u00adchen Zu\u00adsam\u00admen\u00adhang zwi\u00adschen\u00a0\u201eKorn\u00adkrei\u00adsen\u201c\u00a0und\u00a0\u201eAli\u00adens\u201c\u00a0interessiert.<\/p>\n<p style=\"text-align: justify;\" align=\"LEFT\">Frank Sch\u00e4fflers Absage am\u00a0Kongress der Anti-Europ\u00e4er\u00a0teilzunehmen, d\u00fcrfte also nicht aufgrund von inhaltlichen Differenzen, sondern aufgrund \u201eanderer terminlicher Verpflichtungen\u201c zu erkl\u00e4ren sein. Es bleibt abzuwarten, wann und ob der FDP-Bundestagsabgeordnete Sch\u00e4ffler und der ehemalige\u201eAntideutsche\u201c\u00a0J\u00fcrgen Els\u00e4sser, der zur Zeit <a href=\"http:\/\/jungle-world.com\/artikel\/2010\/16\/40780.html\">die rechte Regierung<\/a>\u00a0Ungarns <a href=\"http:\/\/anonym.to\/?http:\/\/juergenelsaesser.wordpress.com\/2010\/07\/21\/linke-revolution-von-rechts\/\">lobt<\/a> und in <a href=\"http:\/\/jungle-world.com\/artikel\/2010\/10\/40516.html\">der antisemitischen\u201eFidesz\u201c<\/a>\u00a0einen B\u00fcndnispartner gegen das \u201einternationale Finanzkapital\u201c erkennen will, in irgendeiner Form die weitere Zusammenarbeit suchen.<\/p>\n<a class=\"synved-social-button synved-social-button-share synved-social-size-32 synved-social-resolution-single synved-social-provider-facebook nolightbox\" data-provider=\"facebook\" target=\"_blank\" rel=\"nofollow\" title=\"Auf Facebook teilen\" href=\"https:\/\/www.facebook.com\/sharer.php?u=https%3A%2F%2Fferne-welten.com%2Findex.php%3Frest_route%3D%252Fwp%252Fv2%252Fposts%252F1584&#038;t=Absage%20der%20Woche&#038;s=100&#038;p&#091;url&#093;=https%3A%2F%2Fferne-welten.com%2Findex.php%3Frest_route%3D%252Fwp%252Fv2%252Fposts%252F1584&#038;p&#091;images&#093;&#091;0&#093;=&#038;p&#091;title&#093;=Absage%20der%20Woche\" style=\"font-size: 0px;width:32px;height:32px;margin:0;margin-bottom:5px;margin-right:5px\"><img loading=\"lazy\" decoding=\"async\" alt=\"Facebook\" title=\"Auf Facebook teilen\" class=\"synved-share-image synved-social-image synved-social-image-share\" width=\"32\" height=\"32\" style=\"display: inline;width:32px;height:32px;margin: 0;padding: 0;border: none;box-shadow: none\" src=\"https:\/\/ferne-welten.com\/wp-content\/plugins\/social-media-feather\/synved-social\/addons\/extra-icons\/image\/social\/circle\/64x64\/facebook.png\" \/><\/a><a class=\"synved-social-button synved-social-button-share synved-social-size-32 synved-social-resolution-single synved-social-provider-twitter nolightbox\" data-provider=\"twitter\" target=\"_blank\" rel=\"nofollow\" title=\"Auf Twitter teilen\" href=\"https:\/\/twitter.com\/intent\/tweet?url=https%3A%2F%2Fferne-welten.com%2Findex.php%3Frest_route%3D%252Fwp%252Fv2%252Fposts%252F1584&#038;text=Hey%20check%20this%20out\" style=\"font-size: 0px;width:32px;height:32px;margin:0;margin-bottom:5px;margin-right:5px\"><img loading=\"lazy\" decoding=\"async\" alt=\"twitter\" title=\"Auf Twitter teilen\" class=\"synved-share-image synved-social-image synved-social-image-share\" width=\"32\" height=\"32\" style=\"display: inline;width:32px;height:32px;margin: 0;padding: 0;border: none;box-shadow: none\" src=\"https:\/\/ferne-welten.com\/wp-content\/plugins\/social-media-feather\/synved-social\/addons\/extra-icons\/image\/social\/circle\/64x64\/twitter.png\" \/><\/a><a class=\"synved-social-button synved-social-button-share synved-social-size-32 synved-social-resolution-single synved-social-provider-reddit nolightbox\" data-provider=\"reddit\" target=\"_blank\" rel=\"nofollow\" title=\"Auf Reddit teilen\" href=\"https:\/\/www.reddit.com\/submit?url=https%3A%2F%2Fferne-welten.com%2Findex.php%3Frest_route%3D%252Fwp%252Fv2%252Fposts%252F1584&#038;title=Absage%20der%20Woche\" style=\"font-size: 0px;width:32px;height:32px;margin:0;margin-bottom:5px;margin-right:5px\"><img loading=\"lazy\" decoding=\"async\" alt=\"reddit\" title=\"Auf Reddit teilen\" class=\"synved-share-image synved-social-image synved-social-image-share\" width=\"32\" height=\"32\" style=\"display: inline;width:32px;height:32px;margin: 0;padding: 0;border: none;box-shadow: none\" src=\"https:\/\/ferne-welten.com\/wp-content\/plugins\/social-media-feather\/synved-social\/addons\/extra-icons\/image\/social\/circle\/64x64\/reddit.png\" \/><\/a><a class=\"synved-social-button synved-social-button-share synved-social-size-32 synved-social-resolution-single synved-social-provider-pinterest nolightbox\" data-provider=\"pinterest\" target=\"_blank\" rel=\"nofollow\" title=\"Auf Pinterest pinnen\" href=\"https:\/\/pinterest.com\/pin\/create\/button\/?url=https%3A%2F%2Fferne-welten.com%2Findex.php%3Frest_route%3D%252Fwp%252Fv2%252Fposts%252F1584&#038;media=&#038;description=Absage%20der%20Woche\" style=\"font-size: 0px;width:32px;height:32px;margin:0;margin-bottom:5px;margin-right:5px\"><img loading=\"lazy\" decoding=\"async\" alt=\"pinterest\" title=\"Auf Pinterest pinnen\" class=\"synved-share-image synved-social-image synved-social-image-share\" width=\"32\" height=\"32\" style=\"display: inline;width:32px;height:32px;margin: 0;padding: 0;border: none;box-shadow: none\" src=\"https:\/\/ferne-welten.com\/wp-content\/plugins\/social-media-feather\/synved-social\/addons\/extra-icons\/image\/social\/circle\/64x64\/pinterest.png\" \/><\/a><a class=\"synved-social-button synved-social-button-share synved-social-size-32 synved-social-resolution-single synved-social-provider-linkedin nolightbox\" data-provider=\"linkedin\" target=\"_blank\" rel=\"nofollow\" title=\"Auf Linkedin teilen\" href=\"https:\/\/www.linkedin.com\/shareArticle?mini=true&#038;url=https%3A%2F%2Fferne-welten.com%2Findex.php%3Frest_route%3D%252Fwp%252Fv2%252Fposts%252F1584&#038;title=Absage%20der%20Woche\" style=\"font-size: 0px;width:32px;height:32px;margin:0;margin-bottom:5px;margin-right:5px\"><img loading=\"lazy\" decoding=\"async\" alt=\"linkedin\" title=\"Auf Linkedin teilen\" class=\"synved-share-image synved-social-image synved-social-image-share\" width=\"32\" height=\"32\" style=\"display: inline;width:32px;height:32px;margin: 0;padding: 0;border: none;box-shadow: none\" src=\"https:\/\/ferne-welten.com\/wp-content\/plugins\/social-media-feather\/synved-social\/addons\/extra-icons\/image\/social\/circle\/64x64\/linkedin.png\" \/><\/a><a class=\"synved-social-button synved-social-button-share synved-social-size-32 synved-social-resolution-single synved-social-provider-tumblr nolightbox\" data-provider=\"tumblr\" target=\"_blank\" rel=\"nofollow\" title=\"\u00dcber Tumblr teilen\" href=\"https:\/\/tumblr.com\/share?s=&#038;v=3&#038;t=Absage%20der%20Woche&#038;u=https%3A%2F%2Fferne-welten.com%2Findex.php%3Frest_route%3D%252Fwp%252Fv2%252Fposts%252F1584\" style=\"font-size: 0px;width:32px;height:32px;margin:0;margin-bottom:5px;margin-right:5px\"><img loading=\"lazy\" decoding=\"async\" alt=\"tumblr\" title=\"\u00dcber Tumblr teilen\" class=\"synved-share-image synved-social-image synved-social-image-share\" width=\"32\" height=\"32\" style=\"display: inline;width:32px;height:32px;margin: 0;padding: 0;border: none;box-shadow: none\" src=\"https:\/\/ferne-welten.com\/wp-content\/plugins\/social-media-feather\/synved-social\/addons\/extra-icons\/image\/social\/circle\/64x64\/tumblr.png\" \/><\/a><a class=\"synved-social-button synved-social-button-share synved-social-size-32 synved-social-resolution-single synved-social-provider-mail nolightbox\" data-provider=\"mail\" rel=\"nofollow\" title=\"Link per Mail weiterleiten\" href=\"mailto:?subject=Absage%20der%20Woche&#038;body=Hey%20check%20this%20out:%20https%3A%2F%2Fferne-welten.com%2Findex.php%3Frest_route%3D%252Fwp%252Fv2%252Fposts%252F1584\" style=\"font-size: 0px;width:32px;height:32px;margin:0;margin-bottom:5px\"><img loading=\"lazy\" decoding=\"async\" alt=\"mail\" title=\"Link per Mail weiterleiten\" class=\"synved-share-image synved-social-image synved-social-image-share\" width=\"32\" height=\"32\" style=\"display: inline;width:32px;height:32px;margin: 0;padding: 0;border: none;box-shadow: none\" src=\"https:\/\/ferne-welten.com\/wp-content\/plugins\/social-media-feather\/synved-social\/addons\/extra-icons\/image\/social\/circle\/64x64\/mail.png\" \/><\/a>","protected":false},"excerpt":{"rendered":"<p>Heimlich, still und leise ist der FDP-Politiker Frank Sch\u00e4ffler aus dem Programm der Konferenz \u201eDer Euro vor dem Zu\u00adsam\u00admen\u00adbruch\u201c\u00a0verschwunden. Das Mitglied des Bundestags war, neben dem Rechtspopulisten Nigel Farage, als einer der Redner auf dem Kongress angek\u00fcndigt worden, der vom\u00a0\u201eLinks-Nationalisten\u201cJ\u00fcrgen&#8230;<br \/><a class=\"read-more-button\" href=\"https:\/\/ferne-welten.com\/?p=1584\">Read more<\/a><\/p>\n","protected":false},"author":1,"featured_media":0,"comment_status":"open","ping_status":"open","sticky":false,"template":"","format":"standard","meta":{"footnotes":""},"categories":[88],"tags":[83,273,715,162],"class_list":["post-1584","post","type-post","status-publish","format-standard","hentry","category-dorfkritik","tag-compact","tag-fdp","tag-frank-schaeffler","tag-juergen-elsaesser"],"_links":{"self":[{"href":"https:\/\/ferne-welten.com\/index.php?rest_route=\/wp\/v2\/posts\/1584","targetHints":{"allow":["GET"]}}],"collection":[{"href":"https:\/\/ferne-welten.com\/index.php?rest_route=\/wp\/v2\/posts"}],"about":[{"href":"https:\/\/ferne-welten.com\/index.php?rest_route=\/wp\/v2\/types\/post"}],"author":[{"embeddable":true,"href":"https:\/\/ferne-welten.com\/index.php?rest_route=\/wp\/v2\/users\/1"}],"replies":[{"embeddable":true,"href":"https:\/\/ferne-welten.com\/index.php?rest_route=%2Fwp%2Fv2%2Fcomments&post=1584"}],"version-history":[{"count":1,"href":"https:\/\/ferne-welten.com\/index.php?rest_route=\/wp\/v2\/posts\/1584\/revisions"}],"predecessor-version":[{"id":1585,"href":"https:\/\/ferne-welten.com\/index.php?rest_route=\/wp\/v2\/posts\/1584\/revisions\/1585"}],"wp:attachment":[{"href":"https:\/\/ferne-welten.com\/index.php?rest_route=%2Fwp%2Fv2%2Fmedia&parent=1584"}],"wp:term":[{"taxonomy":"category","embeddable":true,"href":"https:\/\/ferne-welten.com\/index.php?rest_route=%2Fwp%2Fv2%2Fcategories&post=1584"},{"taxonomy":"post_tag","embeddable":true,"href":"https:\/\/ferne-welten.com\/index.php?rest_route=%2Fwp%2Fv2%2Ftags&post=1584"}],"curies":[{"name":"wp","href":"https:\/\/api.w.org\/{rel}","templated":true}]}}