{"id":1588,"date":"2010-07-13T15:08:46","date_gmt":"2010-07-13T14:08:46","guid":{"rendered":"http:\/\/ferne-welten.com\/?p=1588"},"modified":"2017-04-30T15:10:01","modified_gmt":"2017-04-30T14:10:01","slug":"die-konferenz-der-anti-europaeer","status":"publish","type":"post","link":"https:\/\/ferne-welten.com\/?p=1588","title":{"rendered":"Die Konferenz der Anti-Europ\u00e4er"},"content":{"rendered":"<p style=\"text-align: justify;\" align=\"LEFT\">Der \u201eLinksnationalist\u201c J\u00fcrgen Els\u00e4sser und seine \u201eVolksinitiative\u201c planen eine\u201eAktionskonferenz\u201c, auf der die Creme de la Creme der Verschw\u00f6rungsideologen und Europa-Gegner auftreten sollen, um \u201eArgumente gegen den Euro-Wahn (\u2026) einer breiten \u00d6ffentlichkeit zug\u00e4nglich zu machen\u201c. Die Konferenz \u201eDer Euro vor dem Zusammenbruch\u201c soll im \u201eRussischen Haus\u201c in Berlin stattfinden, in dem die\u201eVolksinitiative\u201c bereits \u00f6fter tagte. Am 25. September 2010 k\u00f6nnen sich die Teilnehmer_innen, die bis zu 35 Euro bezahlen sollen, von verschiedenen Referenten und der Band \u201eDie Bandbreite\u201c, die gerade einen schwarz-rot-goldenen WM-Song herausgebracht hat, berieseln lassen.<\/p>\n<p style=\"text-align: justify;\" align=\"LEFT\"><!--more--><\/p>\n<p style=\"text-align: justify;\" align=\"LEFT\">Die Aktionskonferenz der \u201eVolksinitiative\u201c wird zur Zeit unter anderem durch J\u00fcrgen Els\u00e4ssers Web-Blog und durch eine eigens gestaltete <a href=\"http:\/\/anonym.to\/?http:\/\/www.euro-konferenz.de\/\">Sonderseite<\/a> beworben. Der Eintritt soll auf das Konto des Stephan Haube \u00fcberwiesen werden, der unter anderem als \u201eVolksinitiative\u201c-Redner auf dem antisemitischen \u201eAl-Quds\u201c-Aufmarsch in Berlin (2009) auftrat.<\/p>\n<p style=\"text-align: justify;\" align=\"LEFT\">Als Referent wird wird unter anderem <a href=\"http:\/\/de.wikipedia.org\/wiki\/Nigel_Farage\">Nigel Farage<\/a>, Europaabgeordneter der rechtspopulistischen \u201eUnited Kingdom Independent Party (UKIP)\u201c angek\u00fcndigt. Dessen Partei wird in Deutschland unter anderem von der rechten Wochenzeitung\u201eJunge Freiheit\u201c mehr als wohlwollend beobachtet. Im Interview mit dem Blatt wetterte Farage gegen die europ\u00e4ische Union und trat f\u00fcr ein \u201eEuropa der Staaten\u201c ein. Farage emp\u00f6rt sich, weil es angeblich keine \u201eKontrolle \u00fcber die Zinsen, noch \u00fcber die Wirtschaft\u201c geben w\u00fcrde. Das liegt, so Farage im Interview mit dem rechten, verschw\u00f6rungsideologischen Blog \u201eAlles Schall und Rauch\u201c, unter anderen an der \u201eBilderberger-Konferenz\u201c. Dieser Konferenz, an der Politiker, Lobbyisten und Manager teilnehmen, sagt Farage eine unglaubliche Macht nach: Die \u201eBilderberger\u201c h\u00e4tten sich Politiker gesucht, die sie nach Belieben steuern k\u00f6nnen.<\/p>\n<blockquote>\n<p align=\"LEFT\">\u201eSie sollen von denen ausgew\u00e4hlt worden sein, damit sie manipuliert werden k\u00f6nnen und deren Befehle ausf\u00fchren\u201c.<\/p>\n<\/blockquote>\n<p style=\"text-align: justify;\" align=\"LEFT\">Farage glaubt an diese Verschw\u00f6rungstheorie. Er setzt der vermeintlichen Allmacht einer kleinen Konferenz den Willen der\u201efreien V\u00f6lker\u201c entgegen, die sich gegen Europa und die \u201ePolitkommissare\u201c zur Wehr setzen sollen. F\u00fcr ihn ist Europa auf dem Weg eine Art westliche Sowjetunion zu werden. Im Europawahlkampf setzten Farage und seine UKIP auch auf die rassistische Schiene und sprachen von einer angeblich drohenden \u201eIslamisierung\u201c Englands. Weil die UKIP auf antisemitische Hetze verzichtet und sich zumindest Formal f\u00fcr ein Existenzrecht Israels ausspricht, wurde der angek\u00fcndigte Auftritt des EU-Abgeordneten Nigel Farage von einigen Anh\u00e4nger_innen Els\u00e4ssers kritisiert. So <a href=\"http:\/\/anonym.to\/?http:\/\/juergenelsaesser.wordpress.com\/2010\/07\/01\/farage-griechenland-raus-aus-dem-euro\/#comment-10202\">behauptete<\/a> zum Beispiel Fatima \u00d6zoguz, verbandelt mit dem antisemitischen \u201eMuslim Markts\u201c, dass dessen UKIP \u201ezionistisch unterwandert\u201c sei.<\/p>\n<p style=\"text-align: justify;\" align=\"LEFT\">Die anderen Referenten der Aktionskonferenz stammen aus dem deutschsprachigen Raum und d\u00fcrften vielleicht auch Frau \u00d6zoguz gefallen. Da w\u00e4re der rechte\u201eEU-Kritiker\u201c<a href=\"http:\/\/www.esowatch.com\/ge\/index.php?title=Karl_Albrecht_Schachtschneider\">Karl Albrecht Schachtschneider<\/a>, der keine Ber\u00fchrungs\u00e4ngste zu den Rassist_innen von \u201ePro K\u00f6ln\u201chat. Au\u00dferdem wird der FDP-Bundestagsabgeordnete Frank Sch\u00e4ffler als Referent angek\u00fcndigt. Dieser hatte Griechenland vorgeschlagen, doch einige Inseln \u201ezu verkaufen\u201c, damit ihre Schulden getilgt werden k\u00f6nnten. Au\u00dferdem schwebte ihm vor, den griechischen Staat aus dem Euro-Raum zu entfernen: \u201eWenn sich jemand reinmogelt, muss es auch m\u00f6glich sein, ihn rauszuwerfen\u201c hatte Sch\u00e4ffler <a href=\"http:\/\/www.spiegel.de\/politik\/deutschland\/0,1518,695482,00.html\">gepoltert<\/a>, und von den armen deutschen Steuerzahlern gejammert, die die \u201egriechische\u201c Finanzkrise finanzieren m\u00fcssten.<\/p>\n<p style=\"text-align: justify;\" align=\"LEFT\">Au\u00dfer solchen Personen, die den deutschen Staat und Steuerzahler gegen die Europ\u00e4ische Union mobilisieren wollen, wird auch <a href=\"http:\/\/www.esowatch.com\/ge\/index.php?title=Autarkes_Leben#Andreas_Clauss\">Andreas Clauss<\/a> erwartet. Er ist Autor des Buches \u201eDas Deutschland Protokoll 2 \u2013 Die wirtschaftliche Vernichtung Deutschlands\u201c. Dort werden Theorien \u00fcber die\u201egegenw\u00e4rtigen Rechtslage und Rechtssprechung in Deutschland\u201c und \u00fcber die \u201eEingeweihten\u201c, die von der angeblichen \u201ewirtschaftlichen Vernichtung Deutschlands\u201c profitieren w\u00fcrden, verbreitet. Diese\u201eEingeweihten\u201c w\u00fcrden die \u201eKrisen\u201cgeschickt steuern.<\/p>\n<p style=\"text-align: justify;\" align=\"LEFT\">\u201eUnd zwar haben wir diese Katastrophen dann alle 60 bis 80 Jahre (\u2026) Das haben die auch ganz geschickt eingef\u00e4delt. Warum so lange 60 bis 80 Jahre und warum brauch ich so\u2019ne Zinss\u00e4tze? Weil alle Menschen, die \u00fcber die Katastrophen berichten k\u00f6nnten, die sind gestorben, die gibt es nicht mehr\u201c, sagt <a href=\"http:\/\/dummenfang.wordpress.com\/2009\/06\/08\/protokollierte-darmgerausche\/\">Clauss in einem Vortrag<\/a>. Das Buch, in dem \u00e4hnliche Thesen verbreitet werden, ist im rechten \u201eJ-K-Fischer Verlag\u201cerschienen, der sich auf den <a href=\"http:\/\/www.h-ref.de\/literatur\/h\/helsing-jan-van\/geheimgesellschaften-1.php\">antisemitischen Verschw\u00f6rungs-Guru Jan Udo Holey<\/a> beruft und diesen als \u201eVorbild\u201c und \u201eFreund\u201c bezeichnet. Im Buch des Andreas Clauss werden neben den einschl\u00e4gigen antisemitischen Stereotypen auch die Theorien der Reichsb\u00fcrger propagiert, die in der Bundesrepublik eine \u201eGmbH\u201c sehen wollen. Kein Wunder: Neben seiner T\u00e4tigkeit als Buchautor ist Clauss auch Vorsitzender des <a href=\"http:\/\/www.esowatch.com\/ge\/index.php?title=Autarkes_Leben\">Vereins \u201eAutarkes Leben\u201c<\/a>, in dessen Vorstand er auch auf Thomas Patzlaff trifft, einem \u201eReichsb\u00fcrger\u201c aus Berlin, der sich in den vergangenen Jahren um den Aufbau einer \u201eFeindkartei\u201c bem\u00fchte, in dem tats\u00e4chliche oder vermeintliche Gegner_innen des\u201eReiches\u201cerfasst wurden . Der Verein galt als Koordinationszentrum um das mittlerweile aufgel\u00f6ste\u201eF\u00fcrstentum Germania\u201c, einem Pseudostaat der von alten und neuen Nazis, rechten Esoteriker_innen und anderen Antisemit_innen ins Leben gerufen wurde.<\/p>\n<p style=\"text-align: justify;\" align=\"LEFT\">Auf der Euro-Konferenz des J\u00fcrgen Els\u00e4sser soll auch Andreas Clauss seine Theorien verbreiten k\u00f6nnen. Dort wird Clauss auch auf alte Bekannte treffen. Schlie\u00dflich wird die Band \u201eDie Bandbreite\u201c als musikalische Unterhaltung angek\u00fcndigt. Clauss und die Mitglieder der Band d\u00fcrften sich von einer Tagung der\u00a0\u201eAnti-Zensur-Koalition\u201c (AZK) kennen, die der Sektenguru Ivo Sasek in der Schweiz veranstaltet. Dort treten Verschw\u00f6rungsideologen und Holocaust-Leugner auf, um ihre Propaganda den Mitgliedern der Sekte n\u00e4her zubringen. An einer Konferenz des Sektengurus hatten sowohl Andreas Clauss als auch\u201eDie Bandbreite\u201c teilgenommen.<\/p>\n<p style=\"text-align: justify;\" align=\"LEFT\">Die Band \u201eDie Bandbreite\u201c, die in den letzten Monate auch auf linken Festivals\u00a0auftreten durfte und aktuell auf einem Mumia Abu-Jamal Sampler vertreten ist, bietet also die musikalischen Erg\u00e4nzung zu den Theorien des \u201eLinksnationalisten\u201c J\u00fcrgen Els\u00e4sser, des Rechtspopulisten Nigel Farage und des Verschw\u00f6rungsideologen Andreas Clauss, der noch immer vom deutschen Reich tr\u00e4umt. Da verwundert es wenig, dass die Zeitschrift \u201eEigent\u00fcmlich Frei\u201c, die laut der antifaschistischen Zeitschrift\u201eDer rechte Rand\u201c eng in \u201edas publizistische Netz der deutschen Rechten eingebunden\u201c ist, die Konferenz der \u201eVolksinitiative\u201c bewirbt.<\/p>\n<p style=\"text-align: justify;\" align=\"LEFT\">Die \u201eAktionskonferenz\u201c soll am 25. September 2010 in Berlin stattfinden. Els\u00e4sser und seine rechten Kumpanen gehen wohl davon aus, dass es sogar Proteste geben k\u00f6nnte. Schlie\u00dflich warnen sie potentielle Teilnehmer_innen und raten das Auto \u201eNICHT in Tagungsn\u00e4he\u201czu parken. Au\u00dferdem werden\u201eSicherheitskontrollen beim Einlass\u201c angek\u00fcndigt, damit kein Mensch diese Konferenz zu st\u00f6ren wagt. Es bleibt abzuwarten, ob dieser Plan tats\u00e4chlich funktionieren wird.<\/p>\n<a class=\"synved-social-button synved-social-button-share synved-social-size-32 synved-social-resolution-single synved-social-provider-facebook nolightbox\" data-provider=\"facebook\" target=\"_blank\" rel=\"nofollow\" title=\"Auf Facebook teilen\" href=\"https:\/\/www.facebook.com\/sharer.php?u=https%3A%2F%2Fferne-welten.com%2Findex.php%3Frest_route%3D%252Fwp%252Fv2%252Fposts%252F1588&#038;t=Die%20Konferenz%20der%20Anti-Europ%C3%A4er&#038;s=100&#038;p&#091;url&#093;=https%3A%2F%2Fferne-welten.com%2Findex.php%3Frest_route%3D%252Fwp%252Fv2%252Fposts%252F1588&#038;p&#091;images&#093;&#091;0&#093;=&#038;p&#091;title&#093;=Die%20Konferenz%20der%20Anti-Europ%C3%A4er\" style=\"font-size: 0px;width:32px;height:32px;margin:0;margin-bottom:5px;margin-right:5px\"><img loading=\"lazy\" decoding=\"async\" alt=\"Facebook\" title=\"Auf Facebook teilen\" class=\"synved-share-image synved-social-image synved-social-image-share\" width=\"32\" height=\"32\" style=\"display: inline;width:32px;height:32px;margin: 0;padding: 0;border: none;box-shadow: none\" src=\"https:\/\/ferne-welten.com\/wp-content\/plugins\/social-media-feather\/synved-social\/addons\/extra-icons\/image\/social\/circle\/64x64\/facebook.png\" \/><\/a><a class=\"synved-social-button synved-social-button-share synved-social-size-32 synved-social-resolution-single synved-social-provider-twitter nolightbox\" data-provider=\"twitter\" target=\"_blank\" rel=\"nofollow\" title=\"Auf Twitter teilen\" href=\"https:\/\/twitter.com\/intent\/tweet?url=https%3A%2F%2Fferne-welten.com%2Findex.php%3Frest_route%3D%252Fwp%252Fv2%252Fposts%252F1588&#038;text=Hey%20check%20this%20out\" style=\"font-size: 0px;width:32px;height:32px;margin:0;margin-bottom:5px;margin-right:5px\"><img loading=\"lazy\" decoding=\"async\" alt=\"twitter\" title=\"Auf Twitter teilen\" class=\"synved-share-image synved-social-image synved-social-image-share\" width=\"32\" height=\"32\" style=\"display: inline;width:32px;height:32px;margin: 0;padding: 0;border: none;box-shadow: none\" src=\"https:\/\/ferne-welten.com\/wp-content\/plugins\/social-media-feather\/synved-social\/addons\/extra-icons\/image\/social\/circle\/64x64\/twitter.png\" \/><\/a><a class=\"synved-social-button synved-social-button-share synved-social-size-32 synved-social-resolution-single synved-social-provider-reddit nolightbox\" data-provider=\"reddit\" target=\"_blank\" rel=\"nofollow\" title=\"Auf Reddit teilen\" href=\"https:\/\/www.reddit.com\/submit?url=https%3A%2F%2Fferne-welten.com%2Findex.php%3Frest_route%3D%252Fwp%252Fv2%252Fposts%252F1588&#038;title=Die%20Konferenz%20der%20Anti-Europ%C3%A4er\" style=\"font-size: 0px;width:32px;height:32px;margin:0;margin-bottom:5px;margin-right:5px\"><img loading=\"lazy\" decoding=\"async\" alt=\"reddit\" title=\"Auf Reddit teilen\" class=\"synved-share-image synved-social-image synved-social-image-share\" width=\"32\" height=\"32\" style=\"display: inline;width:32px;height:32px;margin: 0;padding: 0;border: none;box-shadow: none\" src=\"https:\/\/ferne-welten.com\/wp-content\/plugins\/social-media-feather\/synved-social\/addons\/extra-icons\/image\/social\/circle\/64x64\/reddit.png\" \/><\/a><a class=\"synved-social-button synved-social-button-share synved-social-size-32 synved-social-resolution-single synved-social-provider-pinterest nolightbox\" data-provider=\"pinterest\" target=\"_blank\" rel=\"nofollow\" title=\"Auf Pinterest pinnen\" href=\"https:\/\/pinterest.com\/pin\/create\/button\/?url=https%3A%2F%2Fferne-welten.com%2Findex.php%3Frest_route%3D%252Fwp%252Fv2%252Fposts%252F1588&#038;media=&#038;description=Die%20Konferenz%20der%20Anti-Europ%C3%A4er\" style=\"font-size: 0px;width:32px;height:32px;margin:0;margin-bottom:5px;margin-right:5px\"><img loading=\"lazy\" decoding=\"async\" alt=\"pinterest\" title=\"Auf Pinterest pinnen\" class=\"synved-share-image synved-social-image synved-social-image-share\" width=\"32\" height=\"32\" style=\"display: inline;width:32px;height:32px;margin: 0;padding: 0;border: none;box-shadow: none\" src=\"https:\/\/ferne-welten.com\/wp-content\/plugins\/social-media-feather\/synved-social\/addons\/extra-icons\/image\/social\/circle\/64x64\/pinterest.png\" \/><\/a><a class=\"synved-social-button synved-social-button-share synved-social-size-32 synved-social-resolution-single synved-social-provider-linkedin nolightbox\" data-provider=\"linkedin\" target=\"_blank\" rel=\"nofollow\" title=\"Auf Linkedin teilen\" href=\"https:\/\/www.linkedin.com\/shareArticle?mini=true&#038;url=https%3A%2F%2Fferne-welten.com%2Findex.php%3Frest_route%3D%252Fwp%252Fv2%252Fposts%252F1588&#038;title=Die%20Konferenz%20der%20Anti-Europ%C3%A4er\" style=\"font-size: 0px;width:32px;height:32px;margin:0;margin-bottom:5px;margin-right:5px\"><img loading=\"lazy\" decoding=\"async\" alt=\"linkedin\" title=\"Auf Linkedin teilen\" class=\"synved-share-image synved-social-image synved-social-image-share\" width=\"32\" height=\"32\" style=\"display: inline;width:32px;height:32px;margin: 0;padding: 0;border: none;box-shadow: none\" src=\"https:\/\/ferne-welten.com\/wp-content\/plugins\/social-media-feather\/synved-social\/addons\/extra-icons\/image\/social\/circle\/64x64\/linkedin.png\" \/><\/a><a class=\"synved-social-button synved-social-button-share synved-social-size-32 synved-social-resolution-single synved-social-provider-tumblr nolightbox\" data-provider=\"tumblr\" target=\"_blank\" rel=\"nofollow\" title=\"\u00dcber Tumblr teilen\" href=\"https:\/\/tumblr.com\/share?s=&#038;v=3&#038;t=Die%20Konferenz%20der%20Anti-Europ%C3%A4er&#038;u=https%3A%2F%2Fferne-welten.com%2Findex.php%3Frest_route%3D%252Fwp%252Fv2%252Fposts%252F1588\" style=\"font-size: 0px;width:32px;height:32px;margin:0;margin-bottom:5px;margin-right:5px\"><img loading=\"lazy\" decoding=\"async\" alt=\"tumblr\" title=\"\u00dcber Tumblr teilen\" class=\"synved-share-image synved-social-image synved-social-image-share\" width=\"32\" height=\"32\" style=\"display: inline;width:32px;height:32px;margin: 0;padding: 0;border: none;box-shadow: none\" src=\"https:\/\/ferne-welten.com\/wp-content\/plugins\/social-media-feather\/synved-social\/addons\/extra-icons\/image\/social\/circle\/64x64\/tumblr.png\" \/><\/a><a class=\"synved-social-button synved-social-button-share synved-social-size-32 synved-social-resolution-single synved-social-provider-mail nolightbox\" data-provider=\"mail\" rel=\"nofollow\" title=\"Link per Mail weiterleiten\" href=\"mailto:?subject=Die%20Konferenz%20der%20Anti-Europ%C3%A4er&#038;body=Hey%20check%20this%20out:%20https%3A%2F%2Fferne-welten.com%2Findex.php%3Frest_route%3D%252Fwp%252Fv2%252Fposts%252F1588\" style=\"font-size: 0px;width:32px;height:32px;margin:0;margin-bottom:5px\"><img loading=\"lazy\" decoding=\"async\" alt=\"mail\" title=\"Link per Mail weiterleiten\" class=\"synved-share-image synved-social-image synved-social-image-share\" width=\"32\" height=\"32\" style=\"display: inline;width:32px;height:32px;margin: 0;padding: 0;border: none;box-shadow: none\" src=\"https:\/\/ferne-welten.com\/wp-content\/plugins\/social-media-feather\/synved-social\/addons\/extra-icons\/image\/social\/circle\/64x64\/mail.png\" \/><\/a>","protected":false},"excerpt":{"rendered":"<p>Der \u201eLinksnationalist\u201c J\u00fcrgen Els\u00e4sser und seine \u201eVolksinitiative\u201c planen eine\u201eAktionskonferenz\u201c, auf der die Creme de la Creme der Verschw\u00f6rungsideologen und Europa-Gegner auftreten sollen, um \u201eArgumente gegen den Euro-Wahn (\u2026) einer breiten \u00d6ffentlichkeit zug\u00e4nglich zu machen\u201c. Die Konferenz \u201eDer Euro vor dem&#8230;<br \/><a class=\"read-more-button\" href=\"https:\/\/ferne-welten.com\/?p=1588\">Read more<\/a><\/p>\n","protected":false},"author":1,"featured_media":0,"comment_status":"open","ping_status":"open","sticky":false,"template":"","format":"standard","meta":{"footnotes":""},"categories":[79],"tags":[718,217,191,83,717,364],"class_list":["post-1588","post","type-post","status-publish","format-standard","hentry","category-mythen","tag-andreas-clauss","tag-bandbreite","tag-berlin","tag-compact","tag-juergen-elaessser","tag-nigel-farage"],"_links":{"self":[{"href":"https:\/\/ferne-welten.com\/index.php?rest_route=\/wp\/v2\/posts\/1588","targetHints":{"allow":["GET"]}}],"collection":[{"href":"https:\/\/ferne-welten.com\/index.php?rest_route=\/wp\/v2\/posts"}],"about":[{"href":"https:\/\/ferne-welten.com\/index.php?rest_route=\/wp\/v2\/types\/post"}],"author":[{"embeddable":true,"href":"https:\/\/ferne-welten.com\/index.php?rest_route=\/wp\/v2\/users\/1"}],"replies":[{"embeddable":true,"href":"https:\/\/ferne-welten.com\/index.php?rest_route=%2Fwp%2Fv2%2Fcomments&post=1588"}],"version-history":[{"count":1,"href":"https:\/\/ferne-welten.com\/index.php?rest_route=\/wp\/v2\/posts\/1588\/revisions"}],"predecessor-version":[{"id":1589,"href":"https:\/\/ferne-welten.com\/index.php?rest_route=\/wp\/v2\/posts\/1588\/revisions\/1589"}],"wp:attachment":[{"href":"https:\/\/ferne-welten.com\/index.php?rest_route=%2Fwp%2Fv2%2Fmedia&parent=1588"}],"wp:term":[{"taxonomy":"category","embeddable":true,"href":"https:\/\/ferne-welten.com\/index.php?rest_route=%2Fwp%2Fv2%2Fcategories&post=1588"},{"taxonomy":"post_tag","embeddable":true,"href":"https:\/\/ferne-welten.com\/index.php?rest_route=%2Fwp%2Fv2%2Ftags&post=1588"}],"curies":[{"name":"wp","href":"https:\/\/api.w.org\/{rel}","templated":true}]}}