{"id":1673,"date":"2017-08-07T13:00:24","date_gmt":"2017-08-07T12:00:24","guid":{"rendered":"http:\/\/ferne-welten.com\/?p=1673"},"modified":"2017-08-07T17:42:56","modified_gmt":"2017-08-07T16:42:56","slug":"praktiken-der-bds-bewegung","status":"publish","type":"post","link":"https:\/\/ferne-welten.com\/?p=1673","title":{"rendered":"Praktiken der BDS-Bewegung"},"content":{"rendered":"<p style=\"text-align: justify;\">Am 12. Juni sprachen sie in der Provinz. Zehn Tage sp\u00e4ter st\u00f6rten sie eine Veranstaltung in der Hauptstadt. Reisefreudige Kader, die zur BDS-Bewegung geh\u00f6ren, trugen ihre Inhalte vor. W\u00e4hrend sie an beiden Orten den israelischen Staat d\u00e4monisierten, br\u00fcllten sie in Berlin eine \u00dcberlebende der Shoa nieder.<\/p>\n<p><!--more--><\/p>\n<p style=\"text-align: justify;\">Ronnie Barkan, der sein Facebook-Profil mit einer Grafik des antisemitischen Zeichners Latuff <a href=\"http:\/\/antifaelf.blogsport.de\/images\/CarloLatuff.jpg\" target=\"_blank\" rel=\"noopener\">schm\u00fcckt<\/a>, referierte in der Provinz mit Majed Abusalama, der sich als F\u00fchrer einer Gruppe namens <em>&#8222;Student for Justice in Palestine&#8220;<\/em> inszeniert. Aufgrund einer Absage durch st\u00e4dtische Institutionen fanden die organisierenden Gruppen, der <em>&#8222;F\u00f6rderverein internationales Fluchtmuseum&#8220;<\/em> und die \u00f6rtliche <a href=\"http:\/\/www.juedische-allgemeine.de\/special\/2016\/boycott-divestment-sanctions\" target=\"_blank\" rel=\"noopener\">BDS-Truppe<\/a>, einen erstaunlichen Ausweichort. Ein Reisebus, der am kurz zuvor bekanntgegebenen <a href=\"http:\/\/antifaelf.blogsport.de\/2017\/06\/29\/proteste-gegen-bds-veranstaltung-in-oldenburg\/\" target=\"_blank\" rel=\"noopener\">Schleusungspunkt<\/a> stand, diente als Versammlungsraum. Vor Ort relativierte Abusalama die Shoa, indem er die Verh\u00e4ltnisse im Gaza-Streifen mit den Bedingungen in einem Konzentrationslager gleichsetzte. Wenn die israelische Bev\u00f6lkerung sich nicht f\u00fcr die Rechte\u00a0<em>&#8222;der Pal\u00e4stinenser&#8220;<\/em> einsetzt, w\u00fcrde sie Israel zerst\u00f6ren, <a href=\"https:\/\/www.facebook.com\/BDSInitiativeOldenburg\/videos\/1479985225374125\/\" target=\"_blank\" rel=\"noopener\">drohte<\/a> dieser Referent, dem das linksreaktion\u00e4re Milieu der Stadt lauschte. Ein \u00dcbersetzer, BDS-Kader Christoph Glanz, \u00fcbertrug die englischen Ekeligkeiten in deutsche Sprache. B\u00fcrger_innen klatschten Beifall, als der Aktivist von der Zerst\u00f6rung des Staates der Shoa-\u00dcberlebenden sprach. Vor dem Bus posierten Jugendliche, die eine gro\u00dfe Flaggenparade mit Insignien ihres Fantasiestaates veranstalteten.<\/p>\n<div id=\"attachment_1688\" style=\"width: 3094px\" class=\"wp-caption aligncenter\"><a href=\"http:\/\/ferne-welten.com\/wp-content\/uploads\/2017\/08\/BDS-OL-Bus.jpg\"><img loading=\"lazy\" decoding=\"async\" aria-describedby=\"caption-attachment-1688\" class=\"wp-image-1688 size-full\" src=\"http:\/\/ferne-welten.com\/wp-content\/uploads\/2017\/08\/BDS-OL-Bus.jpg\" alt=\"\" width=\"3084\" height=\"1062\" srcset=\"https:\/\/ferne-welten.com\/wp-content\/uploads\/2017\/08\/BDS-OL-Bus.jpg 3084w, https:\/\/ferne-welten.com\/wp-content\/uploads\/2017\/08\/BDS-OL-Bus-300x103.jpg 300w, https:\/\/ferne-welten.com\/wp-content\/uploads\/2017\/08\/BDS-OL-Bus-768x264.jpg 768w, https:\/\/ferne-welten.com\/wp-content\/uploads\/2017\/08\/BDS-OL-Bus-1024x353.jpg 1024w, https:\/\/ferne-welten.com\/wp-content\/uploads\/2017\/08\/BDS-OL-Bus-940x324.jpg 940w, https:\/\/ferne-welten.com\/wp-content\/uploads\/2017\/08\/BDS-OL-Bus-1162x400.jpg 1162w\" sizes=\"auto, (max-width: 3084px) 100vw, 3084px\" \/><\/a><p id=\"caption-attachment-1688\" class=\"wp-caption-text\">Am Schleusungspunkt: BDS-Anh\u00e4nger vor Veranstaltungsbeginn<\/p><\/div>\n<p style=\"text-align: justify;\">Beide Referenten \u00fcbten sich nur wenige Tage sp\u00e4ter im St\u00f6ren von Veranstaltungen. Als die\u00a0Knesset-Abgeordnete Aliza Lavie sowie die Schoa-\u00dcberlebende Dvora Weinstein am 20. Juni in der Humboldt-Universit\u00e4t auftraten, befanden sich\u00a0Barkan und Abusalama im Publikum. Barkan z\u00fcgelte sich nur wenige Minuten, um die Veranstaltung im Anschluss umso <a href=\"http:\/\/www.berliner-zeitung.de\/berlin\/eklat-an-humboldt-uni-knesset-abgeordnete-bei-podiumsgespraech-niedergebruellt-27845640\" target=\"_blank\" rel=\"noopener\">vehementer<\/a> zu attackieren. Die<em> &#8222;Recherche und Informationsstelle Antisemitismus&#8220;<\/em> (<a href=\"https:\/\/www.mbr-berlin.de\/aktuelles\/grundung-der-recherche-und-informationsstelle-antisemitismus-rias\/\" target=\"_blank\" rel=\"noopener\">RIAS<\/a>) <a href=\"https:\/\/www.facebook.com\/AntisemitismusRechercheBerlin\/photos\/a.1463499907305026.1073741828.1447776248877392\/1894570614197951\/?type=3\" target=\"_blank\" rel=\"noopener\">berichtet<\/a>\u00a0nun \u00fcber die Vorf\u00e4lle. Barkan h\u00e4tte den Referentinnen vorgeworfen, <em>&#8222;dass sie das Gleiche mit den Pal\u00e4stinensern machen was die Deutschen mit den Juden gemacht haben&#8220;.<\/em> Dieser Relativierung des Menschheitsverbrechens, die Barkan herausbr\u00fcllte, schloss sich Abusalama kurz darauf an. Er wandte sich an Weinstein, die \u00dcberlebende der Shoa, um an ihr die im Antisemitismus beliebte Umkehr von Opfer und T\u00e4tern zu betreiben:<em> &#8222;Gerade Sie als eine Holocaust-\u00dcberlebende sollten sich sch\u00e4men, hier zu sitzen und zu rechtfertigen, dass Israel das Gleiche den Pal\u00e4stinensern antut was Ihnen angetan wurde&#8220;<\/em>, belehrte der erboste Abusalama.<\/p>\n<p style=\"text-align: justify;\">In Oldenburg schwadronieren die Organisatoren unterdessen von <a href=\"http:\/\/ferne-welten.com\/wp-content\/uploads\/2017\/08\/BDS-Maulkorb.jpg\" target=\"_blank\" rel=\"noopener\">einem<\/a> <em>&#8222;Maulkorb&#8220;<\/em>, w\u00e4hrend Fans eine\u00a0<em>&#8222;j\u00fcdische Lobby&#8220;<\/em> <a href=\"http:\/\/ferne-welten.com\/wp-content\/uploads\/2017\/08\/BDS-OL-Lobby.jpg\" target=\"_blank\" rel=\"noopener\">halluzinieren<\/a>. Es ginge um eine\u00a0<em>&#8222;gesellschaftliche Debatte&#8220;<\/em>, behauptet die \u00f6rtliche BDS-Vereinigung, die vor St\u00f6rungen durch<em> &#8222;pseudo-linke Nationalisten&#8220;<\/em> <a href=\"http:\/\/ferne-welten.com\/wp-content\/uploads\/2017\/08\/BDS-Antideutsche.jpg\" target=\"_blank\" rel=\"noopener\">warnt<\/a>. Wie sich ihre Debatte gestaltet, bewiesen die Referenten bereits im Bus. Mit ihrer Verharmlosung der Shoa und ihrem Traum von Zerst\u00f6rung positionierten sich diese anti-israelischen Akteure deutlich. Wenig sp\u00e4ter offenbarten Abusalama und Barkan in Berlin, wer ihr Gegner bleibt. Dabei gingen die beiden Referenten gegen die j\u00fcdische Shoa-\u00dcberlebende vor, die die P\u00f6beleien dieser BDS-Anh\u00e4nger zumindest zeitweilig ertragen musste.<\/p>\n<p>&nbsp;<\/p>\n<a class=\"synved-social-button synved-social-button-share synved-social-size-32 synved-social-resolution-single synved-social-provider-facebook nolightbox\" data-provider=\"facebook\" target=\"_blank\" rel=\"nofollow\" title=\"Auf Facebook teilen\" href=\"https:\/\/www.facebook.com\/sharer.php?u=https%3A%2F%2Fferne-welten.com%2Findex.php%3Frest_route%3D%252Fwp%252Fv2%252Fposts%252F1673&#038;t=Praktiken%20der%20BDS-Bewegung&#038;s=100&#038;p&#091;url&#093;=https%3A%2F%2Fferne-welten.com%2Findex.php%3Frest_route%3D%252Fwp%252Fv2%252Fposts%252F1673&#038;p&#091;images&#093;&#091;0&#093;=http%3A%2F%2Fferne-welten.com%2Fwp-content%2Fuploads%2F2017%2F08%2FBDS-OL-Bus.jpg&#038;p&#091;title&#093;=Praktiken%20der%20BDS-Bewegung\" style=\"font-size: 0px;width:32px;height:32px;margin:0;margin-bottom:5px;margin-right:5px\"><img loading=\"lazy\" decoding=\"async\" alt=\"Facebook\" title=\"Auf Facebook teilen\" class=\"synved-share-image synved-social-image synved-social-image-share\" width=\"32\" height=\"32\" style=\"display: inline;width:32px;height:32px;margin: 0;padding: 0;border: none;box-shadow: none\" src=\"https:\/\/ferne-welten.com\/wp-content\/plugins\/social-media-feather\/synved-social\/addons\/extra-icons\/image\/social\/circle\/64x64\/facebook.png\" \/><\/a><a class=\"synved-social-button synved-social-button-share synved-social-size-32 synved-social-resolution-single synved-social-provider-twitter nolightbox\" data-provider=\"twitter\" target=\"_blank\" rel=\"nofollow\" title=\"Auf Twitter teilen\" href=\"https:\/\/twitter.com\/intent\/tweet?url=https%3A%2F%2Fferne-welten.com%2Findex.php%3Frest_route%3D%252Fwp%252Fv2%252Fposts%252F1673&#038;text=Hey%20check%20this%20out\" style=\"font-size: 0px;width:32px;height:32px;margin:0;margin-bottom:5px;margin-right:5px\"><img loading=\"lazy\" decoding=\"async\" alt=\"twitter\" title=\"Auf Twitter teilen\" class=\"synved-share-image synved-social-image synved-social-image-share\" width=\"32\" height=\"32\" style=\"display: inline;width:32px;height:32px;margin: 0;padding: 0;border: none;box-shadow: none\" src=\"https:\/\/ferne-welten.com\/wp-content\/plugins\/social-media-feather\/synved-social\/addons\/extra-icons\/image\/social\/circle\/64x64\/twitter.png\" \/><\/a><a class=\"synved-social-button synved-social-button-share synved-social-size-32 synved-social-resolution-single synved-social-provider-reddit nolightbox\" data-provider=\"reddit\" target=\"_blank\" rel=\"nofollow\" title=\"Auf Reddit teilen\" href=\"https:\/\/www.reddit.com\/submit?url=https%3A%2F%2Fferne-welten.com%2Findex.php%3Frest_route%3D%252Fwp%252Fv2%252Fposts%252F1673&#038;title=Praktiken%20der%20BDS-Bewegung\" style=\"font-size: 0px;width:32px;height:32px;margin:0;margin-bottom:5px;margin-right:5px\"><img loading=\"lazy\" decoding=\"async\" alt=\"reddit\" title=\"Auf Reddit teilen\" class=\"synved-share-image synved-social-image synved-social-image-share\" width=\"32\" height=\"32\" style=\"display: inline;width:32px;height:32px;margin: 0;padding: 0;border: none;box-shadow: none\" src=\"https:\/\/ferne-welten.com\/wp-content\/plugins\/social-media-feather\/synved-social\/addons\/extra-icons\/image\/social\/circle\/64x64\/reddit.png\" \/><\/a><a class=\"synved-social-button synved-social-button-share synved-social-size-32 synved-social-resolution-single synved-social-provider-pinterest nolightbox\" data-provider=\"pinterest\" target=\"_blank\" rel=\"nofollow\" title=\"Auf Pinterest pinnen\" href=\"https:\/\/pinterest.com\/pin\/create\/button\/?url=https%3A%2F%2Fferne-welten.com%2Findex.php%3Frest_route%3D%252Fwp%252Fv2%252Fposts%252F1673&#038;media=http%3A%2F%2Fferne-welten.com%2Fwp-content%2Fuploads%2F2017%2F08%2FBDS-OL-Bus.jpg&#038;description=Praktiken%20der%20BDS-Bewegung\" style=\"font-size: 0px;width:32px;height:32px;margin:0;margin-bottom:5px;margin-right:5px\"><img loading=\"lazy\" decoding=\"async\" alt=\"pinterest\" title=\"Auf Pinterest pinnen\" class=\"synved-share-image synved-social-image synved-social-image-share\" width=\"32\" height=\"32\" style=\"display: inline;width:32px;height:32px;margin: 0;padding: 0;border: none;box-shadow: none\" src=\"https:\/\/ferne-welten.com\/wp-content\/plugins\/social-media-feather\/synved-social\/addons\/extra-icons\/image\/social\/circle\/64x64\/pinterest.png\" \/><\/a><a class=\"synved-social-button synved-social-button-share synved-social-size-32 synved-social-resolution-single synved-social-provider-linkedin nolightbox\" data-provider=\"linkedin\" target=\"_blank\" rel=\"nofollow\" title=\"Auf Linkedin teilen\" href=\"https:\/\/www.linkedin.com\/shareArticle?mini=true&#038;url=https%3A%2F%2Fferne-welten.com%2Findex.php%3Frest_route%3D%252Fwp%252Fv2%252Fposts%252F1673&#038;title=Praktiken%20der%20BDS-Bewegung\" style=\"font-size: 0px;width:32px;height:32px;margin:0;margin-bottom:5px;margin-right:5px\"><img loading=\"lazy\" decoding=\"async\" alt=\"linkedin\" title=\"Auf Linkedin teilen\" class=\"synved-share-image synved-social-image synved-social-image-share\" width=\"32\" height=\"32\" style=\"display: inline;width:32px;height:32px;margin: 0;padding: 0;border: none;box-shadow: none\" src=\"https:\/\/ferne-welten.com\/wp-content\/plugins\/social-media-feather\/synved-social\/addons\/extra-icons\/image\/social\/circle\/64x64\/linkedin.png\" \/><\/a><a class=\"synved-social-button synved-social-button-share synved-social-size-32 synved-social-resolution-single synved-social-provider-tumblr nolightbox\" data-provider=\"tumblr\" target=\"_blank\" rel=\"nofollow\" title=\"\u00dcber Tumblr teilen\" href=\"https:\/\/tumblr.com\/share?s=&#038;v=3&#038;t=Praktiken%20der%20BDS-Bewegung&#038;u=https%3A%2F%2Fferne-welten.com%2Findex.php%3Frest_route%3D%252Fwp%252Fv2%252Fposts%252F1673\" style=\"font-size: 0px;width:32px;height:32px;margin:0;margin-bottom:5px;margin-right:5px\"><img loading=\"lazy\" decoding=\"async\" alt=\"tumblr\" title=\"\u00dcber Tumblr teilen\" class=\"synved-share-image synved-social-image synved-social-image-share\" width=\"32\" height=\"32\" style=\"display: inline;width:32px;height:32px;margin: 0;padding: 0;border: none;box-shadow: none\" src=\"https:\/\/ferne-welten.com\/wp-content\/plugins\/social-media-feather\/synved-social\/addons\/extra-icons\/image\/social\/circle\/64x64\/tumblr.png\" \/><\/a><a class=\"synved-social-button synved-social-button-share synved-social-size-32 synved-social-resolution-single synved-social-provider-mail nolightbox\" data-provider=\"mail\" rel=\"nofollow\" title=\"Link per Mail weiterleiten\" href=\"mailto:?subject=Praktiken%20der%20BDS-Bewegung&#038;body=Hey%20check%20this%20out:%20https%3A%2F%2Fferne-welten.com%2Findex.php%3Frest_route%3D%252Fwp%252Fv2%252Fposts%252F1673\" style=\"font-size: 0px;width:32px;height:32px;margin:0;margin-bottom:5px\"><img loading=\"lazy\" decoding=\"async\" alt=\"mail\" title=\"Link per Mail weiterleiten\" class=\"synved-share-image synved-social-image synved-social-image-share\" width=\"32\" height=\"32\" style=\"display: inline;width:32px;height:32px;margin: 0;padding: 0;border: none;box-shadow: none\" src=\"https:\/\/ferne-welten.com\/wp-content\/plugins\/social-media-feather\/synved-social\/addons\/extra-icons\/image\/social\/circle\/64x64\/mail.png\" \/><\/a>","protected":false},"excerpt":{"rendered":"<p>Am 12. Juni sprachen sie in der Provinz. Zehn Tage sp\u00e4ter st\u00f6rten sie eine Veranstaltung in der Hauptstadt. Reisefreudige Kader, die zur BDS-Bewegung geh\u00f6ren, trugen ihre Inhalte vor. W\u00e4hrend sie an beiden Orten den israelischen Staat d\u00e4monisierten, br\u00fcllten sie in&#8230;<br \/><a class=\"read-more-button\" href=\"https:\/\/ferne-welten.com\/?p=1673\">Read more<\/a><\/p>\n","protected":false},"author":1,"featured_media":0,"comment_status":"open","ping_status":"open","sticky":false,"template":"","format":"standard","meta":{"footnotes":""},"categories":[88,79],"tags":[739,107,286,191,288,737,740,287,738,93,736,590],"class_list":["post-1673","post","type-post","status-publish","format-standard","hentry","category-dorfkritik","category-mythen","tag-aliza-lavie","tag-antisemitismus","tag-bds","tag-berlin","tag-christoph-glanz","tag-dvora-weinstein","tag-foerderverein-internationales-fluchtmuseum","tag-israel","tag-majed-abusalama","tag-oldenburg","tag-ronnie-barkan","tag-shoa"],"_links":{"self":[{"href":"https:\/\/ferne-welten.com\/index.php?rest_route=\/wp\/v2\/posts\/1673","targetHints":{"allow":["GET"]}}],"collection":[{"href":"https:\/\/ferne-welten.com\/index.php?rest_route=\/wp\/v2\/posts"}],"about":[{"href":"https:\/\/ferne-welten.com\/index.php?rest_route=\/wp\/v2\/types\/post"}],"author":[{"embeddable":true,"href":"https:\/\/ferne-welten.com\/index.php?rest_route=\/wp\/v2\/users\/1"}],"replies":[{"embeddable":true,"href":"https:\/\/ferne-welten.com\/index.php?rest_route=%2Fwp%2Fv2%2Fcomments&post=1673"}],"version-history":[{"count":9,"href":"https:\/\/ferne-welten.com\/index.php?rest_route=\/wp\/v2\/posts\/1673\/revisions"}],"predecessor-version":[{"id":1710,"href":"https:\/\/ferne-welten.com\/index.php?rest_route=\/wp\/v2\/posts\/1673\/revisions\/1710"}],"wp:attachment":[{"href":"https:\/\/ferne-welten.com\/index.php?rest_route=%2Fwp%2Fv2%2Fmedia&parent=1673"}],"wp:term":[{"taxonomy":"category","embeddable":true,"href":"https:\/\/ferne-welten.com\/index.php?rest_route=%2Fwp%2Fv2%2Fcategories&post=1673"},{"taxonomy":"post_tag","embeddable":true,"href":"https:\/\/ferne-welten.com\/index.php?rest_route=%2Fwp%2Fv2%2Ftags&post=1673"}],"curies":[{"name":"wp","href":"https:\/\/api.w.org\/{rel}","templated":true}]}}